{"id":29793,"date":"2025-03-19T21:00:23","date_gmt":"2025-03-20T00:00:23","guid":{"rendered":"https:\/\/www.em.com.br\/emfoco\/?p=29793"},"modified":"2025-03-18T21:37:06","modified_gmt":"2025-03-19T00:37:06","slug":"conheca-a-estampa-amada-por-muitas-mulheres-que-esta-voltando-a-brilhar-nas-passarelas","status":"publish","type":"post","link":"https:\/\/www.em.com.br\/emfoco\/2025\/03\/19\/conheca-a-estampa-amada-por-muitas-mulheres-que-esta-voltando-a-brilhar-nas-passarelas\/","title":{"rendered":"Conhe\u00e7a a estampa amada por muitas mulheres que est\u00e1 voltando a brilhar nas passarelas"},"content":{"rendered":"\n<p>A moda \u00e9 c\u00edclica, e a estampa de po\u00e1, um cl\u00e1ssico dos <strong>anos 50<\/strong>, est\u00e1 novamente em evid\u00eancia. Recentemente, as passarelas das principais semanas de moda destacaram essa tend\u00eancia, com <strong>designers <\/strong>renomados trazendo o <strong>po\u00e1 <\/strong>de volta \u00e0s suas cole\u00e7\u00f5es. Este padr\u00e3o, conhecido por suas bolinhas distintas, est\u00e1 sendo reinterpretado de maneiras inovadoras, capturando a aten\u00e7\u00e3o de uma nova gera\u00e7\u00e3o de entusiastas da moda.<\/p>\n\n\n\n<p>Embora o po\u00e1 seja um padr\u00e3o atemporal, ele havia perdido parte de seu apelo entre os <strong>jovens fashionistas<\/strong>. No entanto, com a atual valoriza\u00e7\u00e3o de elementos nost\u00e1lgicos, o po\u00e1 ressurgiu como uma escolha popular, tanto em pe\u00e7as principais quanto em combina\u00e7\u00f5es criativas com outras estampas. A crescente busca por itens com essa estampa indica um retorno triunfante, impulsionado por sua versatilidade e charme <a href=\"https:\/\/www.em.com.br\/emfoco\/2025\/02\/26\/por-que-a-moda-vintage-esta-dominando-em-2025\/\" target=\"_blank\" rel=\"noreferrer noopener\">vintage<\/a>.<\/p>\n\n\n\n<h2 class=\"wp-block-heading\">Por que est\u00e1 novamente em alta?<\/h2>\n\n\n\n<p>O renascimento do po\u00e1 pode ser atribu\u00eddo ao movimento maximalista, que promove a <strong>mistura ousada de estilos <\/strong>e <strong>padr\u00f5es<\/strong>. Designers como <strong>Carolina Herrera <\/strong>e <strong>Moschino <\/strong>t\u00eam explorado o po\u00e1 em suas cole\u00e7\u00f5es mais recentes, utilizando-o em tons cl\u00e1ssicos e em silhuetas modernas. Essas interpreta\u00e7\u00f5es contempor\u00e2neas mostram como o po\u00e1 pode ser adaptado para refletir tanto eleg\u00e2ncia quanto ousadia.<\/p>\n\n\n\n<p>Al\u00e9m disso, a flexibilidade do po\u00e1 permite que ele seja usado em diversas ocasi\u00f5es, desde eventos formais at\u00e9 momentos casuais. Sua capacidade de se integrar harmoniosamente com outras estampas e cores faz dele uma escolha vers\u00e1til para quem busca um visual moderno e cheio de personalidade.<\/p>\n\n\n\n<h2 class=\"wp-block-heading\">Qual \u00e9 a hist\u00f3ria da estampa?<\/h2>\n\n\n\n<p>A estampa de po\u00e1 tem uma rica hist\u00f3ria que remonta \u00e0 <a href=\"https:\/\/www.historiadomundo.com.br\/idade-contemporanea\/era-vitoriana.htm#:~:text=A%20Era%20Vitoriana%20foi%20o,tornando%2Dse%20uma%20hegemonia%20europeia.\" target=\"_blank\" rel=\"noreferrer noopener\">era vitoriana<\/a>, mas foi nos <strong>anos 50<\/strong> que ela realmente se destacou. Celebridades ic\u00f4nicas da \u00e9poca, como <strong>Marilyn Monroe<\/strong>, ajudaram a popularizar o po\u00e1, tornando-o sin\u00f4nimo de glamour e sofistica\u00e7\u00e3o. Ao longo das d\u00e9cadas, o po\u00e1 foi reinterpretado por diferentes subculturas, desde o punk at\u00e9 o grunge, demonstrando sua capacidade de adapta\u00e7\u00e3o e relev\u00e2ncia cont\u00ednua.<\/p>\n\n\n<div class=\"wp-block-image\">\n<figure class=\"aligncenter size-large\"><img loading=\"lazy\" decoding=\"async\" width=\"1024\" height=\"576\" src=\"https:\/\/www.em.com.br\/emfoco\/wp-content\/uploads\/2025\/03\/moda-de-bolinha_1742307459264-1024x576.jpg\" alt=\"Aprenda a usar a estampa que est\u00e1 dominando a moda novamente\" class=\"wp-image-29896\" srcset=\"https:\/\/www.em.com.br\/emfoco\/wp-content\/uploads\/2025\/03\/moda-de-bolinha_1742307459264-1024x576.jpg 1024w, https:\/\/www.em.com.br\/emfoco\/wp-content\/uploads\/2025\/03\/moda-de-bolinha_1742307459264-300x169.jpg 300w, https:\/\/www.em.com.br\/emfoco\/wp-content\/uploads\/2025\/03\/moda-de-bolinha_1742307459264-768x432.jpg 768w, https:\/\/www.em.com.br\/emfoco\/wp-content\/uploads\/2025\/03\/moda-de-bolinha_1742307459264-750x422.jpg 750w, https:\/\/www.em.com.br\/emfoco\/wp-content\/uploads\/2025\/03\/moda-de-bolinha_1742307459264-1140x641.jpg 1140w, https:\/\/www.em.com.br\/emfoco\/wp-content\/uploads\/2025\/03\/moda-de-bolinha_1742307459264.jpg 1280w\" sizes=\"auto, (max-width: 1024px) 100vw, 1024px\" \/><figcaption class=\"wp-element-caption\">Moda po\u00e1 &#8211; Cr\u00e9ditos: depositphotos.com \/ VitalikRadko<\/figcaption><\/figure><\/div>\n\n\n<h2 class=\"wp-block-heading\">Como incorporar no guarda-roupa?<\/h2>\n\n\n\n<p>Para aqueles que desejam experimentar a estampa de po\u00e1, os vestidos s\u00e3o uma escolha cl\u00e1ssica e f\u00e1cil de usar. Eles oferecem um toque rom\u00e2ntico e podem ser combinados com acess\u00f3rios contrastantes para um visual mais ousado. Outra op\u00e7\u00e3o \u00e9 misturar o po\u00e1 com outras estampas, como listras ou animal print, criando um look moderno e din\u00e2mico.<\/p>\n\n\n\n<p>Al\u00e9m disso, o po\u00e1 pode ser incorporado em diversas pe\u00e7as do vestu\u00e1rio, como blusas, saias e at\u00e9 cal\u00e7ados. Essa versatilidade permite uma infinidade de combina\u00e7\u00f5es, tornando o po\u00e1 uma escolha popular para quem deseja atualizar seu estilo com um toque de nostalgia.<\/p>\n\n\n\n<h2 class=\"wp-block-heading\">Como usar em acess\u00f3rios?<\/h2>\n\n\n\n<p>Os acess\u00f3rios com estampa de po\u00e1 s\u00e3o uma maneira f\u00e1cil de aderir \u00e0 tend\u00eancia sem comprometer o estilo pessoal. Bolsas, len\u00e7os e sapatos com esse padr\u00e3o podem transformar um look b\u00e1sico em algo mais estiloso e divertido. Recentemente, o po\u00e1 tamb\u00e9m tem aparecido em bijuterias e chap\u00e9us, permitindo que at\u00e9 mesmo os acess\u00f3rios mais discretos tenham um toque de moda retr\u00f4.<\/p>\n\n\n\n<p>Com sua capacidade de se reinventar e sua est\u00e9tica atemporal, a estampa de po\u00e1 continua a capturar a imagina\u00e7\u00e3o de designers e consumidores, solidificando seu lugar na moda contempor\u00e2nea.<\/p>\n","protected":false},"excerpt":{"rendered":"<p>A moda \u00e9 c\u00edclica, e a estampa de po\u00e1, um cl\u00e1ssico dos anos 50, est\u00e1 novamente em evid\u00eancia. Recentemente, as passarelas das principais semanas de moda destacaram essa tend\u00eancia, com designers renomados trazendo o po\u00e1 de volta \u00e0s suas cole\u00e7\u00f5es. Este padr\u00e3o, conhecido por suas bolinhas distintas, est\u00e1 sendo reinterpretado de maneiras inovadoras, capturando a [&hellip;]<\/p>\n","protected":false},"author":9,"featured_media":29893,"comment_status":"open","ping_status":"open","sticky":false,"template":"","format":"standard","meta":{"jnews-multi-image_gallery":[],"jnews_single_post":{"format":"standard"},"jnews_primary_category":[],"jnews_social_meta":[],"jnews_override_counter":[],"footnotes":""},"categories":[29,1],"tags":[6421,6420,4977,1920],"class_list":["post-29793","post","type-post","status-publish","format-standard","has-post-thumbnail","hentry","category-entretenimento","category-noticias","tag-anos-50","tag-estampa-de-poa","tag-moda","tag-tendencia"],"yoast_head":"<!-- This site is optimized with the Yoast SEO plugin v23.8 - https:\/\/yoast.com\/wordpress\/plugins\/seo\/ -->\n<title>Conhe\u00e7a a estampa amada por muitas mulheres que est\u00e1 voltando a brilhar nas passarelas<\/title>\n<meta name=\"description\" content=\"O cl\u00e1ssico po\u00e1 voltou com for\u00e7a \u00e0s passarelas e promete transformar seu estilo. Veja como us\u00e1-lo em pe\u00e7as e acess\u00f3rios.\" \/>\n<meta name=\"robots\" content=\"index, follow, max-snippet:-1, max-image-preview:large, max-video-preview:-1\" \/>\n<link rel=\"canonical\" href=\"https:\/\/www.em.com.br\/emfoco\/2025\/03\/19\/conheca-a-estampa-amada-por-muitas-mulheres-que-esta-voltando-a-brilhar-nas-passarelas\/\" \/>\n<meta property=\"og:locale\" content=\"pt_BR\" \/>\n<meta property=\"og:type\" content=\"article\" \/>\n<meta property=\"og:title\" content=\"Conhe\u00e7a a estampa amada por muitas mulheres que est\u00e1 voltando a brilhar nas passarelas\" \/>\n<meta property=\"og:description\" content=\"O cl\u00e1ssico po\u00e1 voltou com for\u00e7a \u00e0s passarelas e promete transformar seu estilo. Veja como us\u00e1-lo em pe\u00e7as e acess\u00f3rios.\" \/>\n<meta property=\"og:url\" content=\"https:\/\/www.em.com.br\/emfoco\/2025\/03\/19\/conheca-a-estampa-amada-por-muitas-mulheres-que-esta-voltando-a-brilhar-nas-passarelas\/\" \/>\n<meta property=\"og:site_name\" content=\"Estado de Minas - Em foco\" \/>\n<meta property=\"article:published_time\" content=\"2025-03-20T00:00:23+00:00\" \/>\n<meta property=\"article:modified_time\" content=\"2025-03-19T00:37:06+00:00\" \/>\n<meta property=\"og:image\" content=\"https:\/\/www.em.com.br\/emfoco\/wp-content\/uploads\/2025\/03\/estampa-roupa-de-bolinha_1742307350523.jpg\" \/>\n\t<meta property=\"og:image:width\" content=\"1280\" \/>\n\t<meta property=\"og:image:height\" content=\"720\" \/>\n\t<meta property=\"og:image:type\" content=\"image\/jpeg\" \/>\n<meta name=\"author\" content=\"Daniely Cardoso\" \/>\n<meta name=\"twitter:card\" content=\"summary_large_image\" \/>\n<meta name=\"twitter:label1\" content=\"Escrito por\" \/>\n\t<meta name=\"twitter:data1\" content=\"Daniely Cardoso\" \/>\n\t<meta name=\"twitter:label2\" content=\"Est. tempo de leitura\" \/>\n\t<meta name=\"twitter:data2\" content=\"4 minutos\" \/>\n<!-- \/ Yoast SEO plugin. -->","yoast_head_json":{"title":"Conhe\u00e7a a estampa amada por muitas mulheres que est\u00e1 voltando a brilhar nas passarelas","description":"O cl\u00e1ssico po\u00e1 voltou com for\u00e7a \u00e0s passarelas e promete transformar seu estilo. Veja como us\u00e1-lo em pe\u00e7as e acess\u00f3rios.","robots":{"index":"index","follow":"follow","max-snippet":"max-snippet:-1","max-image-preview":"max-image-preview:large","max-video-preview":"max-video-preview:-1"},"canonical":"https:\/\/www.em.com.br\/emfoco\/2025\/03\/19\/conheca-a-estampa-amada-por-muitas-mulheres-que-esta-voltando-a-brilhar-nas-passarelas\/","og_locale":"pt_BR","og_type":"article","og_title":"Conhe\u00e7a a estampa amada por muitas mulheres que est\u00e1 voltando a brilhar nas passarelas","og_description":"O cl\u00e1ssico po\u00e1 voltou com for\u00e7a \u00e0s passarelas e promete transformar seu estilo. Veja como us\u00e1-lo em pe\u00e7as e acess\u00f3rios.","og_url":"https:\/\/www.em.com.br\/emfoco\/2025\/03\/19\/conheca-a-estampa-amada-por-muitas-mulheres-que-esta-voltando-a-brilhar-nas-passarelas\/","og_site_name":"Estado de Minas - Em foco","article_published_time":"2025-03-20T00:00:23+00:00","article_modified_time":"2025-03-19T00:37:06+00:00","og_image":[{"width":1280,"height":720,"url":"https:\/\/www.em.com.br\/emfoco\/wp-content\/uploads\/2025\/03\/estampa-roupa-de-bolinha_1742307350523.jpg","type":"image\/jpeg"}],"author":"Daniely Cardoso","twitter_card":"summary_large_image","twitter_misc":{"Escrito por":"Daniely Cardoso","Est. tempo de leitura":"4 minutos"},"schema":{"@context":"https:\/\/schema.org","@graph":[{"@type":"WebPage","@id":"https:\/\/www.em.com.br\/emfoco\/2025\/03\/19\/conheca-a-estampa-amada-por-muitas-mulheres-que-esta-voltando-a-brilhar-nas-passarelas\/","url":"https:\/\/www.em.com.br\/emfoco\/2025\/03\/19\/conheca-a-estampa-amada-por-muitas-mulheres-que-esta-voltando-a-brilhar-nas-passarelas\/","name":"Conhe\u00e7a a estampa amada por muitas mulheres que est\u00e1 voltando a brilhar nas passarelas","isPartOf":{"@id":"https:\/\/www.em.com.br\/emfoco\/#website"},"primaryImageOfPage":{"@id":"https:\/\/www.em.com.br\/emfoco\/2025\/03\/19\/conheca-a-estampa-amada-por-muitas-mulheres-que-esta-voltando-a-brilhar-nas-passarelas\/#primaryimage"},"image":{"@id":"https:\/\/www.em.com.br\/emfoco\/2025\/03\/19\/conheca-a-estampa-amada-por-muitas-mulheres-que-esta-voltando-a-brilhar-nas-passarelas\/#primaryimage"},"thumbnailUrl":"https:\/\/www.em.com.br\/emfoco\/wp-content\/uploads\/2025\/03\/estampa-roupa-de-bolinha_1742307350523.jpg","datePublished":"2025-03-20T00:00:23+00:00","dateModified":"2025-03-19T00:37:06+00:00","author":{"@id":"https:\/\/www.em.com.br\/emfoco\/#\/schema\/person\/0a8186d72f2c3a5c6276d90b41f271a0"},"description":"O cl\u00e1ssico po\u00e1 voltou com for\u00e7a \u00e0s passarelas e promete transformar seu estilo. Veja como us\u00e1-lo em pe\u00e7as e acess\u00f3rios.","breadcrumb":{"@id":"https:\/\/www.em.com.br\/emfoco\/2025\/03\/19\/conheca-a-estampa-amada-por-muitas-mulheres-que-esta-voltando-a-brilhar-nas-passarelas\/#breadcrumb"},"inLanguage":"pt-BR","potentialAction":[{"@type":"ReadAction","target":["https:\/\/www.em.com.br\/emfoco\/2025\/03\/19\/conheca-a-estampa-amada-por-muitas-mulheres-que-esta-voltando-a-brilhar-nas-passarelas\/"]}]},{"@type":"ImageObject","inLanguage":"pt-BR","@id":"https:\/\/www.em.com.br\/emfoco\/2025\/03\/19\/conheca-a-estampa-amada-por-muitas-mulheres-que-esta-voltando-a-brilhar-nas-passarelas\/#primaryimage","url":"https:\/\/www.em.com.br\/emfoco\/wp-content\/uploads\/2025\/03\/estampa-roupa-de-bolinha_1742307350523.jpg","contentUrl":"https:\/\/www.em.com.br\/emfoco\/wp-content\/uploads\/2025\/03\/estampa-roupa-de-bolinha_1742307350523.jpg","width":1280,"height":720,"caption":"Estampa po\u00e1 - Cr\u00e9ditos: depositphotos.com \/ bjjenzor@gmail.com"},{"@type":"BreadcrumbList","@id":"https:\/\/www.em.com.br\/emfoco\/2025\/03\/19\/conheca-a-estampa-amada-por-muitas-mulheres-que-esta-voltando-a-brilhar-nas-passarelas\/#breadcrumb","itemListElement":[{"@type":"ListItem","position":1,"name":"In\u00edcio","item":"https:\/\/www.em.com.br\/emfoco\/"},{"@type":"ListItem","position":2,"name":"Conhe\u00e7a a estampa amada por muitas mulheres que est\u00e1 voltando a brilhar nas passarelas"}]},{"@type":"WebSite","@id":"https:\/\/www.em.com.br\/emfoco\/#website","url":"https:\/\/www.em.com.br\/emfoco\/","name":"Estado de Minas - Em foco","description":"Acompanhe as \u00faltimas not\u00edcias e fique bem informado sobre tudo o que acontece em Minas Gerais, Brasil e no mundo.","potentialAction":[{"@type":"SearchAction","target":{"@type":"EntryPoint","urlTemplate":"https:\/\/www.em.com.br\/emfoco\/?s={search_term_string}"},"query-input":{"@type":"PropertyValueSpecification","valueRequired":true,"valueName":"search_term_string"}}],"inLanguage":"pt-BR"},{"@type":"Person","@id":"https:\/\/www.em.com.br\/emfoco\/#\/schema\/person\/0a8186d72f2c3a5c6276d90b41f271a0","name":"Daniely Cardoso","image":{"@type":"ImageObject","inLanguage":"pt-BR","@id":"https:\/\/www.em.com.br\/emfoco\/#\/schema\/person\/image\/","url":"https:\/\/secure.gravatar.com\/avatar\/4b80ddbd124d1f071b626d52d62e5dff?s=96&d=mm&r=g","contentUrl":"https:\/\/secure.gravatar.com\/avatar\/4b80ddbd124d1f071b626d52d62e5dff?s=96&d=mm&r=g","caption":"Daniely Cardoso"},"url":"https:\/\/www.em.com.br\/emfoco\/author\/danielymyth\/"}]}},"_links":{"self":[{"href":"https:\/\/www.em.com.br\/emfoco\/wp-json\/wp\/v2\/posts\/29793","targetHints":{"allow":["GET"]}}],"collection":[{"href":"https:\/\/www.em.com.br\/emfoco\/wp-json\/wp\/v2\/posts"}],"about":[{"href":"https:\/\/www.em.com.br\/emfoco\/wp-json\/wp\/v2\/types\/post"}],"author":[{"embeddable":true,"href":"https:\/\/www.em.com.br\/emfoco\/wp-json\/wp\/v2\/users\/9"}],"replies":[{"embeddable":true,"href":"https:\/\/www.em.com.br\/emfoco\/wp-json\/wp\/v2\/comments?post=29793"}],"version-history":[{"count":5,"href":"https:\/\/www.em.com.br\/emfoco\/wp-json\/wp\/v2\/posts\/29793\/revisions"}],"predecessor-version":[{"id":30132,"href":"https:\/\/www.em.com.br\/emfoco\/wp-json\/wp\/v2\/posts\/29793\/revisions\/30132"}],"wp:featuredmedia":[{"embeddable":true,"href":"https:\/\/www.em.com.br\/emfoco\/wp-json\/wp\/v2\/media\/29893"}],"wp:attachment":[{"href":"https:\/\/www.em.com.br\/emfoco\/wp-json\/wp\/v2\/media?parent=29793"}],"wp:term":[{"taxonomy":"category","embeddable":true,"href":"https:\/\/www.em.com.br\/emfoco\/wp-json\/wp\/v2\/categories?post=29793"},{"taxonomy":"post_tag","embeddable":true,"href":"https:\/\/www.em.com.br\/emfoco\/wp-json\/wp\/v2\/tags?post=29793"}],"curies":[{"name":"wp","href":"https:\/\/api.w.org\/{rel}","templated":true}]}}