{"id":29741,"date":"2025-03-28T08:40:00","date_gmt":"2025-03-28T11:40:00","guid":{"rendered":"https:\/\/www.em.com.br\/emfoco\/?p=29741"},"modified":"2025-03-17T22:33:49","modified_gmt":"2025-03-18T01:33:49","slug":"bpc-tera-novas-regras-em-2025-e-pode-dificultar-acesso-para-idosos","status":"publish","type":"post","link":"https:\/\/www.em.com.br\/emfoco\/2025\/03\/28\/bpc-tera-novas-regras-em-2025-e-pode-dificultar-acesso-para-idosos\/","title":{"rendered":"BPC ter\u00e1 novas regras em 2025 e pode dificultar acesso para idosos"},"content":{"rendered":"\n<p>O <strong>Benef\u00edcio de Presta\u00e7\u00e3o Continuada (BPC)<\/strong> \u00e9 um programa assistencial previsto pela <strong>Lei Org\u00e2nica da Assist\u00eancia Social (LOAS) no <a href=\"https:\/\/www.em.com.br\/emfoco\/2025\/03\/17\/novas-medidas-para-combater-fraudes-bancarias-digitais-no-brasil-sao-anunciadas\/\" target=\"_blank\" rel=\"noreferrer noopener\">Brasil<\/a><\/strong>. Ele oferece um suporte financeiro vital para idosos e pessoas com defici\u00eancia que se encontram em situa\u00e7\u00e3o de vulnerabilidade econ\u00f4mica. O BPC garante o pagamento de um sal\u00e1rio m\u00ednimo mensal para aqueles que atendem aos crit\u00e9rios estabelecidos, sem a necessidade de contribui\u00e7\u00e3o pr\u00e9via ao <strong>Instituto Nacional do Seguro Social (INSS)<\/strong>.<\/p>\n\n\n\n<p>Para ter direito ao <strong><a href=\"https:\/\/www.gov.br\/mds\/pt-br\/acoes-e-programas\/suas\/beneficios-assistenciais\/beneficio-assistencial-ao-idoso-e-a-pessoa-com-deficiencia-bpc\" target=\"_blank\" rel=\"noreferrer noopener\">BPC<\/a><\/strong>, os benefici\u00e1rios devem ser idosos com 65 anos ou mais, ou pessoas com defici\u00eancia que n\u00e3o possuam meios pr\u00f3prios de sustento e cuja fam\u00edlia tamb\u00e9m n\u00e3o possa prover sua manuten\u00e7\u00e3o. O programa \u00e9 uma importante ferramenta de inclus\u00e3o social, assegurando um m\u00ednimo de dignidade para aqueles que se encontram em condi\u00e7\u00f5es adversas.<\/p>\n\n\n\n<h2 class=\"wp-block-heading\">Quais s\u00e3o as novas regras do BPC em 2025?<\/h2>\n\n\n\n<p>Em 2025, o governo brasileiro implementou mudan\u00e7as significativas nas regras do BPC, com o objetivo de aprimorar a efici\u00eancia do programa e garantir que o benef\u00edcio chegue a quem realmente precisa. As altera\u00e7\u00f5es impactam principalmente as pessoas com defici\u00eancia e os processos de atualiza\u00e7\u00e3o cadastral.<\/p>\n\n\n\n<p>Uma das principais mudan\u00e7as \u00e9 a exig\u00eancia de um laudo m\u00e9dico com registro na <strong>Classifica\u00e7\u00e3o Internacional de Doen\u00e7as (CID)<\/strong> para pessoas com defici\u00eancia. Esse documento deve comprovar a condi\u00e7\u00e3o de sa\u00fade e a incapacidade para o trabalho ou para uma vida independente. Al\u00e9m disso, a atualiza\u00e7\u00e3o do <strong>Cadastro \u00danico (Cad\u00danico)<\/strong> passa a ser obrigat\u00f3ria a cada dois anos, sob pena de suspens\u00e3o do benef\u00edcio.<\/p>\n\n\n\n<figure class=\"wp-block-image size-large\"><img loading=\"lazy\" decoding=\"async\" width=\"1024\" height=\"576\" src=\"https:\/\/www.em.com.br\/emfoco\/wp-content\/uploads\/2025\/01\/dinheiro-brasil_1738187229576-1024x576.jpg\" alt=\"Governo divulga data de pagamentos do Bolsa Fam\u00edlia para Mar\u00e7o\/2025\" class=\"wp-image-14751\" srcset=\"https:\/\/www.em.com.br\/emfoco\/wp-content\/uploads\/2025\/01\/dinheiro-brasil_1738187229576-1024x576.jpg 1024w, https:\/\/www.em.com.br\/emfoco\/wp-content\/uploads\/2025\/01\/dinheiro-brasil_1738187229576-300x169.jpg 300w, https:\/\/www.em.com.br\/emfoco\/wp-content\/uploads\/2025\/01\/dinheiro-brasil_1738187229576-768x432.jpg 768w, https:\/\/www.em.com.br\/emfoco\/wp-content\/uploads\/2025\/01\/dinheiro-brasil_1738187229576-750x422.jpg 750w, https:\/\/www.em.com.br\/emfoco\/wp-content\/uploads\/2025\/01\/dinheiro-brasil_1738187229576-1140x641.jpg 1140w, https:\/\/www.em.com.br\/emfoco\/wp-content\/uploads\/2025\/01\/dinheiro-brasil_1738187229576.jpg 1280w\" sizes=\"auto, (max-width: 1024px) 100vw, 1024px\" \/><figcaption class=\"wp-element-caption\">Imagem Ilustrativa de Dinheiro &#8211; Cr\u00e9ditos: depositphotos.com \/ verganifotografia<\/figcaption><\/figure>\n\n\n\n<h2 class=\"wp-block-heading\">Como as mudan\u00e7as impactam os benefici\u00e1rios do BPC?<\/h2>\n\n\n\n<p>As novas diretrizes visam tornar o BPC mais eficiente, mas tamb\u00e9m podem representar desafios para alguns benefici\u00e1rios. A exig\u00eancia de um laudo m\u00e9dico espec\u00edfico pode dificultar o acesso ao benef\u00edcio para aqueles que enfrentam dificuldades para obter consultas e exames. Al\u00e9m disso, a suspens\u00e3o do benef\u00edcio por falta de atualiza\u00e7\u00e3o cadastral pode afetar muitos benefici\u00e1rios que n\u00e3o realizarem a atualiza\u00e7\u00e3o dentro do prazo.<\/p>\n\n\n\n<p>Outro impacto significativo \u00e9 a intensifica\u00e7\u00e3o da fiscaliza\u00e7\u00e3o das condi\u00e7\u00f5es de vulnerabilidade, especialmente para os idosos, que agora precisam comprovar continuamente a necessidade do benef\u00edcio. Essas medidas buscam garantir que o BPC seja direcionado as fam\u00edlias de baixa renda que realmente necessitam do suporte financeiro.<\/p>\n\n\n\n<h2 class=\"wp-block-heading\">Como garantir o recebimento do BPC em 2025?<\/h2>\n\n\n\n<p>Para garantir a continuidade do benef\u00edcio, \u00e9 fundamental que os benefici\u00e1rios fiquem atentos \u00e0s novas regras e cumpram os requisitos exigidos pelo programa. A manuten\u00e7\u00e3o do <strong>Cadastro \u00danico<\/strong> atualizado \u00e9 essencial, devendo ser feita a cada dois anos no <strong>Centro de Refer\u00eancia de Assist\u00eancia Social (CRAS)<\/strong> mais pr\u00f3ximo. Documentos como CPF, RG, comprovante de resid\u00eancia e comprovantes de renda de todos os moradores do domic\u00edlio s\u00e3o necess\u00e1rios para a atualiza\u00e7\u00e3o.<\/p>\n\n\n\n<p>Para pessoas com defici\u00eancia, \u00e9 imprescind\u00edvel obter um laudo m\u00e9dico atualizado com a <strong>Classifica\u00e7\u00e3o Internacional de Doen\u00e7as (CID)<\/strong>, que pode ser obtido por meio do <strong>Sistema \u00danico de Sa\u00fade (SUS)<\/strong> ou por m\u00e9dicos credenciados pelo INSS. Al\u00e9m disso, \u00e9 importante verificar a renda familiar per capita para garantir que ela esteja dentro do limite estabelecido pelo governo.<\/p>\n\n\n\n<p>O <strong>Benef\u00edcio de Presta\u00e7\u00e3o Continuada (BPC)<\/strong> continua sendo uma assist\u00eancia essencial para idosos e pessoas com defici\u00eancia em situa\u00e7\u00e3o de vulnerabilidade. As mudan\u00e7as implementadas em 2025 buscam otimizar o programa e garantir que os recursos sejam distribu\u00eddos de forma justa. No entanto, a exig\u00eancia de documentos m\u00e9dicos e a necessidade de atualiza\u00e7\u00e3o cadastral podem representar desafios para alguns benefici\u00e1rios.<\/p>\n\n\n\n<p>Para evitar a suspens\u00e3o do benef\u00edcio, \u00e9 fundamental que os requerentes se mantenham informados e cumpram todas as exig\u00eancias do programa. Compartilhar essas informa\u00e7\u00f5es \u00e9 crucial para garantir que ningu\u00e9m fique desassistido e que o BPC continue a cumprir seu papel de inclus\u00e3o social.<\/p>\n","protected":false},"excerpt":{"rendered":"<p>O Benef\u00edcio de Presta\u00e7\u00e3o Continuada (BPC) \u00e9 um programa assistencial previsto pela Lei Org\u00e2nica da Assist\u00eancia Social (LOAS) no Brasil. Ele oferece um suporte financeiro vital para idosos e pessoas com defici\u00eancia que se encontram em situa\u00e7\u00e3o de vulnerabilidade econ\u00f4mica. O BPC garante o pagamento de um sal\u00e1rio m\u00ednimo mensal para aqueles que atendem aos [&hellip;]<\/p>\n","protected":false},"author":5,"featured_media":7174,"comment_status":"open","ping_status":"open","sticky":false,"template":"","format":"standard","meta":{"jnews-multi-image_gallery":[],"jnews_single_post":{"format":"standard"},"jnews_primary_category":[],"jnews_social_meta":[],"jnews_override_counter":[],"footnotes":""},"categories":[28,1],"tags":[498,257,260,1516],"class_list":["post-29741","post","type-post","status-publish","format-standard","has-post-thumbnail","hentry","category-economia","category-noticias","tag-assistencia-social","tag-bpc","tag-idosos","tag-pessoas-com-deficiencia"],"yoast_head":"<!-- This site is optimized with the Yoast SEO plugin v23.8 - https:\/\/yoast.com\/wordpress\/plugins\/seo\/ -->\n<title>BPC ter\u00e1 novas regras em 2025 e pode dificultar acesso para idosos - Estado de Minas - Em foco<\/title>\n<meta name=\"description\" content=\"Idosos e pessoas com defici\u00eancia podem receber um sal\u00e1rio m\u00ednimo pelo BPC. Veja os requisitos e como garantir o benef\u00edcio!\" \/>\n<meta name=\"robots\" content=\"index, follow, max-snippet:-1, max-image-preview:large, max-video-preview:-1\" \/>\n<link rel=\"canonical\" href=\"https:\/\/www.em.com.br\/emfoco\/2025\/03\/28\/bpc-tera-novas-regras-em-2025-e-pode-dificultar-acesso-para-idosos\/\" \/>\n<meta property=\"og:locale\" content=\"pt_BR\" \/>\n<meta property=\"og:type\" content=\"article\" \/>\n<meta property=\"og:title\" content=\"BPC ter\u00e1 novas regras em 2025 e pode dificultar acesso para idosos - Estado de Minas - Em foco\" \/>\n<meta property=\"og:description\" content=\"Idosos e pessoas com defici\u00eancia podem receber um sal\u00e1rio m\u00ednimo pelo BPC. Veja os requisitos e como garantir o benef\u00edcio!\" \/>\n<meta property=\"og:url\" content=\"https:\/\/www.em.com.br\/emfoco\/2025\/03\/28\/bpc-tera-novas-regras-em-2025-e-pode-dificultar-acesso-para-idosos\/\" \/>\n<meta property=\"og:site_name\" content=\"Estado de Minas - Em foco\" \/>\n<meta property=\"article:published_time\" content=\"2025-03-28T11:40:00+00:00\" \/>\n<meta property=\"article:modified_time\" content=\"2025-03-18T01:33:49+00:00\" \/>\n<meta property=\"og:image\" content=\"https:\/\/www.em.com.br\/emfoco\/wp-content\/uploads\/2024\/12\/online_1735338988050.jpg\" \/>\n\t<meta property=\"og:image:width\" content=\"1280\" \/>\n\t<meta property=\"og:image:height\" content=\"720\" \/>\n\t<meta property=\"og:image:type\" content=\"image\/jpeg\" \/>\n<meta name=\"author\" content=\"N\u00fabia Rangel\" \/>\n<meta name=\"twitter:card\" content=\"summary_large_image\" \/>\n<meta name=\"twitter:label1\" content=\"Escrito por\" \/>\n\t<meta name=\"twitter:data1\" content=\"N\u00fabia Rangel\" \/>\n\t<meta name=\"twitter:label2\" content=\"Est. tempo de leitura\" \/>\n\t<meta name=\"twitter:data2\" content=\"4 minutos\" \/>\n<!-- \/ Yoast SEO plugin. -->","yoast_head_json":{"title":"BPC ter\u00e1 novas regras em 2025 e pode dificultar acesso para idosos - Estado de Minas - Em foco","description":"Idosos e pessoas com defici\u00eancia podem receber um sal\u00e1rio m\u00ednimo pelo BPC. Veja os requisitos e como garantir o benef\u00edcio!","robots":{"index":"index","follow":"follow","max-snippet":"max-snippet:-1","max-image-preview":"max-image-preview:large","max-video-preview":"max-video-preview:-1"},"canonical":"https:\/\/www.em.com.br\/emfoco\/2025\/03\/28\/bpc-tera-novas-regras-em-2025-e-pode-dificultar-acesso-para-idosos\/","og_locale":"pt_BR","og_type":"article","og_title":"BPC ter\u00e1 novas regras em 2025 e pode dificultar acesso para idosos - Estado de Minas - Em foco","og_description":"Idosos e pessoas com defici\u00eancia podem receber um sal\u00e1rio m\u00ednimo pelo BPC. Veja os requisitos e como garantir o benef\u00edcio!","og_url":"https:\/\/www.em.com.br\/emfoco\/2025\/03\/28\/bpc-tera-novas-regras-em-2025-e-pode-dificultar-acesso-para-idosos\/","og_site_name":"Estado de Minas - Em foco","article_published_time":"2025-03-28T11:40:00+00:00","article_modified_time":"2025-03-18T01:33:49+00:00","og_image":[{"width":1280,"height":720,"url":"https:\/\/www.em.com.br\/emfoco\/wp-content\/uploads\/2024\/12\/online_1735338988050.jpg","type":"image\/jpeg"}],"author":"N\u00fabia Rangel","twitter_card":"summary_large_image","twitter_misc":{"Escrito por":"N\u00fabia Rangel","Est. tempo de leitura":"4 minutos"},"schema":{"@context":"https:\/\/schema.org","@graph":[{"@type":"WebPage","@id":"https:\/\/www.em.com.br\/emfoco\/2025\/03\/28\/bpc-tera-novas-regras-em-2025-e-pode-dificultar-acesso-para-idosos\/","url":"https:\/\/www.em.com.br\/emfoco\/2025\/03\/28\/bpc-tera-novas-regras-em-2025-e-pode-dificultar-acesso-para-idosos\/","name":"BPC ter\u00e1 novas regras em 2025 e pode dificultar acesso para idosos - Estado de Minas - Em foco","isPartOf":{"@id":"https:\/\/www.em.com.br\/emfoco\/#website"},"primaryImageOfPage":{"@id":"https:\/\/www.em.com.br\/emfoco\/2025\/03\/28\/bpc-tera-novas-regras-em-2025-e-pode-dificultar-acesso-para-idosos\/#primaryimage"},"image":{"@id":"https:\/\/www.em.com.br\/emfoco\/2025\/03\/28\/bpc-tera-novas-regras-em-2025-e-pode-dificultar-acesso-para-idosos\/#primaryimage"},"thumbnailUrl":"https:\/\/www.em.com.br\/emfoco\/wp-content\/uploads\/2024\/12\/online_1735338988050.jpg","datePublished":"2025-03-28T11:40:00+00:00","dateModified":"2025-03-18T01:33:49+00:00","author":{"@id":"https:\/\/www.em.com.br\/emfoco\/#\/schema\/person\/524437ef54f8a5d32591b143307f2e20"},"description":"Idosos e pessoas com defici\u00eancia podem receber um sal\u00e1rio m\u00ednimo pelo BPC. Veja os requisitos e como garantir o benef\u00edcio!","breadcrumb":{"@id":"https:\/\/www.em.com.br\/emfoco\/2025\/03\/28\/bpc-tera-novas-regras-em-2025-e-pode-dificultar-acesso-para-idosos\/#breadcrumb"},"inLanguage":"pt-BR","potentialAction":[{"@type":"ReadAction","target":["https:\/\/www.em.com.br\/emfoco\/2025\/03\/28\/bpc-tera-novas-regras-em-2025-e-pode-dificultar-acesso-para-idosos\/"]}]},{"@type":"ImageObject","inLanguage":"pt-BR","@id":"https:\/\/www.em.com.br\/emfoco\/2025\/03\/28\/bpc-tera-novas-regras-em-2025-e-pode-dificultar-acesso-para-idosos\/#primaryimage","url":"https:\/\/www.em.com.br\/emfoco\/wp-content\/uploads\/2024\/12\/online_1735338988050.jpg","contentUrl":"https:\/\/www.em.com.br\/emfoco\/wp-content\/uploads\/2024\/12\/online_1735338988050.jpg","width":1280,"height":720,"caption":"Imagem Ilustrativa de Golpes - Cr\u00e9ditos: depositphotos.com \/ ArturVerkhovetskiy"},{"@type":"BreadcrumbList","@id":"https:\/\/www.em.com.br\/emfoco\/2025\/03\/28\/bpc-tera-novas-regras-em-2025-e-pode-dificultar-acesso-para-idosos\/#breadcrumb","itemListElement":[{"@type":"ListItem","position":1,"name":"In\u00edcio","item":"https:\/\/www.em.com.br\/emfoco\/"},{"@type":"ListItem","position":2,"name":"BPC ter\u00e1 novas regras em 2025 e pode dificultar acesso para idosos"}]},{"@type":"WebSite","@id":"https:\/\/www.em.com.br\/emfoco\/#website","url":"https:\/\/www.em.com.br\/emfoco\/","name":"Estado de Minas - Em foco","description":"Acompanhe as \u00faltimas not\u00edcias e fique bem informado sobre tudo o que acontece em Minas Gerais, Brasil e no mundo.","potentialAction":[{"@type":"SearchAction","target":{"@type":"EntryPoint","urlTemplate":"https:\/\/www.em.com.br\/emfoco\/?s={search_term_string}"},"query-input":{"@type":"PropertyValueSpecification","valueRequired":true,"valueName":"search_term_string"}}],"inLanguage":"pt-BR"},{"@type":"Person","@id":"https:\/\/www.em.com.br\/emfoco\/#\/schema\/person\/524437ef54f8a5d32591b143307f2e20","name":"N\u00fabia Rangel","image":{"@type":"ImageObject","inLanguage":"pt-BR","@id":"https:\/\/www.em.com.br\/emfoco\/#\/schema\/person\/image\/","url":"https:\/\/secure.gravatar.com\/avatar\/47cff2827a5ba23c37e8068c86817ea4?s=96&d=mm&r=g","contentUrl":"https:\/\/secure.gravatar.com\/avatar\/47cff2827a5ba23c37e8068c86817ea4?s=96&d=mm&r=g","caption":"N\u00fabia Rangel"},"sameAs":["https:\/\/www.em.com.br\/emfoco\/"],"url":"https:\/\/www.em.com.br\/emfoco\/author\/nubiamyth\/"}]}},"_links":{"self":[{"href":"https:\/\/www.em.com.br\/emfoco\/wp-json\/wp\/v2\/posts\/29741","targetHints":{"allow":["GET"]}}],"collection":[{"href":"https:\/\/www.em.com.br\/emfoco\/wp-json\/wp\/v2\/posts"}],"about":[{"href":"https:\/\/www.em.com.br\/emfoco\/wp-json\/wp\/v2\/types\/post"}],"author":[{"embeddable":true,"href":"https:\/\/www.em.com.br\/emfoco\/wp-json\/wp\/v2\/users\/5"}],"replies":[{"embeddable":true,"href":"https:\/\/www.em.com.br\/emfoco\/wp-json\/wp\/v2\/comments?post=29741"}],"version-history":[{"count":2,"href":"https:\/\/www.em.com.br\/emfoco\/wp-json\/wp\/v2\/posts\/29741\/revisions"}],"predecessor-version":[{"id":29755,"href":"https:\/\/www.em.com.br\/emfoco\/wp-json\/wp\/v2\/posts\/29741\/revisions\/29755"}],"wp:featuredmedia":[{"embeddable":true,"href":"https:\/\/www.em.com.br\/emfoco\/wp-json\/wp\/v2\/media\/7174"}],"wp:attachment":[{"href":"https:\/\/www.em.com.br\/emfoco\/wp-json\/wp\/v2\/media?parent=29741"}],"wp:term":[{"taxonomy":"category","embeddable":true,"href":"https:\/\/www.em.com.br\/emfoco\/wp-json\/wp\/v2\/categories?post=29741"},{"taxonomy":"post_tag","embeddable":true,"href":"https:\/\/www.em.com.br\/emfoco\/wp-json\/wp\/v2\/tags?post=29741"}],"curies":[{"name":"wp","href":"https:\/\/api.w.org\/{rel}","templated":true}]}}