{"id":29691,"date":"2025-03-19T19:20:00","date_gmt":"2025-03-19T22:20:00","guid":{"rendered":"https:\/\/www.em.com.br\/emfoco\/?p=29691"},"modified":"2025-03-17T22:46:56","modified_gmt":"2025-03-18T01:46:56","slug":"novo-demolidor-ja-comecou-mas-ha-segredos-que-so-agora-vieram-a-tona","status":"publish","type":"post","link":"https:\/\/www.em.com.br\/emfoco\/2025\/03\/19\/novo-demolidor-ja-comecou-mas-ha-segredos-que-so-agora-vieram-a-tona\/","title":{"rendered":"Novo Demolidor j\u00e1 come\u00e7ou, mas h\u00e1 segredos que s\u00f3 agora vieram \u00e0 tona"},"content":{"rendered":"\n<p>Nascido em 15 de dezembro de 1982, em <strong>Londres<\/strong>, <strong>Reino Unido<\/strong>, <strong><a href=\"https:\/\/www.instagram.com\/_charliecox\/\" target=\"_blank\" rel=\"noreferrer noopener\">Charlie Cox<\/a><\/strong> come\u00e7ou sua trajet\u00f3ria no mundo do entretenimento ainda jovem. Ao longo dos anos, trabalhou ao lado de grandes astros, como<strong> Al Pacino, Robert De Niro, Michelle Pfeiffer e Heath Ledger<\/strong>. No entanto, foi no papel de <strong>Matt Murdoc<\/strong>k, o <strong>Demolidor<\/strong>, que ele se consolidou como um nome querido pelos f\u00e3s, especialmente no<strong> Universo Cinematogr\u00e1fico da Marvel (MCU)<\/strong>.<\/p>\n\n\n\n<h2 class=\"wp-block-heading\">O retorno de Charlie Cox como Demolidor: o que esperar de &#8220;Demolidor: Renascido&#8221;?<\/h2>\n\n\n\n<p>Com a estreia da s\u00e9rie &#8220;<strong><a href=\"https:\/\/www.em.com.br\/emfoco\/2025\/03\/07\/apos-7-anos-de-espera-marvel-respira-aliviada-com-demolidor-renascido-entenda\/\" target=\"_blank\" rel=\"noreferrer noopener\">Demolidor: Renascido<\/a><\/strong>&#8221; no<strong> Disney+<\/strong>, os f\u00e3s de longa data podem novamente acompanhar as intensas aventuras de Matt Murdock. A s\u00e9rie lan\u00e7a novos epis\u00f3dios todas as ter\u00e7as-feiras e promete muitos confrontos \u00e9picos, principalmente entre Matt e Wilson Fisk, o Rei do Crime, interpretado por <strong>Vincent D\u2019Onofrio<\/strong>.<\/p>\n\n\n\n<h2 class=\"wp-block-heading\">Voc\u00ea sabia que Charlie Cox \u00e9 f\u00e3 de futebol?<\/h2>\n\n\n\n<p>Al\u00e9m de ser um talentoso ator, Charlie Cox tem uma grande paix\u00e3o fora das telas: o futebol. Ele \u00e9 torcedor fervoroso do <strong>Arsenal FC<\/strong> e, durante uma visita ao <strong>Brasil <\/strong>em 2024, aproveitou para assistir a um jogo do <strong>Campeonato Brasileiro<\/strong> entre <strong>Palmeiras <\/strong>e <strong>Gr\u00eamio<\/strong>, mostrando que seu amor pelo esporte vai al\u00e9m das fronteiras do Reino Unido.<\/p>\n\n\n\n<figure class=\"wp-block-image\"><img decoding=\"async\" src=\"https:\/\/www.em.com.br\/emfoco\/wp-content\/uploads\/2025\/03\/demolidor-renascido-1-1024x576.jpg\" alt=\"\"\/><figcaption class=\"wp-element-caption\">Cena s\u00e9rie Demolidor Renascido &#8211; Cr\u00e9ditos: Reprodu\u00e7\u00e3o\/Disney+<\/figcaption><\/figure>\n\n\n\n<h2 class=\"wp-block-heading\">Os bastidores da carreira de Charlie Cox: convivendo com grandes nomes<\/h2>\n\n\n\n<p>Poucos sabem, mas Charlie Cox j\u00e1 dividiu a casa com outros astros de <strong>Hollywood<\/strong>, como <strong>Andrew Garfield, Robert Pattinson, Eddie Redmayne e Jamie Dornan<\/strong>. Essa conviv\u00eancia com alguns dos maiores talentos da ind\u00fastria certamente foi uma experi\u00eancia \u00fanica e, sem d\u00favida, uma fonte de inspira\u00e7\u00e3o para todos eles.<\/p>\n\n\n\n<h2 class=\"wp-block-heading\">A jornada de Charlie Cox no universo dos quadrinhos: de novato a especialista<\/h2>\n\n\n\n<p>Antes de ser escalado para o papel de Demolidor, Charlie Cox n\u00e3o tinha muito conhecimento sobre o personagem. Na verdade, ele n\u00e3o sabia que Matt Murdock era cego at\u00e9 um dia antes de sua audi\u00e7\u00e3o! Ap\u00f3s ser escolhido, Cox se aprofundou no universo das HQs e, hoje, \u00e9 um grande f\u00e3 das hist\u00f3rias da Marvel, trazendo uma nova profundidade para o papel que tantos adoram.<\/p>\n","protected":false},"excerpt":{"rendered":"<p>Nascido em 15 de dezembro de 1982, em Londres, Reino Unido, Charlie Cox come\u00e7ou sua trajet\u00f3ria no mundo do entretenimento ainda jovem. Ao longo dos anos, trabalhou ao lado de grandes astros, como Al Pacino, Robert De Niro, Michelle Pfeiffer e Heath Ledger. No entanto, foi no papel de Matt Murdock, o Demolidor, que ele [&hellip;]<\/p>\n","protected":false},"author":11,"featured_media":29768,"comment_status":"open","ping_status":"open","sticky":false,"template":"","format":"standard","meta":{"jnews-multi-image_gallery":[],"jnews_single_post":{"format":"standard"},"jnews_primary_category":[],"jnews_social_meta":[],"jnews_override_counter":[],"footnotes":""},"categories":[138,1],"tags":[522,637,1243],"class_list":["post-29691","post","type-post","status-publish","format-standard","has-post-thumbnail","hentry","category-mundo","category-noticias","tag-ator","tag-cinema","tag-curiosidade"],"yoast_head":"<!-- This site is optimized with the Yoast SEO plugin v23.8 - https:\/\/yoast.com\/wordpress\/plugins\/seo\/ -->\n<title>Novo Demolidor j\u00e1 come\u00e7ou, mas h\u00e1 segredos que s\u00f3 agora vieram \u00e0 tona - Estado de Minas - Em foco<\/title>\n<meta name=\"description\" content=\"Voc\u00ea sabia que Charlie Cox s\u00f3 descobriu um detalhe essencial sobre Demolidor um dia antes da audi\u00e7\u00e3o? Entenda essa reviravolta.\" \/>\n<meta name=\"robots\" content=\"index, follow, max-snippet:-1, max-image-preview:large, max-video-preview:-1\" \/>\n<link rel=\"canonical\" href=\"https:\/\/www.em.com.br\/emfoco\/2025\/03\/19\/novo-demolidor-ja-comecou-mas-ha-segredos-que-so-agora-vieram-a-tona\/\" \/>\n<meta property=\"og:locale\" content=\"pt_BR\" \/>\n<meta property=\"og:type\" content=\"article\" \/>\n<meta property=\"og:title\" content=\"Novo Demolidor j\u00e1 come\u00e7ou, mas h\u00e1 segredos que s\u00f3 agora vieram \u00e0 tona - Estado de Minas - Em foco\" \/>\n<meta property=\"og:description\" content=\"Voc\u00ea sabia que Charlie Cox s\u00f3 descobriu um detalhe essencial sobre Demolidor um dia antes da audi\u00e7\u00e3o? Entenda essa reviravolta.\" \/>\n<meta property=\"og:url\" content=\"https:\/\/www.em.com.br\/emfoco\/2025\/03\/19\/novo-demolidor-ja-comecou-mas-ha-segredos-que-so-agora-vieram-a-tona\/\" \/>\n<meta property=\"og:site_name\" content=\"Estado de Minas - Em foco\" \/>\n<meta property=\"article:published_time\" content=\"2025-03-19T22:20:00+00:00\" \/>\n<meta property=\"article:modified_time\" content=\"2025-03-18T01:46:56+00:00\" \/>\n<meta property=\"og:image\" content=\"https:\/\/www.em.com.br\/emfoco\/wp-content\/uploads\/2025\/03\/Charlie-Cox.jpg\" \/>\n\t<meta property=\"og:image:width\" content=\"1280\" \/>\n\t<meta property=\"og:image:height\" content=\"720\" \/>\n\t<meta property=\"og:image:type\" content=\"image\/jpeg\" \/>\n<meta name=\"author\" content=\"Andre\u0301 Rangel\u00a0\" \/>\n<meta name=\"twitter:card\" content=\"summary_large_image\" \/>\n<meta name=\"twitter:label1\" content=\"Escrito por\" \/>\n\t<meta name=\"twitter:data1\" content=\"Andre\u0301 Rangel\u00a0\" \/>\n\t<meta name=\"twitter:label2\" content=\"Est. tempo de leitura\" \/>\n\t<meta name=\"twitter:data2\" content=\"3 minutos\" \/>\n<!-- \/ Yoast SEO plugin. -->","yoast_head_json":{"title":"Novo Demolidor j\u00e1 come\u00e7ou, mas h\u00e1 segredos que s\u00f3 agora vieram \u00e0 tona - Estado de Minas - Em foco","description":"Voc\u00ea sabia que Charlie Cox s\u00f3 descobriu um detalhe essencial sobre Demolidor um dia antes da audi\u00e7\u00e3o? Entenda essa reviravolta.","robots":{"index":"index","follow":"follow","max-snippet":"max-snippet:-1","max-image-preview":"max-image-preview:large","max-video-preview":"max-video-preview:-1"},"canonical":"https:\/\/www.em.com.br\/emfoco\/2025\/03\/19\/novo-demolidor-ja-comecou-mas-ha-segredos-que-so-agora-vieram-a-tona\/","og_locale":"pt_BR","og_type":"article","og_title":"Novo Demolidor j\u00e1 come\u00e7ou, mas h\u00e1 segredos que s\u00f3 agora vieram \u00e0 tona - Estado de Minas - Em foco","og_description":"Voc\u00ea sabia que Charlie Cox s\u00f3 descobriu um detalhe essencial sobre Demolidor um dia antes da audi\u00e7\u00e3o? Entenda essa reviravolta.","og_url":"https:\/\/www.em.com.br\/emfoco\/2025\/03\/19\/novo-demolidor-ja-comecou-mas-ha-segredos-que-so-agora-vieram-a-tona\/","og_site_name":"Estado de Minas - Em foco","article_published_time":"2025-03-19T22:20:00+00:00","article_modified_time":"2025-03-18T01:46:56+00:00","og_image":[{"width":1280,"height":720,"url":"https:\/\/www.em.com.br\/emfoco\/wp-content\/uploads\/2025\/03\/Charlie-Cox.jpg","type":"image\/jpeg"}],"author":"Andre\u0301 Rangel\u00a0","twitter_card":"summary_large_image","twitter_misc":{"Escrito por":"Andre\u0301 Rangel\u00a0","Est. tempo de leitura":"3 minutos"},"schema":{"@context":"https:\/\/schema.org","@graph":[{"@type":"WebPage","@id":"https:\/\/www.em.com.br\/emfoco\/2025\/03\/19\/novo-demolidor-ja-comecou-mas-ha-segredos-que-so-agora-vieram-a-tona\/","url":"https:\/\/www.em.com.br\/emfoco\/2025\/03\/19\/novo-demolidor-ja-comecou-mas-ha-segredos-que-so-agora-vieram-a-tona\/","name":"Novo Demolidor j\u00e1 come\u00e7ou, mas h\u00e1 segredos que s\u00f3 agora vieram \u00e0 tona - Estado de Minas - Em foco","isPartOf":{"@id":"https:\/\/www.em.com.br\/emfoco\/#website"},"primaryImageOfPage":{"@id":"https:\/\/www.em.com.br\/emfoco\/2025\/03\/19\/novo-demolidor-ja-comecou-mas-ha-segredos-que-so-agora-vieram-a-tona\/#primaryimage"},"image":{"@id":"https:\/\/www.em.com.br\/emfoco\/2025\/03\/19\/novo-demolidor-ja-comecou-mas-ha-segredos-que-so-agora-vieram-a-tona\/#primaryimage"},"thumbnailUrl":"https:\/\/www.em.com.br\/emfoco\/wp-content\/uploads\/2025\/03\/Charlie-Cox.jpg","datePublished":"2025-03-19T22:20:00+00:00","dateModified":"2025-03-18T01:46:56+00:00","author":{"@id":"https:\/\/www.em.com.br\/emfoco\/#\/schema\/person\/60eda09c1fedf0d6891f4cef4b60b8b8"},"description":"Voc\u00ea sabia que Charlie Cox s\u00f3 descobriu um detalhe essencial sobre Demolidor um dia antes da audi\u00e7\u00e3o? Entenda essa reviravolta.","breadcrumb":{"@id":"https:\/\/www.em.com.br\/emfoco\/2025\/03\/19\/novo-demolidor-ja-comecou-mas-ha-segredos-que-so-agora-vieram-a-tona\/#breadcrumb"},"inLanguage":"pt-BR","potentialAction":[{"@type":"ReadAction","target":["https:\/\/www.em.com.br\/emfoco\/2025\/03\/19\/novo-demolidor-ja-comecou-mas-ha-segredos-que-so-agora-vieram-a-tona\/"]}]},{"@type":"ImageObject","inLanguage":"pt-BR","@id":"https:\/\/www.em.com.br\/emfoco\/2025\/03\/19\/novo-demolidor-ja-comecou-mas-ha-segredos-que-so-agora-vieram-a-tona\/#primaryimage","url":"https:\/\/www.em.com.br\/emfoco\/wp-content\/uploads\/2025\/03\/Charlie-Cox.jpg","contentUrl":"https:\/\/www.em.com.br\/emfoco\/wp-content\/uploads\/2025\/03\/Charlie-Cox.jpg","width":1280,"height":720,"caption":"Charlie Cox - Cr\u00e9ditos: Divulga\u00e7\u00e3o\/Flickr"},{"@type":"BreadcrumbList","@id":"https:\/\/www.em.com.br\/emfoco\/2025\/03\/19\/novo-demolidor-ja-comecou-mas-ha-segredos-que-so-agora-vieram-a-tona\/#breadcrumb","itemListElement":[{"@type":"ListItem","position":1,"name":"In\u00edcio","item":"https:\/\/www.em.com.br\/emfoco\/"},{"@type":"ListItem","position":2,"name":"Novo Demolidor j\u00e1 come\u00e7ou, mas h\u00e1 segredos que s\u00f3 agora vieram \u00e0 tona"}]},{"@type":"WebSite","@id":"https:\/\/www.em.com.br\/emfoco\/#website","url":"https:\/\/www.em.com.br\/emfoco\/","name":"Estado de Minas - Em foco","description":"Acompanhe as \u00faltimas not\u00edcias e fique bem informado sobre tudo o que acontece em Minas Gerais, Brasil e no mundo.","potentialAction":[{"@type":"SearchAction","target":{"@type":"EntryPoint","urlTemplate":"https:\/\/www.em.com.br\/emfoco\/?s={search_term_string}"},"query-input":{"@type":"PropertyValueSpecification","valueRequired":true,"valueName":"search_term_string"}}],"inLanguage":"pt-BR"},{"@type":"Person","@id":"https:\/\/www.em.com.br\/emfoco\/#\/schema\/person\/60eda09c1fedf0d6891f4cef4b60b8b8","name":"Andre\u0301 Rangel\u00a0","image":{"@type":"ImageObject","inLanguage":"pt-BR","@id":"https:\/\/www.em.com.br\/emfoco\/#\/schema\/person\/image\/","url":"https:\/\/secure.gravatar.com\/avatar\/6234dc814c77c8ef6d8bba622c787efc?s=96&d=mm&r=g","contentUrl":"https:\/\/secure.gravatar.com\/avatar\/6234dc814c77c8ef6d8bba622c787efc?s=96&d=mm&r=g","caption":"Andre\u0301 Rangel\u00a0"},"url":"https:\/\/www.em.com.br\/emfoco\/author\/luizmyth\/"}]}},"_links":{"self":[{"href":"https:\/\/www.em.com.br\/emfoco\/wp-json\/wp\/v2\/posts\/29691","targetHints":{"allow":["GET"]}}],"collection":[{"href":"https:\/\/www.em.com.br\/emfoco\/wp-json\/wp\/v2\/posts"}],"about":[{"href":"https:\/\/www.em.com.br\/emfoco\/wp-json\/wp\/v2\/types\/post"}],"author":[{"embeddable":true,"href":"https:\/\/www.em.com.br\/emfoco\/wp-json\/wp\/v2\/users\/11"}],"replies":[{"embeddable":true,"href":"https:\/\/www.em.com.br\/emfoco\/wp-json\/wp\/v2\/comments?post=29691"}],"version-history":[{"count":6,"href":"https:\/\/www.em.com.br\/emfoco\/wp-json\/wp\/v2\/posts\/29691\/revisions"}],"predecessor-version":[{"id":29771,"href":"https:\/\/www.em.com.br\/emfoco\/wp-json\/wp\/v2\/posts\/29691\/revisions\/29771"}],"wp:featuredmedia":[{"embeddable":true,"href":"https:\/\/www.em.com.br\/emfoco\/wp-json\/wp\/v2\/media\/29768"}],"wp:attachment":[{"href":"https:\/\/www.em.com.br\/emfoco\/wp-json\/wp\/v2\/media?parent=29691"}],"wp:term":[{"taxonomy":"category","embeddable":true,"href":"https:\/\/www.em.com.br\/emfoco\/wp-json\/wp\/v2\/categories?post=29691"},{"taxonomy":"post_tag","embeddable":true,"href":"https:\/\/www.em.com.br\/emfoco\/wp-json\/wp\/v2\/tags?post=29691"}],"curies":[{"name":"wp","href":"https:\/\/api.w.org\/{rel}","templated":true}]}}