{"id":29484,"date":"2025-03-26T08:40:00","date_gmt":"2025-03-26T11:40:00","guid":{"rendered":"https:\/\/www.em.com.br\/emfoco\/?p=29484"},"modified":"2025-03-17T15:50:01","modified_gmt":"2025-03-17T18:50:01","slug":"confira-o-valor-que-comecou-a-ser-pago-apos-reajuste","status":"publish","type":"post","link":"https:\/\/www.em.com.br\/emfoco\/2025\/03\/26\/confira-o-valor-que-comecou-a-ser-pago-apos-reajuste\/","title":{"rendered":"Confira o valor que come\u00e7ou a ser pago ap\u00f3s reajuste!"},"content":{"rendered":"\n<p>Em 2025, o <strong>sal\u00e1rio m\u00ednimo no Brasil<\/strong> foi reajustado para R$ 1.518, representando um aumento de R$ 106 em rela\u00e7\u00e3o ao ano anterior. Este reajuste de 7,5% superou a infla\u00e7\u00e3o do per\u00edodo, mas ainda reflete cortes de gastos aprovados no final de 2024. A mudan\u00e7a na f\u00f3rmula de c\u00e1lculo do sal\u00e1rio m\u00ednimo trouxe novas diretrizes que afetam diretamente a economia e a vida dos trabalhadores brasileiros.<\/p>\n\n\n\n<p>Anteriormente, o c\u00e1lculo do sal\u00e1rio m\u00ednimo considerava a reposi\u00e7\u00e3o da infla\u00e7\u00e3o medida pelo <strong>INPC (\u00cdndice Nacional de Pre\u00e7os ao Consumidor)<\/strong> e a varia\u00e7\u00e3o do <strong>PIB (Produto Interno Bruto)<\/strong>. No entanto, a nova f\u00f3rmula introduziu um teto de aumento de despesas de 2,5%, limitando o impacto de um PIB mais elevado, que foi de 3,2% no \u00faltimo ano.<\/p>\n\n\n\n<h2 class=\"wp-block-heading\">Como a nova f\u00f3rmula afeta o sal\u00e1rio m\u00ednimo?<\/h2>\n\n\n\n<p>A mudan\u00e7a na f\u00f3rmula de c\u00e1lculo do sal\u00e1rio m\u00ednimo tem implica\u00e7\u00f5es significativas. Com a introdu\u00e7\u00e3o do teto de 2,5% para o aumento de despesas, mesmo que o PIB cres\u00e7a mais, o reajuste do sal\u00e1rio m\u00ednimo ser\u00e1 limitado. Isso visa controlar os gastos p\u00fablicos, especialmente em tempos de conten\u00e7\u00e3o de despesas, mas tamb\u00e9m levanta preocupa\u00e7\u00f5es sobre o poder de compra dos trabalhadores.<\/p>\n\n\n\n<p>O impacto dessa nova regra \u00e9 sentido n\u00e3o apenas no sal\u00e1rio m\u00ednimo, mas tamb\u00e9m em benef\u00edcios sociais e aposentadorias, principalmente do <strong><a href=\"https:\/\/www.gov.br\/inss\/pt-br\" target=\"_blank\" rel=\"noreferrer noopener\">INSS <\/a>(Instituto Nacional do Seguro Social)<\/strong>. O governo busca evitar aumentos abruptos que possam desestabilizar o or\u00e7amento, mas isso pode resultar em um menor poder aquisitivo para aqueles que dependem desses rendimentos.<\/p>\n\n\n\n<figure class=\"wp-block-image size-large\"><img loading=\"lazy\" decoding=\"async\" width=\"1024\" height=\"576\" src=\"https:\/\/www.em.com.br\/emfoco\/wp-content\/uploads\/2024\/12\/salario_1735332914981-1024x576.jpg\" alt=\"Governo define novo valor do sal\u00e1rio m\u00ednimo: Saiba quanto voc\u00ea vai ganhar\" class=\"wp-image-7143\" srcset=\"https:\/\/www.em.com.br\/emfoco\/wp-content\/uploads\/2024\/12\/salario_1735332914981-1024x576.jpg 1024w, https:\/\/www.em.com.br\/emfoco\/wp-content\/uploads\/2024\/12\/salario_1735332914981-300x169.jpg 300w, https:\/\/www.em.com.br\/emfoco\/wp-content\/uploads\/2024\/12\/salario_1735332914981-768x432.jpg 768w, https:\/\/www.em.com.br\/emfoco\/wp-content\/uploads\/2024\/12\/salario_1735332914981-750x422.jpg 750w, https:\/\/www.em.com.br\/emfoco\/wp-content\/uploads\/2024\/12\/salario_1735332914981-1140x641.jpg 1140w, https:\/\/www.em.com.br\/emfoco\/wp-content\/uploads\/2024\/12\/salario_1735332914981.jpg 1280w\" sizes=\"auto, (max-width: 1024px) 100vw, 1024px\" \/><figcaption class=\"wp-element-caption\">Imagem Ilustrativa de sal\u00e1rio &#8211; Cr\u00e9ditos: depositphotos.com \/ rodrigobellizzi<\/figcaption><\/figure>\n\n\n\n<h2 class=\"wp-block-heading\">Quais s\u00e3o as implica\u00e7\u00f5es para os benef\u00edcios sociais?<\/h2>\n\n\n\n<p>O sal\u00e1rio m\u00ednimo serve como base para diversos benef\u00edcios sociais, incluindo aposentadorias e programas de assist\u00eancia. Com o novo c\u00e1lculo, h\u00e1 uma preocupa\u00e7\u00e3o crescente sobre como esses benef\u00edcios ser\u00e3o ajustados. A limita\u00e7\u00e3o no aumento do sal\u00e1rio m\u00ednimo pode levar a uma revis\u00e3o dos valores pagos, impactando diretamente milh\u00f5es de brasileiros que dependem desses recursos para suas necessidades b\u00e1sicas.<\/p>\n\n\n\n<p>A mudan\u00e7a na f\u00f3rmula de c\u00e1lculo do sal\u00e1rio m\u00ednimo tamb\u00e9m impacta diretamente a <strong>Previd\u00eancia Social<\/strong>. O novo teto de 2,5% para o aumento de despesas afeta o reajuste dos <strong><a href=\"https:\/\/www.em.com.br\/emfoco\/2025\/03\/17\/como-preparar-o-cha-de-couve-e-aproveitar-seus-incriveis-beneficios\/\" target=\"_blank\" rel=\"noreferrer noopener\">benef\u00edcios<\/a><\/strong> previdenci\u00e1rios, como aposentadorias e pens\u00f5es, uma vez que o sal\u00e1rio m\u00ednimo serve como base para o c\u00e1lculo desses benef\u00edcios. A limita\u00e7\u00e3o no aumento pode resultar em um menor reajuste dos benef\u00edcios previdenci\u00e1rios, impactando o poder de compra dos aposentados e pensionistas.<\/p>\n\n\n\n<p>Al\u00e9m disso, a nova f\u00f3rmula pode gerar um debate sobre a sustentabilidade do sistema previdenci\u00e1rio a longo prazo, o que traz preocupa\u00e7\u00f5es sobre o futuro dos benef\u00edcios sociais no Brasil. A conten\u00e7\u00e3o de despesas pode afetar a capacidade do governo de expandir ou melhorar programas sociais. Em um cen\u00e1rio de infla\u00e7\u00e3o crescente, manter o poder de compra dos benefici\u00e1rios torna-se um desafio, exigindo solu\u00e7\u00f5es criativas para equilibrar o or\u00e7amento sem sacrificar o bem-estar social.<\/p>\n\n\n\n<h2 class=\"wp-block-heading\">O futuro do sal\u00e1rio m\u00ednimo no Brasil<\/h2>\n\n\n\n<p>O futuro do sal\u00e1rio m\u00ednimo no Brasil depender\u00e1 de uma s\u00e9rie de fatores econ\u00f4micos e pol\u00edticos. A nova f\u00f3rmula de c\u00e1lculo, com seu teto de 2,5%, reflete uma tentativa de controlar gastos p\u00fablicos, mas tamb\u00e9m coloca em quest\u00e3o a capacidade de garantir um padr\u00e3o de vida adequado para os trabalhadores. O governo precisar\u00e1 monitorar de perto os efeitos dessas mudan\u00e7as e estar preparado para ajustar as pol\u00edticas conforme necess\u00e1rio para proteger os mais vulner\u00e1veis.<\/p>\n\n\n\n<p>Em suma, o reajuste do sal\u00e1rio m\u00ednimo em 2025 e a nova f\u00f3rmula de c\u00e1lculo s\u00e3o temas centrais no debate econ\u00f4mico do pa\u00eds. Com a economia global em constante mudan\u00e7a, o Brasil enfrenta o desafio de equilibrar o crescimento econ\u00f4mico com a justi\u00e7a social, garantindo que todos os cidad\u00e3os possam prosperar.<\/p>\n","protected":false},"excerpt":{"rendered":"<p>Em 2025, o sal\u00e1rio m\u00ednimo no Brasil foi reajustado para R$ 1.518, representando um aumento de R$ 106 em rela\u00e7\u00e3o ao ano anterior. Este reajuste de 7,5% superou a infla\u00e7\u00e3o do per\u00edodo, mas ainda reflete cortes de gastos aprovados no final de 2024. A mudan\u00e7a na f\u00f3rmula de c\u00e1lculo do sal\u00e1rio m\u00ednimo trouxe novas diretrizes [&hellip;]<\/p>\n","protected":false},"author":5,"featured_media":14751,"comment_status":"open","ping_status":"open","sticky":false,"template":"","format":"standard","meta":{"jnews-multi-image_gallery":[],"jnews_single_post":{"format":"standard"},"jnews_primary_category":[],"jnews_social_meta":[],"jnews_override_counter":[],"footnotes":""},"categories":[28,1],"tags":[1176,1437,717],"class_list":["post-29484","post","type-post","status-publish","format-standard","has-post-thumbnail","hentry","category-economia","category-noticias","tag-economia-brasileira","tag-reajuste-salarial","tag-salario-minimo"],"yoast_head":"<!-- This site is optimized with the Yoast SEO plugin v23.8 - https:\/\/yoast.com\/wordpress\/plugins\/seo\/ -->\n<title>Confira o valor que come\u00e7ou a ser pago ap\u00f3s reajuste! - Estado de Minas - Em foco<\/title>\n<meta name=\"description\" content=\"Descubra como a nova f\u00f3rmula de c\u00e1lculo do sal\u00e1rio m\u00ednimo em 2025 impacta os aposentados, pensionistas e outros benef\u00edcios sociais no Brasil.\" \/>\n<meta name=\"robots\" content=\"index, follow, max-snippet:-1, max-image-preview:large, max-video-preview:-1\" \/>\n<link rel=\"canonical\" href=\"https:\/\/www.em.com.br\/emfoco\/2025\/03\/26\/confira-o-valor-que-comecou-a-ser-pago-apos-reajuste\/\" \/>\n<meta property=\"og:locale\" content=\"pt_BR\" \/>\n<meta property=\"og:type\" content=\"article\" \/>\n<meta property=\"og:title\" content=\"Confira o valor que come\u00e7ou a ser pago ap\u00f3s reajuste! - Estado de Minas - Em foco\" \/>\n<meta property=\"og:description\" content=\"Descubra como a nova f\u00f3rmula de c\u00e1lculo do sal\u00e1rio m\u00ednimo em 2025 impacta os aposentados, pensionistas e outros benef\u00edcios sociais no Brasil.\" \/>\n<meta property=\"og:url\" content=\"https:\/\/www.em.com.br\/emfoco\/2025\/03\/26\/confira-o-valor-que-comecou-a-ser-pago-apos-reajuste\/\" \/>\n<meta property=\"og:site_name\" content=\"Estado de Minas - Em foco\" \/>\n<meta property=\"article:published_time\" content=\"2025-03-26T11:40:00+00:00\" \/>\n<meta property=\"article:modified_time\" content=\"2025-03-17T18:50:01+00:00\" \/>\n<meta property=\"og:image\" content=\"https:\/\/www.em.com.br\/emfoco\/wp-content\/uploads\/2025\/01\/dinheiro-brasil_1738187229576.jpg\" \/>\n\t<meta property=\"og:image:width\" content=\"1280\" \/>\n\t<meta property=\"og:image:height\" content=\"720\" \/>\n\t<meta property=\"og:image:type\" content=\"image\/jpeg\" \/>\n<meta name=\"author\" content=\"N\u00fabia Rangel\" \/>\n<meta name=\"twitter:card\" content=\"summary_large_image\" \/>\n<meta name=\"twitter:label1\" content=\"Escrito por\" \/>\n\t<meta name=\"twitter:data1\" content=\"N\u00fabia Rangel\" \/>\n\t<meta name=\"twitter:label2\" content=\"Est. tempo de leitura\" \/>\n\t<meta name=\"twitter:data2\" content=\"4 minutos\" \/>\n<!-- \/ Yoast SEO plugin. -->","yoast_head_json":{"title":"Confira o valor que come\u00e7ou a ser pago ap\u00f3s reajuste! - Estado de Minas - Em foco","description":"Descubra como a nova f\u00f3rmula de c\u00e1lculo do sal\u00e1rio m\u00ednimo em 2025 impacta os aposentados, pensionistas e outros benef\u00edcios sociais no Brasil.","robots":{"index":"index","follow":"follow","max-snippet":"max-snippet:-1","max-image-preview":"max-image-preview:large","max-video-preview":"max-video-preview:-1"},"canonical":"https:\/\/www.em.com.br\/emfoco\/2025\/03\/26\/confira-o-valor-que-comecou-a-ser-pago-apos-reajuste\/","og_locale":"pt_BR","og_type":"article","og_title":"Confira o valor que come\u00e7ou a ser pago ap\u00f3s reajuste! - Estado de Minas - Em foco","og_description":"Descubra como a nova f\u00f3rmula de c\u00e1lculo do sal\u00e1rio m\u00ednimo em 2025 impacta os aposentados, pensionistas e outros benef\u00edcios sociais no Brasil.","og_url":"https:\/\/www.em.com.br\/emfoco\/2025\/03\/26\/confira-o-valor-que-comecou-a-ser-pago-apos-reajuste\/","og_site_name":"Estado de Minas - Em foco","article_published_time":"2025-03-26T11:40:00+00:00","article_modified_time":"2025-03-17T18:50:01+00:00","og_image":[{"width":1280,"height":720,"url":"https:\/\/www.em.com.br\/emfoco\/wp-content\/uploads\/2025\/01\/dinheiro-brasil_1738187229576.jpg","type":"image\/jpeg"}],"author":"N\u00fabia Rangel","twitter_card":"summary_large_image","twitter_misc":{"Escrito por":"N\u00fabia Rangel","Est. tempo de leitura":"4 minutos"},"schema":{"@context":"https:\/\/schema.org","@graph":[{"@type":"WebPage","@id":"https:\/\/www.em.com.br\/emfoco\/2025\/03\/26\/confira-o-valor-que-comecou-a-ser-pago-apos-reajuste\/","url":"https:\/\/www.em.com.br\/emfoco\/2025\/03\/26\/confira-o-valor-que-comecou-a-ser-pago-apos-reajuste\/","name":"Confira o valor que come\u00e7ou a ser pago ap\u00f3s reajuste! - Estado de Minas - Em foco","isPartOf":{"@id":"https:\/\/www.em.com.br\/emfoco\/#website"},"primaryImageOfPage":{"@id":"https:\/\/www.em.com.br\/emfoco\/2025\/03\/26\/confira-o-valor-que-comecou-a-ser-pago-apos-reajuste\/#primaryimage"},"image":{"@id":"https:\/\/www.em.com.br\/emfoco\/2025\/03\/26\/confira-o-valor-que-comecou-a-ser-pago-apos-reajuste\/#primaryimage"},"thumbnailUrl":"https:\/\/www.em.com.br\/emfoco\/wp-content\/uploads\/2025\/01\/dinheiro-brasil_1738187229576.jpg","datePublished":"2025-03-26T11:40:00+00:00","dateModified":"2025-03-17T18:50:01+00:00","author":{"@id":"https:\/\/www.em.com.br\/emfoco\/#\/schema\/person\/524437ef54f8a5d32591b143307f2e20"},"description":"Descubra como a nova f\u00f3rmula de c\u00e1lculo do sal\u00e1rio m\u00ednimo em 2025 impacta os aposentados, pensionistas e outros benef\u00edcios sociais no Brasil.","breadcrumb":{"@id":"https:\/\/www.em.com.br\/emfoco\/2025\/03\/26\/confira-o-valor-que-comecou-a-ser-pago-apos-reajuste\/#breadcrumb"},"inLanguage":"pt-BR","potentialAction":[{"@type":"ReadAction","target":["https:\/\/www.em.com.br\/emfoco\/2025\/03\/26\/confira-o-valor-que-comecou-a-ser-pago-apos-reajuste\/"]}]},{"@type":"ImageObject","inLanguage":"pt-BR","@id":"https:\/\/www.em.com.br\/emfoco\/2025\/03\/26\/confira-o-valor-que-comecou-a-ser-pago-apos-reajuste\/#primaryimage","url":"https:\/\/www.em.com.br\/emfoco\/wp-content\/uploads\/2025\/01\/dinheiro-brasil_1738187229576.jpg","contentUrl":"https:\/\/www.em.com.br\/emfoco\/wp-content\/uploads\/2025\/01\/dinheiro-brasil_1738187229576.jpg","width":1280,"height":720,"caption":"Imagem Ilustrativa de Dinheiro - Cr\u00e9ditos: depositphotos.com \/ verganifotografia"},{"@type":"BreadcrumbList","@id":"https:\/\/www.em.com.br\/emfoco\/2025\/03\/26\/confira-o-valor-que-comecou-a-ser-pago-apos-reajuste\/#breadcrumb","itemListElement":[{"@type":"ListItem","position":1,"name":"In\u00edcio","item":"https:\/\/www.em.com.br\/emfoco\/"},{"@type":"ListItem","position":2,"name":"Confira o valor que come\u00e7ou a ser pago ap\u00f3s reajuste!"}]},{"@type":"WebSite","@id":"https:\/\/www.em.com.br\/emfoco\/#website","url":"https:\/\/www.em.com.br\/emfoco\/","name":"Estado de Minas - Em foco","description":"Acompanhe as \u00faltimas not\u00edcias e fique bem informado sobre tudo o que acontece em Minas Gerais, Brasil e no mundo.","potentialAction":[{"@type":"SearchAction","target":{"@type":"EntryPoint","urlTemplate":"https:\/\/www.em.com.br\/emfoco\/?s={search_term_string}"},"query-input":{"@type":"PropertyValueSpecification","valueRequired":true,"valueName":"search_term_string"}}],"inLanguage":"pt-BR"},{"@type":"Person","@id":"https:\/\/www.em.com.br\/emfoco\/#\/schema\/person\/524437ef54f8a5d32591b143307f2e20","name":"N\u00fabia Rangel","image":{"@type":"ImageObject","inLanguage":"pt-BR","@id":"https:\/\/www.em.com.br\/emfoco\/#\/schema\/person\/image\/","url":"https:\/\/secure.gravatar.com\/avatar\/47cff2827a5ba23c37e8068c86817ea4?s=96&d=mm&r=g","contentUrl":"https:\/\/secure.gravatar.com\/avatar\/47cff2827a5ba23c37e8068c86817ea4?s=96&d=mm&r=g","caption":"N\u00fabia Rangel"},"sameAs":["https:\/\/www.em.com.br\/emfoco\/"],"url":"https:\/\/www.em.com.br\/emfoco\/author\/nubiamyth\/"}]}},"_links":{"self":[{"href":"https:\/\/www.em.com.br\/emfoco\/wp-json\/wp\/v2\/posts\/29484","targetHints":{"allow":["GET"]}}],"collection":[{"href":"https:\/\/www.em.com.br\/emfoco\/wp-json\/wp\/v2\/posts"}],"about":[{"href":"https:\/\/www.em.com.br\/emfoco\/wp-json\/wp\/v2\/types\/post"}],"author":[{"embeddable":true,"href":"https:\/\/www.em.com.br\/emfoco\/wp-json\/wp\/v2\/users\/5"}],"replies":[{"embeddable":true,"href":"https:\/\/www.em.com.br\/emfoco\/wp-json\/wp\/v2\/comments?post=29484"}],"version-history":[{"count":3,"href":"https:\/\/www.em.com.br\/emfoco\/wp-json\/wp\/v2\/posts\/29484\/revisions"}],"predecessor-version":[{"id":29489,"href":"https:\/\/www.em.com.br\/emfoco\/wp-json\/wp\/v2\/posts\/29484\/revisions\/29489"}],"wp:featuredmedia":[{"embeddable":true,"href":"https:\/\/www.em.com.br\/emfoco\/wp-json\/wp\/v2\/media\/14751"}],"wp:attachment":[{"href":"https:\/\/www.em.com.br\/emfoco\/wp-json\/wp\/v2\/media?parent=29484"}],"wp:term":[{"taxonomy":"category","embeddable":true,"href":"https:\/\/www.em.com.br\/emfoco\/wp-json\/wp\/v2\/categories?post=29484"},{"taxonomy":"post_tag","embeddable":true,"href":"https:\/\/www.em.com.br\/emfoco\/wp-json\/wp\/v2\/tags?post=29484"}],"curies":[{"name":"wp","href":"https:\/\/api.w.org\/{rel}","templated":true}]}}