{"id":29371,"date":"2025-03-25T11:40:00","date_gmt":"2025-03-25T14:40:00","guid":{"rendered":"https:\/\/www.em.com.br\/emfoco\/?p=29371"},"modified":"2025-03-17T14:06:23","modified_gmt":"2025-03-17T17:06:23","slug":"mamao-combate-inflamacoes-e-ajuda-na-saude-da-pele-conheca-os-beneficios","status":"publish","type":"post","link":"https:\/\/www.em.com.br\/emfoco\/2025\/03\/25\/mamao-combate-inflamacoes-e-ajuda-na-saude-da-pele-conheca-os-beneficios\/","title":{"rendered":"Mam\u00e3o combate inflama\u00e7\u00f5es e ajuda na sa\u00fade da pele! Conhe\u00e7a os benef\u00edcios"},"content":{"rendered":"\n<p>O <strong>mam\u00e3o<\/strong> \u00e9 uma fruta tropical amplamente apreciada por seu sabor doce e textura suave. Origin\u00e1rio da <strong>Am\u00e9rica Central<\/strong>, ele se espalhou pelo mundo devido aos seus in\u00fameros <strong><a href=\"https:\/\/www.em.com.br\/emfoco\/2025\/03\/15\/beber-agua-quente-com-limao-traz-beneficios-ou-e-so-um-mito\/\" target=\"_blank\" rel=\"noreferrer noopener\">benef\u00edcios<\/a><\/strong> para a sa\u00fade. Rico em nutrientes essenciais, o mam\u00e3o \u00e9 uma adi\u00e7\u00e3o valiosa a qualquer dieta equilibrada.<\/p>\n\n\n\n<p>Al\u00e9m de ser uma excelente fonte de vitaminas e minerais, o mam\u00e3o cont\u00e9m compostos bioativos que promovem a sa\u00fade de v\u00e1rias maneiras. O consumo regular dessa fruta pode contribuir para a melhoria da digest\u00e3o, fortalecimento do sistema imunol\u00f3gico e at\u00e9 mesmo para a sa\u00fade da pele.<\/p>\n\n\n\n<h2 class=\"wp-block-heading\">Quais s\u00e3o os principais nutrientes do mam\u00e3o?<\/h2>\n\n\n\n<p>O mam\u00e3o \u00e9 particularmente rico em <strong><a href=\"https:\/\/www.essentialnutrition.com.br\/produtos\/vitaminas#:~:text=As%20vitaminas%20s%C3%A3o%20micronutrientes%20essenciais,quando%20s%C3%A3o%20sol%C3%BAveis%20em%20%C3%A1gua.\" target=\"_blank\" rel=\"noreferrer noopener\">vitamina<\/a> C<\/strong>, um antioxidante poderoso que ajuda a proteger o corpo contra danos causados por radicais livres. Al\u00e9m disso, ele cont\u00e9m vitamina A, essencial para a sa\u00fade ocular, e <strong>vitamina E<\/strong>, que contribui para a prote\u00e7\u00e3o das c\u00e9lulas. O mam\u00e3o tamb\u00e9m \u00e9 uma boa fonte de folato, pot\u00e1ssio e fibras diet\u00e9ticas.<\/p>\n\n\n\n<p>As fibras presentes no mam\u00e3o s\u00e3o fundamentais para a sa\u00fade digestiva, auxiliando na preven\u00e7\u00e3o de constipa\u00e7\u00e3o e promovendo um tr\u00e2nsito intestinal regular. O pot\u00e1ssio, por sua vez, \u00e9 importante para a manuten\u00e7\u00e3o da press\u00e3o arterial e para o funcionamento adequado dos m\u00fasculos e nervos.<\/p>\n\n\n\n<figure class=\"wp-block-image size-large\"><img loading=\"lazy\" decoding=\"async\" width=\"1024\" height=\"576\" src=\"https:\/\/www.em.com.br\/emfoco\/wp-content\/uploads\/2025\/03\/mamao_1741032335240-1024x576.jpg\" alt=\"Como plantar mam\u00e3o em casa e aproveitar seus benef\u00edcios para a sa\u00fade\" class=\"wp-image-24793\" srcset=\"https:\/\/www.em.com.br\/emfoco\/wp-content\/uploads\/2025\/03\/mamao_1741032335240-1024x576.jpg 1024w, https:\/\/www.em.com.br\/emfoco\/wp-content\/uploads\/2025\/03\/mamao_1741032335240-300x169.jpg 300w, https:\/\/www.em.com.br\/emfoco\/wp-content\/uploads\/2025\/03\/mamao_1741032335240-768x432.jpg 768w, https:\/\/www.em.com.br\/emfoco\/wp-content\/uploads\/2025\/03\/mamao_1741032335240-750x422.jpg 750w, https:\/\/www.em.com.br\/emfoco\/wp-content\/uploads\/2025\/03\/mamao_1741032335240-1140x641.jpg 1140w, https:\/\/www.em.com.br\/emfoco\/wp-content\/uploads\/2025\/03\/mamao_1741032335240.jpg 1280w\" sizes=\"auto, (max-width: 1024px) 100vw, 1024px\" \/><figcaption class=\"wp-element-caption\">Mam\u00e3o &#8211; Cr\u00e9ditos: depositphotos.com \/ VadimVasenin<\/figcaption><\/figure>\n\n\n\n<h2 class=\"wp-block-heading\">Como o mam\u00e3o pode beneficiar a sa\u00fade?<\/h2>\n\n\n\n<p>O consumo de mam\u00e3o est\u00e1 associado a uma s\u00e9rie de benef\u00edcios para a sa\u00fade. Entre eles, destaca-se a melhoria da digest\u00e3o, gra\u00e7as \u00e0 presen\u00e7a da enzima papa\u00edna, que ajuda na quebra de prote\u00ednas. Isso torna o mam\u00e3o uma excelente escolha para quem busca melhorar a digest\u00e3o e aliviar desconfortos estomacais.<\/p>\n\n\n\n<p>Al\u00e9m disso, o mam\u00e3o pode fortalecer o sistema imunol\u00f3gico devido ao seu alto teor de <strong>vitamina C<\/strong>. Essa vitamina \u00e9 crucial para a produ\u00e7\u00e3o de col\u00e1geno, que mant\u00e9m a pele saud\u00e1vel e promove a cicatriza\u00e7\u00e3o de feridas. O mam\u00e3o tamb\u00e9m possui propriedades anti-inflamat\u00f3rias, que podem ajudar a reduzir o risco de doen\u00e7as cr\u00f4nicas.<\/p>\n\n\n\n<h2 class=\"wp-block-heading\">Receita saud\u00e1vel de salada de mam\u00e3o com iogurte<\/h2>\n\n\n\n<p>Uma maneira deliciosa e saud\u00e1vel de incorporar o mam\u00e3o \u00e0 dieta \u00e9 atrav\u00e9s de uma salada refrescante. Aqui est\u00e1 uma receita simples que combina o mam\u00e3o com iogurte, criando um prato nutritivo e saboroso.<\/p>\n\n\n\n<ol class=\"wp-block-list\">\n<li><strong>Ingredientes:<\/strong>\n<ul class=\"wp-block-list\">\n<li>1 mam\u00e3o m\u00e9dio, descascado e cortado em cubos<\/li>\n\n\n\n<li>1 x\u00edcara de iogurte natural<\/li>\n\n\n\n<li>1 colher de sopa de mel<\/li>\n\n\n\n<li>1 colher de ch\u00e1 de sementes de chia<\/li>\n\n\n\n<li>Folhas de hortel\u00e3 para decorar<\/li>\n<\/ul>\n<\/li>\n\n\n\n<li><strong>Modo de Preparo:<\/strong>\n<ul class=\"wp-block-list\">\n<li>Em uma tigela, misture o iogurte com o mel at\u00e9 obter uma consist\u00eancia homog\u00eanea.<\/li>\n\n\n\n<li>Adicione os cubos de mam\u00e3o e misture delicadamente para cobrir a fruta com o iogurte.<\/li>\n\n\n\n<li>Polvilhe as sementes de chia por cima e decore com folhas de hortel\u00e3.<\/li>\n\n\n\n<li>Sirva imediatamente ou leve \u00e0 geladeira por alguns minutos para uma salada mais refrescante.<\/li>\n<\/ul>\n<\/li>\n<\/ol>\n\n\n\n<p>O mam\u00e3o \u00e9 uma fruta vers\u00e1til e nutritiva que pode trazer in\u00fameros benef\u00edcios \u00e0 sa\u00fade. Incorpor\u00e1-lo \u00e0 dieta di\u00e1ria pode ajudar a melhorar a digest\u00e3o, fortalecer o sistema imunol\u00f3gico e promover a sa\u00fade da pele. Experimente incluir o mam\u00e3o em suas refei\u00e7\u00f5es de forma criativa, como na salada de mam\u00e3o com iogurte, para aproveitar ao m\u00e1ximo seus nutrientes.<\/p>\n","protected":false},"excerpt":{"rendered":"<p>O mam\u00e3o \u00e9 uma fruta tropical amplamente apreciada por seu sabor doce e textura suave. Origin\u00e1rio da Am\u00e9rica Central, ele se espalhou pelo mundo devido aos seus in\u00fameros benef\u00edcios para a sa\u00fade. Rico em nutrientes essenciais, o mam\u00e3o \u00e9 uma adi\u00e7\u00e3o valiosa a qualquer dieta equilibrada. Al\u00e9m de ser uma excelente fonte de vitaminas e [&hellip;]<\/p>\n","protected":false},"author":5,"featured_media":24792,"comment_status":"open","ping_status":"open","sticky":false,"template":"","format":"standard","meta":{"jnews-multi-image_gallery":[],"jnews_single_post":{"format":"standard"},"jnews_primary_category":[],"jnews_social_meta":[],"jnews_override_counter":[],"footnotes":""},"categories":[29,1],"tags":[4205,5845,415,1990],"class_list":["post-29371","post","type-post","status-publish","format-standard","has-post-thumbnail","hentry","category-entretenimento","category-noticias","tag-digestao","tag-mamao","tag-saude","tag-vitamina-c"],"yoast_head":"<!-- This site is optimized with the Yoast SEO plugin v23.8 - https:\/\/yoast.com\/wordpress\/plugins\/seo\/ -->\n<title>Mam\u00e3o combate inflama\u00e7\u00f5es e ajuda na sa\u00fade da pele! Conhe\u00e7a os benef\u00edcios - Estado de Minas - Em foco<\/title>\n<meta name=\"description\" content=\"O mam\u00e3o \u00e9 uma excelente op\u00e7\u00e3o para quem busca emagrecer com sa\u00fade. Conhe\u00e7a seus benef\u00edcios e como inclu\u00ed-lo na dieta.\" \/>\n<meta name=\"robots\" content=\"index, follow, max-snippet:-1, max-image-preview:large, max-video-preview:-1\" \/>\n<link rel=\"canonical\" href=\"https:\/\/www.em.com.br\/emfoco\/2025\/03\/25\/mamao-combate-inflamacoes-e-ajuda-na-saude-da-pele-conheca-os-beneficios\/\" \/>\n<meta property=\"og:locale\" content=\"pt_BR\" \/>\n<meta property=\"og:type\" content=\"article\" \/>\n<meta property=\"og:title\" content=\"Mam\u00e3o combate inflama\u00e7\u00f5es e ajuda na sa\u00fade da pele! Conhe\u00e7a os benef\u00edcios - Estado de Minas - Em foco\" \/>\n<meta property=\"og:description\" content=\"O mam\u00e3o \u00e9 uma excelente op\u00e7\u00e3o para quem busca emagrecer com sa\u00fade. Conhe\u00e7a seus benef\u00edcios e como inclu\u00ed-lo na dieta.\" \/>\n<meta property=\"og:url\" content=\"https:\/\/www.em.com.br\/emfoco\/2025\/03\/25\/mamao-combate-inflamacoes-e-ajuda-na-saude-da-pele-conheca-os-beneficios\/\" \/>\n<meta property=\"og:site_name\" content=\"Estado de Minas - Em foco\" \/>\n<meta property=\"article:published_time\" content=\"2025-03-25T14:40:00+00:00\" \/>\n<meta property=\"article:modified_time\" content=\"2025-03-17T17:06:23+00:00\" \/>\n<meta property=\"og:image\" content=\"https:\/\/www.em.com.br\/emfoco\/wp-content\/uploads\/2025\/03\/mamao_1741032124979.jpg\" \/>\n\t<meta property=\"og:image:width\" content=\"1280\" \/>\n\t<meta property=\"og:image:height\" content=\"720\" \/>\n\t<meta property=\"og:image:type\" content=\"image\/jpeg\" \/>\n<meta name=\"author\" content=\"N\u00fabia Rangel\" \/>\n<meta name=\"twitter:card\" content=\"summary_large_image\" \/>\n<meta name=\"twitter:label1\" content=\"Escrito por\" \/>\n\t<meta name=\"twitter:data1\" content=\"N\u00fabia Rangel\" \/>\n\t<meta name=\"twitter:label2\" content=\"Est. tempo de leitura\" \/>\n\t<meta name=\"twitter:data2\" content=\"4 minutos\" \/>\n<!-- \/ Yoast SEO plugin. -->","yoast_head_json":{"title":"Mam\u00e3o combate inflama\u00e7\u00f5es e ajuda na sa\u00fade da pele! Conhe\u00e7a os benef\u00edcios - Estado de Minas - Em foco","description":"O mam\u00e3o \u00e9 uma excelente op\u00e7\u00e3o para quem busca emagrecer com sa\u00fade. Conhe\u00e7a seus benef\u00edcios e como inclu\u00ed-lo na dieta.","robots":{"index":"index","follow":"follow","max-snippet":"max-snippet:-1","max-image-preview":"max-image-preview:large","max-video-preview":"max-video-preview:-1"},"canonical":"https:\/\/www.em.com.br\/emfoco\/2025\/03\/25\/mamao-combate-inflamacoes-e-ajuda-na-saude-da-pele-conheca-os-beneficios\/","og_locale":"pt_BR","og_type":"article","og_title":"Mam\u00e3o combate inflama\u00e7\u00f5es e ajuda na sa\u00fade da pele! Conhe\u00e7a os benef\u00edcios - Estado de Minas - Em foco","og_description":"O mam\u00e3o \u00e9 uma excelente op\u00e7\u00e3o para quem busca emagrecer com sa\u00fade. Conhe\u00e7a seus benef\u00edcios e como inclu\u00ed-lo na dieta.","og_url":"https:\/\/www.em.com.br\/emfoco\/2025\/03\/25\/mamao-combate-inflamacoes-e-ajuda-na-saude-da-pele-conheca-os-beneficios\/","og_site_name":"Estado de Minas - Em foco","article_published_time":"2025-03-25T14:40:00+00:00","article_modified_time":"2025-03-17T17:06:23+00:00","og_image":[{"width":1280,"height":720,"url":"https:\/\/www.em.com.br\/emfoco\/wp-content\/uploads\/2025\/03\/mamao_1741032124979.jpg","type":"image\/jpeg"}],"author":"N\u00fabia Rangel","twitter_card":"summary_large_image","twitter_misc":{"Escrito por":"N\u00fabia Rangel","Est. tempo de leitura":"4 minutos"},"schema":{"@context":"https:\/\/schema.org","@graph":[{"@type":"WebPage","@id":"https:\/\/www.em.com.br\/emfoco\/2025\/03\/25\/mamao-combate-inflamacoes-e-ajuda-na-saude-da-pele-conheca-os-beneficios\/","url":"https:\/\/www.em.com.br\/emfoco\/2025\/03\/25\/mamao-combate-inflamacoes-e-ajuda-na-saude-da-pele-conheca-os-beneficios\/","name":"Mam\u00e3o combate inflama\u00e7\u00f5es e ajuda na sa\u00fade da pele! Conhe\u00e7a os benef\u00edcios - Estado de Minas - Em foco","isPartOf":{"@id":"https:\/\/www.em.com.br\/emfoco\/#website"},"primaryImageOfPage":{"@id":"https:\/\/www.em.com.br\/emfoco\/2025\/03\/25\/mamao-combate-inflamacoes-e-ajuda-na-saude-da-pele-conheca-os-beneficios\/#primaryimage"},"image":{"@id":"https:\/\/www.em.com.br\/emfoco\/2025\/03\/25\/mamao-combate-inflamacoes-e-ajuda-na-saude-da-pele-conheca-os-beneficios\/#primaryimage"},"thumbnailUrl":"https:\/\/www.em.com.br\/emfoco\/wp-content\/uploads\/2025\/03\/mamao_1741032124979.jpg","datePublished":"2025-03-25T14:40:00+00:00","dateModified":"2025-03-17T17:06:23+00:00","author":{"@id":"https:\/\/www.em.com.br\/emfoco\/#\/schema\/person\/524437ef54f8a5d32591b143307f2e20"},"description":"O mam\u00e3o \u00e9 uma excelente op\u00e7\u00e3o para quem busca emagrecer com sa\u00fade. Conhe\u00e7a seus benef\u00edcios e como inclu\u00ed-lo na dieta.","breadcrumb":{"@id":"https:\/\/www.em.com.br\/emfoco\/2025\/03\/25\/mamao-combate-inflamacoes-e-ajuda-na-saude-da-pele-conheca-os-beneficios\/#breadcrumb"},"inLanguage":"pt-BR","potentialAction":[{"@type":"ReadAction","target":["https:\/\/www.em.com.br\/emfoco\/2025\/03\/25\/mamao-combate-inflamacoes-e-ajuda-na-saude-da-pele-conheca-os-beneficios\/"]}]},{"@type":"ImageObject","inLanguage":"pt-BR","@id":"https:\/\/www.em.com.br\/emfoco\/2025\/03\/25\/mamao-combate-inflamacoes-e-ajuda-na-saude-da-pele-conheca-os-beneficios\/#primaryimage","url":"https:\/\/www.em.com.br\/emfoco\/wp-content\/uploads\/2025\/03\/mamao_1741032124979.jpg","contentUrl":"https:\/\/www.em.com.br\/emfoco\/wp-content\/uploads\/2025\/03\/mamao_1741032124979.jpg","width":1280,"height":720,"caption":"Mam\u00e3o - Cr\u00e9ditos: depositphotos.com \/ HayDmitriy"},{"@type":"BreadcrumbList","@id":"https:\/\/www.em.com.br\/emfoco\/2025\/03\/25\/mamao-combate-inflamacoes-e-ajuda-na-saude-da-pele-conheca-os-beneficios\/#breadcrumb","itemListElement":[{"@type":"ListItem","position":1,"name":"In\u00edcio","item":"https:\/\/www.em.com.br\/emfoco\/"},{"@type":"ListItem","position":2,"name":"Mam\u00e3o combate inflama\u00e7\u00f5es e ajuda na sa\u00fade da pele! Conhe\u00e7a os benef\u00edcios"}]},{"@type":"WebSite","@id":"https:\/\/www.em.com.br\/emfoco\/#website","url":"https:\/\/www.em.com.br\/emfoco\/","name":"Estado de Minas - Em foco","description":"Acompanhe as \u00faltimas not\u00edcias e fique bem informado sobre tudo o que acontece em Minas Gerais, Brasil e no mundo.","potentialAction":[{"@type":"SearchAction","target":{"@type":"EntryPoint","urlTemplate":"https:\/\/www.em.com.br\/emfoco\/?s={search_term_string}"},"query-input":{"@type":"PropertyValueSpecification","valueRequired":true,"valueName":"search_term_string"}}],"inLanguage":"pt-BR"},{"@type":"Person","@id":"https:\/\/www.em.com.br\/emfoco\/#\/schema\/person\/524437ef54f8a5d32591b143307f2e20","name":"N\u00fabia Rangel","image":{"@type":"ImageObject","inLanguage":"pt-BR","@id":"https:\/\/www.em.com.br\/emfoco\/#\/schema\/person\/image\/","url":"https:\/\/secure.gravatar.com\/avatar\/47cff2827a5ba23c37e8068c86817ea4?s=96&d=mm&r=g","contentUrl":"https:\/\/secure.gravatar.com\/avatar\/47cff2827a5ba23c37e8068c86817ea4?s=96&d=mm&r=g","caption":"N\u00fabia Rangel"},"sameAs":["https:\/\/www.em.com.br\/emfoco\/"],"url":"https:\/\/www.em.com.br\/emfoco\/author\/nubiamyth\/"}]}},"_links":{"self":[{"href":"https:\/\/www.em.com.br\/emfoco\/wp-json\/wp\/v2\/posts\/29371","targetHints":{"allow":["GET"]}}],"collection":[{"href":"https:\/\/www.em.com.br\/emfoco\/wp-json\/wp\/v2\/posts"}],"about":[{"href":"https:\/\/www.em.com.br\/emfoco\/wp-json\/wp\/v2\/types\/post"}],"author":[{"embeddable":true,"href":"https:\/\/www.em.com.br\/emfoco\/wp-json\/wp\/v2\/users\/5"}],"replies":[{"embeddable":true,"href":"https:\/\/www.em.com.br\/emfoco\/wp-json\/wp\/v2\/comments?post=29371"}],"version-history":[{"count":3,"href":"https:\/\/www.em.com.br\/emfoco\/wp-json\/wp\/v2\/posts\/29371\/revisions"}],"predecessor-version":[{"id":29418,"href":"https:\/\/www.em.com.br\/emfoco\/wp-json\/wp\/v2\/posts\/29371\/revisions\/29418"}],"wp:featuredmedia":[{"embeddable":true,"href":"https:\/\/www.em.com.br\/emfoco\/wp-json\/wp\/v2\/media\/24792"}],"wp:attachment":[{"href":"https:\/\/www.em.com.br\/emfoco\/wp-json\/wp\/v2\/media?parent=29371"}],"wp:term":[{"taxonomy":"category","embeddable":true,"href":"https:\/\/www.em.com.br\/emfoco\/wp-json\/wp\/v2\/categories?post=29371"},{"taxonomy":"post_tag","embeddable":true,"href":"https:\/\/www.em.com.br\/emfoco\/wp-json\/wp\/v2\/tags?post=29371"}],"curies":[{"name":"wp","href":"https:\/\/api.w.org\/{rel}","templated":true}]}}