{"id":29366,"date":"2025-03-18T21:00:15","date_gmt":"2025-03-19T00:00:15","guid":{"rendered":"https:\/\/www.em.com.br\/emfoco\/?p=29366"},"modified":"2025-03-17T13:57:00","modified_gmt":"2025-03-17T16:57:00","slug":"como-adaptar-as-tendencias-de-outono-de-2025-ao-seu-estilo-pessoal","status":"publish","type":"post","link":"https:\/\/www.em.com.br\/emfoco\/2025\/03\/18\/como-adaptar-as-tendencias-de-outono-de-2025-ao-seu-estilo-pessoal\/","title":{"rendered":"Como adaptar as tend\u00eancias de outono de 2025 ao seu estilo pessoal"},"content":{"rendered":"\n<p>Com a chegada do <strong>outono<\/strong>, o mundo da moda se prepara para abra\u00e7ar novas tend\u00eancias que refletem o <strong>clima mais fresco e as mudan\u00e7as de esta\u00e7\u00e3o<\/strong>. Em 2025, a moda outonal se destaca por sua combina\u00e7\u00e3o de conforto e estilo, trazendo inova\u00e7\u00f5es que prometem renovar o guarda-roupa com eleg\u00e2ncia e praticidade.<\/p>\n\n\n\n<p>Entre as principais tend\u00eancias deste ano, <strong>destacam-se as cores inspiradas na natureza<\/strong>, o ressurgimento do<a href=\"https:\/\/www.em.com.br\/emfoco\/2025\/02\/21\/o-charme-atemporal-do-boho-chic-e-como-incorpora-lo-no-dia-a-dia\/\" target=\"_blank\" rel=\"noopener\"> estilo bo\u00eamio<\/a>, a moderniza\u00e7\u00e3o da alfaiataria e o retorno das estampas cl\u00e1ssicas. Cada uma dessas tend\u00eancias oferece uma nova perspectiva para quem deseja atualizar seu visual de forma contempor\u00e2nea.<\/p>\n\n\n\n<h2 class=\"wp-block-heading\">Quais s\u00e3o as cores que definem o outono de 2025?<\/h2>\n\n\n\n<p>As cores que dominam o<strong> outono de 2025<\/strong> s\u00e3o inspiradas nos tons naturais da terra. Cores como <strong>terracota<\/strong>, <strong>marrom<\/strong> e <strong>verde musgo<\/strong> s\u00e3o populares, evocando uma sensa\u00e7\u00e3o de <a href=\"https:\/\/vidasimples.co\/relacionamentos\/conexao-com-a-natureza\/\" target=\"_blank\" rel=\"noreferrer noopener\">conex\u00e3o com a natureza<\/a>. Essas tonalidades s\u00e3o vers\u00e1teis e podem ser facilmente combinadas com outras cores neutras, criando looks sofisticados e harmoniosos.<\/p>\n\n\n\n<h2 class=\"wp-block-heading\">Como o estilo bo\u00eamio est\u00e1 sendo reinventado?<\/h2>\n\n\n\n<p>O estilo bo\u00eamio, conhecido por sua fluidez e detalhes artesanais, est\u00e1 sendo reinventado com um toque moderno. Pe\u00e7as com estampas \u00e9tnicas, franjas e bordados continuam em alta, mas agora s\u00e3o combinadas com cortes mais estruturados e tecidos de alta qualidade. Essa mistura resulta em um visual que \u00e9 ao mesmo tempo descontra\u00eddo e elegante.<\/p>\n\n\n\n<h2 class=\"wp-block-heading\">Qual \u00e9 o papel da alfaiataria no guarda-roupa de outono?<\/h2>\n\n\n\n<p>A alfaiataria, tradicionalmente associada \u00e0 formalidade, ganha um novo f\u00f4lego neste outono. Com cortes precisos e tecidos mais pesados, como l\u00e3 e tweed, as pe\u00e7as de alfaiataria oferecem sofistica\u00e7\u00e3o e conforto. <strong>Blazers<\/strong>, <strong>cal\u00e7as<\/strong> e <strong>saias<\/strong> <strong>l\u00e1pis<\/strong> s\u00e3o essenciais para compor looks que transitam facilmente entre o ambiente de trabalho e ocasi\u00f5es sociais.<\/p>\n\n\n<div class=\"wp-block-image\">\n<figure class=\"aligncenter size-large\"><img loading=\"lazy\" decoding=\"async\" width=\"1024\" height=\"576\" src=\"https:\/\/www.em.com.br\/emfoco\/wp-content\/uploads\/2025\/03\/terracota-moda_1742230460619-1024x576.jpg\" alt=\"Como adaptar as tend\u00eancias de outono de 2025 ao seu estilo pessoal\" class=\"wp-image-29408\" srcset=\"https:\/\/www.em.com.br\/emfoco\/wp-content\/uploads\/2025\/03\/terracota-moda_1742230460619-1024x576.jpg 1024w, https:\/\/www.em.com.br\/emfoco\/wp-content\/uploads\/2025\/03\/terracota-moda_1742230460619-300x169.jpg 300w, https:\/\/www.em.com.br\/emfoco\/wp-content\/uploads\/2025\/03\/terracota-moda_1742230460619-768x432.jpg 768w, https:\/\/www.em.com.br\/emfoco\/wp-content\/uploads\/2025\/03\/terracota-moda_1742230460619-750x422.jpg 750w, https:\/\/www.em.com.br\/emfoco\/wp-content\/uploads\/2025\/03\/terracota-moda_1742230460619-1140x641.jpg 1140w, https:\/\/www.em.com.br\/emfoco\/wp-content\/uploads\/2025\/03\/terracota-moda_1742230460619.jpg 1280w\" sizes=\"auto, (max-width: 1024px) 100vw, 1024px\" \/><figcaption class=\"wp-element-caption\">Moda &#8211; Cr\u00e9ditos: depositphotos.com \/ Ischukigor<\/figcaption><\/figure><\/div>\n\n\n<h2 class=\"wp-block-heading\">Por que as estampas cl\u00e1ssicas est\u00e3o de volta?<\/h2>\n\n\n\n<p>As estampas cl\u00e1ssicas, como o <strong>xadrez<\/strong>, est\u00e3o retornando com for\u00e7a total neste outono. Elas trazem um ar de tradi\u00e7\u00e3o e eleg\u00e2ncia, sendo vistas em uma variedade de pe\u00e7as, desde casacos at\u00e9 acess\u00f3rios. O xadrez, em particular, \u00e9 valorizado por sua capacidade de se adaptar a diferentes estilos, oferecendo um toque de classe a qualquer combina\u00e7\u00e3o.<\/p>\n\n\n\n<h2 class=\"wp-block-heading\">Quais s\u00e3o os tecidos em destaque para a esta\u00e7\u00e3o?<\/h2>\n\n\n\n<p>Os tecidos que se destacam neste outono s\u00e3o aqueles que oferecem textura e conforto. <strong>Veludo<\/strong>, <strong>tric\u00f4<\/strong> e <strong>couro<\/strong> s\u00e3o escolhas populares, cada um trazendo suas pr\u00f3prias qualidades \u00fanicas. O veludo adiciona um toque de luxo, o tric\u00f4 proporciona calor e o couro oferece uma est\u00e9tica moderna e ousada, permitindo uma ampla gama de op\u00e7\u00f5es de estilo.<\/p>\n\n\n\n<h2 class=\"wp-block-heading\">Como aplicar essas tend\u00eancias no dia a dia?<\/h2>\n\n\n\n<p>Para incorporar essas tend\u00eancias no cotidiano, \u00e9 importante equilibrar pe\u00e7as de destaque com itens b\u00e1sicos. Por exemplo, um blazer de alfaiataria pode ser usado com jeans para um look casual, enquanto um vestido bo\u00eamio pode ser complementado com botas e um casaco neutro. A chave \u00e9 adaptar as tend\u00eancias ao estilo pessoal, criando combina\u00e7\u00f5es que sejam tanto confort\u00e1veis quanto aut\u00eanticas.<\/p>\n\n\n\n<h2 class=\"wp-block-heading\">O que s\u00e3o maxi acess\u00f3rios e como us\u00e1-los?<\/h2>\n\n\n\n<p>Maxi acess\u00f3rios s\u00e3o pe\u00e7as grandes e chamativas que adicionam personalidade a qualquer look. Eles incluem itens como bolsas oversized e brincos de destaque, que podem transformar um visual simples em algo marcante. Esses acess\u00f3rios s\u00e3o ideais para quem deseja expressar sua individualidade e adicionar um toque de glamour ao seu estilo di\u00e1rio.<\/p>\n","protected":false},"excerpt":{"rendered":"<p>Com a chegada do outono, o mundo da moda se prepara para abra\u00e7ar novas tend\u00eancias que refletem o clima mais fresco e as mudan\u00e7as de esta\u00e7\u00e3o. Em 2025, a moda outonal se destaca por sua combina\u00e7\u00e3o de conforto e estilo, trazendo inova\u00e7\u00f5es que prometem renovar o guarda-roupa com eleg\u00e2ncia e praticidade. Entre as principais tend\u00eancias [&hellip;]<\/p>\n","protected":false},"author":9,"featured_media":29403,"comment_status":"open","ping_status":"open","sticky":false,"template":"","format":"standard","meta":{"jnews-multi-image_gallery":[],"jnews_single_post":{"format":"standard"},"jnews_primary_category":[],"jnews_social_meta":[],"jnews_override_counter":[],"footnotes":""},"categories":[29,1],"tags":[5318,4977,6074,3096],"class_list":["post-29366","post","type-post","status-publish","format-standard","has-post-thumbnail","hentry","category-entretenimento","category-noticias","tag-estilo","tag-moda","tag-outono","tag-tendencias"],"yoast_head":"<!-- This site is optimized with the Yoast SEO plugin v23.8 - https:\/\/yoast.com\/wordpress\/plugins\/seo\/ -->\n<title>Como adaptar as tend\u00eancias de outono de 2025 ao seu estilo pessoal<\/title>\n<meta name=\"description\" content=\"Conhe\u00e7a as tend\u00eancias de cores, estilos e tecidos que estar\u00e3o em alta no outono de 2025 e atualize seu guarda-roupa.\" \/>\n<meta name=\"robots\" content=\"index, follow, max-snippet:-1, max-image-preview:large, max-video-preview:-1\" \/>\n<link rel=\"canonical\" href=\"https:\/\/www.em.com.br\/emfoco\/2025\/03\/18\/como-adaptar-as-tendencias-de-outono-de-2025-ao-seu-estilo-pessoal\/\" \/>\n<meta property=\"og:locale\" content=\"pt_BR\" \/>\n<meta property=\"og:type\" content=\"article\" \/>\n<meta property=\"og:title\" content=\"Como adaptar as tend\u00eancias de outono de 2025 ao seu estilo pessoal\" \/>\n<meta property=\"og:description\" content=\"Conhe\u00e7a as tend\u00eancias de cores, estilos e tecidos que estar\u00e3o em alta no outono de 2025 e atualize seu guarda-roupa.\" \/>\n<meta property=\"og:url\" content=\"https:\/\/www.em.com.br\/emfoco\/2025\/03\/18\/como-adaptar-as-tendencias-de-outono-de-2025-ao-seu-estilo-pessoal\/\" \/>\n<meta property=\"og:site_name\" content=\"Estado de Minas - Em foco\" \/>\n<meta property=\"article:published_time\" content=\"2025-03-19T00:00:15+00:00\" \/>\n<meta property=\"article:modified_time\" content=\"2025-03-17T16:57:00+00:00\" \/>\n<meta property=\"og:image\" content=\"https:\/\/www.em.com.br\/emfoco\/wp-content\/uploads\/2025\/03\/tons-terrosos-moda_1742230196132.jpg\" \/>\n\t<meta property=\"og:image:width\" content=\"1280\" \/>\n\t<meta property=\"og:image:height\" content=\"720\" \/>\n\t<meta property=\"og:image:type\" content=\"image\/jpeg\" \/>\n<meta name=\"author\" content=\"Daniely Cardoso\" \/>\n<meta name=\"twitter:card\" content=\"summary_large_image\" \/>\n<meta name=\"twitter:label1\" content=\"Escrito por\" \/>\n\t<meta name=\"twitter:data1\" content=\"Daniely Cardoso\" \/>\n\t<meta name=\"twitter:label2\" content=\"Est. tempo de leitura\" \/>\n\t<meta name=\"twitter:data2\" content=\"4 minutos\" \/>\n<!-- \/ Yoast SEO plugin. -->","yoast_head_json":{"title":"Como adaptar as tend\u00eancias de outono de 2025 ao seu estilo pessoal","description":"Conhe\u00e7a as tend\u00eancias de cores, estilos e tecidos que estar\u00e3o em alta no outono de 2025 e atualize seu guarda-roupa.","robots":{"index":"index","follow":"follow","max-snippet":"max-snippet:-1","max-image-preview":"max-image-preview:large","max-video-preview":"max-video-preview:-1"},"canonical":"https:\/\/www.em.com.br\/emfoco\/2025\/03\/18\/como-adaptar-as-tendencias-de-outono-de-2025-ao-seu-estilo-pessoal\/","og_locale":"pt_BR","og_type":"article","og_title":"Como adaptar as tend\u00eancias de outono de 2025 ao seu estilo pessoal","og_description":"Conhe\u00e7a as tend\u00eancias de cores, estilos e tecidos que estar\u00e3o em alta no outono de 2025 e atualize seu guarda-roupa.","og_url":"https:\/\/www.em.com.br\/emfoco\/2025\/03\/18\/como-adaptar-as-tendencias-de-outono-de-2025-ao-seu-estilo-pessoal\/","og_site_name":"Estado de Minas - Em foco","article_published_time":"2025-03-19T00:00:15+00:00","article_modified_time":"2025-03-17T16:57:00+00:00","og_image":[{"width":1280,"height":720,"url":"https:\/\/www.em.com.br\/emfoco\/wp-content\/uploads\/2025\/03\/tons-terrosos-moda_1742230196132.jpg","type":"image\/jpeg"}],"author":"Daniely Cardoso","twitter_card":"summary_large_image","twitter_misc":{"Escrito por":"Daniely Cardoso","Est. tempo de leitura":"4 minutos"},"schema":{"@context":"https:\/\/schema.org","@graph":[{"@type":"WebPage","@id":"https:\/\/www.em.com.br\/emfoco\/2025\/03\/18\/como-adaptar-as-tendencias-de-outono-de-2025-ao-seu-estilo-pessoal\/","url":"https:\/\/www.em.com.br\/emfoco\/2025\/03\/18\/como-adaptar-as-tendencias-de-outono-de-2025-ao-seu-estilo-pessoal\/","name":"Como adaptar as tend\u00eancias de outono de 2025 ao seu estilo pessoal","isPartOf":{"@id":"https:\/\/www.em.com.br\/emfoco\/#website"},"primaryImageOfPage":{"@id":"https:\/\/www.em.com.br\/emfoco\/2025\/03\/18\/como-adaptar-as-tendencias-de-outono-de-2025-ao-seu-estilo-pessoal\/#primaryimage"},"image":{"@id":"https:\/\/www.em.com.br\/emfoco\/2025\/03\/18\/como-adaptar-as-tendencias-de-outono-de-2025-ao-seu-estilo-pessoal\/#primaryimage"},"thumbnailUrl":"https:\/\/www.em.com.br\/emfoco\/wp-content\/uploads\/2025\/03\/tons-terrosos-moda_1742230196132.jpg","datePublished":"2025-03-19T00:00:15+00:00","dateModified":"2025-03-17T16:57:00+00:00","author":{"@id":"https:\/\/www.em.com.br\/emfoco\/#\/schema\/person\/0a8186d72f2c3a5c6276d90b41f271a0"},"description":"Conhe\u00e7a as tend\u00eancias de cores, estilos e tecidos que estar\u00e3o em alta no outono de 2025 e atualize seu guarda-roupa.","breadcrumb":{"@id":"https:\/\/www.em.com.br\/emfoco\/2025\/03\/18\/como-adaptar-as-tendencias-de-outono-de-2025-ao-seu-estilo-pessoal\/#breadcrumb"},"inLanguage":"pt-BR","potentialAction":[{"@type":"ReadAction","target":["https:\/\/www.em.com.br\/emfoco\/2025\/03\/18\/como-adaptar-as-tendencias-de-outono-de-2025-ao-seu-estilo-pessoal\/"]}]},{"@type":"ImageObject","inLanguage":"pt-BR","@id":"https:\/\/www.em.com.br\/emfoco\/2025\/03\/18\/como-adaptar-as-tendencias-de-outono-de-2025-ao-seu-estilo-pessoal\/#primaryimage","url":"https:\/\/www.em.com.br\/emfoco\/wp-content\/uploads\/2025\/03\/tons-terrosos-moda_1742230196132.jpg","contentUrl":"https:\/\/www.em.com.br\/emfoco\/wp-content\/uploads\/2025\/03\/tons-terrosos-moda_1742230196132.jpg","width":1280,"height":720,"caption":"Tons terrosos - Cr\u00e9ditos: depositphotos.com \/ IgorVetushko"},{"@type":"BreadcrumbList","@id":"https:\/\/www.em.com.br\/emfoco\/2025\/03\/18\/como-adaptar-as-tendencias-de-outono-de-2025-ao-seu-estilo-pessoal\/#breadcrumb","itemListElement":[{"@type":"ListItem","position":1,"name":"In\u00edcio","item":"https:\/\/www.em.com.br\/emfoco\/"},{"@type":"ListItem","position":2,"name":"Como adaptar as tend\u00eancias de outono de 2025 ao seu estilo pessoal"}]},{"@type":"WebSite","@id":"https:\/\/www.em.com.br\/emfoco\/#website","url":"https:\/\/www.em.com.br\/emfoco\/","name":"Estado de Minas - Em foco","description":"Acompanhe as \u00faltimas not\u00edcias e fique bem informado sobre tudo o que acontece em Minas Gerais, Brasil e no mundo.","potentialAction":[{"@type":"SearchAction","target":{"@type":"EntryPoint","urlTemplate":"https:\/\/www.em.com.br\/emfoco\/?s={search_term_string}"},"query-input":{"@type":"PropertyValueSpecification","valueRequired":true,"valueName":"search_term_string"}}],"inLanguage":"pt-BR"},{"@type":"Person","@id":"https:\/\/www.em.com.br\/emfoco\/#\/schema\/person\/0a8186d72f2c3a5c6276d90b41f271a0","name":"Daniely Cardoso","image":{"@type":"ImageObject","inLanguage":"pt-BR","@id":"https:\/\/www.em.com.br\/emfoco\/#\/schema\/person\/image\/","url":"https:\/\/secure.gravatar.com\/avatar\/4b80ddbd124d1f071b626d52d62e5dff?s=96&d=mm&r=g","contentUrl":"https:\/\/secure.gravatar.com\/avatar\/4b80ddbd124d1f071b626d52d62e5dff?s=96&d=mm&r=g","caption":"Daniely Cardoso"},"url":"https:\/\/www.em.com.br\/emfoco\/author\/danielymyth\/"}]}},"_links":{"self":[{"href":"https:\/\/www.em.com.br\/emfoco\/wp-json\/wp\/v2\/posts\/29366","targetHints":{"allow":["GET"]}}],"collection":[{"href":"https:\/\/www.em.com.br\/emfoco\/wp-json\/wp\/v2\/posts"}],"about":[{"href":"https:\/\/www.em.com.br\/emfoco\/wp-json\/wp\/v2\/types\/post"}],"author":[{"embeddable":true,"href":"https:\/\/www.em.com.br\/emfoco\/wp-json\/wp\/v2\/users\/9"}],"replies":[{"embeddable":true,"href":"https:\/\/www.em.com.br\/emfoco\/wp-json\/wp\/v2\/comments?post=29366"}],"version-history":[{"count":2,"href":"https:\/\/www.em.com.br\/emfoco\/wp-json\/wp\/v2\/posts\/29366\/revisions"}],"predecessor-version":[{"id":29409,"href":"https:\/\/www.em.com.br\/emfoco\/wp-json\/wp\/v2\/posts\/29366\/revisions\/29409"}],"wp:featuredmedia":[{"embeddable":true,"href":"https:\/\/www.em.com.br\/emfoco\/wp-json\/wp\/v2\/media\/29403"}],"wp:attachment":[{"href":"https:\/\/www.em.com.br\/emfoco\/wp-json\/wp\/v2\/media?parent=29366"}],"wp:term":[{"taxonomy":"category","embeddable":true,"href":"https:\/\/www.em.com.br\/emfoco\/wp-json\/wp\/v2\/categories?post=29366"},{"taxonomy":"post_tag","embeddable":true,"href":"https:\/\/www.em.com.br\/emfoco\/wp-json\/wp\/v2\/tags?post=29366"}],"curies":[{"name":"wp","href":"https:\/\/api.w.org\/{rel}","templated":true}]}}