{"id":29336,"date":"2025-03-18T21:40:00","date_gmt":"2025-03-19T00:40:00","guid":{"rendered":"https:\/\/www.em.com.br\/emfoco\/?p=29336"},"modified":"2025-03-17T14:32:52","modified_gmt":"2025-03-17T17:32:52","slug":"saiba-tudo-sobre-as-aranhas-mais-temidas-do-brasil","status":"publish","type":"post","link":"https:\/\/www.em.com.br\/emfoco\/2025\/03\/18\/saiba-tudo-sobre-as-aranhas-mais-temidas-do-brasil\/","title":{"rendered":"Saiba tudo sobre as aranhas mais temidas do Brasil"},"content":{"rendered":"\n<p>As <strong><a href=\"https:\/\/www.em.com.br\/emfoco\/2025\/02\/10\/conheca-a-chuva-de-aranhas-em-sao-tome-das-letras\/\" target=\"_blank\" rel=\"noreferrer noopener\">aranhas<\/a> <\/strong>s\u00e3o frequentemente vistas como criaturas assustadoras e perigosas, mas essa percep\u00e7\u00e3o nem sempre corresponde \u00e0 realidade. Com mais de 48 mil esp\u00e9cies identificadas no mundo, apenas uma pequena fra\u00e7\u00e3o delas representa um risco real para os seres humanos. No <strong>Brasil<\/strong>, por exemplo, ocorrem cerca de 33 mil acidentes anuais envolvendo aranhas, resultando em aproximadamente 18 mortes, de acordo com dados de 2022 do <strong>Minist\u00e9rio da Sa\u00fade<\/strong>.<\/p>\n\n\n\n<p>Embora algumas aranhas possam causar picadas dolorosas, a maioria n\u00e3o \u00e9 agressiva e s\u00f3 ataca quando se sente amea\u00e7ada. Al\u00e9m disso, muitas das hist\u00f3rias assustadoras sobre aranhas s\u00e3o baseadas em mitos e desinforma\u00e7\u00e3o. Neste artigo, exploraremos algumas das esp\u00e9cies mais conhecidas e discutiremos suas caracter\u00edsticas e o verdadeiro perigo que representam.<\/p>\n\n\n\n<h2 class=\"wp-block-heading\">Quais aranhas no Brasil s\u00e3o realmente perigosas?<\/h2>\n\n\n\n<p>No Brasil, tr\u00eas g\u00eaneros de aranhas s\u00e3o considerados de import\u00e2ncia m\u00e9dica: <strong>a aranha armadeira, a aranha-marrom e a vi\u00fava-negra<\/strong>. Cada uma delas possui caracter\u00edsticas distintas e n\u00edveis variados de toxicidade.<\/p>\n\n\n\n<h2 class=\"wp-block-heading\">Aranha armadeira: como identificar a mais venenosa do mundo?<\/h2>\n\n\n\n<p>A aranha armadeira, do g\u00eanero Phoneutria, \u00e9 frequentemente citada como a aranha mais venenosa do mundo. No entanto, essa afirma\u00e7\u00e3o deve ser vista com cautela. O veneno da armadeira \u00e9 potente, mas a gravidade de uma picada depende de diversos fatores, como a quantidade de veneno injetado e a sa\u00fade da v\u00edtima. Essas aranhas s\u00e3o conhecidas por sua postura agressiva, levantando as pernas dianteiras quando amea\u00e7adas.<\/p>\n\n\n\n<figure class=\"wp-block-image size-large\"><img loading=\"lazy\" decoding=\"async\" width=\"1024\" height=\"576\" src=\"https:\/\/www.em.com.br\/emfoco\/wp-content\/uploads\/2025\/03\/aranhas_1742234806400-1024x576.jpg\" alt=\"\" class=\"wp-image-29420\" srcset=\"https:\/\/www.em.com.br\/emfoco\/wp-content\/uploads\/2025\/03\/aranhas_1742234806400-1024x576.jpg 1024w, https:\/\/www.em.com.br\/emfoco\/wp-content\/uploads\/2025\/03\/aranhas_1742234806400-300x169.jpg 300w, https:\/\/www.em.com.br\/emfoco\/wp-content\/uploads\/2025\/03\/aranhas_1742234806400-768x432.jpg 768w, https:\/\/www.em.com.br\/emfoco\/wp-content\/uploads\/2025\/03\/aranhas_1742234806400-750x422.jpg 750w, https:\/\/www.em.com.br\/emfoco\/wp-content\/uploads\/2025\/03\/aranhas_1742234806400-1140x641.jpg 1140w, https:\/\/www.em.com.br\/emfoco\/wp-content\/uploads\/2025\/03\/aranhas_1742234806400.jpg 1280w\" sizes=\"auto, (max-width: 1024px) 100vw, 1024px\" \/><figcaption class=\"wp-element-caption\">Aranha &#8211; Cr\u00e9ditos: depositphotos.com \/ montenegro1<\/figcaption><\/figure>\n\n\n\n<h2 class=\"wp-block-heading\">A aranha-marrom \u00e9 realmente t\u00e3o perigosa quanto dizem?<\/h2>\n\n\n\n<p>A aranha-marrom, do g\u00eanero Loxosceles, \u00e9 respons\u00e1vel pela maioria dos acidentes com aranhas no Brasil. Apesar de seu tamanho pequeno, seu veneno pode causar necrose tecidual e, em casos graves, insufici\u00eancia renal. Elas s\u00e3o comuns em \u00e1reas urbanas e muitas vezes passam despercebidas em roupas e cal\u00e7ados.<\/p>\n\n\n\n<h2 class=\"wp-block-heading\">Por que a vi\u00fava-negra \u00e9 temida, mas nem sempre \u00e9 perigosa?<\/h2>\n\n\n\n<p>As vi\u00favas-negras, do g\u00eanero Latrodectus, s\u00e3o conhecidas por seu veneno neurot\u00f3xico. No entanto, as esp\u00e9cies encontradas no Brasil s\u00e3o menos perigosas do que suas contrapartes europeias. Esses aracn\u00eddeos s\u00e3o reconhecidos por suas cores distintas e h\u00e1bitos sedent\u00e1rios, preferindo permanecer em suas teias irregulares.<\/p>\n\n\n\n<h2 class=\"wp-block-heading\">Como proteger sua casa e evitar encontros indesejados com aranhas?<\/h2>\n\n\n\n<p>Para evitar <strong><a href=\"https:\/\/www.gov.br\/saude\/pt-br\/assuntos\/saude-de-a-a-z\/a\/animais-peconhentos\/acidentes-por-aranhas\" target=\"_blank\" rel=\"noreferrer noopener\">acidentes com aranhas<\/a><\/strong>, \u00e9 importante manter a casa limpa e livre de entulhos, onde esses animais possam se esconder. Usar telas de mosquiteiro nas janelas e vedar frestas tamb\u00e9m ajuda a impedir a entrada desses aracn\u00eddeos. Em caso de picada, \u00e9 crucial buscar atendimento m\u00e9dico imediato e, se poss\u00edvel, levar a aranha ou uma foto dela para identifica\u00e7\u00e3o.<\/p>\n\n\n\n<p>Embora as aranhas possam parecer assustadoras, \u00e9 importante lembrar que elas desempenham um papel vital no ecossistema, controlando popula\u00e7\u00f5es de insetos. Compreender suas caracter\u00edsticas e comportamentos pode ajudar a reduzir o medo e promover uma conviv\u00eancia mais harmoniosa com esses fascinantes animais.<\/p>\n\n\n\n<p><\/p>\n","protected":false},"excerpt":{"rendered":"<p>As aranhas s\u00e3o frequentemente vistas como criaturas assustadoras e perigosas, mas essa percep\u00e7\u00e3o nem sempre corresponde \u00e0 realidade. Com mais de 48 mil esp\u00e9cies identificadas no mundo, apenas uma pequena fra\u00e7\u00e3o delas representa um risco real para os seres humanos. No Brasil, por exemplo, ocorrem cerca de 33 mil acidentes anuais envolvendo aranhas, resultando em [&hellip;]<\/p>\n","protected":false},"author":11,"featured_media":29422,"comment_status":"open","ping_status":"open","sticky":false,"template":"","format":"standard","meta":{"jnews-multi-image_gallery":[],"jnews_single_post":{"format":"standard"},"jnews_primary_category":[],"jnews_social_meta":[],"jnews_override_counter":[],"footnotes":""},"categories":[138,1],"tags":[1441,4898,5453],"class_list":["post-29336","post","type-post","status-publish","format-standard","has-post-thumbnail","hentry","category-mundo","category-noticias","tag-curiosidades","tag-insetos","tag-mitos"],"yoast_head":"<!-- This site is optimized with the Yoast SEO plugin v23.8 - https:\/\/yoast.com\/wordpress\/plugins\/seo\/ -->\n<title>Saiba tudo sobre as aranhas mais temidas do Brasil - Estado de Minas - Em foco<\/title>\n<meta name=\"description\" content=\"Desvende os mitos sobre aranhas no Brasil e entenda quais realmente representam risco. Proteja sua casa e saiba como evitar acidentes.\" \/>\n<meta name=\"robots\" content=\"index, follow, max-snippet:-1, max-image-preview:large, max-video-preview:-1\" \/>\n<link rel=\"canonical\" href=\"https:\/\/www.em.com.br\/emfoco\/2025\/03\/18\/saiba-tudo-sobre-as-aranhas-mais-temidas-do-brasil\/\" \/>\n<meta property=\"og:locale\" content=\"pt_BR\" \/>\n<meta property=\"og:type\" content=\"article\" \/>\n<meta property=\"og:title\" content=\"Saiba tudo sobre as aranhas mais temidas do Brasil - Estado de Minas - Em foco\" \/>\n<meta property=\"og:description\" content=\"Desvende os mitos sobre aranhas no Brasil e entenda quais realmente representam risco. Proteja sua casa e saiba como evitar acidentes.\" \/>\n<meta property=\"og:url\" content=\"https:\/\/www.em.com.br\/emfoco\/2025\/03\/18\/saiba-tudo-sobre-as-aranhas-mais-temidas-do-brasil\/\" \/>\n<meta property=\"og:site_name\" content=\"Estado de Minas - Em foco\" \/>\n<meta property=\"article:published_time\" content=\"2025-03-19T00:40:00+00:00\" \/>\n<meta property=\"article:modified_time\" content=\"2025-03-17T17:32:52+00:00\" \/>\n<meta property=\"og:image\" content=\"https:\/\/www.em.com.br\/emfoco\/wp-content\/uploads\/2025\/03\/aranhas_1742234857355.jpg\" \/>\n\t<meta property=\"og:image:width\" content=\"1280\" \/>\n\t<meta property=\"og:image:height\" content=\"720\" \/>\n\t<meta property=\"og:image:type\" content=\"image\/jpeg\" \/>\n<meta name=\"author\" content=\"Andre\u0301 Rangel\u00a0\" \/>\n<meta name=\"twitter:card\" content=\"summary_large_image\" \/>\n<meta name=\"twitter:label1\" content=\"Escrito por\" \/>\n\t<meta name=\"twitter:data1\" content=\"Andre\u0301 Rangel\u00a0\" \/>\n\t<meta name=\"twitter:label2\" content=\"Est. tempo de leitura\" \/>\n\t<meta name=\"twitter:data2\" content=\"3 minutos\" \/>\n<!-- \/ Yoast SEO plugin. -->","yoast_head_json":{"title":"Saiba tudo sobre as aranhas mais temidas do Brasil - Estado de Minas - Em foco","description":"Desvende os mitos sobre aranhas no Brasil e entenda quais realmente representam risco. Proteja sua casa e saiba como evitar acidentes.","robots":{"index":"index","follow":"follow","max-snippet":"max-snippet:-1","max-image-preview":"max-image-preview:large","max-video-preview":"max-video-preview:-1"},"canonical":"https:\/\/www.em.com.br\/emfoco\/2025\/03\/18\/saiba-tudo-sobre-as-aranhas-mais-temidas-do-brasil\/","og_locale":"pt_BR","og_type":"article","og_title":"Saiba tudo sobre as aranhas mais temidas do Brasil - Estado de Minas - Em foco","og_description":"Desvende os mitos sobre aranhas no Brasil e entenda quais realmente representam risco. Proteja sua casa e saiba como evitar acidentes.","og_url":"https:\/\/www.em.com.br\/emfoco\/2025\/03\/18\/saiba-tudo-sobre-as-aranhas-mais-temidas-do-brasil\/","og_site_name":"Estado de Minas - Em foco","article_published_time":"2025-03-19T00:40:00+00:00","article_modified_time":"2025-03-17T17:32:52+00:00","og_image":[{"width":1280,"height":720,"url":"https:\/\/www.em.com.br\/emfoco\/wp-content\/uploads\/2025\/03\/aranhas_1742234857355.jpg","type":"image\/jpeg"}],"author":"Andre\u0301 Rangel\u00a0","twitter_card":"summary_large_image","twitter_misc":{"Escrito por":"Andre\u0301 Rangel\u00a0","Est. tempo de leitura":"3 minutos"},"schema":{"@context":"https:\/\/schema.org","@graph":[{"@type":"WebPage","@id":"https:\/\/www.em.com.br\/emfoco\/2025\/03\/18\/saiba-tudo-sobre-as-aranhas-mais-temidas-do-brasil\/","url":"https:\/\/www.em.com.br\/emfoco\/2025\/03\/18\/saiba-tudo-sobre-as-aranhas-mais-temidas-do-brasil\/","name":"Saiba tudo sobre as aranhas mais temidas do Brasil - Estado de Minas - Em foco","isPartOf":{"@id":"https:\/\/www.em.com.br\/emfoco\/#website"},"primaryImageOfPage":{"@id":"https:\/\/www.em.com.br\/emfoco\/2025\/03\/18\/saiba-tudo-sobre-as-aranhas-mais-temidas-do-brasil\/#primaryimage"},"image":{"@id":"https:\/\/www.em.com.br\/emfoco\/2025\/03\/18\/saiba-tudo-sobre-as-aranhas-mais-temidas-do-brasil\/#primaryimage"},"thumbnailUrl":"https:\/\/www.em.com.br\/emfoco\/wp-content\/uploads\/2025\/03\/aranhas_1742234857355.jpg","datePublished":"2025-03-19T00:40:00+00:00","dateModified":"2025-03-17T17:32:52+00:00","author":{"@id":"https:\/\/www.em.com.br\/emfoco\/#\/schema\/person\/60eda09c1fedf0d6891f4cef4b60b8b8"},"description":"Desvende os mitos sobre aranhas no Brasil e entenda quais realmente representam risco. Proteja sua casa e saiba como evitar acidentes.","breadcrumb":{"@id":"https:\/\/www.em.com.br\/emfoco\/2025\/03\/18\/saiba-tudo-sobre-as-aranhas-mais-temidas-do-brasil\/#breadcrumb"},"inLanguage":"pt-BR","potentialAction":[{"@type":"ReadAction","target":["https:\/\/www.em.com.br\/emfoco\/2025\/03\/18\/saiba-tudo-sobre-as-aranhas-mais-temidas-do-brasil\/"]}]},{"@type":"ImageObject","inLanguage":"pt-BR","@id":"https:\/\/www.em.com.br\/emfoco\/2025\/03\/18\/saiba-tudo-sobre-as-aranhas-mais-temidas-do-brasil\/#primaryimage","url":"https:\/\/www.em.com.br\/emfoco\/wp-content\/uploads\/2025\/03\/aranhas_1742234857355.jpg","contentUrl":"https:\/\/www.em.com.br\/emfoco\/wp-content\/uploads\/2025\/03\/aranhas_1742234857355.jpg","width":1280,"height":720,"caption":"Aranhas - Cr\u00e9ditos: depositphotos.com \/ Photomyheart"},{"@type":"BreadcrumbList","@id":"https:\/\/www.em.com.br\/emfoco\/2025\/03\/18\/saiba-tudo-sobre-as-aranhas-mais-temidas-do-brasil\/#breadcrumb","itemListElement":[{"@type":"ListItem","position":1,"name":"In\u00edcio","item":"https:\/\/www.em.com.br\/emfoco\/"},{"@type":"ListItem","position":2,"name":"Saiba tudo sobre as aranhas mais temidas do Brasil"}]},{"@type":"WebSite","@id":"https:\/\/www.em.com.br\/emfoco\/#website","url":"https:\/\/www.em.com.br\/emfoco\/","name":"Estado de Minas - Em foco","description":"Acompanhe as \u00faltimas not\u00edcias e fique bem informado sobre tudo o que acontece em Minas Gerais, Brasil e no mundo.","potentialAction":[{"@type":"SearchAction","target":{"@type":"EntryPoint","urlTemplate":"https:\/\/www.em.com.br\/emfoco\/?s={search_term_string}"},"query-input":{"@type":"PropertyValueSpecification","valueRequired":true,"valueName":"search_term_string"}}],"inLanguage":"pt-BR"},{"@type":"Person","@id":"https:\/\/www.em.com.br\/emfoco\/#\/schema\/person\/60eda09c1fedf0d6891f4cef4b60b8b8","name":"Andre\u0301 Rangel\u00a0","image":{"@type":"ImageObject","inLanguage":"pt-BR","@id":"https:\/\/www.em.com.br\/emfoco\/#\/schema\/person\/image\/","url":"https:\/\/secure.gravatar.com\/avatar\/6234dc814c77c8ef6d8bba622c787efc?s=96&d=mm&r=g","contentUrl":"https:\/\/secure.gravatar.com\/avatar\/6234dc814c77c8ef6d8bba622c787efc?s=96&d=mm&r=g","caption":"Andre\u0301 Rangel\u00a0"},"url":"https:\/\/www.em.com.br\/emfoco\/author\/luizmyth\/"}]}},"_links":{"self":[{"href":"https:\/\/www.em.com.br\/emfoco\/wp-json\/wp\/v2\/posts\/29336","targetHints":{"allow":["GET"]}}],"collection":[{"href":"https:\/\/www.em.com.br\/emfoco\/wp-json\/wp\/v2\/posts"}],"about":[{"href":"https:\/\/www.em.com.br\/emfoco\/wp-json\/wp\/v2\/types\/post"}],"author":[{"embeddable":true,"href":"https:\/\/www.em.com.br\/emfoco\/wp-json\/wp\/v2\/users\/11"}],"replies":[{"embeddable":true,"href":"https:\/\/www.em.com.br\/emfoco\/wp-json\/wp\/v2\/comments?post=29336"}],"version-history":[{"count":6,"href":"https:\/\/www.em.com.br\/emfoco\/wp-json\/wp\/v2\/posts\/29336\/revisions"}],"predecessor-version":[{"id":29424,"href":"https:\/\/www.em.com.br\/emfoco\/wp-json\/wp\/v2\/posts\/29336\/revisions\/29424"}],"wp:featuredmedia":[{"embeddable":true,"href":"https:\/\/www.em.com.br\/emfoco\/wp-json\/wp\/v2\/media\/29422"}],"wp:attachment":[{"href":"https:\/\/www.em.com.br\/emfoco\/wp-json\/wp\/v2\/media?parent=29336"}],"wp:term":[{"taxonomy":"category","embeddable":true,"href":"https:\/\/www.em.com.br\/emfoco\/wp-json\/wp\/v2\/categories?post=29336"},{"taxonomy":"post_tag","embeddable":true,"href":"https:\/\/www.em.com.br\/emfoco\/wp-json\/wp\/v2\/tags?post=29336"}],"curies":[{"name":"wp","href":"https:\/\/api.w.org\/{rel}","templated":true}]}}