{"id":29198,"date":"2025-03-20T06:40:00","date_gmt":"2025-03-20T09:40:00","guid":{"rendered":"https:\/\/www.em.com.br\/emfoco\/?p=29198"},"modified":"2025-03-19T18:54:09","modified_gmt":"2025-03-19T21:54:09","slug":"a-vila-brasileira-que-tem-uma-das-praias-mais-encantadoras-do-mundo","status":"publish","type":"post","link":"https:\/\/www.em.com.br\/emfoco\/2025\/03\/20\/a-vila-brasileira-que-tem-uma-das-praias-mais-encantadoras-do-mundo\/","title":{"rendered":"A Vila brasileira que tem uma das praias mais encantadoras do mundo"},"content":{"rendered":"\n<p><strong>Jericoacoara<\/strong>, localizada no litoral do <strong>Cear\u00e1<\/strong>, \u00e9 um destino que atrai visitantes do mundo todo com suas paisagens deslumbrantes e atmosfera relaxante. Conhecida por suas praias de areia branca e \u00e1guas cristalinas, a vila oferece uma experi\u00eancia \u00fanica para aqueles que buscam tranquilidade e aventura.<\/p>\n\n\n\n<p>Com uma combina\u00e7\u00e3o de belezas naturais e uma rica cultura local, Jericoacoara \u00e9 um local que merece ser explorado. Neste artigo, discutiremos como chegar, o que fazer e como aproveitar ao m\u00e1ximo sua visita a este encantador destino.<\/p>\n\n\n\n<h2 class=\"wp-block-heading\">Como chegar a Jericoacoara?<\/h2>\n\n\n\n<p>Chegar a Jericoacoara pode ser uma parte emocionante da viagem. O <strong><a href=\"https:\/\/www.melhoresdestinos.com.br\/aeroporto-jericoacoara-guia.html\" target=\"_blank\" rel=\"noreferrer noopener\">Aeroporto Regional de Jericoacoara<\/a><\/strong> facilita o acesso, recebendo voos de v\u00e1rias cidades brasileiras. Para aqueles que preferem uma viagem mais tradicional, \u00e9 poss\u00edvel voar at\u00e9 Fortaleza e seguir por terra. De <strong>Fortaleza<\/strong>, \u00f4nibus e transfers levam at\u00e9 <strong>Jijoca <\/strong>de Jericoacoara, onde a jornada continua em ve\u00edculos 4&#215;4 pelas dunas at\u00e9 a vila.<\/p>\n\n\n\n<p>Essa \u00faltima etapa, cruzando as dunas, oferece uma pr\u00e9via da beleza natural que espera os visitantes, tornando a chegada a Jericoacoara uma experi\u00eancia memor\u00e1vel por si s\u00f3.<\/p>\n\n\n\n<figure class=\"wp-block-image size-large\"><img loading=\"lazy\" decoding=\"async\" width=\"1024\" height=\"576\" src=\"https:\/\/www.em.com.br\/emfoco\/wp-content\/uploads\/2024\/12\/Ceara_1734206102378-1024x576.jpg\" alt=\"Descubra os Para\u00edsos da Seguran\u00e7a no Nordeste do Brasil\" class=\"wp-image-5023\" srcset=\"https:\/\/www.em.com.br\/emfoco\/wp-content\/uploads\/2024\/12\/Ceara_1734206102378-1024x576.jpg 1024w, https:\/\/www.em.com.br\/emfoco\/wp-content\/uploads\/2024\/12\/Ceara_1734206102378-300x169.jpg 300w, https:\/\/www.em.com.br\/emfoco\/wp-content\/uploads\/2024\/12\/Ceara_1734206102378-768x432.jpg 768w, https:\/\/www.em.com.br\/emfoco\/wp-content\/uploads\/2024\/12\/Ceara_1734206102378-750x422.jpg 750w, https:\/\/www.em.com.br\/emfoco\/wp-content\/uploads\/2024\/12\/Ceara_1734206102378-1140x641.jpg 1140w, https:\/\/www.em.com.br\/emfoco\/wp-content\/uploads\/2024\/12\/Ceara_1734206102378.jpg 1280w\" sizes=\"auto, (max-width: 1024px) 100vw, 1024px\" \/><figcaption class=\"wp-element-caption\">Cear\u00e1, Brasil &#8211; Cr\u00e9ditos: depositphotos.com \/ moviafilmes<\/figcaption><\/figure>\n\n\n\n<h2 class=\"wp-block-heading\">Quais s\u00e3o as principais atra\u00e7\u00f5es de Jericoacoara?<\/h2>\n\n\n\n<p>Jericoacoara \u00e9 um destino repleto de atra\u00e7\u00f5es naturais que encantam os visitantes. Entre os destaques est\u00e3o:<\/p>\n\n\n\n<ul class=\"wp-block-list\">\n<li><strong>Praia Principal:<\/strong> Ideal para relaxar e praticar esportes aqu\u00e1ticos, como kitesurf, devido aos ventos constantes.<\/li>\n\n\n\n<li><strong>Duna do P\u00f4r do Sol:<\/strong> Um local popular para assistir ao p\u00f4r do sol, oferecendo vistas panor\u00e2micas incr\u00edveis.<\/li>\n\n\n\n<li><strong>Lagoa do Para\u00edso:<\/strong> Conhecida por suas \u00e1guas azul-turquesa e redes para descanso, \u00e9 um dos destinos mais procurados.<\/li>\n\n\n\n<li><strong>Pedra Furada:<\/strong> Uma forma\u00e7\u00e3o rochosa ic\u00f4nica que se tornou um dos cart\u00f5es-postais da regi\u00e3o.<\/li>\n\n\n\n<li><strong>Lagoa Azul:<\/strong> Outra op\u00e7\u00e3o para quem busca \u00e1guas tranquilas e um cen\u00e1rio paradis\u00edaco.<\/li>\n<\/ul>\n\n\n\n<h2 class=\"wp-block-heading\">Como \u00e9 a vida cultural e noturna em Jericoacoara?<\/h2>\n\n\n\n<p>A vida cultural em Jericoacoara \u00e9 vibrante e diversificada. A vila oferece uma mistura de tradi\u00e7\u00f5es locais e influ\u00eancias internacionais, refletidas em sua <strong><a href=\"https:\/\/www.em.com.br\/emfoco\/2024\/12\/30\/receitas-que-unem-historia-e-gastronomia\/\" target=\"_blank\" rel=\"noreferrer noopener\">gastronomia <\/a><\/strong>e artesanato. \u00c0 noite, a atmosfera se transforma com m\u00fasica ao vivo, bares animados e festas \u00e0 beira-mar, criando um ambiente acolhedor e descontra\u00eddo.<\/p>\n\n\n\n<p>Al\u00e9m disso, Jericoacoara \u00e9 um exemplo de sustentabilidade, com iniciativas que promovem o uso de energias renov\u00e1veis e pr\u00e1ticas ecol\u00f3gicas. Essa abordagem n\u00e3o s\u00f3 protege o meio ambiente, mas tamb\u00e9m melhora a qualidade de vida dos moradores e visitantes.<\/p>\n\n\n\n<h2 class=\"wp-block-heading\">Dicas para aproveitar ao m\u00e1ximo Jericoacoara<\/h2>\n\n\n\n<p>Para garantir uma experi\u00eancia inesquec\u00edvel em Jericoacoara, considere as seguintes dicas:<\/p>\n\n\n\n<ol class=\"wp-block-list\">\n<li>Planeje sua visita entre julho e dezembro, quando o clima \u00e9 mais seco e favor\u00e1vel para atividades ao ar livre.<\/li>\n\n\n\n<li>Tenha dinheiro em esp\u00e9cie, pois nem todos os estabelecimentos aceitam cart\u00f5es.<\/li>\n\n\n\n<li>Vista-se com roupas leves e use protetor solar para se proteger do sol intenso.<\/li>\n\n\n\n<li>Reserve acomoda\u00e7\u00f5es e passeios com anteced\u00eancia, especialmente durante a alta temporada.<\/li>\n<\/ol>\n\n\n\n<p>Jericoacoara \u00e9 um destino que oferece algo para todos, desde tranquilidade e beleza natural at\u00e9 uma vida cultural rica e envolvente. Com suas paisagens de tirar o f\u00f4lego e uma comunidade acolhedora, \u00e9 um lugar que certamente deixar\u00e1 mem\u00f3rias duradouras.<\/p>\n\n\n\n<p><\/p>\n","protected":false},"excerpt":{"rendered":"<p>Jericoacoara, localizada no litoral do Cear\u00e1, \u00e9 um destino que atrai visitantes do mundo todo com suas paisagens deslumbrantes e atmosfera relaxante. Conhecida por suas praias de areia branca e \u00e1guas cristalinas, a vila oferece uma experi\u00eancia \u00fanica para aqueles que buscam tranquilidade e aventura. Com uma combina\u00e7\u00e3o de belezas naturais e uma rica cultura [&hellip;]<\/p>\n","protected":false},"author":5,"featured_media":3047,"comment_status":"open","ping_status":"open","sticky":false,"template":"","format":"standard","meta":{"jnews-multi-image_gallery":[],"jnews_single_post":{"format":"standard"},"jnews_primary_category":[],"jnews_social_meta":[],"jnews_override_counter":[],"footnotes":""},"categories":[26,1],"tags":[3260,6355,321,643],"class_list":["post-29198","post","type-post","status-publish","format-standard","has-post-thumbnail","hentry","category-cidades","category-noticias","tag-ceara","tag-jericoacoara","tag-praias","tag-viagens"],"yoast_head":"<!-- This site is optimized with the Yoast SEO plugin v23.8 - https:\/\/yoast.com\/wordpress\/plugins\/seo\/ -->\n<title>A Vila brasileira que tem uma das praias mais encantadoras do mundo - Estado de Minas - Em foco<\/title>\n<meta name=\"description\" content=\"Um ref\u00fagio perfeito para quem busca natureza exuberante, aventura e momentos inesquec\u00edveis em meio \u00e0s dunas e lagoas.\" \/>\n<meta name=\"robots\" content=\"index, follow, max-snippet:-1, max-image-preview:large, max-video-preview:-1\" \/>\n<link rel=\"canonical\" href=\"https:\/\/www.em.com.br\/emfoco\/2025\/03\/20\/a-vila-brasileira-que-tem-uma-das-praias-mais-encantadoras-do-mundo\/\" \/>\n<meta property=\"og:locale\" content=\"pt_BR\" \/>\n<meta property=\"og:type\" content=\"article\" \/>\n<meta property=\"og:title\" content=\"A Vila brasileira que tem uma das praias mais encantadoras do mundo - Estado de Minas - Em foco\" \/>\n<meta property=\"og:description\" content=\"Um ref\u00fagio perfeito para quem busca natureza exuberante, aventura e momentos inesquec\u00edveis em meio \u00e0s dunas e lagoas.\" \/>\n<meta property=\"og:url\" content=\"https:\/\/www.em.com.br\/emfoco\/2025\/03\/20\/a-vila-brasileira-que-tem-uma-das-praias-mais-encantadoras-do-mundo\/\" \/>\n<meta property=\"og:site_name\" content=\"Estado de Minas - Em foco\" \/>\n<meta property=\"article:published_time\" content=\"2025-03-20T09:40:00+00:00\" \/>\n<meta property=\"article:modified_time\" content=\"2025-03-19T21:54:09+00:00\" \/>\n<meta property=\"og:image\" content=\"https:\/\/www.em.com.br\/emfoco\/wp-content\/uploads\/2024\/12\/Jericoacoara_1733256254280.jpg\" \/>\n\t<meta property=\"og:image:width\" content=\"1280\" \/>\n\t<meta property=\"og:image:height\" content=\"720\" \/>\n\t<meta property=\"og:image:type\" content=\"image\/jpeg\" \/>\n<meta name=\"author\" content=\"N\u00fabia Rangel\" \/>\n<meta name=\"twitter:card\" content=\"summary_large_image\" \/>\n<meta name=\"twitter:label1\" content=\"Escrito por\" \/>\n\t<meta name=\"twitter:data1\" content=\"N\u00fabia Rangel\" \/>\n\t<meta name=\"twitter:label2\" content=\"Est. tempo de leitura\" \/>\n\t<meta name=\"twitter:data2\" content=\"4 minutos\" \/>\n<!-- \/ Yoast SEO plugin. -->","yoast_head_json":{"title":"A Vila brasileira que tem uma das praias mais encantadoras do mundo - Estado de Minas - Em foco","description":"Um ref\u00fagio perfeito para quem busca natureza exuberante, aventura e momentos inesquec\u00edveis em meio \u00e0s dunas e lagoas.","robots":{"index":"index","follow":"follow","max-snippet":"max-snippet:-1","max-image-preview":"max-image-preview:large","max-video-preview":"max-video-preview:-1"},"canonical":"https:\/\/www.em.com.br\/emfoco\/2025\/03\/20\/a-vila-brasileira-que-tem-uma-das-praias-mais-encantadoras-do-mundo\/","og_locale":"pt_BR","og_type":"article","og_title":"A Vila brasileira que tem uma das praias mais encantadoras do mundo - Estado de Minas - Em foco","og_description":"Um ref\u00fagio perfeito para quem busca natureza exuberante, aventura e momentos inesquec\u00edveis em meio \u00e0s dunas e lagoas.","og_url":"https:\/\/www.em.com.br\/emfoco\/2025\/03\/20\/a-vila-brasileira-que-tem-uma-das-praias-mais-encantadoras-do-mundo\/","og_site_name":"Estado de Minas - Em foco","article_published_time":"2025-03-20T09:40:00+00:00","article_modified_time":"2025-03-19T21:54:09+00:00","og_image":[{"width":1280,"height":720,"url":"https:\/\/www.em.com.br\/emfoco\/wp-content\/uploads\/2024\/12\/Jericoacoara_1733256254280.jpg","type":"image\/jpeg"}],"author":"N\u00fabia Rangel","twitter_card":"summary_large_image","twitter_misc":{"Escrito por":"N\u00fabia Rangel","Est. tempo de leitura":"4 minutos"},"schema":{"@context":"https:\/\/schema.org","@graph":[{"@type":"WebPage","@id":"https:\/\/www.em.com.br\/emfoco\/2025\/03\/20\/a-vila-brasileira-que-tem-uma-das-praias-mais-encantadoras-do-mundo\/","url":"https:\/\/www.em.com.br\/emfoco\/2025\/03\/20\/a-vila-brasileira-que-tem-uma-das-praias-mais-encantadoras-do-mundo\/","name":"A Vila brasileira que tem uma das praias mais encantadoras do mundo - Estado de Minas - Em foco","isPartOf":{"@id":"https:\/\/www.em.com.br\/emfoco\/#website"},"primaryImageOfPage":{"@id":"https:\/\/www.em.com.br\/emfoco\/2025\/03\/20\/a-vila-brasileira-que-tem-uma-das-praias-mais-encantadoras-do-mundo\/#primaryimage"},"image":{"@id":"https:\/\/www.em.com.br\/emfoco\/2025\/03\/20\/a-vila-brasileira-que-tem-uma-das-praias-mais-encantadoras-do-mundo\/#primaryimage"},"thumbnailUrl":"https:\/\/www.em.com.br\/emfoco\/wp-content\/uploads\/2024\/12\/Jericoacoara_1733256254280.jpg","datePublished":"2025-03-20T09:40:00+00:00","dateModified":"2025-03-19T21:54:09+00:00","author":{"@id":"https:\/\/www.em.com.br\/emfoco\/#\/schema\/person\/524437ef54f8a5d32591b143307f2e20"},"description":"Um ref\u00fagio perfeito para quem busca natureza exuberante, aventura e momentos inesquec\u00edveis em meio \u00e0s dunas e lagoas.","breadcrumb":{"@id":"https:\/\/www.em.com.br\/emfoco\/2025\/03\/20\/a-vila-brasileira-que-tem-uma-das-praias-mais-encantadoras-do-mundo\/#breadcrumb"},"inLanguage":"pt-BR","potentialAction":[{"@type":"ReadAction","target":["https:\/\/www.em.com.br\/emfoco\/2025\/03\/20\/a-vila-brasileira-que-tem-uma-das-praias-mais-encantadoras-do-mundo\/"]}]},{"@type":"ImageObject","inLanguage":"pt-BR","@id":"https:\/\/www.em.com.br\/emfoco\/2025\/03\/20\/a-vila-brasileira-que-tem-uma-das-praias-mais-encantadoras-do-mundo\/#primaryimage","url":"https:\/\/www.em.com.br\/emfoco\/wp-content\/uploads\/2024\/12\/Jericoacoara_1733256254280.jpg","contentUrl":"https:\/\/www.em.com.br\/emfoco\/wp-content\/uploads\/2024\/12\/Jericoacoara_1733256254280.jpg","width":1280,"height":720,"caption":"Jericoacoara em Jijoca de Jericoacoara, Cear\u00e1 - Cr\u00e9ditos: depositphotos.com \/ giannakisphoto"},{"@type":"BreadcrumbList","@id":"https:\/\/www.em.com.br\/emfoco\/2025\/03\/20\/a-vila-brasileira-que-tem-uma-das-praias-mais-encantadoras-do-mundo\/#breadcrumb","itemListElement":[{"@type":"ListItem","position":1,"name":"In\u00edcio","item":"https:\/\/www.em.com.br\/emfoco\/"},{"@type":"ListItem","position":2,"name":"A Vila brasileira que tem uma das praias mais encantadoras do mundo"}]},{"@type":"WebSite","@id":"https:\/\/www.em.com.br\/emfoco\/#website","url":"https:\/\/www.em.com.br\/emfoco\/","name":"Estado de Minas - Em foco","description":"Acompanhe as \u00faltimas not\u00edcias e fique bem informado sobre tudo o que acontece em Minas Gerais, Brasil e no mundo.","potentialAction":[{"@type":"SearchAction","target":{"@type":"EntryPoint","urlTemplate":"https:\/\/www.em.com.br\/emfoco\/?s={search_term_string}"},"query-input":{"@type":"PropertyValueSpecification","valueRequired":true,"valueName":"search_term_string"}}],"inLanguage":"pt-BR"},{"@type":"Person","@id":"https:\/\/www.em.com.br\/emfoco\/#\/schema\/person\/524437ef54f8a5d32591b143307f2e20","name":"N\u00fabia Rangel","image":{"@type":"ImageObject","inLanguage":"pt-BR","@id":"https:\/\/www.em.com.br\/emfoco\/#\/schema\/person\/image\/","url":"https:\/\/secure.gravatar.com\/avatar\/47cff2827a5ba23c37e8068c86817ea4?s=96&d=mm&r=g","contentUrl":"https:\/\/secure.gravatar.com\/avatar\/47cff2827a5ba23c37e8068c86817ea4?s=96&d=mm&r=g","caption":"N\u00fabia Rangel"},"sameAs":["https:\/\/www.em.com.br\/emfoco\/"],"url":"https:\/\/www.em.com.br\/emfoco\/author\/nubiamyth\/"}]}},"_links":{"self":[{"href":"https:\/\/www.em.com.br\/emfoco\/wp-json\/wp\/v2\/posts\/29198","targetHints":{"allow":["GET"]}}],"collection":[{"href":"https:\/\/www.em.com.br\/emfoco\/wp-json\/wp\/v2\/posts"}],"about":[{"href":"https:\/\/www.em.com.br\/emfoco\/wp-json\/wp\/v2\/types\/post"}],"author":[{"embeddable":true,"href":"https:\/\/www.em.com.br\/emfoco\/wp-json\/wp\/v2\/users\/5"}],"replies":[{"embeddable":true,"href":"https:\/\/www.em.com.br\/emfoco\/wp-json\/wp\/v2\/comments?post=29198"}],"version-history":[{"count":2,"href":"https:\/\/www.em.com.br\/emfoco\/wp-json\/wp\/v2\/posts\/29198\/revisions"}],"predecessor-version":[{"id":29204,"href":"https:\/\/www.em.com.br\/emfoco\/wp-json\/wp\/v2\/posts\/29198\/revisions\/29204"}],"wp:featuredmedia":[{"embeddable":true,"href":"https:\/\/www.em.com.br\/emfoco\/wp-json\/wp\/v2\/media\/3047"}],"wp:attachment":[{"href":"https:\/\/www.em.com.br\/emfoco\/wp-json\/wp\/v2\/media?parent=29198"}],"wp:term":[{"taxonomy":"category","embeddable":true,"href":"https:\/\/www.em.com.br\/emfoco\/wp-json\/wp\/v2\/categories?post=29198"},{"taxonomy":"post_tag","embeddable":true,"href":"https:\/\/www.em.com.br\/emfoco\/wp-json\/wp\/v2\/tags?post=29198"}],"curies":[{"name":"wp","href":"https:\/\/api.w.org\/{rel}","templated":true}]}}