{"id":2907,"date":"2024-12-08T12:20:00","date_gmt":"2024-12-08T15:20:00","guid":{"rendered":"https:\/\/www.em.com.br\/emfoco\/?p=2907"},"modified":"2024-12-03T17:38:11","modified_gmt":"2024-12-03T20:38:11","slug":"o-que-a-capital-amazonica-nao-quer-que-voce-saiba","status":"publish","type":"post","link":"https:\/\/www.em.com.br\/emfoco\/2024\/12\/08\/o-que-a-capital-amazonica-nao-quer-que-voce-saiba\/","title":{"rendered":"O Que a Capital Amaz\u00f4nica N\u00e3o Quer Que Voc\u00ea Saiba!"},"content":{"rendered":"\n<p>O estado do Amazonas, localizado na regi\u00e3o Norte do <strong><a href=\"https:\/\/www.em.com.br\/emfoco\/2024\/12\/01\/top-3-destinos-brasileiros-imperdiveis-para-o-ano-novo\/\" target=\"_blank\" rel=\"noreferrer noopener\">Brasil<\/a>,<\/strong> \u00e9 amplamente conhecido por sua vasta floresta e imensa biodiversidade. No entanto, as cidades desse estado reservam surpresas extraordin\u00e1rias com suas ricas culturas locais e uma forte liga\u00e7\u00e3o com a natureza. Vamos explorar algumas das cidades mais importantes do Amazonas.<\/p>\n\n\n\n<p>Com caracter\u00edsticas distintas, essas cidades oferecem uma janela para o que torna o Amazonas um lugar especial, imerso tanto na floresta como em tradi\u00e7\u00f5es culturais \u00fanicas.<\/p>\n\n\n\n<h2 class=\"wp-block-heading\">Manaus: O Pulsar Urbano da Amaz\u00f4nia<\/h2>\n\n\n\n<p>A capital Manaus \u00e9 o cora\u00e7\u00e3o econ\u00f4mico e cultural do Amazonas. Situada \u00e0s margens do Rio Negro, \u00e9 um lugar onde o crescimento urbano se mistura com a selva circundante. Manaus \u00e9 famosa por seu <strong>Teatro Amazonas<\/strong>, um s\u00edmbolo do apogeu da era da borracha, ostentando arquitetura impressionante e rica programa\u00e7\u00e3o cultural.<\/p>\n\n\n\n<p>Al\u00e9m disso, o fen\u00f4meno natural conhecido como <em>Encontro das \u00c1guas<\/em> \u2014 onde os rios Negro e Solim\u00f5es fluem lado a lado sem se misturar \u2014 oferece um espet\u00e1culo natural que atrai turistas e cientistas de todo o mundo.<\/p>\n\n\n\n<figure class=\"wp-block-image size-large\"><img loading=\"lazy\" decoding=\"async\" width=\"1024\" height=\"576\" src=\"https:\/\/www.em.com.br\/emfoco\/wp-content\/uploads\/2024\/12\/Manaus_1733223165555-1024x576.jpg\" alt=\"O Que a Capital Amaz\u00f4nica N\u00e3o Quer Que Voc\u00ea Saiba!\" class=\"wp-image-2909\" srcset=\"https:\/\/www.em.com.br\/emfoco\/wp-content\/uploads\/2024\/12\/Manaus_1733223165555-1024x576.jpg 1024w, https:\/\/www.em.com.br\/emfoco\/wp-content\/uploads\/2024\/12\/Manaus_1733223165555-300x169.jpg 300w, https:\/\/www.em.com.br\/emfoco\/wp-content\/uploads\/2024\/12\/Manaus_1733223165555-768x432.jpg 768w, https:\/\/www.em.com.br\/emfoco\/wp-content\/uploads\/2024\/12\/Manaus_1733223165555-750x422.jpg 750w, https:\/\/www.em.com.br\/emfoco\/wp-content\/uploads\/2024\/12\/Manaus_1733223165555-1140x641.jpg 1140w, https:\/\/www.em.com.br\/emfoco\/wp-content\/uploads\/2024\/12\/Manaus_1733223165555.jpg 1280w\" sizes=\"auto, (max-width: 1024px) 100vw, 1024px\" \/><figcaption class=\"wp-element-caption\">Manaus &#8211; Cr\u00e9ditos: depositphotos.com \/ A.Paes<\/figcaption><\/figure>\n\n\n\n<h2 class=\"wp-block-heading\">Parintins: A Celebra\u00e7\u00e3o do Boi-Bumb\u00e1<\/h2>\n\n\n\n<p>Parintins \u00e9 uma cidade reconhecida nacionalmente pelo <strong>Festival de Boi-Bumb\u00e1<\/strong>. Realizado todos os anos, o festival destaca uma intensa rivalidade cultural entre os bois Garantido e Caprichoso, cujas apresenta\u00e7\u00f5es s\u00e3o marcadas por m\u00fasica, dan\u00e7a e energia contagiante.<\/p>\n\n\n\n<p>Fora do per\u00edodo do festival, Parintins \u00e9 uma cidade que oferece aos seus visitantes a oportunidade de apreciar sua hospitalidade \u00fanica e o belo cen\u00e1rio natural que a cerca, incentivando atividades ao ar livre e ecoturismo.<\/p>\n\n\n\n<figure class=\"wp-block-image size-large\"><img loading=\"lazy\" decoding=\"async\" width=\"1024\" height=\"576\" src=\"https:\/\/www.em.com.br\/emfoco\/wp-content\/uploads\/2024\/12\/Parintins_1733223245425-1024x576.jpg\" alt=\"O Que a Capital Amaz\u00f4nica N\u00e3o Quer Que Voc\u00ea Saiba!\" class=\"wp-image-2910\" srcset=\"https:\/\/www.em.com.br\/emfoco\/wp-content\/uploads\/2024\/12\/Parintins_1733223245425-1024x576.jpg 1024w, https:\/\/www.em.com.br\/emfoco\/wp-content\/uploads\/2024\/12\/Parintins_1733223245425-300x169.jpg 300w, https:\/\/www.em.com.br\/emfoco\/wp-content\/uploads\/2024\/12\/Parintins_1733223245425-768x432.jpg 768w, https:\/\/www.em.com.br\/emfoco\/wp-content\/uploads\/2024\/12\/Parintins_1733223245425-750x422.jpg 750w, https:\/\/www.em.com.br\/emfoco\/wp-content\/uploads\/2024\/12\/Parintins_1733223245425-1140x641.jpg 1140w, https:\/\/www.em.com.br\/emfoco\/wp-content\/uploads\/2024\/12\/Parintins_1733223245425.jpg 1280w\" sizes=\"auto, (max-width: 1024px) 100vw, 1024px\" \/><figcaption class=\"wp-element-caption\">Festival de Boi-Bumb\u00e1 em Parintins &#8211; Cr\u00e9ditos: depositphotos.com \/ casadaphoto<\/figcaption><\/figure>\n\n\n\n<h2 class=\"wp-block-heading\">Tef\u00e9: \u00c0s Portas da Amaz\u00f4nia Intocada<\/h2>\n\n\n\n<p>Tef\u00e9, localizada nas margens do Rio Solim\u00f5es, serve como ponto de partida para explorar as vastas \u00e1reas protegidas no cora\u00e7\u00e3o da floresta tropical. A <em><strong><a href=\"https:\/\/mamiraua.org.br\/areas-de-atuacao\" target=\"_blank\" rel=\"noreferrer noopener\">Reserva de Desenvolvimento Sustent\u00e1vel Mamirau\u00e1<\/a><\/strong><\/em> nas imedia\u00e7\u00f5es faz da cidade um local privilegiado para o ecoturismo, focado na observa\u00e7\u00e3o da rica fauna amaz\u00f4nica.<\/p>\n\n\n\n<p>Os visitantes de Tef\u00e9 podem experimentar o modo de vida local, que gira em torno dos rios, oferecendo uma perspectiva aut\u00eantica e pac\u00edfica da vida na Amaz\u00f4nia.<\/p>\n\n\n\n<figure class=\"wp-block-image size-large\"><img loading=\"lazy\" decoding=\"async\" width=\"1024\" height=\"293\" src=\"https:\/\/www.em.com.br\/emfoco\/wp-content\/uploads\/2024\/12\/image-7-1024x293.png\" alt=\"O Que a Capital Amaz\u00f4nica N\u00e3o Quer Que Voc\u00ea Saiba!\" class=\"wp-image-2911\"\/><figcaption class=\"wp-element-caption\">Instituto de Desenvolvimento Sustent\u00e1vel Mamirau\u00e1 em Tef\u00e9 &#8211; Cr\u00e9ditos: Instituto de Desenvolvimento Sustent\u00e1vel Mamirau\u00e1<\/figcaption><\/figure>\n\n\n\n<h2 class=\"wp-block-heading\">Tabatinga: Onde Culturas Se Encontram<\/h2>\n\n\n\n<p>Na conflu\u00eancia de tr\u00eas pa\u00edses \u2014 Brasil, Col\u00f4mbia e Peru \u2014 Tabatinga \u00e9 um fascinante centro multicultural. Essa cidade fronteiri\u00e7a \u00e9 um exemplo de como diferentes costumes podem coexistir, apresentando uma colcha de retalhos cultural que impressiona seus visitantes.<\/p>\n\n\n\n<p>Os turistas em Tabatinga encontram n\u00e3o s\u00f3 as belezas naturais da regi\u00e3o amaz\u00f4nica, mas tamb\u00e9m uma vibrante cena comercial que resulta de sua posi\u00e7\u00e3o \u00fanica na tr\u00edplice fronteira.<\/p>\n\n\n\n<figure class=\"wp-block-image size-large\"><img loading=\"lazy\" decoding=\"async\" width=\"1024\" height=\"576\" src=\"https:\/\/www.em.com.br\/emfoco\/wp-content\/uploads\/2024\/12\/Tabatinga_1733223690567-1024x576.jpg\" alt=\"O Que a Capital Amaz\u00f4nica N\u00e3o Quer Que Voc\u00ea Saiba!\" class=\"wp-image-2913\" srcset=\"https:\/\/www.em.com.br\/emfoco\/wp-content\/uploads\/2024\/12\/Tabatinga_1733223690567-1024x576.jpg 1024w, https:\/\/www.em.com.br\/emfoco\/wp-content\/uploads\/2024\/12\/Tabatinga_1733223690567-300x169.jpg 300w, https:\/\/www.em.com.br\/emfoco\/wp-content\/uploads\/2024\/12\/Tabatinga_1733223690567-768x432.jpg 768w, https:\/\/www.em.com.br\/emfoco\/wp-content\/uploads\/2024\/12\/Tabatinga_1733223690567-750x422.jpg 750w, https:\/\/www.em.com.br\/emfoco\/wp-content\/uploads\/2024\/12\/Tabatinga_1733223690567-1140x641.jpg 1140w, https:\/\/www.em.com.br\/emfoco\/wp-content\/uploads\/2024\/12\/Tabatinga_1733223690567.jpg 1280w\" sizes=\"auto, (max-width: 1024px) 100vw, 1024px\" \/><figcaption class=\"wp-element-caption\">Tabatinga &#8211; Cr\u00e9ditos: depositphotos.com \/ CarlosMora<\/figcaption><\/figure>\n\n\n\n<h2 class=\"wp-block-heading\">S\u00e3o Gabriel da Cachoeira: Guardi\u00e3 da Heran\u00e7a Ind\u00edgena<\/h2>\n\n\n\n<p>No Alto Rio Negro, S\u00e3o Gabriel da Cachoeira \u00e9 um basti\u00e3o de culturas ind\u00edgenas. A cidade se destaca pela diversidade lingu\u00edstica, onde v\u00e1rias l\u00ednguas nativas ainda s\u00e3o faladas, preservando uma rica heran\u00e7a cultural.<\/p>\n\n\n\n<p>Rodeada por montanhas e rios, S\u00e3o Gabriel oferece paisagens deslumbrantes e uma oportunidade de vivenciar tradi\u00e7\u00f5es ind\u00edgenas em um ambiente natural preservado, tornando-a um destino singular no Amazonas.<\/p>\n\n\n\n<figure class=\"wp-block-image size-full\"><img loading=\"lazy\" decoding=\"async\" width=\"1024\" height=\"577\" src=\"https:\/\/www.em.com.br\/emfoco\/wp-content\/uploads\/2024\/12\/image-8-e1733223803915.png\" alt=\"O Que a Capital Amaz\u00f4nica N\u00e3o Quer Que Voc\u00ea Saiba!\" class=\"wp-image-2914\" srcset=\"https:\/\/www.em.com.br\/emfoco\/wp-content\/uploads\/2024\/12\/image-8-e1733223803915.png 1024w, https:\/\/www.em.com.br\/emfoco\/wp-content\/uploads\/2024\/12\/image-8-e1733223803915-300x169.png 300w, https:\/\/www.em.com.br\/emfoco\/wp-content\/uploads\/2024\/12\/image-8-e1733223803915-768x433.png 768w, https:\/\/www.em.com.br\/emfoco\/wp-content\/uploads\/2024\/12\/image-8-e1733223803915-750x423.png 750w\" sizes=\"auto, (max-width: 1024px) 100vw, 1024px\" \/><figcaption class=\"wp-element-caption\">S\u00e3o Gabriel da Cachoeira &#8211; Cr\u00e9ditos: Wikimedia Commons<\/figcaption><\/figure>\n\n\n\n<p>Explorar as cidades do Amazonas \u00e9 mais do que uma jornada geogr\u00e1fica; \u00e9 uma imers\u00e3o nas tradi\u00e7\u00f5es, hist\u00f3rias e naturezas que formam o cora\u00e7\u00e3o deste exuberante estado. Cada cidade, com sua individualidade, contribui para o mosaico que faz do Amazonas um lugar verdadeiramente especial.<\/p>\n","protected":false},"excerpt":{"rendered":"<p>O estado do Amazonas, localizado na regi\u00e3o Norte do Brasil, \u00e9 amplamente conhecido por sua vasta floresta e imensa biodiversidade. No entanto, as cidades desse estado reservam surpresas extraordin\u00e1rias com suas ricas culturas locais e uma forte liga\u00e7\u00e3o com a natureza. Vamos explorar algumas das cidades mais importantes do Amazonas. Com caracter\u00edsticas distintas, essas cidades [&hellip;]<\/p>\n","protected":false},"author":5,"featured_media":2915,"comment_status":"open","ping_status":"open","sticky":false,"template":"","format":"standard","meta":{"jnews-multi-image_gallery":[],"jnews_single_post":{"format":"standard"},"jnews_primary_category":[],"jnews_social_meta":[],"jnews_override_counter":[],"footnotes":""},"categories":[26,1],"tags":[1443,158,210,157],"class_list":["post-2907","post","type-post","status-publish","format-standard","has-post-thumbnail","hentry","category-cidades","category-noticias","tag-amazonica","tag-brasil","tag-manaus","tag-turismo"],"yoast_head":"<!-- This site is optimized with the Yoast SEO plugin v23.8 - https:\/\/yoast.com\/wordpress\/plugins\/seo\/ -->\n<title>O Que a Capital Amaz\u00f4nica N\u00e3o Quer Que Voc\u00ea Saiba! - Estado de Minas - Em foco<\/title>\n<meta name=\"description\" content=\"Mergulhe nas profundezas da Amaz\u00f4nia! Descubra as cidades que comp\u00f5em esse para\u00edso natural, desde a vibrante Manaus at\u00e9 a pacata Tef\u00e9.\" \/>\n<meta name=\"robots\" content=\"index, follow, max-snippet:-1, max-image-preview:large, max-video-preview:-1\" \/>\n<link rel=\"canonical\" href=\"https:\/\/www.em.com.br\/emfoco\/2024\/12\/08\/o-que-a-capital-amazonica-nao-quer-que-voce-saiba\/\" \/>\n<meta property=\"og:locale\" content=\"pt_BR\" \/>\n<meta property=\"og:type\" content=\"article\" \/>\n<meta property=\"og:title\" content=\"O Que a Capital Amaz\u00f4nica N\u00e3o Quer Que Voc\u00ea Saiba! - Estado de Minas - Em foco\" \/>\n<meta property=\"og:description\" content=\"Mergulhe nas profundezas da Amaz\u00f4nia! Descubra as cidades que comp\u00f5em esse para\u00edso natural, desde a vibrante Manaus at\u00e9 a pacata Tef\u00e9.\" \/>\n<meta property=\"og:url\" content=\"https:\/\/www.em.com.br\/emfoco\/2024\/12\/08\/o-que-a-capital-amazonica-nao-quer-que-voce-saiba\/\" \/>\n<meta property=\"og:site_name\" content=\"Estado de Minas - Em foco\" \/>\n<meta property=\"article:published_time\" content=\"2024-12-08T15:20:00+00:00\" \/>\n<meta property=\"article:modified_time\" content=\"2024-12-03T20:38:11+00:00\" \/>\n<meta property=\"og:image\" content=\"https:\/\/www.em.com.br\/emfoco\/wp-content\/uploads\/2024\/12\/Amazonas-brasil_1733223922426.jpg\" \/>\n\t<meta property=\"og:image:width\" content=\"1280\" \/>\n\t<meta property=\"og:image:height\" content=\"720\" \/>\n\t<meta property=\"og:image:type\" content=\"image\/jpeg\" \/>\n<meta name=\"author\" content=\"N\u00fabia Rangel\" \/>\n<meta name=\"twitter:card\" content=\"summary_large_image\" \/>\n<meta name=\"twitter:label1\" content=\"Escrito por\" \/>\n\t<meta name=\"twitter:data1\" content=\"N\u00fabia Rangel\" \/>\n\t<meta name=\"twitter:label2\" content=\"Est. tempo de leitura\" \/>\n\t<meta name=\"twitter:data2\" content=\"5 minutos\" \/>\n<!-- \/ Yoast SEO plugin. -->","yoast_head_json":{"title":"O Que a Capital Amaz\u00f4nica N\u00e3o Quer Que Voc\u00ea Saiba! - Estado de Minas - Em foco","description":"Mergulhe nas profundezas da Amaz\u00f4nia! Descubra as cidades que comp\u00f5em esse para\u00edso natural, desde a vibrante Manaus at\u00e9 a pacata Tef\u00e9.","robots":{"index":"index","follow":"follow","max-snippet":"max-snippet:-1","max-image-preview":"max-image-preview:large","max-video-preview":"max-video-preview:-1"},"canonical":"https:\/\/www.em.com.br\/emfoco\/2024\/12\/08\/o-que-a-capital-amazonica-nao-quer-que-voce-saiba\/","og_locale":"pt_BR","og_type":"article","og_title":"O Que a Capital Amaz\u00f4nica N\u00e3o Quer Que Voc\u00ea Saiba! - Estado de Minas - Em foco","og_description":"Mergulhe nas profundezas da Amaz\u00f4nia! Descubra as cidades que comp\u00f5em esse para\u00edso natural, desde a vibrante Manaus at\u00e9 a pacata Tef\u00e9.","og_url":"https:\/\/www.em.com.br\/emfoco\/2024\/12\/08\/o-que-a-capital-amazonica-nao-quer-que-voce-saiba\/","og_site_name":"Estado de Minas - Em foco","article_published_time":"2024-12-08T15:20:00+00:00","article_modified_time":"2024-12-03T20:38:11+00:00","og_image":[{"width":1280,"height":720,"url":"https:\/\/www.em.com.br\/emfoco\/wp-content\/uploads\/2024\/12\/Amazonas-brasil_1733223922426.jpg","type":"image\/jpeg"}],"author":"N\u00fabia Rangel","twitter_card":"summary_large_image","twitter_misc":{"Escrito por":"N\u00fabia Rangel","Est. tempo de leitura":"5 minutos"},"schema":{"@context":"https:\/\/schema.org","@graph":[{"@type":"WebPage","@id":"https:\/\/www.em.com.br\/emfoco\/2024\/12\/08\/o-que-a-capital-amazonica-nao-quer-que-voce-saiba\/","url":"https:\/\/www.em.com.br\/emfoco\/2024\/12\/08\/o-que-a-capital-amazonica-nao-quer-que-voce-saiba\/","name":"O Que a Capital Amaz\u00f4nica N\u00e3o Quer Que Voc\u00ea Saiba! - Estado de Minas - Em foco","isPartOf":{"@id":"https:\/\/www.em.com.br\/emfoco\/#website"},"primaryImageOfPage":{"@id":"https:\/\/www.em.com.br\/emfoco\/2024\/12\/08\/o-que-a-capital-amazonica-nao-quer-que-voce-saiba\/#primaryimage"},"image":{"@id":"https:\/\/www.em.com.br\/emfoco\/2024\/12\/08\/o-que-a-capital-amazonica-nao-quer-que-voce-saiba\/#primaryimage"},"thumbnailUrl":"https:\/\/www.em.com.br\/emfoco\/wp-content\/uploads\/2024\/12\/Amazonas-brasil_1733223922426.jpg","datePublished":"2024-12-08T15:20:00+00:00","dateModified":"2024-12-03T20:38:11+00:00","author":{"@id":"https:\/\/www.em.com.br\/emfoco\/#\/schema\/person\/524437ef54f8a5d32591b143307f2e20"},"description":"Mergulhe nas profundezas da Amaz\u00f4nia! Descubra as cidades que comp\u00f5em esse para\u00edso natural, desde a vibrante Manaus at\u00e9 a pacata Tef\u00e9.","breadcrumb":{"@id":"https:\/\/www.em.com.br\/emfoco\/2024\/12\/08\/o-que-a-capital-amazonica-nao-quer-que-voce-saiba\/#breadcrumb"},"inLanguage":"pt-BR","potentialAction":[{"@type":"ReadAction","target":["https:\/\/www.em.com.br\/emfoco\/2024\/12\/08\/o-que-a-capital-amazonica-nao-quer-que-voce-saiba\/"]}]},{"@type":"ImageObject","inLanguage":"pt-BR","@id":"https:\/\/www.em.com.br\/emfoco\/2024\/12\/08\/o-que-a-capital-amazonica-nao-quer-que-voce-saiba\/#primaryimage","url":"https:\/\/www.em.com.br\/emfoco\/wp-content\/uploads\/2024\/12\/Amazonas-brasil_1733223922426.jpg","contentUrl":"https:\/\/www.em.com.br\/emfoco\/wp-content\/uploads\/2024\/12\/Amazonas-brasil_1733223922426.jpg","width":1280,"height":720,"caption":"Amazonas - Cr\u00e9ditos: depositphotos.com \/ gustavofrazao"},{"@type":"BreadcrumbList","@id":"https:\/\/www.em.com.br\/emfoco\/2024\/12\/08\/o-que-a-capital-amazonica-nao-quer-que-voce-saiba\/#breadcrumb","itemListElement":[{"@type":"ListItem","position":1,"name":"In\u00edcio","item":"https:\/\/www.em.com.br\/emfoco\/"},{"@type":"ListItem","position":2,"name":"O Que a Capital Amaz\u00f4nica N\u00e3o Quer Que Voc\u00ea Saiba!"}]},{"@type":"WebSite","@id":"https:\/\/www.em.com.br\/emfoco\/#website","url":"https:\/\/www.em.com.br\/emfoco\/","name":"Estado de Minas - Em foco","description":"Acompanhe as \u00faltimas not\u00edcias e fique bem informado sobre tudo o que acontece em Minas Gerais, Brasil e no mundo.","potentialAction":[{"@type":"SearchAction","target":{"@type":"EntryPoint","urlTemplate":"https:\/\/www.em.com.br\/emfoco\/?s={search_term_string}"},"query-input":{"@type":"PropertyValueSpecification","valueRequired":true,"valueName":"search_term_string"}}],"inLanguage":"pt-BR"},{"@type":"Person","@id":"https:\/\/www.em.com.br\/emfoco\/#\/schema\/person\/524437ef54f8a5d32591b143307f2e20","name":"N\u00fabia Rangel","image":{"@type":"ImageObject","inLanguage":"pt-BR","@id":"https:\/\/www.em.com.br\/emfoco\/#\/schema\/person\/image\/","url":"https:\/\/secure.gravatar.com\/avatar\/47cff2827a5ba23c37e8068c86817ea4?s=96&d=mm&r=g","contentUrl":"https:\/\/secure.gravatar.com\/avatar\/47cff2827a5ba23c37e8068c86817ea4?s=96&d=mm&r=g","caption":"N\u00fabia Rangel"},"sameAs":["https:\/\/www.em.com.br\/emfoco\/"],"url":"https:\/\/www.em.com.br\/emfoco\/author\/nubiamyth\/"}]}},"_links":{"self":[{"href":"https:\/\/www.em.com.br\/emfoco\/wp-json\/wp\/v2\/posts\/2907","targetHints":{"allow":["GET"]}}],"collection":[{"href":"https:\/\/www.em.com.br\/emfoco\/wp-json\/wp\/v2\/posts"}],"about":[{"href":"https:\/\/www.em.com.br\/emfoco\/wp-json\/wp\/v2\/types\/post"}],"author":[{"embeddable":true,"href":"https:\/\/www.em.com.br\/emfoco\/wp-json\/wp\/v2\/users\/5"}],"replies":[{"embeddable":true,"href":"https:\/\/www.em.com.br\/emfoco\/wp-json\/wp\/v2\/comments?post=2907"}],"version-history":[{"count":3,"href":"https:\/\/www.em.com.br\/emfoco\/wp-json\/wp\/v2\/posts\/2907\/revisions"}],"predecessor-version":[{"id":2916,"href":"https:\/\/www.em.com.br\/emfoco\/wp-json\/wp\/v2\/posts\/2907\/revisions\/2916"}],"wp:featuredmedia":[{"embeddable":true,"href":"https:\/\/www.em.com.br\/emfoco\/wp-json\/wp\/v2\/media\/2915"}],"wp:attachment":[{"href":"https:\/\/www.em.com.br\/emfoco\/wp-json\/wp\/v2\/media?parent=2907"}],"wp:term":[{"taxonomy":"category","embeddable":true,"href":"https:\/\/www.em.com.br\/emfoco\/wp-json\/wp\/v2\/categories?post=2907"},{"taxonomy":"post_tag","embeddable":true,"href":"https:\/\/www.em.com.br\/emfoco\/wp-json\/wp\/v2\/tags?post=2907"}],"curies":[{"name":"wp","href":"https:\/\/api.w.org\/{rel}","templated":true}]}}