{"id":29040,"date":"2025-03-16T14:40:56","date_gmt":"2025-03-16T17:40:56","guid":{"rendered":"https:\/\/www.em.com.br\/emfoco\/?p=29040"},"modified":"2025-03-15T18:24:23","modified_gmt":"2025-03-15T21:24:23","slug":"o-fascinante-mundo-das-plantas-raras-e-sua-importancia-para-a-biodiversidade","status":"publish","type":"post","link":"https:\/\/www.em.com.br\/emfoco\/2025\/03\/16\/o-fascinante-mundo-das-plantas-raras-e-sua-importancia-para-a-biodiversidade\/","title":{"rendered":"O fascinante mundo das plantas raras e sua import\u00e2ncia para a biodiversidade"},"content":{"rendered":"\n<p>A biodiversidade oculta representa um universo fascinante de plantas raras e desconhecidas que est\u00e3o sendo redescobertas. Nos \u00faltimos anos, a <strong>ci\u00eancia tem feito avan\u00e7os significativos na identifica\u00e7\u00e3o e cataloga\u00e7\u00e3o dessas esp\u00e9cies<\/strong>, muitas vezes encontradas em ecossistemas inexplorados. A redescoberta dessas plantas n\u00e3o apenas enriquece nosso conhecimento bot\u00e2nico, mas tamb\u00e9m destaca a import\u00e2ncia da conserva\u00e7\u00e3o vegetal.<\/p>\n\n\n\n<p>O interesse por plantas raras e esp\u00e9cies redescobertas tem crescido entre <strong>bot\u00e2nicos<\/strong>, <strong>ambientalistas<\/strong> e <strong>cientistas<\/strong>. Essas plantas, muitas vezes consideradas extintas, s\u00e3o fundamentais para a preserva\u00e7\u00e3o dos ecossistemas e podem oferecer novas perspectivas para a ci\u00eancia e a medicina. Al\u00e9m disso, a explora\u00e7\u00e3o bot\u00e2nica desses biomas amea\u00e7ados revela a <strong>necessidade urgente de proteger a flora desconhecida<\/strong>.<\/p>\n\n\n\n<h2 class=\"wp-block-heading\">O que \u00e9 biodiversidade oculta e por que algumas plantas permanecem desconhecidas?<\/h2>\n\n\n\n<p>A biodiversidade oculta refere-se a esp\u00e9cies vegetais que, por diversos motivos, permanecem fora do radar cient\u00edfico. Muitas dessas plantas habitam regi\u00f5es remotas ou ecossistemas pouco estudados, o que dificulta sua identifica\u00e7\u00e3o e cataloga\u00e7\u00e3o. Fatores como <strong>mudan\u00e7as clim\u00e1ticas<\/strong>, desmatamento e atividades humanas tamb\u00e9m contribuem para o desaparecimento ou oculta\u00e7\u00e3o dessas esp\u00e9cies.<\/p>\n\n\n\n<p>Al\u00e9m disso, a falta de recursos e de tecnologias avan\u00e7adas para a explora\u00e7\u00e3o bot\u00e2nica em algumas regi\u00f5es impede que pesquisadores alcancem \u00e1reas onde essas plantas possam estar escondidas. A redescoberta de <a href=\"https:\/\/www.em.com.br\/emfoco\/2025\/03\/15\/biofilmes-na-agricultura-urbana-um-novo-caminho-para-o-cultivo-em-espacos-pequenos\/\" target=\"_blank\" rel=\"noreferrer noopener\">plantas <\/a>raras, portanto, depende de esfor\u00e7os conjuntos de cientistas, conservacionistas e comunidades locais.<\/p>\n\n\n\n<h2 class=\"wp-block-heading\">As plantas mais raras j\u00e1 redescobertas pela ci\u00eancia nos \u00faltimos anos<\/h2>\n\n\n\n<p>Nos \u00faltimos anos, v\u00e1rias plantas que se pensavam extintas foram redescobertas, trazendo esperan\u00e7a para a conserva\u00e7\u00e3o da biodiversidade. Um exemplo not\u00e1vel \u00e9 a <strong><em>Wollemia nobilis<\/em><\/strong>, uma esp\u00e9cie de <strong>pinheiro<\/strong> considerada extinta at\u00e9 ser encontrada em um vale remoto na <strong>Austr\u00e1lia<\/strong>. Outro caso \u00e9 o da <a href=\"https:\/\/www.escoladebotanica.com.br\/post\/flor-cadaver\" target=\"_blank\" rel=\"noopener\"><em>Amorphophallus titanum<\/em><\/a>, conhecida como flor-cad\u00e1ver, redescoberta em Sumatra.<\/p>\n\n\n\n<p>Essas redescobertas n\u00e3o apenas ampliam nosso conhecimento sobre a flora global, mas tamb\u00e9m destacam a resili\u00eancia das plantas em face das adversidades. A ci\u00eancia continua a investigar essas esp\u00e9cies para entender melhor suas caracter\u00edsticas \u00fanicas e seu papel nos ecossistemas.<\/p>\n\n\n<div class=\"wp-block-image\">\n<figure class=\"aligncenter size-large\"><img loading=\"lazy\" decoding=\"async\" width=\"1024\" height=\"576\" src=\"https:\/\/www.em.com.br\/emfoco\/wp-content\/uploads\/2025\/03\/plantas-raras_1742052822981-1024x576.jpg\" alt=\"O fascinante mundo das plantas raras e sua import\u00e2ncia para a biodiversidade\" class=\"wp-image-29053\" srcset=\"https:\/\/www.em.com.br\/emfoco\/wp-content\/uploads\/2025\/03\/plantas-raras_1742052822981-1024x576.jpg 1024w, https:\/\/www.em.com.br\/emfoco\/wp-content\/uploads\/2025\/03\/plantas-raras_1742052822981-300x169.jpg 300w, https:\/\/www.em.com.br\/emfoco\/wp-content\/uploads\/2025\/03\/plantas-raras_1742052822981-768x432.jpg 768w, https:\/\/www.em.com.br\/emfoco\/wp-content\/uploads\/2025\/03\/plantas-raras_1742052822981-750x422.jpg 750w, https:\/\/www.em.com.br\/emfoco\/wp-content\/uploads\/2025\/03\/plantas-raras_1742052822981-1140x641.jpg 1140w, https:\/\/www.em.com.br\/emfoco\/wp-content\/uploads\/2025\/03\/plantas-raras_1742052822981.jpg 1280w\" sizes=\"auto, (max-width: 1024px) 100vw, 1024px\" \/><figcaption class=\"wp-element-caption\">Flores &#8211; Cr\u00e9ditos: depositphotos.com \/ opakauafm<\/figcaption><\/figure><\/div>\n\n\n<h2 class=\"wp-block-heading\">Como pesquisadores encontram esp\u00e9cies vegetais que se pensavam extintas?<\/h2>\n\n\n\n<p>O processo de redescoberta de plantas envolve uma combina\u00e7\u00e3o de<strong> t\u00e9cnicas tradicionais e tecnologias modernas<\/strong>. Pesquisadores frequentemente realizam expedi\u00e7\u00f5es a \u00e1reas remotas, utilizando mapas antigos e relatos de comunidades locais para localizar poss\u00edveis habitats dessas esp\u00e9cies. A tecnologia de sensoriamento remoto e <strong>drones<\/strong> tamb\u00e9m tem sido empregada para explorar \u00e1reas de dif\u00edcil acesso.<\/p>\n\n\n\n<p>Al\u00e9m disso, colabora\u00e7\u00f5es internacionais e o compartilhamento de dados entre institui\u00e7\u00f5es cient\u00edficas t\u00eam facilitado a identifica\u00e7\u00e3o de plantas raras. Bancos de sementes desempenham um papel crucial, preservando material gen\u00e9tico que pode ser utilizado para reintroduzir esp\u00e9cies em seus habitats naturais.<\/p>\n\n\n\n<h2 class=\"wp-block-heading\">A import\u00e2ncia dos bancos de sementes na preserva\u00e7\u00e3o da biodiversidade<\/h2>\n\n\n\n<p>Bancos de sementes s\u00e3o fundamentais para a conserva\u00e7\u00e3o da biodiversidade oculta. Eles armazenam sementes de plantas raras e amea\u00e7adas, garantindo que o material gen\u00e9tico esteja dispon\u00edvel para futuras gera\u00e7\u00f5es. Essa pr\u00e1tica n\u00e3o s\u00f3 protege as esp\u00e9cies da extin\u00e7\u00e3o, mas tamb\u00e9m possibilita a pesquisa cient\u00edfica e a restaura\u00e7\u00e3o de ecossistemas degradados.<\/p>\n\n\n\n<p>Essas institui\u00e7\u00f5es trabalham em conjunto com pesquisadores e conservacionistas para identificar esp\u00e9cies priorit\u00e1rias para a coleta de sementes. A colabora\u00e7\u00e3o global \u00e9 essencial para enfrentar os desafios da conserva\u00e7\u00e3o vegetal em um mundo em constante mudan\u00e7a.<\/p>\n\n\n\n<h2 class=\"wp-block-heading\">Casos emblem\u00e1ticos de plantas redescobertas e seu impacto ecol\u00f3gico<\/h2>\n\n\n\n<p>Redescobertas de plantas emblem\u00e1ticas t\u00eam um impacto significativo na ecologia e na conserva\u00e7\u00e3o. A reintrodu\u00e7\u00e3o de esp\u00e9cies como a <strong><em>Franklinia alatamaha<\/em><\/strong>, que n\u00e3o \u00e9 vista na natureza desde o <strong>s\u00e9culo XVIII<\/strong>, pode ajudar a restaurar ecossistemas e aumentar a biodiversidade local. Essas plantas tamb\u00e9m oferecem oportunidades para estudos sobre adapta\u00e7\u00e3o e resili\u00eancia.<\/p>\n\n\n\n<p>Al\u00e9m disso, a redescoberta de plantas raras pode inspirar pol\u00edticas de conserva\u00e7\u00e3o mais eficazes e aumentar a conscientiza\u00e7\u00e3o p\u00fablica sobre a import\u00e2ncia da biodiversidade. A ci\u00eancia continua a explorar essas descobertas para entender melhor o papel das plantas na sa\u00fade dos ecossistemas.<\/p>\n\n\n\n<h2 class=\"wp-block-heading\">O futuro da explora\u00e7\u00e3o bot\u00e2nica e a conserva\u00e7\u00e3o de plantas amea\u00e7adas<\/h2>\n\n\n\n<p>O futuro da explora\u00e7\u00e3o bot\u00e2nica depende de esfor\u00e7os cont\u00ednuos para proteger e estudar plantas amea\u00e7adas. Iniciativas de conserva\u00e7\u00e3o, como a cria\u00e7\u00e3o de \u00e1reas protegidas e a restaura\u00e7\u00e3o de habitats, s\u00e3o essenciais para garantir a sobreviv\u00eancia dessas esp\u00e9cies. A educa\u00e7\u00e3o e o engajamento das comunidades locais tamb\u00e9m s\u00e3o fundamentais para o sucesso dessas iniciativas.<\/p>\n\n\n\n<p>Com o avan\u00e7o das tecnologias e a crescente colabora\u00e7\u00e3o internacional, a ci\u00eancia est\u00e1 mais bem equipada do que nunca para enfrentar os desafios da conserva\u00e7\u00e3o vegetal. A explora\u00e7\u00e3o bot\u00e2nica continuar\u00e1 a desempenhar um papel crucial na prote\u00e7\u00e3o da biodiversidade oculta e na garantia de um futuro sustent\u00e1vel para o planeta.<\/p>\n","protected":false},"excerpt":{"rendered":"<p>A biodiversidade oculta representa um universo fascinante de plantas raras e desconhecidas que est\u00e3o sendo redescobertas. Nos \u00faltimos anos, a ci\u00eancia tem feito avan\u00e7os significativos na identifica\u00e7\u00e3o e cataloga\u00e7\u00e3o dessas esp\u00e9cies, muitas vezes encontradas em ecossistemas inexplorados. A redescoberta dessas plantas n\u00e3o apenas enriquece nosso conhecimento bot\u00e2nico, mas tamb\u00e9m destaca a import\u00e2ncia da conserva\u00e7\u00e3o vegetal. [&hellip;]<\/p>\n","protected":false},"author":9,"featured_media":29051,"comment_status":"open","ping_status":"open","sticky":false,"template":"","format":"standard","meta":{"jnews-multi-image_gallery":[],"jnews_single_post":{"format":"standard"},"jnews_primary_category":[],"jnews_social_meta":[],"jnews_override_counter":[],"footnotes":""},"categories":[29,1],"tags":[1366,6308,6306,6307],"class_list":["post-29040","post","type-post","status-publish","format-standard","has-post-thumbnail","hentry","category-entretenimento","category-noticias","tag-biodiversidade","tag-conservacao","tag-plantas-raras","tag-redescoberta"],"yoast_head":"<!-- This site is optimized with the Yoast SEO plugin v23.8 - https:\/\/yoast.com\/wordpress\/plugins\/seo\/ -->\n<title>O fascinante mundo das plantas raras e sua import\u00e2ncia para a biodiversidade<\/title>\n<meta name=\"description\" content=\"Plantas redescobertas revelam o valor da biodiversidade oculta e a urg\u00eancia da conserva\u00e7\u00e3o vegetal em um cen\u00e1rio de mudan\u00e7as ambientais.\" \/>\n<meta name=\"robots\" content=\"index, follow, max-snippet:-1, max-image-preview:large, max-video-preview:-1\" \/>\n<link rel=\"canonical\" href=\"https:\/\/www.em.com.br\/emfoco\/2025\/03\/16\/o-fascinante-mundo-das-plantas-raras-e-sua-importancia-para-a-biodiversidade\/\" \/>\n<meta property=\"og:locale\" content=\"pt_BR\" \/>\n<meta property=\"og:type\" content=\"article\" \/>\n<meta property=\"og:title\" content=\"O fascinante mundo das plantas raras e sua import\u00e2ncia para a biodiversidade\" \/>\n<meta property=\"og:description\" content=\"Plantas redescobertas revelam o valor da biodiversidade oculta e a urg\u00eancia da conserva\u00e7\u00e3o vegetal em um cen\u00e1rio de mudan\u00e7as ambientais.\" \/>\n<meta property=\"og:url\" content=\"https:\/\/www.em.com.br\/emfoco\/2025\/03\/16\/o-fascinante-mundo-das-plantas-raras-e-sua-importancia-para-a-biodiversidade\/\" \/>\n<meta property=\"og:site_name\" content=\"Estado de Minas - Em foco\" \/>\n<meta property=\"article:published_time\" content=\"2025-03-16T17:40:56+00:00\" \/>\n<meta property=\"article:modified_time\" content=\"2025-03-15T21:24:23+00:00\" \/>\n<meta property=\"og:image\" content=\"https:\/\/www.em.com.br\/emfoco\/wp-content\/uploads\/2025\/03\/plantas-raras_1742051709659.jpg\" \/>\n\t<meta property=\"og:image:width\" content=\"1280\" \/>\n\t<meta property=\"og:image:height\" content=\"720\" \/>\n\t<meta property=\"og:image:type\" content=\"image\/jpeg\" \/>\n<meta name=\"author\" content=\"Daniely Cardoso\" \/>\n<meta name=\"twitter:card\" content=\"summary_large_image\" \/>\n<meta name=\"twitter:label1\" content=\"Escrito por\" \/>\n\t<meta name=\"twitter:data1\" content=\"Daniely Cardoso\" \/>\n\t<meta name=\"twitter:label2\" content=\"Est. tempo de leitura\" \/>\n\t<meta name=\"twitter:data2\" content=\"5 minutos\" \/>\n<!-- \/ Yoast SEO plugin. -->","yoast_head_json":{"title":"O fascinante mundo das plantas raras e sua import\u00e2ncia para a biodiversidade","description":"Plantas redescobertas revelam o valor da biodiversidade oculta e a urg\u00eancia da conserva\u00e7\u00e3o vegetal em um cen\u00e1rio de mudan\u00e7as ambientais.","robots":{"index":"index","follow":"follow","max-snippet":"max-snippet:-1","max-image-preview":"max-image-preview:large","max-video-preview":"max-video-preview:-1"},"canonical":"https:\/\/www.em.com.br\/emfoco\/2025\/03\/16\/o-fascinante-mundo-das-plantas-raras-e-sua-importancia-para-a-biodiversidade\/","og_locale":"pt_BR","og_type":"article","og_title":"O fascinante mundo das plantas raras e sua import\u00e2ncia para a biodiversidade","og_description":"Plantas redescobertas revelam o valor da biodiversidade oculta e a urg\u00eancia da conserva\u00e7\u00e3o vegetal em um cen\u00e1rio de mudan\u00e7as ambientais.","og_url":"https:\/\/www.em.com.br\/emfoco\/2025\/03\/16\/o-fascinante-mundo-das-plantas-raras-e-sua-importancia-para-a-biodiversidade\/","og_site_name":"Estado de Minas - Em foco","article_published_time":"2025-03-16T17:40:56+00:00","article_modified_time":"2025-03-15T21:24:23+00:00","og_image":[{"width":1280,"height":720,"url":"https:\/\/www.em.com.br\/emfoco\/wp-content\/uploads\/2025\/03\/plantas-raras_1742051709659.jpg","type":"image\/jpeg"}],"author":"Daniely Cardoso","twitter_card":"summary_large_image","twitter_misc":{"Escrito por":"Daniely Cardoso","Est. tempo de leitura":"5 minutos"},"schema":{"@context":"https:\/\/schema.org","@graph":[{"@type":"WebPage","@id":"https:\/\/www.em.com.br\/emfoco\/2025\/03\/16\/o-fascinante-mundo-das-plantas-raras-e-sua-importancia-para-a-biodiversidade\/","url":"https:\/\/www.em.com.br\/emfoco\/2025\/03\/16\/o-fascinante-mundo-das-plantas-raras-e-sua-importancia-para-a-biodiversidade\/","name":"O fascinante mundo das plantas raras e sua import\u00e2ncia para a biodiversidade","isPartOf":{"@id":"https:\/\/www.em.com.br\/emfoco\/#website"},"primaryImageOfPage":{"@id":"https:\/\/www.em.com.br\/emfoco\/2025\/03\/16\/o-fascinante-mundo-das-plantas-raras-e-sua-importancia-para-a-biodiversidade\/#primaryimage"},"image":{"@id":"https:\/\/www.em.com.br\/emfoco\/2025\/03\/16\/o-fascinante-mundo-das-plantas-raras-e-sua-importancia-para-a-biodiversidade\/#primaryimage"},"thumbnailUrl":"https:\/\/www.em.com.br\/emfoco\/wp-content\/uploads\/2025\/03\/plantas-raras_1742051709659.jpg","datePublished":"2025-03-16T17:40:56+00:00","dateModified":"2025-03-15T21:24:23+00:00","author":{"@id":"https:\/\/www.em.com.br\/emfoco\/#\/schema\/person\/0a8186d72f2c3a5c6276d90b41f271a0"},"description":"Plantas redescobertas revelam o valor da biodiversidade oculta e a urg\u00eancia da conserva\u00e7\u00e3o vegetal em um cen\u00e1rio de mudan\u00e7as ambientais.","breadcrumb":{"@id":"https:\/\/www.em.com.br\/emfoco\/2025\/03\/16\/o-fascinante-mundo-das-plantas-raras-e-sua-importancia-para-a-biodiversidade\/#breadcrumb"},"inLanguage":"pt-BR","potentialAction":[{"@type":"ReadAction","target":["https:\/\/www.em.com.br\/emfoco\/2025\/03\/16\/o-fascinante-mundo-das-plantas-raras-e-sua-importancia-para-a-biodiversidade\/"]}]},{"@type":"ImageObject","inLanguage":"pt-BR","@id":"https:\/\/www.em.com.br\/emfoco\/2025\/03\/16\/o-fascinante-mundo-das-plantas-raras-e-sua-importancia-para-a-biodiversidade\/#primaryimage","url":"https:\/\/www.em.com.br\/emfoco\/wp-content\/uploads\/2025\/03\/plantas-raras_1742051709659.jpg","contentUrl":"https:\/\/www.em.com.br\/emfoco\/wp-content\/uploads\/2025\/03\/plantas-raras_1742051709659.jpg","width":1280,"height":720,"caption":"Homem na natureza - Cr\u00e9ditos: depositphotos.com \/ NeyroM"},{"@type":"BreadcrumbList","@id":"https:\/\/www.em.com.br\/emfoco\/2025\/03\/16\/o-fascinante-mundo-das-plantas-raras-e-sua-importancia-para-a-biodiversidade\/#breadcrumb","itemListElement":[{"@type":"ListItem","position":1,"name":"In\u00edcio","item":"https:\/\/www.em.com.br\/emfoco\/"},{"@type":"ListItem","position":2,"name":"O fascinante mundo das plantas raras e sua import\u00e2ncia para a biodiversidade"}]},{"@type":"WebSite","@id":"https:\/\/www.em.com.br\/emfoco\/#website","url":"https:\/\/www.em.com.br\/emfoco\/","name":"Estado de Minas - Em foco","description":"Acompanhe as \u00faltimas not\u00edcias e fique bem informado sobre tudo o que acontece em Minas Gerais, Brasil e no mundo.","potentialAction":[{"@type":"SearchAction","target":{"@type":"EntryPoint","urlTemplate":"https:\/\/www.em.com.br\/emfoco\/?s={search_term_string}"},"query-input":{"@type":"PropertyValueSpecification","valueRequired":true,"valueName":"search_term_string"}}],"inLanguage":"pt-BR"},{"@type":"Person","@id":"https:\/\/www.em.com.br\/emfoco\/#\/schema\/person\/0a8186d72f2c3a5c6276d90b41f271a0","name":"Daniely Cardoso","image":{"@type":"ImageObject","inLanguage":"pt-BR","@id":"https:\/\/www.em.com.br\/emfoco\/#\/schema\/person\/image\/","url":"https:\/\/secure.gravatar.com\/avatar\/4b80ddbd124d1f071b626d52d62e5dff?s=96&d=mm&r=g","contentUrl":"https:\/\/secure.gravatar.com\/avatar\/4b80ddbd124d1f071b626d52d62e5dff?s=96&d=mm&r=g","caption":"Daniely Cardoso"},"url":"https:\/\/www.em.com.br\/emfoco\/author\/danielymyth\/"}]}},"_links":{"self":[{"href":"https:\/\/www.em.com.br\/emfoco\/wp-json\/wp\/v2\/posts\/29040","targetHints":{"allow":["GET"]}}],"collection":[{"href":"https:\/\/www.em.com.br\/emfoco\/wp-json\/wp\/v2\/posts"}],"about":[{"href":"https:\/\/www.em.com.br\/emfoco\/wp-json\/wp\/v2\/types\/post"}],"author":[{"embeddable":true,"href":"https:\/\/www.em.com.br\/emfoco\/wp-json\/wp\/v2\/users\/9"}],"replies":[{"embeddable":true,"href":"https:\/\/www.em.com.br\/emfoco\/wp-json\/wp\/v2\/comments?post=29040"}],"version-history":[{"count":2,"href":"https:\/\/www.em.com.br\/emfoco\/wp-json\/wp\/v2\/posts\/29040\/revisions"}],"predecessor-version":[{"id":29054,"href":"https:\/\/www.em.com.br\/emfoco\/wp-json\/wp\/v2\/posts\/29040\/revisions\/29054"}],"wp:featuredmedia":[{"embeddable":true,"href":"https:\/\/www.em.com.br\/emfoco\/wp-json\/wp\/v2\/media\/29051"}],"wp:attachment":[{"href":"https:\/\/www.em.com.br\/emfoco\/wp-json\/wp\/v2\/media?parent=29040"}],"wp:term":[{"taxonomy":"category","embeddable":true,"href":"https:\/\/www.em.com.br\/emfoco\/wp-json\/wp\/v2\/categories?post=29040"},{"taxonomy":"post_tag","embeddable":true,"href":"https:\/\/www.em.com.br\/emfoco\/wp-json\/wp\/v2\/tags?post=29040"}],"curies":[{"name":"wp","href":"https:\/\/api.w.org\/{rel}","templated":true}]}}