{"id":29026,"date":"2025-03-15T10:00:07","date_gmt":"2025-03-15T13:00:07","guid":{"rendered":"https:\/\/www.em.com.br\/emfoco\/?p=29026"},"modified":"2025-03-15T10:00:07","modified_gmt":"2025-03-15T13:00:07","slug":"comunicado-para-quem-utiliza-cpf-ao-comprar-em-mercados-em-2025","status":"publish","type":"post","link":"https:\/\/www.em.com.br\/emfoco\/2025\/03\/15\/comunicado-para-quem-utiliza-cpf-ao-comprar-em-mercados-em-2025\/","title":{"rendered":"Comunicado para quem utiliza CPF ao comprar em mercados em 2025"},"content":{"rendered":"\n<p><strong>O programa \u201cCPF na Nota\u201d \u00e9 uma iniciativa que tem ganhado espa\u00e7o em diversos estados brasileiros<\/strong>, com o objetivo de estimular a emiss\u00e3o de notas fiscais e combater a sonega\u00e7\u00e3o de impostos. Ao incluir o CPF na nota fiscal, os consumidores contribuem para um sistema tribut\u00e1rio mais transparente e, em troca, podem receber benef\u00edcios financeiros. Essa pr\u00e1tica n\u00e3o s\u00f3 garante que os impostos sejam corretamente recolhidos, mas tamb\u00e9m promove uma cultura de cidadania fiscal. Al\u00e9m disso, desempenha um papel fundamental no fortalecimento da arrecada\u00e7\u00e3o de impostos, recursos essenciais para financiar servi\u00e7os p\u00fablicos como sa\u00fade, educa\u00e7\u00e3o e seguran\u00e7a.<\/p>\n\n\n\n<p>Al\u00e9m de fortalecer a fiscaliza\u00e7\u00e3o, o programa oferece vantagens diretas aos consumidores, como a participa\u00e7\u00e3o em sorteios e a acumula\u00e7\u00e3o de cr\u00e9ditos que podem ser utilizados de diferentes maneiras, conforme as regras de cada estado. Cada estado brasileiro possui suas pr\u00f3prias regras e benef\u00edcios, com varia\u00e7\u00f5es nas porcentagens de retorno e tipos de compras que geram cr\u00e9ditos.<\/p>\n\n\n\n<h2 class=\"wp-block-heading\">Como verificar os cr\u00e9ditos do programa?<\/h2>\n\n\n\n<p>Para acessar os cr\u00e9ditos acumulados no programa \u201cCPF na Nota\u201d, os consumidores devem visitar o portal oficial do programa em seu estado. O processo \u00e9 relativamente simples e pode variar um pouco de acordo com a localidade.<\/p>\n\n\n\n<p>Os passos geralmente incluem:<\/p>\n\n\n\n<ol class=\"wp-block-list\">\n<li>Acessar o site oficial do programa do estado;<\/li>\n\n\n\n<li>Fazer login com suas credenciais pessoais;<\/li>\n\n\n\n<li>Ir at\u00e9 a se\u00e7\u00e3o de consulta de cr\u00e9ditos;<\/li>\n\n\n\n<li>Verificar o saldo dispon\u00edvel e, se necess\u00e1rio, solicitar resgates ou transfer\u00eancias.<\/li>\n<\/ol>\n\n\n\n<p>Para facilitar o acesso e acompanhamento das notas fiscais, diversos estados disponibilizam aplicativos para celular, garantindo a seguran\u00e7a dos dados pessoais dos participantes e promovendo a transpar\u00eancia no uso das informa\u00e7\u00f5es.<\/p>\n\n\n\n<figure class=\"wp-block-image size-large\"><img loading=\"lazy\" decoding=\"async\" width=\"1024\" height=\"576\" src=\"https:\/\/www.em.com.br\/emfoco\/wp-content\/uploads\/2024\/12\/CPF_1735328129110-1024x576.jpg\" alt=\"Transforme suas compras em sorte: Entenda como o programa CPF na Nota funciona\" class=\"wp-image-7088\" srcset=\"https:\/\/www.em.com.br\/emfoco\/wp-content\/uploads\/2024\/12\/CPF_1735328129110-1024x576.jpg 1024w, https:\/\/www.em.com.br\/emfoco\/wp-content\/uploads\/2024\/12\/CPF_1735328129110-300x169.jpg 300w, https:\/\/www.em.com.br\/emfoco\/wp-content\/uploads\/2024\/12\/CPF_1735328129110-768x432.jpg 768w, https:\/\/www.em.com.br\/emfoco\/wp-content\/uploads\/2024\/12\/CPF_1735328129110-750x422.jpg 750w, https:\/\/www.em.com.br\/emfoco\/wp-content\/uploads\/2024\/12\/CPF_1735328129110-1140x641.jpg 1140w, https:\/\/www.em.com.br\/emfoco\/wp-content\/uploads\/2024\/12\/CPF_1735328129110.jpg 1280w\" sizes=\"auto, (max-width: 1024px) 100vw, 1024px\" \/><figcaption class=\"wp-element-caption\">Imagem Ilustrativa do CPF &#8211; Cr\u00e9ditos: depositphotos.com \/ Mehaniq<\/figcaption><\/figure>\n\n\n\n<h2 class=\"wp-block-heading\">Estados que implementaram o programa<\/h2>\n\n\n\n<p>O programa \u201cCPF na Nota\u201d est\u00e1 ativo em v\u00e1rias regi\u00f5es do Brasil, cada uma com suas caracter\u00edsticas e regras espec\u00edficas. Alguns estados se destacam por suas abordagens inovadoras:<\/p>\n\n\n\n<ul class=\"wp-block-list\">\n<li><strong>S\u00e3o Paulo:<\/strong> Realiza sorteios mensais com pr\u00eamios em dinheiro para os participantes e possibilita a utiliza\u00e7\u00e3o dos cr\u00e9ditos para abater at\u00e9 10% do IPVA do ano seguinte.<\/li>\n\n\n\n<li><strong>Distrito Federal:<\/strong> Permite que os cr\u00e9ditos sejam usados para reduzir o valor do IPVA.<\/li>\n\n\n\n<li><strong>Rond\u00f4nia:<\/strong> Oferece descontos em impostos e sorteios especiais para os consumidores.<\/li>\n\n\n\n<li><strong>Paran\u00e1:<\/strong> O programa Nota Paran\u00e1 devolve parte do imposto pago ao consumidor.<\/li>\n<\/ul>\n\n\n\n<h2 class=\"wp-block-heading\">Estrat\u00e9gias para melhorar as chances nos sorteios<\/h2>\n\n\n\n<p>Para aumentar as chances de ganhar nos sorteios do programa \u201cCPF na Nota\u201d, \u00e9 importante adotar algumas estrat\u00e9gias. Uma delas \u00e9 sempre pedir a inclus\u00e3o do CPF em todas as compras, o que aumenta o n\u00famero de notas fiscais registradas. Al\u00e9m disso, estar atento aos prazos e regras espec\u00edficas de cada sorteio pode ser crucial.<\/p>\n\n\n\n<p>Outra estrat\u00e9gia eficaz \u00e9 diversificar as compras em diferentes estabelecimentos, j\u00e1 que muitos programas oferecem bilhetes adicionais para compras em v\u00e1rias categorias. Assim, o participante n\u00e3o s\u00f3 melhora suas chances de ganhar, mas tamb\u00e9m contribui para um controle fiscal mais eficiente.<\/p>\n\n\n\n<h2 class=\"wp-block-heading\">Vantagens de participar do programa \u201cCPF na Nota\u201d<\/h2>\n\n\n\n<p>O programa \u201cCPF na Nota\u201d oferece benef\u00edcios significativos tanto para os consumidores quanto para a sociedade em geral. Al\u00e9m de proporcionar vantagens financeiras diretas, como sorteios e cr\u00e9ditos, ele promove uma cultura de consumo consciente e responsabilidade fiscal. Ao participar, os cidad\u00e3os ajudam a construir um sistema tribut\u00e1rio mais justo e transparente, beneficiando a coletividade. O programa tamb\u00e9m contribui para a formaliza\u00e7\u00e3o da economia, incentivando os estabelecimentos a operarem dentro da legalidade e promovendo um impacto social positivo atrav\u00e9s da conscientiza\u00e7\u00e3o sobre a import\u00e2ncia dos impostos para a sociedade.<\/p>\n","protected":false},"excerpt":{"rendered":"<p>O programa \u201cCPF na Nota\u201d \u00e9 uma iniciativa que tem ganhado espa\u00e7o em diversos estados brasileiros, com o objetivo de estimular a emiss\u00e3o de notas fiscais e combater a sonega\u00e7\u00e3o de impostos. Ao incluir o CPF na nota fiscal, os consumidores contribuem para um sistema tribut\u00e1rio mais transparente e, em troca, podem receber benef\u00edcios financeiros. [&hellip;]<\/p>\n","protected":false},"author":5,"featured_media":13855,"comment_status":"open","ping_status":"open","sticky":false,"template":"","format":"standard","meta":{"jnews-multi-image_gallery":[],"jnews_single_post":{"format":"standard"},"jnews_primary_category":[],"jnews_social_meta":[],"jnews_override_counter":[],"footnotes":""},"categories":[28,1],"tags":[848,398,3134,2588],"class_list":["post-29026","post","type-post","status-publish","format-standard","has-post-thumbnail","hentry","category-economia","category-noticias","tag-cpf","tag-cpf-na-nota","tag-cpf-na-nota-fiscal","tag-programa-cpf-na-nota"],"yoast_head":"<!-- This site is optimized with the Yoast SEO plugin v23.8 - https:\/\/yoast.com\/wordpress\/plugins\/seo\/ -->\n<title>Comunicado para quem utiliza CPF ao comprar em mercados em 2025 - Estado de Minas - Em foco<\/title>\n<meta name=\"description\" content=\"Entenda como o programa &quot;CPF na Nota&quot; funciona, veja como consultar cr\u00e9ditos e descubra os benef\u00edcios dispon\u00edveis no seu estado.\" \/>\n<meta name=\"robots\" content=\"index, follow, max-snippet:-1, max-image-preview:large, max-video-preview:-1\" \/>\n<link rel=\"canonical\" href=\"https:\/\/www.em.com.br\/emfoco\/2025\/03\/15\/comunicado-para-quem-utiliza-cpf-ao-comprar-em-mercados-em-2025\/\" \/>\n<meta property=\"og:locale\" content=\"pt_BR\" \/>\n<meta property=\"og:type\" content=\"article\" \/>\n<meta property=\"og:title\" content=\"Comunicado para quem utiliza CPF ao comprar em mercados em 2025 - Estado de Minas - Em foco\" \/>\n<meta property=\"og:description\" content=\"Entenda como o programa &quot;CPF na Nota&quot; funciona, veja como consultar cr\u00e9ditos e descubra os benef\u00edcios dispon\u00edveis no seu estado.\" \/>\n<meta property=\"og:url\" content=\"https:\/\/www.em.com.br\/emfoco\/2025\/03\/15\/comunicado-para-quem-utiliza-cpf-ao-comprar-em-mercados-em-2025\/\" \/>\n<meta property=\"og:site_name\" content=\"Estado de Minas - Em foco\" \/>\n<meta property=\"article:published_time\" content=\"2025-03-15T13:00:07+00:00\" \/>\n<meta property=\"og:image\" content=\"https:\/\/www.em.com.br\/emfoco\/wp-content\/uploads\/2025\/01\/recibo_1737909879571.jpg\" \/>\n\t<meta property=\"og:image:width\" content=\"1279\" \/>\n\t<meta property=\"og:image:height\" content=\"720\" \/>\n\t<meta property=\"og:image:type\" content=\"image\/jpeg\" \/>\n<meta name=\"author\" content=\"N\u00fabia Rangel\" \/>\n<meta name=\"twitter:card\" content=\"summary_large_image\" \/>\n<meta name=\"twitter:label1\" content=\"Escrito por\" \/>\n\t<meta name=\"twitter:data1\" content=\"N\u00fabia Rangel\" \/>\n\t<meta name=\"twitter:label2\" content=\"Est. tempo de leitura\" \/>\n\t<meta name=\"twitter:data2\" content=\"4 minutos\" \/>\n<!-- \/ Yoast SEO plugin. -->","yoast_head_json":{"title":"Comunicado para quem utiliza CPF ao comprar em mercados em 2025 - Estado de Minas - Em foco","description":"Entenda como o programa \"CPF na Nota\" funciona, veja como consultar cr\u00e9ditos e descubra os benef\u00edcios dispon\u00edveis no seu estado.","robots":{"index":"index","follow":"follow","max-snippet":"max-snippet:-1","max-image-preview":"max-image-preview:large","max-video-preview":"max-video-preview:-1"},"canonical":"https:\/\/www.em.com.br\/emfoco\/2025\/03\/15\/comunicado-para-quem-utiliza-cpf-ao-comprar-em-mercados-em-2025\/","og_locale":"pt_BR","og_type":"article","og_title":"Comunicado para quem utiliza CPF ao comprar em mercados em 2025 - Estado de Minas - Em foco","og_description":"Entenda como o programa \"CPF na Nota\" funciona, veja como consultar cr\u00e9ditos e descubra os benef\u00edcios dispon\u00edveis no seu estado.","og_url":"https:\/\/www.em.com.br\/emfoco\/2025\/03\/15\/comunicado-para-quem-utiliza-cpf-ao-comprar-em-mercados-em-2025\/","og_site_name":"Estado de Minas - Em foco","article_published_time":"2025-03-15T13:00:07+00:00","og_image":[{"width":1279,"height":720,"url":"https:\/\/www.em.com.br\/emfoco\/wp-content\/uploads\/2025\/01\/recibo_1737909879571.jpg","type":"image\/jpeg"}],"author":"N\u00fabia Rangel","twitter_card":"summary_large_image","twitter_misc":{"Escrito por":"N\u00fabia Rangel","Est. tempo de leitura":"4 minutos"},"schema":{"@context":"https:\/\/schema.org","@graph":[{"@type":"WebPage","@id":"https:\/\/www.em.com.br\/emfoco\/2025\/03\/15\/comunicado-para-quem-utiliza-cpf-ao-comprar-em-mercados-em-2025\/","url":"https:\/\/www.em.com.br\/emfoco\/2025\/03\/15\/comunicado-para-quem-utiliza-cpf-ao-comprar-em-mercados-em-2025\/","name":"Comunicado para quem utiliza CPF ao comprar em mercados em 2025 - Estado de Minas - Em foco","isPartOf":{"@id":"https:\/\/www.em.com.br\/emfoco\/#website"},"primaryImageOfPage":{"@id":"https:\/\/www.em.com.br\/emfoco\/2025\/03\/15\/comunicado-para-quem-utiliza-cpf-ao-comprar-em-mercados-em-2025\/#primaryimage"},"image":{"@id":"https:\/\/www.em.com.br\/emfoco\/2025\/03\/15\/comunicado-para-quem-utiliza-cpf-ao-comprar-em-mercados-em-2025\/#primaryimage"},"thumbnailUrl":"https:\/\/www.em.com.br\/emfoco\/wp-content\/uploads\/2025\/01\/recibo_1737909879571.jpg","datePublished":"2025-03-15T13:00:07+00:00","dateModified":"2025-03-15T13:00:07+00:00","author":{"@id":"https:\/\/www.em.com.br\/emfoco\/#\/schema\/person\/524437ef54f8a5d32591b143307f2e20"},"description":"Entenda como o programa \"CPF na Nota\" funciona, veja como consultar cr\u00e9ditos e descubra os benef\u00edcios dispon\u00edveis no seu estado.","breadcrumb":{"@id":"https:\/\/www.em.com.br\/emfoco\/2025\/03\/15\/comunicado-para-quem-utiliza-cpf-ao-comprar-em-mercados-em-2025\/#breadcrumb"},"inLanguage":"pt-BR","potentialAction":[{"@type":"ReadAction","target":["https:\/\/www.em.com.br\/emfoco\/2025\/03\/15\/comunicado-para-quem-utiliza-cpf-ao-comprar-em-mercados-em-2025\/"]}]},{"@type":"ImageObject","inLanguage":"pt-BR","@id":"https:\/\/www.em.com.br\/emfoco\/2025\/03\/15\/comunicado-para-quem-utiliza-cpf-ao-comprar-em-mercados-em-2025\/#primaryimage","url":"https:\/\/www.em.com.br\/emfoco\/wp-content\/uploads\/2025\/01\/recibo_1737909879571.jpg","contentUrl":"https:\/\/www.em.com.br\/emfoco\/wp-content\/uploads\/2025\/01\/recibo_1737909879571.jpg","width":1279,"height":720,"caption":"Imagem Ilustrativa de Nota Fiscal - Cr\u00e9ditos: depositphotos.com \/ quackersnaps"},{"@type":"BreadcrumbList","@id":"https:\/\/www.em.com.br\/emfoco\/2025\/03\/15\/comunicado-para-quem-utiliza-cpf-ao-comprar-em-mercados-em-2025\/#breadcrumb","itemListElement":[{"@type":"ListItem","position":1,"name":"In\u00edcio","item":"https:\/\/www.em.com.br\/emfoco\/"},{"@type":"ListItem","position":2,"name":"Comunicado para quem utiliza CPF ao comprar em mercados em 2025"}]},{"@type":"WebSite","@id":"https:\/\/www.em.com.br\/emfoco\/#website","url":"https:\/\/www.em.com.br\/emfoco\/","name":"Estado de Minas - Em foco","description":"Acompanhe as \u00faltimas not\u00edcias e fique bem informado sobre tudo o que acontece em Minas Gerais, Brasil e no mundo.","potentialAction":[{"@type":"SearchAction","target":{"@type":"EntryPoint","urlTemplate":"https:\/\/www.em.com.br\/emfoco\/?s={search_term_string}"},"query-input":{"@type":"PropertyValueSpecification","valueRequired":true,"valueName":"search_term_string"}}],"inLanguage":"pt-BR"},{"@type":"Person","@id":"https:\/\/www.em.com.br\/emfoco\/#\/schema\/person\/524437ef54f8a5d32591b143307f2e20","name":"N\u00fabia Rangel","image":{"@type":"ImageObject","inLanguage":"pt-BR","@id":"https:\/\/www.em.com.br\/emfoco\/#\/schema\/person\/image\/","url":"https:\/\/secure.gravatar.com\/avatar\/47cff2827a5ba23c37e8068c86817ea4?s=96&d=mm&r=g","contentUrl":"https:\/\/secure.gravatar.com\/avatar\/47cff2827a5ba23c37e8068c86817ea4?s=96&d=mm&r=g","caption":"N\u00fabia Rangel"},"sameAs":["https:\/\/www.em.com.br\/emfoco\/"],"url":"https:\/\/www.em.com.br\/emfoco\/author\/nubiamyth\/"}]}},"_links":{"self":[{"href":"https:\/\/www.em.com.br\/emfoco\/wp-json\/wp\/v2\/posts\/29026","targetHints":{"allow":["GET"]}}],"collection":[{"href":"https:\/\/www.em.com.br\/emfoco\/wp-json\/wp\/v2\/posts"}],"about":[{"href":"https:\/\/www.em.com.br\/emfoco\/wp-json\/wp\/v2\/types\/post"}],"author":[{"embeddable":true,"href":"https:\/\/www.em.com.br\/emfoco\/wp-json\/wp\/v2\/users\/5"}],"replies":[{"embeddable":true,"href":"https:\/\/www.em.com.br\/emfoco\/wp-json\/wp\/v2\/comments?post=29026"}],"version-history":[{"count":3,"href":"https:\/\/www.em.com.br\/emfoco\/wp-json\/wp\/v2\/posts\/29026\/revisions"}],"predecessor-version":[{"id":29029,"href":"https:\/\/www.em.com.br\/emfoco\/wp-json\/wp\/v2\/posts\/29026\/revisions\/29029"}],"wp:featuredmedia":[{"embeddable":true,"href":"https:\/\/www.em.com.br\/emfoco\/wp-json\/wp\/v2\/media\/13855"}],"wp:attachment":[{"href":"https:\/\/www.em.com.br\/emfoco\/wp-json\/wp\/v2\/media?parent=29026"}],"wp:term":[{"taxonomy":"category","embeddable":true,"href":"https:\/\/www.em.com.br\/emfoco\/wp-json\/wp\/v2\/categories?post=29026"},{"taxonomy":"post_tag","embeddable":true,"href":"https:\/\/www.em.com.br\/emfoco\/wp-json\/wp\/v2\/tags?post=29026"}],"curies":[{"name":"wp","href":"https:\/\/api.w.org\/{rel}","templated":true}]}}