{"id":28942,"date":"2025-03-14T22:00:11","date_gmt":"2025-03-15T01:00:11","guid":{"rendered":"https:\/\/www.em.com.br\/emfoco\/?p=28942"},"modified":"2025-03-14T22:00:12","modified_gmt":"2025-03-15T01:00:12","slug":"corrida-pelo-novo-suv-da-toyota-10-mil-unidades-vendidas-em-tempo-recorde","status":"publish","type":"post","link":"https:\/\/www.em.com.br\/emfoco\/2025\/03\/14\/corrida-pelo-novo-suv-da-toyota-10-mil-unidades-vendidas-em-tempo-recorde\/","title":{"rendered":"Corrida pelo novo SUV da Toyota! 10 mil unidades vendidas em tempo recorde"},"content":{"rendered":"\n<p>Em mar\u00e7o de 2025, a <strong>Toyota<\/strong> surpreendeu o mercado automobil\u00edstico com o lan\u00e7amento do<strong> bZ3X na China<\/strong>. Este SUV el\u00e9trico, que rapidamente acumulou mais de 10.000 encomendas em apenas uma hora, destaca-se por ser o ve\u00edculo el\u00e9trico mais acess\u00edvel da marca at\u00e9 o momento. Com pre\u00e7os a partir de aproximadamente 14 mil euros, o bZ3X representa um passo significativo para a Toyota no crescente mercado de ve\u00edculos el\u00e9tricos na China.<\/p>\n\n\n\n<p>A <strong>GAC-Toyota<\/strong>, uma joint-venture entre a Toyota e a GAC, foi respons\u00e1vel por este lan\u00e7amento estrat\u00e9gico. A introdu\u00e7\u00e3o do bZ3X visa n\u00e3o apenas aumentar a presen\u00e7a da Toyota no segmento de SUVs el\u00e9tricos, mas tamb\u00e9m responder \u00e0 crescente demanda por ve\u00edculos sustent\u00e1veis na China. Este movimento \u00e9 um reflexo da adapta\u00e7\u00e3o da Toyota \u00e0s novas tend\u00eancias de mobilidade e sustentabilidade.<\/p>\n\n\n\n<h2 class=\"wp-block-heading\">Quais s\u00e3o as caracter\u00edsticas do bZ3X da Toyota?<\/h2>\n\n\n\n<p>O bZ3X est\u00e1 dispon\u00edvel em duas vers\u00f5es principais, permitindo que os consumidores escolham entre um modelo com ou sem tecnologia de condu\u00e7\u00e3o inteligente. A vers\u00e3o b\u00e1sica, sem a tecnologia avan\u00e7ada, tem um pre\u00e7o inicial de 109.800 yuan, cerca de 13.930 euros, e oferece cinco op\u00e7\u00f5es de acabamento. J\u00e1 a vers\u00e3o equipada com a tecnologia de condu\u00e7\u00e3o inteligente come\u00e7a em 149.800 yuan, aproximadamente 19.000 euros.<\/p>\n\n\n\n<p>O modelo topo de linha, conhecido como <strong>610 Max<\/strong>, oferece uma autonomia de at\u00e9 610 km, gra\u00e7as \u00e0 sua bateria <strong>LFP de 67,92 kWh<\/strong>. A vers\u00e3o de entrada, chamada 430 Air, proporciona uma autonomia de 430 km com uma bateria LFP de 50,03 kWh. As op\u00e7\u00f5es de acabamento variam desde estofados em tecido at\u00e9 couro sint\u00e9tico, com diversas escolhas de cores e detalhes que elevam a sensa\u00e7\u00e3o de luxo do ve\u00edculo.<\/p>\n\n\n\n<blockquote class=\"instagram-media\" data-instgrm-permalink=\"https:\/\/www.instagram.com\/p\/DHAPmUwS_kv\/?utm_source=ig_embed&amp;utm_campaign=loading\" data-instgrm-version=\"14\" style=\" background:#FFF; border:0; border-radius:3px; box-shadow:0 0 1px 0 rgba(0,0,0,0.5),0 1px 10px 0 rgba(0,0,0,0.15); margin: 1px; max-width:540px; min-width:326px; padding:0; width:99.375%; width:-webkit-calc(100% - 2px); width:calc(100% - 2px);\"><div style=\"padding:16px;\"> <a href=\"https:\/\/www.instagram.com\/p\/DHAPmUwS_kv\/?utm_source=ig_embed&amp;utm_campaign=loading\" style=\" background:#FFFFFF; line-height:0; padding:0 0; text-align:center; text-decoration:none; width:100%;\" target=\"_blank\"> <div style=\" display: flex; flex-direction: row; align-items: center;\"> <div style=\"background-color: #F4F4F4; border-radius: 50%; flex-grow: 0; height: 40px; margin-right: 14px; width: 40px;\"><\/div> <div style=\"display: flex; flex-direction: column; flex-grow: 1; justify-content: center;\"> <div style=\" background-color: #F4F4F4; border-radius: 4px; flex-grow: 0; height: 14px; margin-bottom: 6px; width: 100px;\"><\/div> <div style=\" background-color: #F4F4F4; border-radius: 4px; flex-grow: 0; height: 14px; width: 60px;\"><\/div><\/div><\/div><div style=\"padding: 19% 0;\"><\/div> <div style=\"display:block; height:50px; margin:0 auto 12px; width:50px;\"><svg width=\"50px\" height=\"50px\" viewBox=\"0 0 60 60\" version=\"1.1\" xmlns=\"https:\/\/www.w3.org\/2000\/svg\" xmlns:xlink=\"https:\/\/www.w3.org\/1999\/xlink\"><g stroke=\"none\" stroke-width=\"1\" fill=\"none\" fill-rule=\"evenodd\"><g transform=\"translate(-511.000000, -20.000000)\" fill=\"#000000\"><g><path d=\"M556.869,30.41 C554.814,30.41 553.148,32.076 553.148,34.131 C553.148,36.186 554.814,37.852 556.869,37.852 C558.924,37.852 560.59,36.186 560.59,34.131 C560.59,32.076 558.924,30.41 556.869,30.41 M541,60.657 C535.114,60.657 530.342,55.887 530.342,50 C530.342,44.114 535.114,39.342 541,39.342 C546.887,39.342 551.658,44.114 551.658,50 C551.658,55.887 546.887,60.657 541,60.657 M541,33.886 C532.1,33.886 524.886,41.1 524.886,50 C524.886,58.899 532.1,66.113 541,66.113 C549.9,66.113 557.115,58.899 557.115,50 C557.115,41.1 549.9,33.886 541,33.886 M565.378,62.101 C565.244,65.022 564.756,66.606 564.346,67.663 C563.803,69.06 563.154,70.057 562.106,71.106 C561.058,72.155 560.06,72.803 558.662,73.347 C557.607,73.757 556.021,74.244 553.102,74.378 C549.944,74.521 548.997,74.552 541,74.552 C533.003,74.552 532.056,74.521 528.898,74.378 C525.979,74.244 524.393,73.757 523.338,73.347 C521.94,72.803 520.942,72.155 519.894,71.106 C518.846,70.057 518.197,69.06 517.654,67.663 C517.244,66.606 516.755,65.022 516.623,62.101 C516.479,58.943 516.448,57.996 516.448,50 C516.448,42.003 516.479,41.056 516.623,37.899 C516.755,34.978 517.244,33.391 517.654,32.338 C518.197,30.938 518.846,29.942 519.894,28.894 C520.942,27.846 521.94,27.196 523.338,26.654 C524.393,26.244 525.979,25.756 528.898,25.623 C532.057,25.479 533.004,25.448 541,25.448 C548.997,25.448 549.943,25.479 553.102,25.623 C556.021,25.756 557.607,26.244 558.662,26.654 C560.06,27.196 561.058,27.846 562.106,28.894 C563.154,29.942 563.803,30.938 564.346,32.338 C564.756,33.391 565.244,34.978 565.378,37.899 C565.522,41.056 565.552,42.003 565.552,50 C565.552,57.996 565.522,58.943 565.378,62.101 M570.82,37.631 C570.674,34.438 570.167,32.258 569.425,30.349 C568.659,28.377 567.633,26.702 565.965,25.035 C564.297,23.368 562.623,22.342 560.652,21.575 C558.743,20.834 556.562,20.326 553.369,20.18 C550.169,20.033 549.148,20 541,20 C532.853,20 531.831,20.033 528.631,20.18 C525.438,20.326 523.257,20.834 521.349,21.575 C519.376,22.342 517.703,23.368 516.035,25.035 C514.368,26.702 513.342,28.377 512.574,30.349 C511.834,32.258 511.326,34.438 511.181,37.631 C511.035,40.831 511,41.851 511,50 C511,58.147 511.035,59.17 511.181,62.369 C511.326,65.562 511.834,67.743 512.574,69.651 C513.342,71.625 514.368,73.296 516.035,74.965 C517.703,76.634 519.376,77.658 521.349,78.425 C523.257,79.167 525.438,79.673 528.631,79.82 C531.831,79.965 532.853,80.001 541,80.001 C549.148,80.001 550.169,79.965 553.369,79.82 C556.562,79.673 558.743,79.167 560.652,78.425 C562.623,77.658 564.297,76.634 565.965,74.965 C567.633,73.296 568.659,71.625 569.425,69.651 C570.167,67.743 570.674,65.562 570.82,62.369 C570.966,59.17 571,58.147 571,50 C571,41.851 570.966,40.831 570.82,37.631\"><\/path><\/g><\/g><\/g><\/svg><\/div><div style=\"padding-top: 8px;\"> <div style=\" color:#3897f0; font-family:Arial,sans-serif; font-size:14px; font-style:normal; font-weight:550; line-height:18px;\">Ver esta publica\u00e7\u00e3o no Instagram<\/div><\/div><div style=\"padding: 12.5% 0;\"><\/div> <div style=\"display: flex; flex-direction: row; margin-bottom: 14px; align-items: center;\"><div> <div style=\"background-color: #F4F4F4; border-radius: 50%; height: 12.5px; width: 12.5px; transform: translateX(0px) translateY(7px);\"><\/div> <div style=\"background-color: #F4F4F4; height: 12.5px; transform: rotate(-45deg) translateX(3px) translateY(1px); width: 12.5px; flex-grow: 0; margin-right: 14px; margin-left: 2px;\"><\/div> <div style=\"background-color: #F4F4F4; border-radius: 50%; height: 12.5px; width: 12.5px; transform: translateX(9px) translateY(-18px);\"><\/div><\/div><div style=\"margin-left: 8px;\"> <div style=\" background-color: #F4F4F4; border-radius: 50%; flex-grow: 0; height: 20px; width: 20px;\"><\/div> <div style=\" width: 0; height: 0; border-top: 2px solid transparent; border-left: 6px solid #f4f4f4; border-bottom: 2px solid transparent; transform: translateX(16px) translateY(-4px) rotate(30deg)\"><\/div><\/div><div style=\"margin-left: auto;\"> <div style=\" width: 0px; border-top: 8px solid #F4F4F4; border-right: 8px solid transparent; transform: translateY(16px);\"><\/div> <div style=\" background-color: #F4F4F4; flex-grow: 0; height: 12px; width: 16px; transform: translateY(-4px);\"><\/div> <div style=\" width: 0; height: 0; border-top: 8px solid #F4F4F4; border-left: 8px solid transparent; transform: translateY(-4px) translateX(8px);\"><\/div><\/div><\/div> <div style=\"display: flex; flex-direction: column; flex-grow: 1; justify-content: center; margin-bottom: 24px;\"> <div style=\" background-color: #F4F4F4; border-radius: 4px; flex-grow: 0; height: 14px; margin-bottom: 6px; width: 224px;\"><\/div> <div style=\" background-color: #F4F4F4; border-radius: 4px; flex-grow: 0; height: 14px; width: 144px;\"><\/div><\/div><\/a><p style=\" color:#c9c8cd; font-family:Arial,sans-serif; font-size:14px; line-height:17px; margin-bottom:0; margin-top:8px; overflow:hidden; padding:8px 0 7px; text-align:center; text-overflow:ellipsis; white-space:nowrap;\"><a href=\"https:\/\/www.instagram.com\/p\/DHAPmUwS_kv\/?utm_source=ig_embed&amp;utm_campaign=loading\" style=\" color:#c9c8cd; font-family:Arial,sans-serif; font-size:14px; font-style:normal; font-weight:normal; line-height:17px; text-decoration:none;\" target=\"_blank\">Uma publica\u00e7\u00e3o partilhada por Caricarz (@caricarz)<\/a><\/p><\/div><\/blockquote>\n<script async src=\"\/\/www.instagram.com\/embed.js\"><\/script>\n\n\n\n<h2 class=\"wp-block-heading\">Como o bZ3X se destaca em termos de tecnologia?<\/h2>\n\n\n\n<p>O bZ3X \u00e9 o primeiro ve\u00edculo da Toyota a incorporar o <strong>Sistema de Condu\u00e7\u00e3o Inteligente Momenta 5.0<\/strong>, que utiliza o <strong>NVIDIA Drive AGX Orin X<\/strong> para oferecer 25 funcionalidades avan\u00e7adas de assist\u00eancia ao motorista (ADAS). Entre essas funcionalidades est\u00e3o o estacionamento paralelo, estacionamento com controle remoto, piloto de alta velocidade, assist\u00eancia ao tr\u00e1fego leve e monitoramento de ponto cego.<\/p>\n\n\n\n<p>Este sistema trabalha com sensores Lidar, c\u00e2meras e algoritmos avan\u00e7ados de aprendizado de m\u00e1quina para proporcionar uma dire\u00e7\u00e3o mais segura e eficiente. O interior do SUV el\u00e9trico \u00e9 equipado com um ecr\u00e3 de infoentretenimento de 14,6 polegadas e um display de 8,8 polegadas para o condutor, al\u00e9m de reconhecimento de voz, proporcionando uma experi\u00eancia de condu\u00e7\u00e3o moderna e conectada.<\/p>\n\n\n\n<h2 class=\"wp-block-heading\">Qual \u00e9 o impacto do bZ3X no mercado de SUVs el\u00e9tricos?<\/h2>\n\n\n\n<p>Com suas dimens\u00f5es de 4600 mm de comprimento, 1875 mm de largura e 1645 mm de altura, o bZ3X se posiciona como um concorrente direto de outros SUVs el\u00e9tricos no mercado chin\u00eas, como o Atto 3 da BYD. Com um pre\u00e7o inicial ligeiramente inferior ao do <strong>Atto 3<\/strong>, o bZ3X oferece uma alternativa atraente para consumidores que buscam um ve\u00edculo el\u00e9trico acess\u00edvel e tecnologicamente avan\u00e7ado.<\/p>\n\n\n\n<p>A r\u00e1pida aceita\u00e7\u00e3o do modelo pelo mercado chin\u00eas, evidenciada pelas mais de 10.000 encomendas em apenas uma hora, sublinha a crescente demanda por ve\u00edculos el\u00e9tricos inovadores e acess\u00edveis. Este lan\u00e7amento estrat\u00e9gico da Toyota, em parceria com a GAC, n\u00e3o s\u00f3 fortalece a sua posi\u00e7\u00e3o no mercado chin\u00eas, mas tamb\u00e9m sinaliza um avan\u00e7o significativo na sua jornada global de eletrifica\u00e7\u00e3o. A resposta positiva do p\u00fablico demonstra o potencial do bZ3X para se tornar um marco na mobilidade el\u00e9trica, impulsionando a ado\u00e7\u00e3o de ve\u00edculos sustent\u00e1veis e estabelecendo novos padr\u00f5es para a ind\u00fastria automobil\u00edstica.<\/p>\n\n\n\n<h2 class=\"wp-block-heading\">Import\u00e2ncia da colabora\u00e7\u00e3o da Toyota com a GAC<\/h2>\n\n\n\n<p>A colabora\u00e7\u00e3o entre a Toyota e a GAC no desenvolvimento do bZ3X \u00e9 crucial para o sucesso da marca no mercado chin\u00eas, um dos mais competitivos do mundo em termos de ve\u00edculos el\u00e9tricos. A GAC traz um profundo conhecimento do mercado local, o que \u00e9 essencial para adaptar os produtos \u00e0s necessidades e prefer\u00eancias dos consumidores chineses.<\/p>\n\n\n\n<p>Esta joint venture tem o potencial de acelerar a inova\u00e7\u00e3o tecnol\u00f3gica e a eletrifica\u00e7\u00e3o na linha de produtos da Toyota, utilizando as capacidades de fabrica\u00e7\u00e3o e desenvolvimento local para otimizar custos e aumentar a competitividade. Esta parceria estrat\u00e9gica n\u00e3o apenas fortalece a posi\u00e7\u00e3o da Toyota na China, mas tamb\u00e9m serve como um modelo de sucesso colaborativo que pode ser replicado em outros mercados globais.<\/p>\n","protected":false},"excerpt":{"rendered":"<p>Em mar\u00e7o de 2025, a Toyota surpreendeu o mercado automobil\u00edstico com o lan\u00e7amento do bZ3X na China. Este SUV el\u00e9trico, que rapidamente acumulou mais de 10.000 encomendas em apenas uma hora, destaca-se por ser o ve\u00edculo el\u00e9trico mais acess\u00edvel da marca at\u00e9 o momento. Com pre\u00e7os a partir de aproximadamente 14 mil euros, o bZ3X [&hellip;]<\/p>\n","protected":false},"author":5,"featured_media":9914,"comment_status":"open","ping_status":"open","sticky":false,"template":"","format":"standard","meta":{"jnews-multi-image_gallery":[],"jnews_single_post":{"format":"standard"},"jnews_primary_category":[],"jnews_social_meta":[],"jnews_override_counter":[],"footnotes":""},"categories":[27,1],"tags":[6297,1118,1202,2074],"class_list":["post-28942","post","type-post","status-publish","format-standard","has-post-thumbnail","hentry","category-carros","category-noticias","tag-bz3x","tag-suv","tag-toyota","tag-veiculo-eletrico"],"yoast_head":"<!-- This site is optimized with the Yoast SEO plugin v23.8 - https:\/\/yoast.com\/wordpress\/plugins\/seo\/ -->\n<title>Corrida pelo novo SUV da Toyota! 10 mil unidades vendidas em tempo recorde - Estado de Minas - Em foco<\/title>\n<meta name=\"description\" content=\"SUV el\u00e9trico da Toyota desafia a BYD com pre\u00e7o abaixo de 14 mil euros e tecnologia avan\u00e7ada. Saiba tudo sobre o lan\u00e7amento!\" \/>\n<meta name=\"robots\" content=\"index, follow, max-snippet:-1, max-image-preview:large, max-video-preview:-1\" \/>\n<link rel=\"canonical\" href=\"https:\/\/www.em.com.br\/emfoco\/2025\/03\/14\/corrida-pelo-novo-suv-da-toyota-10-mil-unidades-vendidas-em-tempo-recorde\/\" \/>\n<meta property=\"og:locale\" content=\"pt_BR\" \/>\n<meta property=\"og:type\" content=\"article\" \/>\n<meta property=\"og:title\" content=\"Corrida pelo novo SUV da Toyota! 10 mil unidades vendidas em tempo recorde - Estado de Minas - Em foco\" \/>\n<meta property=\"og:description\" content=\"SUV el\u00e9trico da Toyota desafia a BYD com pre\u00e7o abaixo de 14 mil euros e tecnologia avan\u00e7ada. Saiba tudo sobre o lan\u00e7amento!\" \/>\n<meta property=\"og:url\" content=\"https:\/\/www.em.com.br\/emfoco\/2025\/03\/14\/corrida-pelo-novo-suv-da-toyota-10-mil-unidades-vendidas-em-tempo-recorde\/\" \/>\n<meta property=\"og:site_name\" content=\"Estado de Minas - Em foco\" \/>\n<meta property=\"article:published_time\" content=\"2025-03-15T01:00:11+00:00\" \/>\n<meta property=\"article:modified_time\" content=\"2025-03-15T01:00:12+00:00\" \/>\n<meta property=\"og:image\" content=\"https:\/\/www.em.com.br\/emfoco\/wp-content\/uploads\/2025\/01\/Toyota_1736604928209.jpg\" \/>\n\t<meta property=\"og:image:width\" content=\"1280\" \/>\n\t<meta property=\"og:image:height\" content=\"720\" \/>\n\t<meta property=\"og:image:type\" content=\"image\/jpeg\" \/>\n<meta name=\"author\" content=\"N\u00fabia Rangel\" \/>\n<meta name=\"twitter:card\" content=\"summary_large_image\" \/>\n<meta name=\"twitter:label1\" content=\"Escrito por\" \/>\n\t<meta name=\"twitter:data1\" content=\"N\u00fabia Rangel\" \/>\n\t<meta name=\"twitter:label2\" content=\"Est. tempo de leitura\" \/>\n\t<meta name=\"twitter:data2\" content=\"5 minutos\" \/>\n<!-- \/ Yoast SEO plugin. -->","yoast_head_json":{"title":"Corrida pelo novo SUV da Toyota! 10 mil unidades vendidas em tempo recorde - Estado de Minas - Em foco","description":"SUV el\u00e9trico da Toyota desafia a BYD com pre\u00e7o abaixo de 14 mil euros e tecnologia avan\u00e7ada. Saiba tudo sobre o lan\u00e7amento!","robots":{"index":"index","follow":"follow","max-snippet":"max-snippet:-1","max-image-preview":"max-image-preview:large","max-video-preview":"max-video-preview:-1"},"canonical":"https:\/\/www.em.com.br\/emfoco\/2025\/03\/14\/corrida-pelo-novo-suv-da-toyota-10-mil-unidades-vendidas-em-tempo-recorde\/","og_locale":"pt_BR","og_type":"article","og_title":"Corrida pelo novo SUV da Toyota! 10 mil unidades vendidas em tempo recorde - Estado de Minas - Em foco","og_description":"SUV el\u00e9trico da Toyota desafia a BYD com pre\u00e7o abaixo de 14 mil euros e tecnologia avan\u00e7ada. Saiba tudo sobre o lan\u00e7amento!","og_url":"https:\/\/www.em.com.br\/emfoco\/2025\/03\/14\/corrida-pelo-novo-suv-da-toyota-10-mil-unidades-vendidas-em-tempo-recorde\/","og_site_name":"Estado de Minas - Em foco","article_published_time":"2025-03-15T01:00:11+00:00","article_modified_time":"2025-03-15T01:00:12+00:00","og_image":[{"width":1280,"height":720,"url":"https:\/\/www.em.com.br\/emfoco\/wp-content\/uploads\/2025\/01\/Toyota_1736604928209.jpg","type":"image\/jpeg"}],"author":"N\u00fabia Rangel","twitter_card":"summary_large_image","twitter_misc":{"Escrito por":"N\u00fabia Rangel","Est. tempo de leitura":"5 minutos"},"schema":{"@context":"https:\/\/schema.org","@graph":[{"@type":"WebPage","@id":"https:\/\/www.em.com.br\/emfoco\/2025\/03\/14\/corrida-pelo-novo-suv-da-toyota-10-mil-unidades-vendidas-em-tempo-recorde\/","url":"https:\/\/www.em.com.br\/emfoco\/2025\/03\/14\/corrida-pelo-novo-suv-da-toyota-10-mil-unidades-vendidas-em-tempo-recorde\/","name":"Corrida pelo novo SUV da Toyota! 10 mil unidades vendidas em tempo recorde - Estado de Minas - Em foco","isPartOf":{"@id":"https:\/\/www.em.com.br\/emfoco\/#website"},"primaryImageOfPage":{"@id":"https:\/\/www.em.com.br\/emfoco\/2025\/03\/14\/corrida-pelo-novo-suv-da-toyota-10-mil-unidades-vendidas-em-tempo-recorde\/#primaryimage"},"image":{"@id":"https:\/\/www.em.com.br\/emfoco\/2025\/03\/14\/corrida-pelo-novo-suv-da-toyota-10-mil-unidades-vendidas-em-tempo-recorde\/#primaryimage"},"thumbnailUrl":"https:\/\/www.em.com.br\/emfoco\/wp-content\/uploads\/2025\/01\/Toyota_1736604928209.jpg","datePublished":"2025-03-15T01:00:11+00:00","dateModified":"2025-03-15T01:00:12+00:00","author":{"@id":"https:\/\/www.em.com.br\/emfoco\/#\/schema\/person\/524437ef54f8a5d32591b143307f2e20"},"description":"SUV el\u00e9trico da Toyota desafia a BYD com pre\u00e7o abaixo de 14 mil euros e tecnologia avan\u00e7ada. Saiba tudo sobre o lan\u00e7amento!","breadcrumb":{"@id":"https:\/\/www.em.com.br\/emfoco\/2025\/03\/14\/corrida-pelo-novo-suv-da-toyota-10-mil-unidades-vendidas-em-tempo-recorde\/#breadcrumb"},"inLanguage":"pt-BR","potentialAction":[{"@type":"ReadAction","target":["https:\/\/www.em.com.br\/emfoco\/2025\/03\/14\/corrida-pelo-novo-suv-da-toyota-10-mil-unidades-vendidas-em-tempo-recorde\/"]}]},{"@type":"ImageObject","inLanguage":"pt-BR","@id":"https:\/\/www.em.com.br\/emfoco\/2025\/03\/14\/corrida-pelo-novo-suv-da-toyota-10-mil-unidades-vendidas-em-tempo-recorde\/#primaryimage","url":"https:\/\/www.em.com.br\/emfoco\/wp-content\/uploads\/2025\/01\/Toyota_1736604928209.jpg","contentUrl":"https:\/\/www.em.com.br\/emfoco\/wp-content\/uploads\/2025\/01\/Toyota_1736604928209.jpg","width":1280,"height":720,"caption":"Logo da Toyota - Cr\u00e9ditos: depositphotos.com \/ mediavn"},{"@type":"BreadcrumbList","@id":"https:\/\/www.em.com.br\/emfoco\/2025\/03\/14\/corrida-pelo-novo-suv-da-toyota-10-mil-unidades-vendidas-em-tempo-recorde\/#breadcrumb","itemListElement":[{"@type":"ListItem","position":1,"name":"In\u00edcio","item":"https:\/\/www.em.com.br\/emfoco\/"},{"@type":"ListItem","position":2,"name":"Corrida pelo novo SUV da Toyota! 10 mil unidades vendidas em tempo recorde"}]},{"@type":"WebSite","@id":"https:\/\/www.em.com.br\/emfoco\/#website","url":"https:\/\/www.em.com.br\/emfoco\/","name":"Estado de Minas - Em foco","description":"Acompanhe as \u00faltimas not\u00edcias e fique bem informado sobre tudo o que acontece em Minas Gerais, Brasil e no mundo.","potentialAction":[{"@type":"SearchAction","target":{"@type":"EntryPoint","urlTemplate":"https:\/\/www.em.com.br\/emfoco\/?s={search_term_string}"},"query-input":{"@type":"PropertyValueSpecification","valueRequired":true,"valueName":"search_term_string"}}],"inLanguage":"pt-BR"},{"@type":"Person","@id":"https:\/\/www.em.com.br\/emfoco\/#\/schema\/person\/524437ef54f8a5d32591b143307f2e20","name":"N\u00fabia Rangel","image":{"@type":"ImageObject","inLanguage":"pt-BR","@id":"https:\/\/www.em.com.br\/emfoco\/#\/schema\/person\/image\/","url":"https:\/\/secure.gravatar.com\/avatar\/47cff2827a5ba23c37e8068c86817ea4?s=96&d=mm&r=g","contentUrl":"https:\/\/secure.gravatar.com\/avatar\/47cff2827a5ba23c37e8068c86817ea4?s=96&d=mm&r=g","caption":"N\u00fabia Rangel"},"sameAs":["https:\/\/www.em.com.br\/emfoco\/"],"url":"https:\/\/www.em.com.br\/emfoco\/author\/nubiamyth\/"}]}},"_links":{"self":[{"href":"https:\/\/www.em.com.br\/emfoco\/wp-json\/wp\/v2\/posts\/28942","targetHints":{"allow":["GET"]}}],"collection":[{"href":"https:\/\/www.em.com.br\/emfoco\/wp-json\/wp\/v2\/posts"}],"about":[{"href":"https:\/\/www.em.com.br\/emfoco\/wp-json\/wp\/v2\/types\/post"}],"author":[{"embeddable":true,"href":"https:\/\/www.em.com.br\/emfoco\/wp-json\/wp\/v2\/users\/5"}],"replies":[{"embeddable":true,"href":"https:\/\/www.em.com.br\/emfoco\/wp-json\/wp\/v2\/comments?post=28942"}],"version-history":[{"count":4,"href":"https:\/\/www.em.com.br\/emfoco\/wp-json\/wp\/v2\/posts\/28942\/revisions"}],"predecessor-version":[{"id":29021,"href":"https:\/\/www.em.com.br\/emfoco\/wp-json\/wp\/v2\/posts\/28942\/revisions\/29021"}],"wp:featuredmedia":[{"embeddable":true,"href":"https:\/\/www.em.com.br\/emfoco\/wp-json\/wp\/v2\/media\/9914"}],"wp:attachment":[{"href":"https:\/\/www.em.com.br\/emfoco\/wp-json\/wp\/v2\/media?parent=28942"}],"wp:term":[{"taxonomy":"category","embeddable":true,"href":"https:\/\/www.em.com.br\/emfoco\/wp-json\/wp\/v2\/categories?post=28942"},{"taxonomy":"post_tag","embeddable":true,"href":"https:\/\/www.em.com.br\/emfoco\/wp-json\/wp\/v2\/tags?post=28942"}],"curies":[{"name":"wp","href":"https:\/\/api.w.org\/{rel}","templated":true}]}}