{"id":28788,"date":"2025-03-15T21:00:51","date_gmt":"2025-03-16T00:00:51","guid":{"rendered":"https:\/\/www.em.com.br\/emfoco\/?p=28788"},"modified":"2025-03-14T13:04:17","modified_gmt":"2025-03-14T16:04:17","slug":"o-que-acontece-quando-voce-escolhe-preto-para-o-casamento-saiba-mais","status":"publish","type":"post","link":"https:\/\/www.em.com.br\/emfoco\/2025\/03\/15\/o-que-acontece-quando-voce-escolhe-preto-para-o-casamento-saiba-mais\/","title":{"rendered":"O que acontece quando voc\u00ea escolhe preto para o casamento? Saiba mais!"},"content":{"rendered":"\n<p>O <strong>preto<\/strong>, uma cor tradicionalmente associada ao luto, tem encontrado um novo espa\u00e7o em <strong>cerim\u00f4nias de<\/strong> <strong>casamento<\/strong>. Essa transforma\u00e7\u00e3o na percep\u00e7\u00e3o da cor reflete mudan\u00e7as culturais e de <a href=\"https:\/\/www.em.com.br\/emfoco\/2025\/03\/11\/conheca-a-tendencia-de-personalizar-bolsas-e-deixar-mais-divertidas\/\" target=\"_blank\" rel=\"noreferrer noopener\">moda<\/a>, onde o preto \u00e9 agora visto como uma escolha sofisticada e moderna. Este artigo explora como o preto est\u00e1 sendo incorporado em casamentos e as considera\u00e7\u00f5es a serem feitas ao optar por essa cor.<\/p>\n\n\n\n<p>Historicamente, <strong>o preto era evitado em casamentos devido \u00e0 sua associa\u00e7\u00e3o com a tristeza<\/strong>. No entanto, com a evolu\u00e7\u00e3o das <a href=\"https:\/\/br.pinterest.com\/search\/pins\/?q=vestido%20preto%20casamento&amp;rs=typed\" target=\"_blank\" rel=\"noreferrer noopener\">tend\u00eancias de moda<\/a>, o preto come\u00e7ou a ser adotado por aqueles que buscam um visual elegante e contempor\u00e2neo<strong>. Designers e planejadores de eventos<\/strong> t\u00eam mostrado que, quando usado de forma adequada, o preto pode complementar perfeitamente a paleta de cores de um casamento.<\/p>\n\n\n\n<h2 class=\"wp-block-heading\">Por que o uso ainda causa controv\u00e9rsia?<\/h2>\n\n\n\n<p>A controv\u00e9rsia em torno do uso do preto em casamentos est\u00e1 enraizada em tradi\u00e7\u00f5es culturais que associam a <strong>cor ao luto<\/strong>. Em muitas culturas, o preto \u00e9 visto como um s\u00edmbolo de tristeza, o que pode parecer inadequado para uma celebra\u00e7\u00e3o de amor. No entanto, essa percep\u00e7\u00e3o est\u00e1 mudando, especialmente em casamentos mais modernos e urbanos.<\/p>\n\n\n\n<p>\u00c9 essencial considerar as prefer\u00eancias dos noivos. Enquanto alguns casais podem estar abertos ao uso do preto, outros podem preferir seguir tradi\u00e7\u00f5es mais cl\u00e1ssicas. Perguntar aos noivos sobre suas prefer\u00eancias \u00e9 sempre uma pr\u00e1tica recomendada para evitar mal-entendidos.<\/p>\n\n\n<div class=\"wp-block-image\">\n<figure class=\"aligncenter size-large\"><img loading=\"lazy\" decoding=\"async\" width=\"1024\" height=\"576\" src=\"https:\/\/www.em.com.br\/emfoco\/wp-content\/uploads\/2025\/03\/casamento-vestido-_1741967887269-1024x576.jpg\" alt=\"\" class=\"wp-image-28797\" srcset=\"https:\/\/www.em.com.br\/emfoco\/wp-content\/uploads\/2025\/03\/casamento-vestido-_1741967887269-1024x576.jpg 1024w, https:\/\/www.em.com.br\/emfoco\/wp-content\/uploads\/2025\/03\/casamento-vestido-_1741967887269-300x169.jpg 300w, https:\/\/www.em.com.br\/emfoco\/wp-content\/uploads\/2025\/03\/casamento-vestido-_1741967887269-768x432.jpg 768w, https:\/\/www.em.com.br\/emfoco\/wp-content\/uploads\/2025\/03\/casamento-vestido-_1741967887269-750x422.jpg 750w, https:\/\/www.em.com.br\/emfoco\/wp-content\/uploads\/2025\/03\/casamento-vestido-_1741967887269-1140x641.jpg 1140w, https:\/\/www.em.com.br\/emfoco\/wp-content\/uploads\/2025\/03\/casamento-vestido-_1741967887269.jpg 1280w\" sizes=\"auto, (max-width: 1024px) 100vw, 1024px\" \/><figcaption class=\"wp-element-caption\">Casamento &#8211; Cr\u00e9ditos: depositphotos.com \/ Sandralise<\/figcaption><\/figure><\/div>\n\n\n<h2 class=\"wp-block-heading\">Como incorporar em casamentos com estilo?<\/h2>\n\n\n\n<p>Para aqueles que desejam incorporar o preto em um casamento, \u00e9 importante faz\u00ea-lo com eleg\u00e2ncia e modera\u00e7\u00e3o. Aqui est\u00e3o algumas dicas para garantir que o uso do preto seja apropriado para a ocasi\u00e3o:<\/p>\n\n\n\n<ul class=\"wp-block-list\">\n<li><strong>Escolha de tecidos:<\/strong> Materiais como seda, cetim ou renda podem adicionar um toque de sofistica\u00e7\u00e3o ao visual.<\/li>\n\n\n\n<li><strong>Equil\u00edbrio:<\/strong> Evite exageros em decotes ou brilhos que possam desviar a aten\u00e7\u00e3o dos noivos.<\/li>\n\n\n\n<li><strong>Considere o hor\u00e1rio:<\/strong> Para casamentos durante o dia, um vestido preto mais leve ou com detalhes em outras cores pode ser mais adequado.<\/li>\n\n\n\n<li><strong>Acess\u00f3rios:<\/strong> Opte por acess\u00f3rios discretos que complementem o visual sem ofuscar o evento.<\/li>\n<\/ul>\n\n\n\n<h2 class=\"wp-block-heading\">Estilo ou tradi\u00e7\u00e3o?<\/h2>\n\n\n\n<p>O seu uso em casamentos \u00e9, em \u00faltima an\u00e1lise, uma quest\u00e3o de estilo pessoal e respeito \u00e0s tradi\u00e7\u00f5es dos noivos. Em cerim\u00f4nias mais modernas, o preto pode ser uma escolha chique e apropriada, desde que usado com bom senso. Para aqueles que preferem seguir tradi\u00e7\u00f5es, existem muitas outras cores elegantes dispon\u00edveis.<\/p>\n\n\n\n<p>Em conclus\u00e3o, o preto pode ser uma escolha v\u00e1lida para casamentos, desde que se considere o contexto cultural e as prefer\u00eancias dos noivos. Com a moda em constante evolu\u00e7\u00e3o, o importante \u00e9 que todos se sintam confort\u00e1veis e respeitem o esp\u00edrito da celebra\u00e7\u00e3o.<\/p>\n","protected":false},"excerpt":{"rendered":"<p>O preto, uma cor tradicionalmente associada ao luto, tem encontrado um novo espa\u00e7o em cerim\u00f4nias de casamento. Essa transforma\u00e7\u00e3o na percep\u00e7\u00e3o da cor reflete mudan\u00e7as culturais e de moda, onde o preto \u00e9 agora visto como uma escolha sofisticada e moderna. Este artigo explora como o preto est\u00e1 sendo incorporado em casamentos e as considera\u00e7\u00f5es [&hellip;]<\/p>\n","protected":false},"author":9,"featured_media":28798,"comment_status":"open","ping_status":"open","sticky":false,"template":"","format":"standard","meta":{"jnews-multi-image_gallery":[],"jnews_single_post":{"format":"standard"},"jnews_primary_category":[],"jnews_social_meta":[],"jnews_override_counter":[],"footnotes":""},"categories":[29,1],"tags":[6291,6292,4977,6293],"class_list":["post-28788","post","type-post","status-publish","format-standard","has-post-thumbnail","hentry","category-entretenimento","category-noticias","tag-casamento","tag-cores-de-casamento","tag-moda","tag-tendencias-de-casamento"],"yoast_head":"<!-- This site is optimized with the Yoast SEO plugin v23.8 - https:\/\/yoast.com\/wordpress\/plugins\/seo\/ -->\n<title>O que acontece quando voc\u00ea escolhe preto para o casamento? Saiba mais!<\/title>\n<meta name=\"description\" content=\"O preto est\u00e1 se tornando uma op\u00e7\u00e3o sofisticada para casamentos, mas ainda gera controv\u00e9rsias. Veja como us\u00e1-lo com eleg\u00e2ncia e modera\u00e7\u00e3o.\" \/>\n<meta name=\"robots\" content=\"index, follow, max-snippet:-1, max-image-preview:large, max-video-preview:-1\" \/>\n<link rel=\"canonical\" href=\"https:\/\/www.em.com.br\/emfoco\/2025\/03\/15\/o-que-acontece-quando-voce-escolhe-preto-para-o-casamento-saiba-mais\/\" \/>\n<meta property=\"og:locale\" content=\"pt_BR\" \/>\n<meta property=\"og:type\" content=\"article\" \/>\n<meta property=\"og:title\" content=\"O que acontece quando voc\u00ea escolhe preto para o casamento? Saiba mais!\" \/>\n<meta property=\"og:description\" content=\"O preto est\u00e1 se tornando uma op\u00e7\u00e3o sofisticada para casamentos, mas ainda gera controv\u00e9rsias. Veja como us\u00e1-lo com eleg\u00e2ncia e modera\u00e7\u00e3o.\" \/>\n<meta property=\"og:url\" content=\"https:\/\/www.em.com.br\/emfoco\/2025\/03\/15\/o-que-acontece-quando-voce-escolhe-preto-para-o-casamento-saiba-mais\/\" \/>\n<meta property=\"og:site_name\" content=\"Estado de Minas - Em foco\" \/>\n<meta property=\"article:published_time\" content=\"2025-03-16T00:00:51+00:00\" \/>\n<meta property=\"article:modified_time\" content=\"2025-03-14T16:04:17+00:00\" \/>\n<meta property=\"og:image\" content=\"https:\/\/www.em.com.br\/emfoco\/wp-content\/uploads\/2025\/03\/vestido-preto_1741967950079.jpg\" \/>\n\t<meta property=\"og:image:width\" content=\"1280\" \/>\n\t<meta property=\"og:image:height\" content=\"720\" \/>\n\t<meta property=\"og:image:type\" content=\"image\/jpeg\" \/>\n<meta name=\"author\" content=\"Daniely Cardoso\" \/>\n<meta name=\"twitter:card\" content=\"summary_large_image\" \/>\n<meta name=\"twitter:label1\" content=\"Escrito por\" \/>\n\t<meta name=\"twitter:data1\" content=\"Daniely Cardoso\" \/>\n\t<meta name=\"twitter:label2\" content=\"Est. tempo de leitura\" \/>\n\t<meta name=\"twitter:data2\" content=\"3 minutos\" \/>\n<!-- \/ Yoast SEO plugin. -->","yoast_head_json":{"title":"O que acontece quando voc\u00ea escolhe preto para o casamento? Saiba mais!","description":"O preto est\u00e1 se tornando uma op\u00e7\u00e3o sofisticada para casamentos, mas ainda gera controv\u00e9rsias. Veja como us\u00e1-lo com eleg\u00e2ncia e modera\u00e7\u00e3o.","robots":{"index":"index","follow":"follow","max-snippet":"max-snippet:-1","max-image-preview":"max-image-preview:large","max-video-preview":"max-video-preview:-1"},"canonical":"https:\/\/www.em.com.br\/emfoco\/2025\/03\/15\/o-que-acontece-quando-voce-escolhe-preto-para-o-casamento-saiba-mais\/","og_locale":"pt_BR","og_type":"article","og_title":"O que acontece quando voc\u00ea escolhe preto para o casamento? Saiba mais!","og_description":"O preto est\u00e1 se tornando uma op\u00e7\u00e3o sofisticada para casamentos, mas ainda gera controv\u00e9rsias. Veja como us\u00e1-lo com eleg\u00e2ncia e modera\u00e7\u00e3o.","og_url":"https:\/\/www.em.com.br\/emfoco\/2025\/03\/15\/o-que-acontece-quando-voce-escolhe-preto-para-o-casamento-saiba-mais\/","og_site_name":"Estado de Minas - Em foco","article_published_time":"2025-03-16T00:00:51+00:00","article_modified_time":"2025-03-14T16:04:17+00:00","og_image":[{"width":1280,"height":720,"url":"https:\/\/www.em.com.br\/emfoco\/wp-content\/uploads\/2025\/03\/vestido-preto_1741967950079.jpg","type":"image\/jpeg"}],"author":"Daniely Cardoso","twitter_card":"summary_large_image","twitter_misc":{"Escrito por":"Daniely Cardoso","Est. tempo de leitura":"3 minutos"},"schema":{"@context":"https:\/\/schema.org","@graph":[{"@type":"WebPage","@id":"https:\/\/www.em.com.br\/emfoco\/2025\/03\/15\/o-que-acontece-quando-voce-escolhe-preto-para-o-casamento-saiba-mais\/","url":"https:\/\/www.em.com.br\/emfoco\/2025\/03\/15\/o-que-acontece-quando-voce-escolhe-preto-para-o-casamento-saiba-mais\/","name":"O que acontece quando voc\u00ea escolhe preto para o casamento? Saiba mais!","isPartOf":{"@id":"https:\/\/www.em.com.br\/emfoco\/#website"},"primaryImageOfPage":{"@id":"https:\/\/www.em.com.br\/emfoco\/2025\/03\/15\/o-que-acontece-quando-voce-escolhe-preto-para-o-casamento-saiba-mais\/#primaryimage"},"image":{"@id":"https:\/\/www.em.com.br\/emfoco\/2025\/03\/15\/o-que-acontece-quando-voce-escolhe-preto-para-o-casamento-saiba-mais\/#primaryimage"},"thumbnailUrl":"https:\/\/www.em.com.br\/emfoco\/wp-content\/uploads\/2025\/03\/vestido-preto_1741967950079.jpg","datePublished":"2025-03-16T00:00:51+00:00","dateModified":"2025-03-14T16:04:17+00:00","author":{"@id":"https:\/\/www.em.com.br\/emfoco\/#\/schema\/person\/0a8186d72f2c3a5c6276d90b41f271a0"},"description":"O preto est\u00e1 se tornando uma op\u00e7\u00e3o sofisticada para casamentos, mas ainda gera controv\u00e9rsias. Veja como us\u00e1-lo com eleg\u00e2ncia e modera\u00e7\u00e3o.","breadcrumb":{"@id":"https:\/\/www.em.com.br\/emfoco\/2025\/03\/15\/o-que-acontece-quando-voce-escolhe-preto-para-o-casamento-saiba-mais\/#breadcrumb"},"inLanguage":"pt-BR","potentialAction":[{"@type":"ReadAction","target":["https:\/\/www.em.com.br\/emfoco\/2025\/03\/15\/o-que-acontece-quando-voce-escolhe-preto-para-o-casamento-saiba-mais\/"]}]},{"@type":"ImageObject","inLanguage":"pt-BR","@id":"https:\/\/www.em.com.br\/emfoco\/2025\/03\/15\/o-que-acontece-quando-voce-escolhe-preto-para-o-casamento-saiba-mais\/#primaryimage","url":"https:\/\/www.em.com.br\/emfoco\/wp-content\/uploads\/2025\/03\/vestido-preto_1741967950079.jpg","contentUrl":"https:\/\/www.em.com.br\/emfoco\/wp-content\/uploads\/2025\/03\/vestido-preto_1741967950079.jpg","width":1280,"height":720,"caption":"Vestido preto - Cr\u00e9ditos: depositphotos.com \/ VitalikRadko"},{"@type":"BreadcrumbList","@id":"https:\/\/www.em.com.br\/emfoco\/2025\/03\/15\/o-que-acontece-quando-voce-escolhe-preto-para-o-casamento-saiba-mais\/#breadcrumb","itemListElement":[{"@type":"ListItem","position":1,"name":"In\u00edcio","item":"https:\/\/www.em.com.br\/emfoco\/"},{"@type":"ListItem","position":2,"name":"O que acontece quando voc\u00ea escolhe preto para o casamento? Saiba mais!"}]},{"@type":"WebSite","@id":"https:\/\/www.em.com.br\/emfoco\/#website","url":"https:\/\/www.em.com.br\/emfoco\/","name":"Estado de Minas - Em foco","description":"Acompanhe as \u00faltimas not\u00edcias e fique bem informado sobre tudo o que acontece em Minas Gerais, Brasil e no mundo.","potentialAction":[{"@type":"SearchAction","target":{"@type":"EntryPoint","urlTemplate":"https:\/\/www.em.com.br\/emfoco\/?s={search_term_string}"},"query-input":{"@type":"PropertyValueSpecification","valueRequired":true,"valueName":"search_term_string"}}],"inLanguage":"pt-BR"},{"@type":"Person","@id":"https:\/\/www.em.com.br\/emfoco\/#\/schema\/person\/0a8186d72f2c3a5c6276d90b41f271a0","name":"Daniely Cardoso","image":{"@type":"ImageObject","inLanguage":"pt-BR","@id":"https:\/\/www.em.com.br\/emfoco\/#\/schema\/person\/image\/","url":"https:\/\/secure.gravatar.com\/avatar\/4b80ddbd124d1f071b626d52d62e5dff?s=96&d=mm&r=g","contentUrl":"https:\/\/secure.gravatar.com\/avatar\/4b80ddbd124d1f071b626d52d62e5dff?s=96&d=mm&r=g","caption":"Daniely Cardoso"},"url":"https:\/\/www.em.com.br\/emfoco\/author\/danielymyth\/"}]}},"_links":{"self":[{"href":"https:\/\/www.em.com.br\/emfoco\/wp-json\/wp\/v2\/posts\/28788","targetHints":{"allow":["GET"]}}],"collection":[{"href":"https:\/\/www.em.com.br\/emfoco\/wp-json\/wp\/v2\/posts"}],"about":[{"href":"https:\/\/www.em.com.br\/emfoco\/wp-json\/wp\/v2\/types\/post"}],"author":[{"embeddable":true,"href":"https:\/\/www.em.com.br\/emfoco\/wp-json\/wp\/v2\/users\/9"}],"replies":[{"embeddable":true,"href":"https:\/\/www.em.com.br\/emfoco\/wp-json\/wp\/v2\/comments?post=28788"}],"version-history":[{"count":2,"href":"https:\/\/www.em.com.br\/emfoco\/wp-json\/wp\/v2\/posts\/28788\/revisions"}],"predecessor-version":[{"id":28799,"href":"https:\/\/www.em.com.br\/emfoco\/wp-json\/wp\/v2\/posts\/28788\/revisions\/28799"}],"wp:featuredmedia":[{"embeddable":true,"href":"https:\/\/www.em.com.br\/emfoco\/wp-json\/wp\/v2\/media\/28798"}],"wp:attachment":[{"href":"https:\/\/www.em.com.br\/emfoco\/wp-json\/wp\/v2\/media?parent=28788"}],"wp:term":[{"taxonomy":"category","embeddable":true,"href":"https:\/\/www.em.com.br\/emfoco\/wp-json\/wp\/v2\/categories?post=28788"},{"taxonomy":"post_tag","embeddable":true,"href":"https:\/\/www.em.com.br\/emfoco\/wp-json\/wp\/v2\/tags?post=28788"}],"curies":[{"name":"wp","href":"https:\/\/api.w.org\/{rel}","templated":true}]}}