{"id":28712,"date":"2025-03-18T10:00:12","date_gmt":"2025-03-18T13:00:12","guid":{"rendered":"https:\/\/www.em.com.br\/emfoco\/?p=28712"},"modified":"2025-03-18T10:00:13","modified_gmt":"2025-03-18T13:00:13","slug":"boa-noticia-para-motoristas-carros-com-10-anos-ou-mais-podem-ficar-isentos-de-imposto-no-brasil","status":"publish","type":"post","link":"https:\/\/www.em.com.br\/emfoco\/2025\/03\/18\/boa-noticia-para-motoristas-carros-com-10-anos-ou-mais-podem-ficar-isentos-de-imposto-no-brasil\/","title":{"rendered":"Boa not\u00edcia para motoristas! Carros com 10 anos ou mais podem ficar isentos de imposto no Brasil"},"content":{"rendered":"\n<p>O <strong>Imposto sobre a Propriedade de Ve\u00edculos Automotores<\/strong>, conhecido como <strong>IPVA<\/strong>, \u00e9 uma taxa anual cobrada dos propriet\u00e1rios de ve\u00edculos no <strong>Brasil<\/strong>. Cada estado \u00e9 respons\u00e1vel por administrar e definir as regras desse imposto, que \u00e9 uma fonte crucial de receita para financiar servi\u00e7os p\u00fablicos, como sa\u00fade, educa\u00e7\u00e3o e infraestrutura. O pagamento do IPVA \u00e9 necess\u00e1rio para que o ve\u00edculo possa ser licenciado e circular legalmente.<\/p>\n\n\n\n<p>Os recursos obtidos com o IPVA s\u00e3o fundamentais para os estados, pois permitem investimentos em melhorias nas estradas, sinaliza\u00e7\u00e3o e seguran\u00e7a vi\u00e1ria. Dessa forma, o imposto contribui n\u00e3o apenas para a manuten\u00e7\u00e3o das vias, mas tamb\u00e9m para a seguran\u00e7a de motoristas e pedestres, promovendo um ambiente mais seguro e eficiente para todos.<\/p>\n\n\n\n<h2 class=\"wp-block-heading\">Quais ve\u00edculos est\u00e3o isentos do IPVA em 2025?<\/h2>\n\n\n\n<p>A isen\u00e7\u00e3o do IPVA pode variar de acordo com as regras de cada estado brasileiro. Em muitos estados, ve\u00edculos com mais de 15 ou 20 anos de fabrica\u00e7\u00e3o podem ser isentos do pagamento. No entanto, \u00e9 importante que os propriet\u00e1rios verifiquem a legisla\u00e7\u00e3o espec\u00edfica de seu estado para confirmar se t\u00eam direito \u00e0 isen\u00e7\u00e3o.<\/p>\n\n\n\n<p>Os estados <strong>Amap\u00e1, Goi\u00e1s, Rio Grande do Norte e Roraima<\/strong> possuem o menor per\u00edodo para isen\u00e7\u00e3o total do imposto: ve\u00edculos com a partir de 10 anos de fabrica\u00e7\u00e3o est\u00e3o isentos. A maioria dos estados brasileiros, como <strong>Amazonas, Bahia, Cear\u00e1, Distrito Federal, Esp\u00edrito Santo, Maranh\u00e3o, Mato Grosso do Sul, Par\u00e1, Para\u00edba, Piau\u00ed, Rio de Janeiro, Rond\u00f4nia e Sergipe<\/strong>, escolheu um per\u00edodo de 15 anos para esse benef\u00edcio. No entanto, <strong>Mato Grosso<\/strong> exige um tempo de 18 anos, enquanto <strong>Acre, Alagoas, Paran\u00e1, Rio Grande do Sul e S\u00e3o Paulo<\/strong> isentam ve\u00edculos com mais de 20 anos. <strong>Santa Catarina<\/strong> se destaca, exigindo 30 anos de fabrica\u00e7\u00e3o para a isen\u00e7\u00e3o.<\/p>\n\n\n\n<p>Al\u00e9m da idade do ve\u00edculo, outros fatores podem garantir a isen\u00e7\u00e3o, como o uso do ve\u00edculo para transporte de pessoas com defici\u00eancia ou para determinadas atividades, como servi\u00e7os de utilidade p\u00fablica. Conhecer essas regras pode ajudar os propriet\u00e1rios a economizar e a cumprir suas obriga\u00e7\u00f5es legais de forma adequada.<\/p>\n\n\n\n<figure class=\"wp-block-image size-large\"><img loading=\"lazy\" decoding=\"async\" width=\"1024\" height=\"576\" src=\"https:\/\/www.em.com.br\/emfoco\/wp-content\/uploads\/2024\/12\/ipva_1735650653009-1024x576.jpg\" alt=\"IPVA 2025 SP: Consulte o Valor do Seu Imposto e Evite Multas\" class=\"wp-image-7786\" srcset=\"https:\/\/www.em.com.br\/emfoco\/wp-content\/uploads\/2024\/12\/ipva_1735650653009-1024x576.jpg 1024w, https:\/\/www.em.com.br\/emfoco\/wp-content\/uploads\/2024\/12\/ipva_1735650653009-300x169.jpg 300w, https:\/\/www.em.com.br\/emfoco\/wp-content\/uploads\/2024\/12\/ipva_1735650653009-768x432.jpg 768w, https:\/\/www.em.com.br\/emfoco\/wp-content\/uploads\/2024\/12\/ipva_1735650653009-750x422.jpg 750w, https:\/\/www.em.com.br\/emfoco\/wp-content\/uploads\/2024\/12\/ipva_1735650653009-1140x641.jpg 1140w, https:\/\/www.em.com.br\/emfoco\/wp-content\/uploads\/2024\/12\/ipva_1735650653009.jpg 1280w\" sizes=\"auto, (max-width: 1024px) 100vw, 1024px\" \/><figcaption class=\"wp-element-caption\">Imagem Ilustrativa de IPVA &#8211; Cr\u00e9ditos: depositphotos.com \/ rafapress<\/figcaption><\/figure>\n\n\n\n<h2 class=\"wp-block-heading\">Como s\u00e3o definidas as al\u00edquotas do IPVA?<\/h2>\n\n\n\n<p>As al\u00edquotas do IPVA s\u00e3o estabelecidas por cada estado, resultando em varia\u00e7\u00f5es no valor pago pelos propriet\u00e1rios de ve\u00edculos. Alguns estados optam por al\u00edquotas mais baixas, enquanto outros aplicam taxas mais elevadas, o que impacta diretamente o custo anual do imposto. Essas al\u00edquotas s\u00e3o calculadas com base no valor venal do ve\u00edculo, geralmente determinado por tabelas como a FIPE.<\/p>\n\n\n\n<p>Compreender a al\u00edquota aplicada no seu estado \u00e9 importante para um planejamento financeiro adequado e para evitar surpresas durante o pagamento. A varia\u00e7\u00e3o das al\u00edquotas entre os estados reflete pol\u00edticas fiscais distintas e necessidades espec\u00edficas de arrecada\u00e7\u00e3o, por isso \u00e9 essencial que os propriet\u00e1rios se informem sobre as al\u00edquotas vigentes.<\/p>\n\n\n\n<h2 class=\"wp-block-heading\">O que acontece se o IPVA n\u00e3o for pago?<\/h2>\n\n\n\n<p>N\u00e3o pagar o IPVA pode trazer v\u00e1rias consequ\u00eancias para o propriet\u00e1rio do ve\u00edculo. A principal delas \u00e9 a impossibilidade de realizar o licenciamento anual, o que impede a circula\u00e7\u00e3o legal do ve\u00edculo. Al\u00e9m disso, o propriet\u00e1rio pode enfrentar multas, juros e at\u00e9 mesmo a inclus\u00e3o do seu nome em cadastros de inadimpl\u00eancia.<\/p>\n\n\n\n<p>Manter o pagamento do IPVA em dia \u00e9 essencial para evitar penalidades e garantir que o ve\u00edculo esteja regularizado. Em casos de fiscaliza\u00e7\u00e3o, a falta de pagamento pode resultar na apreens\u00e3o do ve\u00edculo, gerando transtornos e custos adicionais para o propriet\u00e1rio. Portanto, a regulariza\u00e7\u00e3o do IPVA \u00e9 fundamental para evitar complica\u00e7\u00f5es legais e financeiras.<\/p>\n\n\n\n<h2 class=\"wp-block-heading\">Onde encontrar informa\u00e7\u00f5es sobre o IPVA no seu estado?<\/h2>\n\n\n\n<p>Para obter informa\u00e7\u00f5es detalhadas sobre o IPVA, \u00e9 recomend\u00e1vel acessar os sites das Secretarias da Fazenda de cada estado. Esses portais oferecem dados sobre al\u00edquotas, prazos de pagamento e crit\u00e9rios de isen\u00e7\u00e3o, sendo fontes confi\u00e1veis para esclarecer d\u00favidas e verificar a situa\u00e7\u00e3o do imposto.<\/p>\n\n\n\n<p>Al\u00e9m dos sites oficiais, os propriet\u00e1rios podem buscar informa\u00e7\u00f5es em postos de atendimento ao cidad\u00e3o e atrav\u00e9s de consultorias especializadas em tributos veiculares. Estar bem informado \u00e9 fundamental para uma gest\u00e3o financeira eficaz e para garantir que o ve\u00edculo esteja sempre em conformidade com a legisla\u00e7\u00e3o vigente. A consulta regular a essas fontes pode ajudar a evitar problemas e a manter as obriga\u00e7\u00f5es fiscais em dia.<\/p>\n","protected":false},"excerpt":{"rendered":"<p>O Imposto sobre a Propriedade de Ve\u00edculos Automotores, conhecido como IPVA, \u00e9 uma taxa anual cobrada dos propriet\u00e1rios de ve\u00edculos no Brasil. Cada estado \u00e9 respons\u00e1vel por administrar e definir as regras desse imposto, que \u00e9 uma fonte crucial de receita para financiar servi\u00e7os p\u00fablicos, como sa\u00fade, educa\u00e7\u00e3o e infraestrutura. O pagamento do IPVA \u00e9 [&hellip;]<\/p>\n","protected":false},"author":5,"featured_media":2966,"comment_status":"open","ping_status":"open","sticky":false,"template":"","format":"standard","meta":{"jnews-multi-image_gallery":[],"jnews_single_post":{"format":"standard"},"jnews_primary_category":[],"jnews_social_meta":[],"jnews_override_counter":[],"footnotes":""},"categories":[27,1],"tags":[2876,762,1163,534],"class_list":["post-28712","post","type-post","status-publish","format-standard","has-post-thumbnail","hentry","category-carros","category-noticias","tag-impostos","tag-ipva","tag-legislacao","tag-veiculos"],"yoast_head":"<!-- This site is optimized with the Yoast SEO plugin v23.8 - https:\/\/yoast.com\/wordpress\/plugins\/seo\/ -->\n<title>Boa not\u00edcia para motoristas! Carros com 10 anos ou mais podem ficar isentos de imposto no Brasil - Estado de Minas - Em foco<\/title>\n<meta name=\"description\" content=\"Confira as principais regras do IPVA 2025, como os descontos, isen\u00e7\u00f5es e consequ\u00eancias de n\u00e3o pagar o imposto.\" \/>\n<meta name=\"robots\" content=\"index, follow, max-snippet:-1, max-image-preview:large, max-video-preview:-1\" \/>\n<link rel=\"canonical\" href=\"https:\/\/www.em.com.br\/emfoco\/2025\/03\/18\/boa-noticia-para-motoristas-carros-com-10-anos-ou-mais-podem-ficar-isentos-de-imposto-no-brasil\/\" \/>\n<meta property=\"og:locale\" content=\"pt_BR\" \/>\n<meta property=\"og:type\" content=\"article\" \/>\n<meta property=\"og:title\" content=\"Boa not\u00edcia para motoristas! Carros com 10 anos ou mais podem ficar isentos de imposto no Brasil - Estado de Minas - Em foco\" \/>\n<meta property=\"og:description\" content=\"Confira as principais regras do IPVA 2025, como os descontos, isen\u00e7\u00f5es e consequ\u00eancias de n\u00e3o pagar o imposto.\" \/>\n<meta property=\"og:url\" content=\"https:\/\/www.em.com.br\/emfoco\/2025\/03\/18\/boa-noticia-para-motoristas-carros-com-10-anos-ou-mais-podem-ficar-isentos-de-imposto-no-brasil\/\" \/>\n<meta property=\"og:site_name\" content=\"Estado de Minas - Em foco\" \/>\n<meta property=\"article:published_time\" content=\"2025-03-18T13:00:12+00:00\" \/>\n<meta property=\"article:modified_time\" content=\"2025-03-18T13:00:13+00:00\" \/>\n<meta property=\"og:image\" content=\"https:\/\/www.em.com.br\/emfoco\/wp-content\/uploads\/2024\/12\/carros-brazil_1733234984153.jpg\" \/>\n\t<meta property=\"og:image:width\" content=\"1280\" \/>\n\t<meta property=\"og:image:height\" content=\"720\" \/>\n\t<meta property=\"og:image:type\" content=\"image\/jpeg\" \/>\n<meta name=\"author\" content=\"N\u00fabia Rangel\" \/>\n<meta name=\"twitter:card\" content=\"summary_large_image\" \/>\n<meta name=\"twitter:label1\" content=\"Escrito por\" \/>\n\t<meta name=\"twitter:data1\" content=\"N\u00fabia Rangel\" \/>\n\t<meta name=\"twitter:label2\" content=\"Est. tempo de leitura\" \/>\n\t<meta name=\"twitter:data2\" content=\"5 minutos\" \/>\n<!-- \/ Yoast SEO plugin. -->","yoast_head_json":{"title":"Boa not\u00edcia para motoristas! Carros com 10 anos ou mais podem ficar isentos de imposto no Brasil - Estado de Minas - Em foco","description":"Confira as principais regras do IPVA 2025, como os descontos, isen\u00e7\u00f5es e consequ\u00eancias de n\u00e3o pagar o imposto.","robots":{"index":"index","follow":"follow","max-snippet":"max-snippet:-1","max-image-preview":"max-image-preview:large","max-video-preview":"max-video-preview:-1"},"canonical":"https:\/\/www.em.com.br\/emfoco\/2025\/03\/18\/boa-noticia-para-motoristas-carros-com-10-anos-ou-mais-podem-ficar-isentos-de-imposto-no-brasil\/","og_locale":"pt_BR","og_type":"article","og_title":"Boa not\u00edcia para motoristas! Carros com 10 anos ou mais podem ficar isentos de imposto no Brasil - Estado de Minas - Em foco","og_description":"Confira as principais regras do IPVA 2025, como os descontos, isen\u00e7\u00f5es e consequ\u00eancias de n\u00e3o pagar o imposto.","og_url":"https:\/\/www.em.com.br\/emfoco\/2025\/03\/18\/boa-noticia-para-motoristas-carros-com-10-anos-ou-mais-podem-ficar-isentos-de-imposto-no-brasil\/","og_site_name":"Estado de Minas - Em foco","article_published_time":"2025-03-18T13:00:12+00:00","article_modified_time":"2025-03-18T13:00:13+00:00","og_image":[{"width":1280,"height":720,"url":"https:\/\/www.em.com.br\/emfoco\/wp-content\/uploads\/2024\/12\/carros-brazil_1733234984153.jpg","type":"image\/jpeg"}],"author":"N\u00fabia Rangel","twitter_card":"summary_large_image","twitter_misc":{"Escrito por":"N\u00fabia Rangel","Est. tempo de leitura":"5 minutos"},"schema":{"@context":"https:\/\/schema.org","@graph":[{"@type":"WebPage","@id":"https:\/\/www.em.com.br\/emfoco\/2025\/03\/18\/boa-noticia-para-motoristas-carros-com-10-anos-ou-mais-podem-ficar-isentos-de-imposto-no-brasil\/","url":"https:\/\/www.em.com.br\/emfoco\/2025\/03\/18\/boa-noticia-para-motoristas-carros-com-10-anos-ou-mais-podem-ficar-isentos-de-imposto-no-brasil\/","name":"Boa not\u00edcia para motoristas! Carros com 10 anos ou mais podem ficar isentos de imposto no Brasil - Estado de Minas - Em foco","isPartOf":{"@id":"https:\/\/www.em.com.br\/emfoco\/#website"},"primaryImageOfPage":{"@id":"https:\/\/www.em.com.br\/emfoco\/2025\/03\/18\/boa-noticia-para-motoristas-carros-com-10-anos-ou-mais-podem-ficar-isentos-de-imposto-no-brasil\/#primaryimage"},"image":{"@id":"https:\/\/www.em.com.br\/emfoco\/2025\/03\/18\/boa-noticia-para-motoristas-carros-com-10-anos-ou-mais-podem-ficar-isentos-de-imposto-no-brasil\/#primaryimage"},"thumbnailUrl":"https:\/\/www.em.com.br\/emfoco\/wp-content\/uploads\/2024\/12\/carros-brazil_1733234984153.jpg","datePublished":"2025-03-18T13:00:12+00:00","dateModified":"2025-03-18T13:00:13+00:00","author":{"@id":"https:\/\/www.em.com.br\/emfoco\/#\/schema\/person\/524437ef54f8a5d32591b143307f2e20"},"description":"Confira as principais regras do IPVA 2025, como os descontos, isen\u00e7\u00f5es e consequ\u00eancias de n\u00e3o pagar o imposto.","breadcrumb":{"@id":"https:\/\/www.em.com.br\/emfoco\/2025\/03\/18\/boa-noticia-para-motoristas-carros-com-10-anos-ou-mais-podem-ficar-isentos-de-imposto-no-brasil\/#breadcrumb"},"inLanguage":"pt-BR","potentialAction":[{"@type":"ReadAction","target":["https:\/\/www.em.com.br\/emfoco\/2025\/03\/18\/boa-noticia-para-motoristas-carros-com-10-anos-ou-mais-podem-ficar-isentos-de-imposto-no-brasil\/"]}]},{"@type":"ImageObject","inLanguage":"pt-BR","@id":"https:\/\/www.em.com.br\/emfoco\/2025\/03\/18\/boa-noticia-para-motoristas-carros-com-10-anos-ou-mais-podem-ficar-isentos-de-imposto-no-brasil\/#primaryimage","url":"https:\/\/www.em.com.br\/emfoco\/wp-content\/uploads\/2024\/12\/carros-brazil_1733234984153.jpg","contentUrl":"https:\/\/www.em.com.br\/emfoco\/wp-content\/uploads\/2024\/12\/carros-brazil_1733234984153.jpg","width":1280,"height":720,"caption":"Imagem Ilustrativa de Carros - Cr\u00e9ditos: depositphotos.com \/ vbacarin"},{"@type":"BreadcrumbList","@id":"https:\/\/www.em.com.br\/emfoco\/2025\/03\/18\/boa-noticia-para-motoristas-carros-com-10-anos-ou-mais-podem-ficar-isentos-de-imposto-no-brasil\/#breadcrumb","itemListElement":[{"@type":"ListItem","position":1,"name":"In\u00edcio","item":"https:\/\/www.em.com.br\/emfoco\/"},{"@type":"ListItem","position":2,"name":"Boa not\u00edcia para motoristas! Carros com 10 anos ou mais podem ficar isentos de imposto no Brasil"}]},{"@type":"WebSite","@id":"https:\/\/www.em.com.br\/emfoco\/#website","url":"https:\/\/www.em.com.br\/emfoco\/","name":"Estado de Minas - Em foco","description":"Acompanhe as \u00faltimas not\u00edcias e fique bem informado sobre tudo o que acontece em Minas Gerais, Brasil e no mundo.","potentialAction":[{"@type":"SearchAction","target":{"@type":"EntryPoint","urlTemplate":"https:\/\/www.em.com.br\/emfoco\/?s={search_term_string}"},"query-input":{"@type":"PropertyValueSpecification","valueRequired":true,"valueName":"search_term_string"}}],"inLanguage":"pt-BR"},{"@type":"Person","@id":"https:\/\/www.em.com.br\/emfoco\/#\/schema\/person\/524437ef54f8a5d32591b143307f2e20","name":"N\u00fabia Rangel","image":{"@type":"ImageObject","inLanguage":"pt-BR","@id":"https:\/\/www.em.com.br\/emfoco\/#\/schema\/person\/image\/","url":"https:\/\/secure.gravatar.com\/avatar\/47cff2827a5ba23c37e8068c86817ea4?s=96&d=mm&r=g","contentUrl":"https:\/\/secure.gravatar.com\/avatar\/47cff2827a5ba23c37e8068c86817ea4?s=96&d=mm&r=g","caption":"N\u00fabia Rangel"},"sameAs":["https:\/\/www.em.com.br\/emfoco\/"],"url":"https:\/\/www.em.com.br\/emfoco\/author\/nubiamyth\/"}]}},"_links":{"self":[{"href":"https:\/\/www.em.com.br\/emfoco\/wp-json\/wp\/v2\/posts\/28712","targetHints":{"allow":["GET"]}}],"collection":[{"href":"https:\/\/www.em.com.br\/emfoco\/wp-json\/wp\/v2\/posts"}],"about":[{"href":"https:\/\/www.em.com.br\/emfoco\/wp-json\/wp\/v2\/types\/post"}],"author":[{"embeddable":true,"href":"https:\/\/www.em.com.br\/emfoco\/wp-json\/wp\/v2\/users\/5"}],"replies":[{"embeddable":true,"href":"https:\/\/www.em.com.br\/emfoco\/wp-json\/wp\/v2\/comments?post=28712"}],"version-history":[{"count":4,"href":"https:\/\/www.em.com.br\/emfoco\/wp-json\/wp\/v2\/posts\/28712\/revisions"}],"predecessor-version":[{"id":29835,"href":"https:\/\/www.em.com.br\/emfoco\/wp-json\/wp\/v2\/posts\/28712\/revisions\/29835"}],"wp:featuredmedia":[{"embeddable":true,"href":"https:\/\/www.em.com.br\/emfoco\/wp-json\/wp\/v2\/media\/2966"}],"wp:attachment":[{"href":"https:\/\/www.em.com.br\/emfoco\/wp-json\/wp\/v2\/media?parent=28712"}],"wp:term":[{"taxonomy":"category","embeddable":true,"href":"https:\/\/www.em.com.br\/emfoco\/wp-json\/wp\/v2\/categories?post=28712"},{"taxonomy":"post_tag","embeddable":true,"href":"https:\/\/www.em.com.br\/emfoco\/wp-json\/wp\/v2\/tags?post=28712"}],"curies":[{"name":"wp","href":"https:\/\/api.w.org\/{rel}","templated":true}]}}