{"id":2871,"date":"2024-12-04T20:20:00","date_gmt":"2024-12-04T23:20:00","guid":{"rendered":"https:\/\/www.em.com.br\/emfoco\/?p=2871"},"modified":"2024-12-04T20:10:37","modified_gmt":"2024-12-04T23:10:37","slug":"secretaria-do-estado-faz-comunicado-sobre-o-sorteio-de-dezembro-da-nota-fiscal-mineira","status":"publish","type":"post","link":"https:\/\/www.em.com.br\/emfoco\/2024\/12\/04\/secretaria-do-estado-faz-comunicado-sobre-o-sorteio-de-dezembro-da-nota-fiscal-mineira\/","title":{"rendered":"Secretaria do Estado faz Comunicado sobre o sorteio de dezembro da Nota Fiscal Mineira"},"content":{"rendered":"\n<p>A Secretaria de Estado de Fazenda de <a href=\"https:\/\/www.em.com.br\/emfoco\/categoria\/economia\/\" target=\"_blank\" rel=\"noreferrer noopener\"><strong>Minas Gerais<\/strong><\/a> (SEF\/MG) publicou no<a href=\"https:\/\/notafiscalmineira.fazenda.mg.gov.br\/noticias\/sef-divulga-datas-dos-sorteios-da-nota-fiscal-mineira-em-dezembro\/#:~:text=A%20Secretaria%20de%20Estado%20de,meio%20da%20Resolu%C3%A7%C3%A3o%205.848%2F2024.\" target=\"_blank\" rel=\"noreferrer noopener\"><strong> Di\u00e1rio Oficial<\/strong><\/a> na \u00faltima sexta-feira (29\/11) as datas dos sorteios de dezembro da Nota Fiscal Mineira. Este programa tem como objetivo promover o consumo consciente e estimular a inclus\u00e3o do CPF nas notas fiscais, oferecendo pr\u00eamios significativos para consumidores e entidades sociais.<\/p>\n\n\n\n<p>Em dezembro, tr\u00eas sorteios est\u00e3o previstos para os dias 9, 16 e 23, com um total de R$ 2 milh\u00f5es distribu\u00eddos em pr\u00eamios, criando grande expectativa entre os participantes.<\/p>\n\n\n\n<h2 class=\"wp-block-heading\">Detalhes dos Sorteios<\/h2>\n\n\n\n<p>O destaque ser\u00e1 o sorteio de 23 de dezembro, onde um pr\u00eamio principal de R$ 1 <a href=\"https:\/\/www.em.com.br\/emfoco\/2024\/12\/02\/reducao-da-jornada-de-trabalho-ministro-se-mostra-a-favor-da-modernizacao\/\" target=\"_blank\" rel=\"noreferrer noopener\">milh\u00e3o <\/a>ser\u00e1 entregue. Para concorrer, os bilhetes devem ser gerados entre 5 de agosto e 13 de dezembro. Al\u00e9m do grande pr\u00eamio, tr\u00eas entidades de assist\u00eancia social receber\u00e3o R$ 30 mil cada, refor\u00e7ando o car\u00e1ter social do programa.<\/p>\n\n\n\n<p>No primeiro sorteio, em 9 de dezembro, R$ 171.500 ser\u00e3o distribu\u00eddos, sendo R$ 50 mil para consumidores e o restante para entidades sociais. Os bilhetes v\u00e1lidos para essa etapa foram gerados entre 5 de agosto e 31 de outubro de 2024.<\/p>\n\n\n\n<p>J\u00e1 no sorteio de 16 de dezembro, os bilhetes emitidos em novembro estar\u00e3o aptos a participar. O valor total em pr\u00eamios ser\u00e1 de R$ 462.700, contemplando tanto consumidores quanto institui\u00e7\u00f5es assistenciais.<\/p>\n\n\n\n<h2 class=\"wp-block-heading\">Como Participar<\/h2>\n\n\n\n<p>O processo para participar \u00e9 simples e acess\u00edvel. Basta baixar o aplicativo <strong>Nota Fiscal Mineira<\/strong> e se cadastrar. A partir disso, ao solicitar a inclus\u00e3o do CPF na nota fiscal em suas compras, o consumidor automaticamente participa dos sorteios. N\u00e3o h\u00e1 necessidade de a\u00e7\u00f5es adicionais, j\u00e1 que os bilhetes s\u00e3o gerados de forma autom\u00e1tica.<\/p>\n\n\n\n<p>Este modelo contribui para o fortalecimento da arrecada\u00e7\u00e3o tribut\u00e1ria e combate \u00e0 sonega\u00e7\u00e3o, ao mesmo tempo que oferece atrativos para os cidad\u00e3os, como pr\u00eamios em dinheiro.<\/p>\n\n\n\n<h2 class=\"wp-block-heading\">Benef\u00edcios do CPF na Nota<\/h2>\n\n\n\n<p>Ao incluir o CPF na nota, os consumidores podem usufruir de diversos benef\u00edcios, como a possibilidade de acumular cr\u00e9ditos que podem ser usados para abater impostos estaduais ou transferidos para contas banc\u00e1rias. Al\u00e9m disso, a participa\u00e7\u00e3o nos sorteios traz oportunidades de ganhos financeiros consider\u00e1veis.<\/p>\n\n\n\n<p>Programas como este tamb\u00e9m estimulam a transpar\u00eancia nas rela\u00e7\u00f5es comerciais e refor\u00e7am a responsabilidade fiscal da popula\u00e7\u00e3o, criando um ambiente econ\u00f4mico mais saud\u00e1vel e justo.<\/p>\n\n\n\n<h2 class=\"wp-block-heading\">Outras Iniciativas no Brasil<\/h2>\n\n\n\n<p>O conceito de incluir o CPF na nota n\u00e3o \u00e9 exclusivo de Minas Gerais. Outros estados tamb\u00e9m possuem programas semelhantes com caracter\u00edsticas regionais espec\u00edficas. Em S\u00e3o Paulo, a <strong>Nota Fiscal Paulista<\/strong> permite o ac\u00famulo de cr\u00e9ditos e participa\u00e7\u00e3o em sorteios, enquanto no Rio Grande do Sul, a <strong>Nota Fiscal Ga\u00facha<\/strong> se destaca pela op\u00e7\u00e3o de doa\u00e7\u00e3o de cr\u00e9ditos a projetos sociais.<\/p>\n\n\n\n<p>Essas adapta\u00e7\u00f5es refletem as necessidades locais, mas compartilham o mesmo objetivo: incentivar a cidadania fiscal e a arrecada\u00e7\u00e3o transparente.<\/p>\n\n\n\n<h2 class=\"wp-block-heading\">Utiliza\u00e7\u00e3o dos Cr\u00e9ditos<\/h2>\n\n\n\n<figure class=\"wp-block-gallery has-nested-images columns-default is-cropped wp-block-gallery-1 is-layout-flex wp-block-gallery-is-layout-flex\">\n<figure class=\"wp-block-image size-large\"><img loading=\"lazy\" decoding=\"async\" width=\"1024\" height=\"748\" data-id=\"1319\" src=\"https:\/\/www.em.com.br\/emfoco\/wp-content\/uploads\/2024\/11\/Nota-fiscal-mineira-Jeso-Carneiro-Flickr-1024x748.jpg\" alt=\"Nota fiscal mineira - Jeso Carneiro Flickr\" class=\"wp-image-1319\" srcset=\"https:\/\/www.em.com.br\/emfoco\/wp-content\/uploads\/2024\/11\/Nota-fiscal-mineira-Jeso-Carneiro-Flickr-1024x748.jpg 1024w, https:\/\/www.em.com.br\/emfoco\/wp-content\/uploads\/2024\/11\/Nota-fiscal-mineira-Jeso-Carneiro-Flickr-300x219.jpg 300w, https:\/\/www.em.com.br\/emfoco\/wp-content\/uploads\/2024\/11\/Nota-fiscal-mineira-Jeso-Carneiro-Flickr-768x561.jpg 768w, https:\/\/www.em.com.br\/emfoco\/wp-content\/uploads\/2024\/11\/Nota-fiscal-mineira-Jeso-Carneiro-Flickr-1536x1122.jpg 1536w, https:\/\/www.em.com.br\/emfoco\/wp-content\/uploads\/2024\/11\/Nota-fiscal-mineira-Jeso-Carneiro-Flickr-750x548.jpg 750w, https:\/\/www.em.com.br\/emfoco\/wp-content\/uploads\/2024\/11\/Nota-fiscal-mineira-Jeso-Carneiro-Flickr-1140x833.jpg 1140w, https:\/\/www.em.com.br\/emfoco\/wp-content\/uploads\/2024\/11\/Nota-fiscal-mineira-Jeso-Carneiro-Flickr.jpg 2048w\" sizes=\"auto, (max-width: 1024px) 100vw, 1024px\" \/><figcaption class=\"wp-element-caption\">Nota fiscal mineira &#8211; Jeso Carneiro Flickr<\/figcaption><\/figure>\n<\/figure>\n\n\n\n<p>Os cr\u00e9ditos acumulados podem ser acessados e utilizados diretamente pelas plataformas online. Ap\u00f3s o login com os dados pessoais, \u00e9 poss\u00edvel consultar o saldo e escolher entre op\u00e7\u00f5es como transfer\u00eancias para conta banc\u00e1ria ou abatimento em impostos estaduais futuros.<\/p>\n\n\n\n<h4 class=\"wp-block-heading\">Dicas para Aproveitar Melhor o Programa<\/h4>\n\n\n\n<ul class=\"wp-block-list\">\n<li>Sempre solicite a inclus\u00e3o do CPF em todas as suas compras.<\/li>\n\n\n\n<li>Acompanhe o saldo de cr\u00e9ditos regularmente.<\/li>\n\n\n\n<li>Verifique as datas dos sorteios para n\u00e3o perder prazos importantes.<\/li>\n\n\n\n<li>Mantenha seus dados cadastrais atualizados.<\/li>\n\n\n\n<li>Considere utilizar os cr\u00e9ditos para doa\u00e7\u00f5es a entidades beneficentes, promovendo impacto social positivo.<\/li>\n<\/ul>\n\n\n\n<p>A Nota Fiscal Mineira \u00e9 mais do que um programa de incentivo fiscal; ela representa um elo entre cidadania e responsabilidade social. Os sorteios de dezembro prometem ser emocionantes, com pr\u00eamios que podem transformar vidas.<\/p>\n\n\n\n<p>Se voc\u00ea ainda n\u00e3o participa, este \u00e9 o momento ideal para aderir ao programa. Ao incluir seu CPF na nota, voc\u00ea n\u00e3o apenas concorre a pr\u00eamios, mas tamb\u00e9m contribui para o desenvolvimento social e fiscal do estado. Baixe o aplicativo, participe e aproveite todos os benef\u00edcios que este programa tem a oferecer!<\/p>\n","protected":false},"excerpt":{"rendered":"<p>A Secretaria de Fazenda de Minas Gerais anunciou os sorteios da Nota Fiscal Mineira para dezembro, totalizando R$ 2 milh\u00f5es em pr\u00eamios, incluindo um grande pr\u00eamio de R$ 1 milh\u00e3o.<\/p>\n","protected":false},"author":3,"featured_media":513,"comment_status":"open","ping_status":"open","sticky":false,"template":"","format":"standard","meta":{"jnews-multi-image_gallery":[],"jnews_single_post":{"format":"standard"},"jnews_primary_category":[],"jnews_social_meta":[],"jnews_override_counter":[],"footnotes":""},"categories":[29],"tags":[346,1333,1426,207,399,402,1425],"class_list":["post-2871","post","type-post","status-publish","format-standard","has-post-thumbnail","hentry","category-entretenimento","tag-cadastro","tag-consumidor","tag-cpf-2","tag-minas-gerais","tag-nota-fiscal-mineira","tag-premios","tag-sorteio"],"yoast_head":"<!-- This site is optimized with the Yoast SEO plugin v23.8 - https:\/\/yoast.com\/wordpress\/plugins\/seo\/ -->\n<title>Secretaria do Estado faz Comunicado sobre o sorteio de dezembro da Nota Fiscal Mineira - Estado de Minas - Em foco<\/title>\n<meta name=\"description\" content=\"A Secretaria de Fazenda de Minas Gerais anunciou as datas dos sorteios da Nota Fiscal Mineira para dezembro, totalizando R$ 2 milh\u00f5es\" \/>\n<meta name=\"robots\" content=\"index, follow, max-snippet:-1, max-image-preview:large, max-video-preview:-1\" \/>\n<link rel=\"canonical\" href=\"https:\/\/www.em.com.br\/emfoco\/2024\/12\/04\/secretaria-do-estado-faz-comunicado-sobre-o-sorteio-de-dezembro-da-nota-fiscal-mineira\/\" \/>\n<meta property=\"og:locale\" content=\"pt_BR\" \/>\n<meta property=\"og:type\" content=\"article\" \/>\n<meta property=\"og:title\" content=\"Secretaria do Estado faz Comunicado sobre o sorteio de dezembro da Nota Fiscal Mineira - Estado de Minas - Em foco\" \/>\n<meta property=\"og:description\" content=\"A Secretaria de Fazenda de Minas Gerais anunciou as datas dos sorteios da Nota Fiscal Mineira para dezembro, totalizando R$ 2 milh\u00f5es\" \/>\n<meta property=\"og:url\" content=\"https:\/\/www.em.com.br\/emfoco\/2024\/12\/04\/secretaria-do-estado-faz-comunicado-sobre-o-sorteio-de-dezembro-da-nota-fiscal-mineira\/\" \/>\n<meta property=\"og:site_name\" content=\"Estado de Minas - Em foco\" \/>\n<meta property=\"article:published_time\" content=\"2024-12-04T23:20:00+00:00\" \/>\n<meta property=\"article:modified_time\" content=\"2024-12-04T23:10:37+00:00\" \/>\n<meta property=\"og:image\" content=\"https:\/\/www.em.com.br\/emfoco\/wp-content\/uploads\/2024\/11\/CPF-na-nota-Creditos-depositphotos.com-rafapress.jpg\" \/>\n\t<meta property=\"og:image:width\" content=\"1280\" \/>\n\t<meta property=\"og:image:height\" content=\"720\" \/>\n\t<meta property=\"og:image:type\" content=\"image\/jpeg\" \/>\n<meta name=\"author\" content=\"Helen Palma\" \/>\n<meta name=\"twitter:card\" content=\"summary_large_image\" \/>\n<meta name=\"twitter:label1\" content=\"Escrito por\" \/>\n\t<meta name=\"twitter:data1\" content=\"Helen Palma\" \/>\n\t<meta name=\"twitter:label2\" content=\"Est. tempo de leitura\" \/>\n\t<meta name=\"twitter:data2\" content=\"4 minutos\" \/>\n<!-- \/ Yoast SEO plugin. -->","yoast_head_json":{"title":"Secretaria do Estado faz Comunicado sobre o sorteio de dezembro da Nota Fiscal Mineira - Estado de Minas - Em foco","description":"A Secretaria de Fazenda de Minas Gerais anunciou as datas dos sorteios da Nota Fiscal Mineira para dezembro, totalizando R$ 2 milh\u00f5es","robots":{"index":"index","follow":"follow","max-snippet":"max-snippet:-1","max-image-preview":"max-image-preview:large","max-video-preview":"max-video-preview:-1"},"canonical":"https:\/\/www.em.com.br\/emfoco\/2024\/12\/04\/secretaria-do-estado-faz-comunicado-sobre-o-sorteio-de-dezembro-da-nota-fiscal-mineira\/","og_locale":"pt_BR","og_type":"article","og_title":"Secretaria do Estado faz Comunicado sobre o sorteio de dezembro da Nota Fiscal Mineira - Estado de Minas - Em foco","og_description":"A Secretaria de Fazenda de Minas Gerais anunciou as datas dos sorteios da Nota Fiscal Mineira para dezembro, totalizando R$ 2 milh\u00f5es","og_url":"https:\/\/www.em.com.br\/emfoco\/2024\/12\/04\/secretaria-do-estado-faz-comunicado-sobre-o-sorteio-de-dezembro-da-nota-fiscal-mineira\/","og_site_name":"Estado de Minas - Em foco","article_published_time":"2024-12-04T23:20:00+00:00","article_modified_time":"2024-12-04T23:10:37+00:00","og_image":[{"width":1280,"height":720,"url":"https:\/\/www.em.com.br\/emfoco\/wp-content\/uploads\/2024\/11\/CPF-na-nota-Creditos-depositphotos.com-rafapress.jpg","type":"image\/jpeg"}],"author":"Helen Palma","twitter_card":"summary_large_image","twitter_misc":{"Escrito por":"Helen Palma","Est. tempo de leitura":"4 minutos"},"schema":{"@context":"https:\/\/schema.org","@graph":[{"@type":"WebPage","@id":"https:\/\/www.em.com.br\/emfoco\/2024\/12\/04\/secretaria-do-estado-faz-comunicado-sobre-o-sorteio-de-dezembro-da-nota-fiscal-mineira\/","url":"https:\/\/www.em.com.br\/emfoco\/2024\/12\/04\/secretaria-do-estado-faz-comunicado-sobre-o-sorteio-de-dezembro-da-nota-fiscal-mineira\/","name":"Secretaria do Estado faz Comunicado sobre o sorteio de dezembro da Nota Fiscal Mineira - Estado de Minas - Em foco","isPartOf":{"@id":"https:\/\/www.em.com.br\/emfoco\/#website"},"primaryImageOfPage":{"@id":"https:\/\/www.em.com.br\/emfoco\/2024\/12\/04\/secretaria-do-estado-faz-comunicado-sobre-o-sorteio-de-dezembro-da-nota-fiscal-mineira\/#primaryimage"},"image":{"@id":"https:\/\/www.em.com.br\/emfoco\/2024\/12\/04\/secretaria-do-estado-faz-comunicado-sobre-o-sorteio-de-dezembro-da-nota-fiscal-mineira\/#primaryimage"},"thumbnailUrl":"https:\/\/www.em.com.br\/emfoco\/wp-content\/uploads\/2024\/11\/CPF-na-nota-Creditos-depositphotos.com-rafapress.jpg","datePublished":"2024-12-04T23:20:00+00:00","dateModified":"2024-12-04T23:10:37+00:00","author":{"@id":"https:\/\/www.em.com.br\/emfoco\/#\/schema\/person\/d79d5c83ee37ab7ca6781d92bd406eac"},"description":"A Secretaria de Fazenda de Minas Gerais anunciou as datas dos sorteios da Nota Fiscal Mineira para dezembro, totalizando R$ 2 milh\u00f5es","breadcrumb":{"@id":"https:\/\/www.em.com.br\/emfoco\/2024\/12\/04\/secretaria-do-estado-faz-comunicado-sobre-o-sorteio-de-dezembro-da-nota-fiscal-mineira\/#breadcrumb"},"inLanguage":"pt-BR","potentialAction":[{"@type":"ReadAction","target":["https:\/\/www.em.com.br\/emfoco\/2024\/12\/04\/secretaria-do-estado-faz-comunicado-sobre-o-sorteio-de-dezembro-da-nota-fiscal-mineira\/"]}]},{"@type":"ImageObject","inLanguage":"pt-BR","@id":"https:\/\/www.em.com.br\/emfoco\/2024\/12\/04\/secretaria-do-estado-faz-comunicado-sobre-o-sorteio-de-dezembro-da-nota-fiscal-mineira\/#primaryimage","url":"https:\/\/www.em.com.br\/emfoco\/wp-content\/uploads\/2024\/11\/CPF-na-nota-Creditos-depositphotos.com-rafapress.jpg","contentUrl":"https:\/\/www.em.com.br\/emfoco\/wp-content\/uploads\/2024\/11\/CPF-na-nota-Creditos-depositphotos.com-rafapress.jpg","width":1280,"height":720,"caption":"CPF na nota - Cr\u00e9ditos depositphotos.com rafapress"},{"@type":"BreadcrumbList","@id":"https:\/\/www.em.com.br\/emfoco\/2024\/12\/04\/secretaria-do-estado-faz-comunicado-sobre-o-sorteio-de-dezembro-da-nota-fiscal-mineira\/#breadcrumb","itemListElement":[{"@type":"ListItem","position":1,"name":"In\u00edcio","item":"https:\/\/www.em.com.br\/emfoco\/"},{"@type":"ListItem","position":2,"name":"Secretaria do Estado faz Comunicado sobre o sorteio de dezembro da Nota Fiscal Mineira"}]},{"@type":"WebSite","@id":"https:\/\/www.em.com.br\/emfoco\/#website","url":"https:\/\/www.em.com.br\/emfoco\/","name":"Estado de Minas - Em foco","description":"Acompanhe as \u00faltimas not\u00edcias e fique bem informado sobre tudo o que acontece em Minas Gerais, Brasil e no mundo.","potentialAction":[{"@type":"SearchAction","target":{"@type":"EntryPoint","urlTemplate":"https:\/\/www.em.com.br\/emfoco\/?s={search_term_string}"},"query-input":{"@type":"PropertyValueSpecification","valueRequired":true,"valueName":"search_term_string"}}],"inLanguage":"pt-BR"},{"@type":"Person","@id":"https:\/\/www.em.com.br\/emfoco\/#\/schema\/person\/d79d5c83ee37ab7ca6781d92bd406eac","name":"Helen Palma","image":{"@type":"ImageObject","inLanguage":"pt-BR","@id":"https:\/\/www.em.com.br\/emfoco\/#\/schema\/person\/image\/","url":"https:\/\/secure.gravatar.com\/avatar\/c657d9266c25fd5b35a8a6274fb730cd?s=96&d=mm&r=g","contentUrl":"https:\/\/secure.gravatar.com\/avatar\/c657d9266c25fd5b35a8a6274fb730cd?s=96&d=mm&r=g","caption":"Helen Palma"},"url":"https:\/\/www.em.com.br\/emfoco\/author\/helenmyth\/"}]}},"_links":{"self":[{"href":"https:\/\/www.em.com.br\/emfoco\/wp-json\/wp\/v2\/posts\/2871","targetHints":{"allow":["GET"]}}],"collection":[{"href":"https:\/\/www.em.com.br\/emfoco\/wp-json\/wp\/v2\/posts"}],"about":[{"href":"https:\/\/www.em.com.br\/emfoco\/wp-json\/wp\/v2\/types\/post"}],"author":[{"embeddable":true,"href":"https:\/\/www.em.com.br\/emfoco\/wp-json\/wp\/v2\/users\/3"}],"replies":[{"embeddable":true,"href":"https:\/\/www.em.com.br\/emfoco\/wp-json\/wp\/v2\/comments?post=2871"}],"version-history":[{"count":2,"href":"https:\/\/www.em.com.br\/emfoco\/wp-json\/wp\/v2\/posts\/2871\/revisions"}],"predecessor-version":[{"id":3059,"href":"https:\/\/www.em.com.br\/emfoco\/wp-json\/wp\/v2\/posts\/2871\/revisions\/3059"}],"wp:featuredmedia":[{"embeddable":true,"href":"https:\/\/www.em.com.br\/emfoco\/wp-json\/wp\/v2\/media\/513"}],"wp:attachment":[{"href":"https:\/\/www.em.com.br\/emfoco\/wp-json\/wp\/v2\/media?parent=2871"}],"wp:term":[{"taxonomy":"category","embeddable":true,"href":"https:\/\/www.em.com.br\/emfoco\/wp-json\/wp\/v2\/categories?post=2871"},{"taxonomy":"post_tag","embeddable":true,"href":"https:\/\/www.em.com.br\/emfoco\/wp-json\/wp\/v2\/tags?post=2871"}],"curies":[{"name":"wp","href":"https:\/\/api.w.org\/{rel}","templated":true}]}}