{"id":28620,"date":"2025-03-22T12:20:00","date_gmt":"2025-03-22T15:20:00","guid":{"rendered":"https:\/\/www.em.com.br\/emfoco\/?p=28620"},"modified":"2025-03-22T12:29:27","modified_gmt":"2025-03-22T15:29:27","slug":"declaracao-pre-preenchida-do-ir-foi-adiada-e-pega-brasileiros-de-surpresa","status":"publish","type":"post","link":"https:\/\/www.em.com.br\/emfoco\/2025\/03\/22\/declaracao-pre-preenchida-do-ir-foi-adiada-e-pega-brasileiros-de-surpresa\/","title":{"rendered":"Declara\u00e7\u00e3o pr\u00e9-preenchida do IR foi adiada e pega brasileiros de surpresa"},"content":{"rendered":"\n<p>O per\u00edodo de entrega da declara\u00e7\u00e3o do <strong>Imposto de Renda de 2025<\/strong> come\u00e7ou em 17 de mar\u00e7o, conforme anunciado pela <strong>Receita Federal<\/strong>. Este ano, a declara\u00e7\u00e3o pr\u00e9-preenchida estar\u00e1 dispon\u00edvel apenas a partir de 1\u00ba de abril, devido a quest\u00f5es t\u00e9cnicas, segundo <strong>Jos\u00e9 Carlos da Fonseca, Supervisor Nacional do Programa<\/strong>. Os contribuintes ter\u00e3o at\u00e9 dois meses e meio para enviar suas declara\u00e7\u00f5es.<\/p>\n\n\n\n<p>Tradicionalmente, a declara\u00e7\u00e3o pr\u00e9-preenchida era disponibilizada junto com o in\u00edcio do per\u00edodo de declara\u00e7\u00e3o. No entanto, em 2025, a Receita Federal precisou adiar essa libera\u00e7\u00e3o para garantir a integridade e a precis\u00e3o dos dados captados. O programa para a declara\u00e7\u00e3o j\u00e1 est\u00e1 dispon\u00edvel para download, permitindo que os contribuintes comecem a se preparar.<\/p>\n\n\n\n<h2 class=\"wp-block-heading\">Como funciona a Declara\u00e7\u00e3o Pr\u00e9-Preenchida?<\/h2>\n\n\n\n<p>A declara\u00e7\u00e3o pr\u00e9-preenchida do<strong> Imposto de Renda<\/strong> \u00e9 uma ferramenta que facilita o processo de declara\u00e7\u00e3o para os contribuintes. Dispon\u00edvel a partir de 1\u00ba de abril, ela pode ser acessada atrav\u00e9s do <strong>e-CAC (Centro de Atendimento Virtual da Receita Federal)<\/strong>, do programa instalado no computador ou via aplicativo da Receita Federal em dispositivos m\u00f3veis.<\/p>\n\n\n\n<p>Essa modalidade traz informa\u00e7\u00f5es previamente capturadas pela Receita, como dados pessoais e financeiros do ano anterior. O contribuinte pode revisar, incluir ou excluir informa\u00e7\u00f5es conforme necess\u00e1rio. Em 2024, cerca de 10 milh\u00f5es de contribuintes utilizaram essa facilidade, que visa reduzir erros e simplificar o processo de declara\u00e7\u00e3o.<\/p>\n\n\n\n<figure class=\"wp-block-image size-full\"><img loading=\"lazy\" decoding=\"async\" width=\"1024\" height=\"577\" src=\"https:\/\/www.em.com.br\/emfoco\/wp-content\/uploads\/2025\/01\/image-55-e1736559092738.png\" alt=\"Receita Federal alerta para nova modalidade de fraude!\" class=\"wp-image-9768\" srcset=\"https:\/\/www.em.com.br\/emfoco\/wp-content\/uploads\/2025\/01\/image-55-e1736559092738.png 1024w, https:\/\/www.em.com.br\/emfoco\/wp-content\/uploads\/2025\/01\/image-55-e1736559092738-300x169.png 300w, https:\/\/www.em.com.br\/emfoco\/wp-content\/uploads\/2025\/01\/image-55-e1736559092738-768x433.png 768w, https:\/\/www.em.com.br\/emfoco\/wp-content\/uploads\/2025\/01\/image-55-e1736559092738-750x423.png 750w\" sizes=\"auto, (max-width: 1024px) 100vw, 1024px\" \/><figcaption class=\"wp-element-caption\">Imagem Ilustrativa de Receita Federal &#8211; Cr\u00e9ditos: Flickr<\/figcaption><\/figure>\n\n\n\n<h2 class=\"wp-block-heading\">Quem pode acessar a Declara\u00e7\u00e3o Pr\u00e9-Preenchida?<\/h2>\n\n\n\n<p>O acesso \u00e0 declara\u00e7\u00e3o pr\u00e9-preenchida \u00e9 permitido ao pr\u00f3prio contribuinte e a procuradores com procura\u00e7\u00e3o eletr\u00f4nica. Este ano, a Receita Federal introduziu uma nova funcionalidade: a autoriza\u00e7\u00e3o de acesso. Essa op\u00e7\u00e3o permite que o contribuinte autorize outro CPF a acessar suas informa\u00e7\u00f5es pr\u00e9-preenchidas, facilitando o processo para pequenos n\u00facleos familiares.<\/p>\n\n\n\n<p>Por exemplo, uma m\u00e3e pode ser autorizada a fazer a declara\u00e7\u00e3o para seus filhos, desde que eles concedam a autoriza\u00e7\u00e3o atrav\u00e9s do sistema Meu Imposto de Renda. A autoriza\u00e7\u00e3o \u00e9 restrita a um CPF e cada pessoa pode ser autorizada por at\u00e9 cinco contribuintes. \u00c9 importante que ambas as partes tenham contas n\u00edvel prata ou ouro no <strong>Gov.Br<\/strong> para que a autoriza\u00e7\u00e3o funcione corretamente.<\/p>\n\n\n\n<h2 class=\"wp-block-heading\">Quais as vantagens de optar pelo pix na restitui\u00e7\u00e3o?<\/h2>\n\n\n\n<p>Uma das novidades para 2025 \u00e9 a possibilidade de optar por receber a restitui\u00e7\u00e3o do Imposto de Renda via Pix. Os contribuintes que escolherem essa modalidade ter\u00e3o prioridade no recebimento, tornando o processo mais \u00e1gil e eficiente. Essa op\u00e7\u00e3o \u00e9 parte dos esfor\u00e7os da Receita Federal para modernizar e simplificar o sistema tribut\u00e1rio brasileiro.<\/p>\n\n\n\n<p>Al\u00e9m da rapidez, o uso do Pix elimina a necessidade de informar dados banc\u00e1rios tradicionais, reduzindo o risco de erros e atrasos. A Receita Federal continua a buscar maneiras de melhorar a experi\u00eancia do contribuinte, e a ado\u00e7\u00e3o do Pix \u00e9 um passo significativo nessa dire\u00e7\u00e3o.<\/p>\n\n\n\n<p>Com essas mudan\u00e7as, a Receita Federal espera tornar o processo de declara\u00e7\u00e3o do Imposto de Renda mais acess\u00edvel e eficiente para todos os contribuintes. \u00c9 importante que todos se preparem adequadamente e fiquem atentos aos prazos e novidades para evitar problemas com o Fisco.<\/p>\n","protected":false},"excerpt":{"rendered":"<p>O per\u00edodo de entrega da declara\u00e7\u00e3o do Imposto de Renda de 2025 come\u00e7ou em 17 de mar\u00e7o, conforme anunciado pela Receita Federal. Este ano, a declara\u00e7\u00e3o pr\u00e9-preenchida estar\u00e1 dispon\u00edvel apenas a partir de 1\u00ba de abril, devido a quest\u00f5es t\u00e9cnicas, segundo Jos\u00e9 Carlos da Fonseca, Supervisor Nacional do Programa. Os contribuintes ter\u00e3o at\u00e9 dois meses [&hellip;]<\/p>\n","protected":false},"author":5,"featured_media":21297,"comment_status":"open","ping_status":"open","sticky":false,"template":"","format":"standard","meta":{"jnews-multi-image_gallery":[],"jnews_single_post":{"format":"standard"},"jnews_primary_category":[],"jnews_social_meta":[],"jnews_override_counter":[],"footnotes":""},"categories":[28,1],"tags":[5315,713,6268,1514],"class_list":["post-28620","post","type-post","status-publish","format-standard","has-post-thumbnail","hentry","category-economia","category-noticias","tag-declaracao-de-imposto","tag-imposto-de-renda","tag-ir-2025","tag-pix"],"yoast_head":"<!-- This site is optimized with the Yoast SEO plugin v23.8 - https:\/\/yoast.com\/wordpress\/plugins\/seo\/ -->\n<title>Declara\u00e7\u00e3o pr\u00e9-preenchida do IR foi adiada e pega brasileiros de surpresa - Estado de Minas - Em foco<\/title>\n<meta name=\"description\" content=\"Declara\u00e7\u00e3o pr\u00e9-preenchida do IR 2025 s\u00f3 estar\u00e1 dispon\u00edvel a partir de abril. Entenda o motivo do adiamento e como acessar essa op\u00e7\u00e3o.\" \/>\n<meta name=\"robots\" content=\"index, follow, max-snippet:-1, max-image-preview:large, max-video-preview:-1\" \/>\n<link rel=\"canonical\" href=\"https:\/\/www.em.com.br\/emfoco\/2025\/03\/22\/declaracao-pre-preenchida-do-ir-foi-adiada-e-pega-brasileiros-de-surpresa\/\" \/>\n<meta property=\"og:locale\" content=\"pt_BR\" \/>\n<meta property=\"og:type\" content=\"article\" \/>\n<meta property=\"og:title\" content=\"Declara\u00e7\u00e3o pr\u00e9-preenchida do IR foi adiada e pega brasileiros de surpresa - Estado de Minas - Em foco\" \/>\n<meta property=\"og:description\" content=\"Declara\u00e7\u00e3o pr\u00e9-preenchida do IR 2025 s\u00f3 estar\u00e1 dispon\u00edvel a partir de abril. Entenda o motivo do adiamento e como acessar essa op\u00e7\u00e3o.\" \/>\n<meta property=\"og:url\" content=\"https:\/\/www.em.com.br\/emfoco\/2025\/03\/22\/declaracao-pre-preenchida-do-ir-foi-adiada-e-pega-brasileiros-de-surpresa\/\" \/>\n<meta property=\"og:site_name\" content=\"Estado de Minas - Em foco\" \/>\n<meta property=\"article:published_time\" content=\"2025-03-22T15:20:00+00:00\" \/>\n<meta property=\"article:modified_time\" content=\"2025-03-22T15:29:27+00:00\" \/>\n<meta property=\"og:image\" content=\"https:\/\/www.em.com.br\/emfoco\/wp-content\/uploads\/2025\/02\/esse-1-77.jpg\" \/>\n\t<meta property=\"og:image:width\" content=\"1280\" \/>\n\t<meta property=\"og:image:height\" content=\"720\" \/>\n\t<meta property=\"og:image:type\" content=\"image\/jpeg\" \/>\n<meta name=\"author\" content=\"N\u00fabia Rangel\" \/>\n<meta name=\"twitter:card\" content=\"summary_large_image\" \/>\n<meta name=\"twitter:label1\" content=\"Escrito por\" \/>\n\t<meta name=\"twitter:data1\" content=\"N\u00fabia Rangel\" \/>\n\t<meta name=\"twitter:label2\" content=\"Est. tempo de leitura\" \/>\n\t<meta name=\"twitter:data2\" content=\"4 minutos\" \/>\n<!-- \/ Yoast SEO plugin. -->","yoast_head_json":{"title":"Declara\u00e7\u00e3o pr\u00e9-preenchida do IR foi adiada e pega brasileiros de surpresa - Estado de Minas - Em foco","description":"Declara\u00e7\u00e3o pr\u00e9-preenchida do IR 2025 s\u00f3 estar\u00e1 dispon\u00edvel a partir de abril. Entenda o motivo do adiamento e como acessar essa op\u00e7\u00e3o.","robots":{"index":"index","follow":"follow","max-snippet":"max-snippet:-1","max-image-preview":"max-image-preview:large","max-video-preview":"max-video-preview:-1"},"canonical":"https:\/\/www.em.com.br\/emfoco\/2025\/03\/22\/declaracao-pre-preenchida-do-ir-foi-adiada-e-pega-brasileiros-de-surpresa\/","og_locale":"pt_BR","og_type":"article","og_title":"Declara\u00e7\u00e3o pr\u00e9-preenchida do IR foi adiada e pega brasileiros de surpresa - Estado de Minas - Em foco","og_description":"Declara\u00e7\u00e3o pr\u00e9-preenchida do IR 2025 s\u00f3 estar\u00e1 dispon\u00edvel a partir de abril. Entenda o motivo do adiamento e como acessar essa op\u00e7\u00e3o.","og_url":"https:\/\/www.em.com.br\/emfoco\/2025\/03\/22\/declaracao-pre-preenchida-do-ir-foi-adiada-e-pega-brasileiros-de-surpresa\/","og_site_name":"Estado de Minas - Em foco","article_published_time":"2025-03-22T15:20:00+00:00","article_modified_time":"2025-03-22T15:29:27+00:00","og_image":[{"width":1280,"height":720,"url":"https:\/\/www.em.com.br\/emfoco\/wp-content\/uploads\/2025\/02\/esse-1-77.jpg","type":"image\/jpeg"}],"author":"N\u00fabia Rangel","twitter_card":"summary_large_image","twitter_misc":{"Escrito por":"N\u00fabia Rangel","Est. tempo de leitura":"4 minutos"},"schema":{"@context":"https:\/\/schema.org","@graph":[{"@type":"WebPage","@id":"https:\/\/www.em.com.br\/emfoco\/2025\/03\/22\/declaracao-pre-preenchida-do-ir-foi-adiada-e-pega-brasileiros-de-surpresa\/","url":"https:\/\/www.em.com.br\/emfoco\/2025\/03\/22\/declaracao-pre-preenchida-do-ir-foi-adiada-e-pega-brasileiros-de-surpresa\/","name":"Declara\u00e7\u00e3o pr\u00e9-preenchida do IR foi adiada e pega brasileiros de surpresa - Estado de Minas - Em foco","isPartOf":{"@id":"https:\/\/www.em.com.br\/emfoco\/#website"},"primaryImageOfPage":{"@id":"https:\/\/www.em.com.br\/emfoco\/2025\/03\/22\/declaracao-pre-preenchida-do-ir-foi-adiada-e-pega-brasileiros-de-surpresa\/#primaryimage"},"image":{"@id":"https:\/\/www.em.com.br\/emfoco\/2025\/03\/22\/declaracao-pre-preenchida-do-ir-foi-adiada-e-pega-brasileiros-de-surpresa\/#primaryimage"},"thumbnailUrl":"https:\/\/www.em.com.br\/emfoco\/wp-content\/uploads\/2025\/02\/esse-1-77.jpg","datePublished":"2025-03-22T15:20:00+00:00","dateModified":"2025-03-22T15:29:27+00:00","author":{"@id":"https:\/\/www.em.com.br\/emfoco\/#\/schema\/person\/524437ef54f8a5d32591b143307f2e20"},"description":"Declara\u00e7\u00e3o pr\u00e9-preenchida do IR 2025 s\u00f3 estar\u00e1 dispon\u00edvel a partir de abril. Entenda o motivo do adiamento e como acessar essa op\u00e7\u00e3o.","breadcrumb":{"@id":"https:\/\/www.em.com.br\/emfoco\/2025\/03\/22\/declaracao-pre-preenchida-do-ir-foi-adiada-e-pega-brasileiros-de-surpresa\/#breadcrumb"},"inLanguage":"pt-BR","potentialAction":[{"@type":"ReadAction","target":["https:\/\/www.em.com.br\/emfoco\/2025\/03\/22\/declaracao-pre-preenchida-do-ir-foi-adiada-e-pega-brasileiros-de-surpresa\/"]}]},{"@type":"ImageObject","inLanguage":"pt-BR","@id":"https:\/\/www.em.com.br\/emfoco\/2025\/03\/22\/declaracao-pre-preenchida-do-ir-foi-adiada-e-pega-brasileiros-de-surpresa\/#primaryimage","url":"https:\/\/www.em.com.br\/emfoco\/wp-content\/uploads\/2025\/02\/esse-1-77.jpg","contentUrl":"https:\/\/www.em.com.br\/emfoco\/wp-content\/uploads\/2025\/02\/esse-1-77.jpg","width":1280,"height":720,"caption":"Receita Federal (Cr\u00e9ditos: depositphotos.com \/ rmcarvalhobsb)"},{"@type":"BreadcrumbList","@id":"https:\/\/www.em.com.br\/emfoco\/2025\/03\/22\/declaracao-pre-preenchida-do-ir-foi-adiada-e-pega-brasileiros-de-surpresa\/#breadcrumb","itemListElement":[{"@type":"ListItem","position":1,"name":"In\u00edcio","item":"https:\/\/www.em.com.br\/emfoco\/"},{"@type":"ListItem","position":2,"name":"Declara\u00e7\u00e3o pr\u00e9-preenchida do IR foi adiada e pega brasileiros de surpresa"}]},{"@type":"WebSite","@id":"https:\/\/www.em.com.br\/emfoco\/#website","url":"https:\/\/www.em.com.br\/emfoco\/","name":"Estado de Minas - Em foco","description":"Acompanhe as \u00faltimas not\u00edcias e fique bem informado sobre tudo o que acontece em Minas Gerais, Brasil e no mundo.","potentialAction":[{"@type":"SearchAction","target":{"@type":"EntryPoint","urlTemplate":"https:\/\/www.em.com.br\/emfoco\/?s={search_term_string}"},"query-input":{"@type":"PropertyValueSpecification","valueRequired":true,"valueName":"search_term_string"}}],"inLanguage":"pt-BR"},{"@type":"Person","@id":"https:\/\/www.em.com.br\/emfoco\/#\/schema\/person\/524437ef54f8a5d32591b143307f2e20","name":"N\u00fabia Rangel","image":{"@type":"ImageObject","inLanguage":"pt-BR","@id":"https:\/\/www.em.com.br\/emfoco\/#\/schema\/person\/image\/","url":"https:\/\/secure.gravatar.com\/avatar\/47cff2827a5ba23c37e8068c86817ea4?s=96&d=mm&r=g","contentUrl":"https:\/\/secure.gravatar.com\/avatar\/47cff2827a5ba23c37e8068c86817ea4?s=96&d=mm&r=g","caption":"N\u00fabia Rangel"},"sameAs":["https:\/\/www.em.com.br\/emfoco\/"],"url":"https:\/\/www.em.com.br\/emfoco\/author\/nubiamyth\/"}]}},"_links":{"self":[{"href":"https:\/\/www.em.com.br\/emfoco\/wp-json\/wp\/v2\/posts\/28620","targetHints":{"allow":["GET"]}}],"collection":[{"href":"https:\/\/www.em.com.br\/emfoco\/wp-json\/wp\/v2\/posts"}],"about":[{"href":"https:\/\/www.em.com.br\/emfoco\/wp-json\/wp\/v2\/types\/post"}],"author":[{"embeddable":true,"href":"https:\/\/www.em.com.br\/emfoco\/wp-json\/wp\/v2\/users\/5"}],"replies":[{"embeddable":true,"href":"https:\/\/www.em.com.br\/emfoco\/wp-json\/wp\/v2\/comments?post=28620"}],"version-history":[{"count":5,"href":"https:\/\/www.em.com.br\/emfoco\/wp-json\/wp\/v2\/posts\/28620\/revisions"}],"predecessor-version":[{"id":31333,"href":"https:\/\/www.em.com.br\/emfoco\/wp-json\/wp\/v2\/posts\/28620\/revisions\/31333"}],"wp:featuredmedia":[{"embeddable":true,"href":"https:\/\/www.em.com.br\/emfoco\/wp-json\/wp\/v2\/media\/21297"}],"wp:attachment":[{"href":"https:\/\/www.em.com.br\/emfoco\/wp-json\/wp\/v2\/media?parent=28620"}],"wp:term":[{"taxonomy":"category","embeddable":true,"href":"https:\/\/www.em.com.br\/emfoco\/wp-json\/wp\/v2\/categories?post=28620"},{"taxonomy":"post_tag","embeddable":true,"href":"https:\/\/www.em.com.br\/emfoco\/wp-json\/wp\/v2\/tags?post=28620"}],"curies":[{"name":"wp","href":"https:\/\/api.w.org\/{rel}","templated":true}]}}