{"id":28575,"date":"2025-03-15T09:20:00","date_gmt":"2025-03-15T12:20:00","guid":{"rendered":"https:\/\/www.em.com.br\/emfoco\/?p=28575"},"modified":"2025-03-14T15:08:01","modified_gmt":"2025-03-14T18:08:01","slug":"liberado-trabalhadores-com-carteira-assinada-ja-podem-sacar-ate-r1-518","status":"publish","type":"post","link":"https:\/\/www.em.com.br\/emfoco\/2025\/03\/15\/liberado-trabalhadores-com-carteira-assinada-ja-podem-sacar-ate-r1-518\/","title":{"rendered":"Liberado! Trabalhadores com carteira assinada j\u00e1 podem sacar at\u00e9 R$1.518"},"content":{"rendered":"\n<p>Milh\u00f5es de brasileiros j\u00e1 podem acessar o pagamento do <strong><a href=\"https:\/\/www.em.com.br\/emfoco\/2025\/03\/07\/governo-emite-aviso-crucial-sobre-o-abono-salarial-pis-pasep-em-07-03-confira\/\" target=\"_blank\" rel=\"noreferrer noopener\">abono salarial PIS\/Pasep<\/a><\/strong>, com valores que variam entre R$ 126,50 e R$ 1.518. A estimativa \u00e9 que cerca de 24,4 milh\u00f5es de trabalhadores sejam beneficiados at\u00e9 agosto.<\/p>\n\n\n\n<p>O pagamento foi iniciado em fevereiro e segue um cronograma baseado no m\u00eas de nascimento dos trabalhadores. Em mar\u00e7o, um novo grupo ter\u00e1 acesso ao benef\u00edcio, e os saques continuar\u00e3o nos meses seguintes.<\/p>\n\n\n\n<h2 class=\"wp-block-heading\">Descubra como consultar o valor e a data do pagamento<\/h2>\n\n\n\n<p>Para saber se tem direito ao benef\u00edcio, o trabalhador pode consultar as informa\u00e7\u00f5es por meio do aplicativo <strong><a href=\"https:\/\/www.gov.br\/pt-br\/temas\/carteira-de-trabalho-digital\" target=\"_blank\" rel=\"noreferrer noopener\">Carteira de Trabalho Digital<\/a><\/strong>. A ferramenta permite verificar:<\/p>\n\n\n\n<ul class=\"wp-block-list\">\n<li>O valor exato do abono salarial<\/li>\n\n\n\n<li>A data de pagamento conforme o cronograma oficial<\/li>\n\n\n\n<li>O banco respons\u00e1vel pelo dep\u00f3sito<\/li>\n<\/ul>\n\n\n\n<p>O PIS \u00e9 pago pela <strong>Caixa Econ\u00f4mica Federal<\/strong> para trabalhadores do setor privado, enquanto o Pasep \u00e9 administrado pelo<strong> Banco do Brasil <\/strong>para servidores p\u00fablicos.<\/p>\n\n\n\n<h2 class=\"wp-block-heading\">Quem tem direito ao PIS\/Pasep em 2025<\/h2>\n\n\n\n<p>Nem todos os trabalhadores est\u00e3o aptos a receber o abono salarial. Para ser beneficiado, \u00e9 necess\u00e1rio atender a alguns crit\u00e9rios espec\u00edficos no ano-base de 2023:<\/p>\n\n\n\n<ul class=\"wp-block-list\">\n<li>Ter cadastro no PIS\/Pasep h\u00e1 pelo menos cinco anos<\/li>\n\n\n\n<li>Ter trabalhado formalmente por, no m\u00ednimo, 30 dias<\/li>\n\n\n\n<li>Ter recebido, em m\u00e9dia, at\u00e9 dois sal\u00e1rios m\u00ednimos mensais<\/li>\n\n\n\n<li>Ter os dados corretamente registrados pelo empregador na RAIS ou no eSocial<\/li>\n<\/ul>\n\n\n\n<p>O valor do benef\u00edcio \u00e9 proporcional ao tempo trabalhado no ano-base. Quem trabalhou os 12 meses de 2023 recebe o valor m\u00e1ximo de R$ 1.518, enquanto aqueles com menos meses de trabalho recebem um valor reduzido.<\/p>\n\n\n\n<figure class=\"wp-block-image\"><img decoding=\"async\" src=\"https:\/\/www.em.com.br\/emfoco\/wp-content\/uploads\/2025\/02\/salario-brasil_1740792857961-1024x576.jpg\" alt=\"\"\/><figcaption class=\"wp-element-caption\">Imagem carteira de trabalho, dinheiro e bandeira &#8211; Cr\u00e9ditos: depositphotos.com \/ gustavomello162.hotmail.com<\/figcaption><\/figure>\n\n\n\n<h2 class=\"wp-block-heading\">Calend\u00e1rio de pagamento do PIS\/Pasep para mar\u00e7o de 2025<\/h2>\n\n\n\n<p>Os pagamentos seguem um cronograma baseado no m\u00eas de nascimento do trabalhador. Confira as datas para quem recebe em mar\u00e7o:<\/p>\n\n\n\n<h3 class=\"wp-block-heading\">Calend\u00e1rio do PIS (Caixa Econ\u00f4mica Federal \u2013 setor privado)<\/h3>\n\n\n\n<ul class=\"wp-block-list\">\n<li><strong>Nascidos em fevereiro <\/strong>\u2013 pagamento a partir de <strong>17 de mar\u00e7o<\/strong><\/li>\n\n\n\n<li><strong>Nascidos em mar\u00e7o e abril <\/strong>\u2013 pagamento a partir de <strong>15 de abril<\/strong><\/li>\n<\/ul>\n\n\n\n<h3 class=\"wp-block-heading\">Calend\u00e1rio do Pasep (Banco do Brasil \u2013 servidores p\u00fablicos)<\/h3>\n\n\n\n<ul class=\"wp-block-list\">\n<li><strong>Nascidos em mar\u00e7o e abril<\/strong>: a partir de 15 de abril&nbsp;<\/li>\n\n\n\n<li><strong>Nascidos em maio e junho<\/strong>: a partir de 15 de maio&nbsp;<\/li>\n<\/ul>\n\n\n\n<p>Os pagamentos seguem at\u00e9 agosto, quando todos os trabalhadores eleg\u00edveis ter\u00e3o recebido o benef\u00edcio.<\/p>\n\n\n\n<h2 class=\"wp-block-heading\">Aprenda como sacar o abono salarial<\/h2>\n\n\n\n<p>O saque do PIS pode ser feito diretamente pela Caixa Econ\u00f4mica Federal. J\u00e1 o Pasep \u00e9 pago pelo Banco do Brasil. Veja as op\u00e7\u00f5es para acessar o dinheiro:<\/p>\n\n\n\n<ul class=\"wp-block-list\">\n<li>Quem tem conta na Caixa recebe o valor automaticamente na conta-corrente, poupan\u00e7a ou digital<\/li>\n\n\n\n<li>Quem n\u00e3o tem conta pode sacar pelo Caixa Tem na Poupan\u00e7a Social Digital<\/li>\n\n\n\n<li>Servidores p\u00fablicos recebem o Pasep na conta do Banco do Brasil ou podem solicitar a transfer\u00eancia pelo Portal de Servi\u00e7os do Cidad\u00e3o<\/li>\n<\/ul>\n\n\n\n<p>Al\u00e9m disso, clientes de outros bancos podem transferir o benef\u00edcio usando o Gov.br, desde que tenham conta n\u00edvel prata ou ouro.<\/p>\n\n\n\n<h2 class=\"wp-block-heading\">Fique atento aos prazos para n\u00e3o perder o benef\u00edcio<\/h2>\n\n\n\n<p>O pagamento do PIS\/Pasep segue um calend\u00e1rio espec\u00edfico e \u00e9 essencial que os trabalhadores acompanhem as datas para evitar a perda do benef\u00edcio. Caso os dados do empregador estejam incorretos ou atrasados, o trabalhador pode ter dificuldades para receber o valor.<\/p>\n\n\n\n<p>Para garantir o saque, \u00e9 fundamental conferir as informa\u00e7\u00f5es no aplicativo Carteira de Trabalho Digital e, em caso de problemas, entrar em contato com a Caixa ou o Banco do Brasil.<\/p>\n","protected":false},"excerpt":{"rendered":"<p>Milh\u00f5es de brasileiros j\u00e1 podem acessar o pagamento do abono salarial PIS\/Pasep, com valores que variam entre R$ 126,50 e R$ 1.518. A estimativa \u00e9 que cerca de 24,4 milh\u00f5es de trabalhadores sejam beneficiados at\u00e9 agosto. O pagamento foi iniciado em fevereiro e segue um cronograma baseado no m\u00eas de nascimento dos trabalhadores. Em mar\u00e7o, [&hellip;]<\/p>\n","protected":false},"author":11,"featured_media":25273,"comment_status":"open","ping_status":"open","sticky":false,"template":"","format":"standard","meta":{"jnews-multi-image_gallery":[],"jnews_single_post":{"format":"standard"},"jnews_primary_category":[],"jnews_social_meta":[],"jnews_override_counter":[],"footnotes":""},"categories":[28,1],"tags":[292,259,2318],"class_list":["post-28575","post","type-post","status-publish","format-standard","has-post-thumbnail","hentry","category-economia","category-noticias","tag-abono-salarial","tag-beneficio","tag-beneficio-governo"],"yoast_head":"<!-- This site is optimized with the Yoast SEO plugin v23.8 - https:\/\/yoast.com\/wordpress\/plugins\/seo\/ -->\n<title>Liberado! Trabalhadores com carteira assinada j\u00e1 podem sacar at\u00e9 R$1.518 - Estado de Minas - Em foco<\/title>\n<meta name=\"description\" content=\"Trabalhadores do setor privado e servidores p\u00fablicos podem receber uma grana extra. Confira se voc\u00ea tem direito ao pagamento em 2025.\" \/>\n<meta name=\"robots\" content=\"index, follow, max-snippet:-1, max-image-preview:large, max-video-preview:-1\" \/>\n<link rel=\"canonical\" href=\"https:\/\/www.em.com.br\/emfoco\/2025\/03\/15\/liberado-trabalhadores-com-carteira-assinada-ja-podem-sacar-ate-r1-518\/\" \/>\n<meta property=\"og:locale\" content=\"pt_BR\" \/>\n<meta property=\"og:type\" content=\"article\" \/>\n<meta property=\"og:title\" content=\"Liberado! Trabalhadores com carteira assinada j\u00e1 podem sacar at\u00e9 R$1.518 - Estado de Minas - Em foco\" \/>\n<meta property=\"og:description\" content=\"Trabalhadores do setor privado e servidores p\u00fablicos podem receber uma grana extra. Confira se voc\u00ea tem direito ao pagamento em 2025.\" \/>\n<meta property=\"og:url\" content=\"https:\/\/www.em.com.br\/emfoco\/2025\/03\/15\/liberado-trabalhadores-com-carteira-assinada-ja-podem-sacar-ate-r1-518\/\" \/>\n<meta property=\"og:site_name\" content=\"Estado de Minas - Em foco\" \/>\n<meta property=\"article:published_time\" content=\"2025-03-15T12:20:00+00:00\" \/>\n<meta property=\"article:modified_time\" content=\"2025-03-14T18:08:01+00:00\" \/>\n<meta property=\"og:image\" content=\"https:\/\/www.em.com.br\/emfoco\/wp-content\/uploads\/2025\/03\/dinheiro-brasil_1741137119641.jpg\" \/>\n\t<meta property=\"og:image:width\" content=\"1280\" \/>\n\t<meta property=\"og:image:height\" content=\"720\" \/>\n\t<meta property=\"og:image:type\" content=\"image\/jpeg\" \/>\n<meta name=\"author\" content=\"Andre\u0301 Rangel\u00a0\" \/>\n<meta name=\"twitter:card\" content=\"summary_large_image\" \/>\n<meta name=\"twitter:label1\" content=\"Escrito por\" \/>\n\t<meta name=\"twitter:data1\" content=\"Andre\u0301 Rangel\u00a0\" \/>\n\t<meta name=\"twitter:label2\" content=\"Est. tempo de leitura\" \/>\n\t<meta name=\"twitter:data2\" content=\"4 minutos\" \/>\n<!-- \/ Yoast SEO plugin. -->","yoast_head_json":{"title":"Liberado! Trabalhadores com carteira assinada j\u00e1 podem sacar at\u00e9 R$1.518 - Estado de Minas - Em foco","description":"Trabalhadores do setor privado e servidores p\u00fablicos podem receber uma grana extra. Confira se voc\u00ea tem direito ao pagamento em 2025.","robots":{"index":"index","follow":"follow","max-snippet":"max-snippet:-1","max-image-preview":"max-image-preview:large","max-video-preview":"max-video-preview:-1"},"canonical":"https:\/\/www.em.com.br\/emfoco\/2025\/03\/15\/liberado-trabalhadores-com-carteira-assinada-ja-podem-sacar-ate-r1-518\/","og_locale":"pt_BR","og_type":"article","og_title":"Liberado! Trabalhadores com carteira assinada j\u00e1 podem sacar at\u00e9 R$1.518 - Estado de Minas - Em foco","og_description":"Trabalhadores do setor privado e servidores p\u00fablicos podem receber uma grana extra. Confira se voc\u00ea tem direito ao pagamento em 2025.","og_url":"https:\/\/www.em.com.br\/emfoco\/2025\/03\/15\/liberado-trabalhadores-com-carteira-assinada-ja-podem-sacar-ate-r1-518\/","og_site_name":"Estado de Minas - Em foco","article_published_time":"2025-03-15T12:20:00+00:00","article_modified_time":"2025-03-14T18:08:01+00:00","og_image":[{"width":1280,"height":720,"url":"https:\/\/www.em.com.br\/emfoco\/wp-content\/uploads\/2025\/03\/dinheiro-brasil_1741137119641.jpg","type":"image\/jpeg"}],"author":"Andre\u0301 Rangel\u00a0","twitter_card":"summary_large_image","twitter_misc":{"Escrito por":"Andre\u0301 Rangel\u00a0","Est. tempo de leitura":"4 minutos"},"schema":{"@context":"https:\/\/schema.org","@graph":[{"@type":"WebPage","@id":"https:\/\/www.em.com.br\/emfoco\/2025\/03\/15\/liberado-trabalhadores-com-carteira-assinada-ja-podem-sacar-ate-r1-518\/","url":"https:\/\/www.em.com.br\/emfoco\/2025\/03\/15\/liberado-trabalhadores-com-carteira-assinada-ja-podem-sacar-ate-r1-518\/","name":"Liberado! Trabalhadores com carteira assinada j\u00e1 podem sacar at\u00e9 R$1.518 - Estado de Minas - Em foco","isPartOf":{"@id":"https:\/\/www.em.com.br\/emfoco\/#website"},"primaryImageOfPage":{"@id":"https:\/\/www.em.com.br\/emfoco\/2025\/03\/15\/liberado-trabalhadores-com-carteira-assinada-ja-podem-sacar-ate-r1-518\/#primaryimage"},"image":{"@id":"https:\/\/www.em.com.br\/emfoco\/2025\/03\/15\/liberado-trabalhadores-com-carteira-assinada-ja-podem-sacar-ate-r1-518\/#primaryimage"},"thumbnailUrl":"https:\/\/www.em.com.br\/emfoco\/wp-content\/uploads\/2025\/03\/dinheiro-brasil_1741137119641.jpg","datePublished":"2025-03-15T12:20:00+00:00","dateModified":"2025-03-14T18:08:01+00:00","author":{"@id":"https:\/\/www.em.com.br\/emfoco\/#\/schema\/person\/60eda09c1fedf0d6891f4cef4b60b8b8"},"description":"Trabalhadores do setor privado e servidores p\u00fablicos podem receber uma grana extra. Confira se voc\u00ea tem direito ao pagamento em 2025.","breadcrumb":{"@id":"https:\/\/www.em.com.br\/emfoco\/2025\/03\/15\/liberado-trabalhadores-com-carteira-assinada-ja-podem-sacar-ate-r1-518\/#breadcrumb"},"inLanguage":"pt-BR","potentialAction":[{"@type":"ReadAction","target":["https:\/\/www.em.com.br\/emfoco\/2025\/03\/15\/liberado-trabalhadores-com-carteira-assinada-ja-podem-sacar-ate-r1-518\/"]}]},{"@type":"ImageObject","inLanguage":"pt-BR","@id":"https:\/\/www.em.com.br\/emfoco\/2025\/03\/15\/liberado-trabalhadores-com-carteira-assinada-ja-podem-sacar-ate-r1-518\/#primaryimage","url":"https:\/\/www.em.com.br\/emfoco\/wp-content\/uploads\/2025\/03\/dinheiro-brasil_1741137119641.jpg","contentUrl":"https:\/\/www.em.com.br\/emfoco\/wp-content\/uploads\/2025\/03\/dinheiro-brasil_1741137119641.jpg","width":1280,"height":720,"caption":"Seguro-desemprego 2026 tem novos valores e regras importantes - Cr\u00e9ditos: depositphotos.com \/ Krakenimages.com"},{"@type":"BreadcrumbList","@id":"https:\/\/www.em.com.br\/emfoco\/2025\/03\/15\/liberado-trabalhadores-com-carteira-assinada-ja-podem-sacar-ate-r1-518\/#breadcrumb","itemListElement":[{"@type":"ListItem","position":1,"name":"In\u00edcio","item":"https:\/\/www.em.com.br\/emfoco\/"},{"@type":"ListItem","position":2,"name":"Liberado! Trabalhadores com carteira assinada j\u00e1 podem sacar at\u00e9 R$1.518"}]},{"@type":"WebSite","@id":"https:\/\/www.em.com.br\/emfoco\/#website","url":"https:\/\/www.em.com.br\/emfoco\/","name":"Estado de Minas - Em foco","description":"Acompanhe as \u00faltimas not\u00edcias e fique bem informado sobre tudo o que acontece em Minas Gerais, Brasil e no mundo.","potentialAction":[{"@type":"SearchAction","target":{"@type":"EntryPoint","urlTemplate":"https:\/\/www.em.com.br\/emfoco\/?s={search_term_string}"},"query-input":{"@type":"PropertyValueSpecification","valueRequired":true,"valueName":"search_term_string"}}],"inLanguage":"pt-BR"},{"@type":"Person","@id":"https:\/\/www.em.com.br\/emfoco\/#\/schema\/person\/60eda09c1fedf0d6891f4cef4b60b8b8","name":"Andre\u0301 Rangel\u00a0","image":{"@type":"ImageObject","inLanguage":"pt-BR","@id":"https:\/\/www.em.com.br\/emfoco\/#\/schema\/person\/image\/","url":"https:\/\/secure.gravatar.com\/avatar\/6234dc814c77c8ef6d8bba622c787efc?s=96&d=mm&r=g","contentUrl":"https:\/\/secure.gravatar.com\/avatar\/6234dc814c77c8ef6d8bba622c787efc?s=96&d=mm&r=g","caption":"Andre\u0301 Rangel\u00a0"},"url":"https:\/\/www.em.com.br\/emfoco\/author\/luizmyth\/"}]}},"_links":{"self":[{"href":"https:\/\/www.em.com.br\/emfoco\/wp-json\/wp\/v2\/posts\/28575","targetHints":{"allow":["GET"]}}],"collection":[{"href":"https:\/\/www.em.com.br\/emfoco\/wp-json\/wp\/v2\/posts"}],"about":[{"href":"https:\/\/www.em.com.br\/emfoco\/wp-json\/wp\/v2\/types\/post"}],"author":[{"embeddable":true,"href":"https:\/\/www.em.com.br\/emfoco\/wp-json\/wp\/v2\/users\/11"}],"replies":[{"embeddable":true,"href":"https:\/\/www.em.com.br\/emfoco\/wp-json\/wp\/v2\/comments?post=28575"}],"version-history":[{"count":7,"href":"https:\/\/www.em.com.br\/emfoco\/wp-json\/wp\/v2\/posts\/28575\/revisions"}],"predecessor-version":[{"id":28802,"href":"https:\/\/www.em.com.br\/emfoco\/wp-json\/wp\/v2\/posts\/28575\/revisions\/28802"}],"wp:featuredmedia":[{"embeddable":true,"href":"https:\/\/www.em.com.br\/emfoco\/wp-json\/wp\/v2\/media\/25273"}],"wp:attachment":[{"href":"https:\/\/www.em.com.br\/emfoco\/wp-json\/wp\/v2\/media?parent=28575"}],"wp:term":[{"taxonomy":"category","embeddable":true,"href":"https:\/\/www.em.com.br\/emfoco\/wp-json\/wp\/v2\/categories?post=28575"},{"taxonomy":"post_tag","embeddable":true,"href":"https:\/\/www.em.com.br\/emfoco\/wp-json\/wp\/v2\/tags?post=28575"}],"curies":[{"name":"wp","href":"https:\/\/api.w.org\/{rel}","templated":true}]}}