{"id":28504,"date":"2025-03-15T18:40:07","date_gmt":"2025-03-15T21:40:07","guid":{"rendered":"https:\/\/www.em.com.br\/emfoco\/?p=28504"},"modified":"2025-03-15T18:40:08","modified_gmt":"2025-03-15T21:40:08","slug":"voce-sabia-transtornos-mentais-podem-te-dar-direito-ao-beneficio-por-incapacidade","status":"publish","type":"post","link":"https:\/\/www.em.com.br\/emfoco\/2025\/03\/15\/voce-sabia-transtornos-mentais-podem-te-dar-direito-ao-beneficio-por-incapacidade\/","title":{"rendered":"Voc\u00ea sabia? Transtornos mentais podem te dar direito ao benef\u00edcio por incapacidade!"},"content":{"rendered":"\n<p>O <strong>Brasil<\/strong> ocupa uma posi\u00e7\u00e3o de destaque na Am\u00e9rica Latina quando se trata de \u00edndices de depress\u00e3o. Segundo a <strong>Organiza\u00e7\u00e3o Mundial de Sa\u00fade<\/strong>, 5,8% da popula\u00e7\u00e3o brasileira, ou cerca de 11,7 milh\u00f5es de pessoas, s\u00e3o afetadas por essa condi\u00e7\u00e3o. A depress\u00e3o \u00e9 um transtorno complexo, influenciado por fatores como estresse, gen\u00e9tica, abuso de subst\u00e2ncias e traumas, impactando severamente a qualidade de vida dos indiv\u00edduos.<\/p>\n\n\n\n<p>Entre as consequ\u00eancias mais significativas da depress\u00e3o est\u00e1 a incapacidade de realizar atividades laborais, seja de forma tempor\u00e1ria ou permanente. Para aqueles que se encontram nessa situa\u00e7\u00e3o, o benef\u00edcio por incapacidade tempor\u00e1ria do INSS surge como uma alternativa para garantir o tratamento adequado e a recupera\u00e7\u00e3o longe dos est\u00edmulos estressores do ambiente de trabalho.<\/p>\n\n\n\n<h2 class=\"wp-block-heading\">O que \u00e9 o benef\u00edcio por incapacidade tempor\u00e1ria?<\/h2>\n\n\n\n<p>O benef\u00edcio por incapacidade tempor\u00e1ria, anteriormente conhecido como aux\u00edlio-doen\u00e7a, \u00e9 regulamentado pela <strong><a href=\"https:\/\/www2.camara.leg.br\/legin\/fed\/lei\/1991\/lei-8213-24-julho-1991-363650-publicacaooriginal-1-pl.html\" target=\"_blank\" rel=\"noreferrer noopener\">Lei 8.213\/91<\/a><\/strong>. Ele \u00e9 destinado aos segurados do INSS que, devido a condi\u00e7\u00f5es como ansiedade ou depress\u00e3o, precisam se afastar do trabalho para tratamento. Para ter direito a esse benef\u00edcio, \u00e9 necess\u00e1rio estar incapacitado para o trabalho por mais de 15 dias consecutivos e ter contribu\u00eddo para a <strong>Previd\u00eancia Social <\/strong>por pelo menos 12 meses antes do in\u00edcio da incapacidade.<\/p>\n\n\n\n<p><strong>Bruna Mouvier,<\/strong> uma profissional da \u00e1rea comercial, compartilhou sua experi\u00eancia ao solicitar o benef\u00edcio. Ela destacou a import\u00e2ncia de se afastar do ambiente de trabalho para focar em seu tratamento psicol\u00f3gico. O processo, segundo Bruna, foi facilitado pela plataforma <strong>Atestmed<\/strong>, que permite a solicita\u00e7\u00e3o do benef\u00edcio de forma simples e pr\u00e1tica.<\/p>\n\n\n\n<figure class=\"wp-block-image size-large\"><img loading=\"lazy\" decoding=\"async\" width=\"1024\" height=\"576\" src=\"https:\/\/www.em.com.br\/emfoco\/wp-content\/uploads\/2025\/02\/olhos-1024x576.jpg\" alt=\"\" class=\"wp-image-18857\" srcset=\"https:\/\/www.em.com.br\/emfoco\/wp-content\/uploads\/2025\/02\/olhos-1024x576.jpg 1024w, https:\/\/www.em.com.br\/emfoco\/wp-content\/uploads\/2025\/02\/olhos-300x169.jpg 300w, https:\/\/www.em.com.br\/emfoco\/wp-content\/uploads\/2025\/02\/olhos-768x432.jpg 768w, https:\/\/www.em.com.br\/emfoco\/wp-content\/uploads\/2025\/02\/olhos-750x422.jpg 750w, https:\/\/www.em.com.br\/emfoco\/wp-content\/uploads\/2025\/02\/olhos-1140x641.jpg 1140w, https:\/\/www.em.com.br\/emfoco\/wp-content\/uploads\/2025\/02\/olhos.jpg 1280w\" sizes=\"auto, (max-width: 1024px) 100vw, 1024px\" \/><figcaption class=\"wp-element-caption\">Imagem pessoa segurando os \u00f3culos &#8211; Cr\u00e9ditos: depositphotos.com \/ HayDmitriy<\/figcaption><\/figure>\n\n\n\n<h2 class=\"wp-block-heading\">Como solicitar o benef\u00edcio por incapacidade tempor\u00e1ria?<\/h2>\n\n\n\n<p>Os segurados do INSS podem solicitar o benef\u00edcio por incapacidade tempor\u00e1ria atrav\u00e9s do portal <strong>Meu INSS<\/strong> ou pela central telef\u00f4nica 135. O processo \u00e9 realizado por meio de an\u00e1lise documental, dispensando a necessidade de per\u00edcia m\u00e9dica presencial. Isso \u00e9 poss\u00edvel gra\u00e7as ao Atestmed, que permite o envio de atestados m\u00e9dicos e documentos complementares diretamente pela internet.<\/p>\n\n\n\n<p>Para realizar o pedido, o segurado deve seguir os seguintes passos:<\/p>\n\n\n\n<ol class=\"wp-block-list\">\n<li>Acessar o portal Meu INSS.<\/li>\n\n\n\n<li>Clicar em \u201cPedir Benef\u00edcio por Incapacidade\u201d.<\/li>\n\n\n\n<li>Selecionar o tipo de per\u00edcia e seguir as orienta\u00e7\u00f5es na tela.<\/li>\n\n\n\n<li>Informar os dados necess\u00e1rios para concluir o pedido.<\/li>\n<\/ol>\n\n\n\n<p>\u00c9 fundamental comprovar a incapacidade para o trabalho atrav\u00e9s de atestado m\u00e9dico e documentos complementares. A Per\u00edcia M\u00e9dica Federal analisar\u00e1 a documenta\u00e7\u00e3o e determinar\u00e1 o tempo de dura\u00e7\u00e3o do benef\u00edcio. Caso necess\u00e1rio, o segurado pode solicitar a prorroga\u00e7\u00e3o do benef\u00edcio, desde que a soma dos per\u00edodos n\u00e3o ultrapasse 180 dias.<\/p>\n\n\n\n<h2 class=\"wp-block-heading\">Quais s\u00e3o os Benef\u00edcios do Atestmed?<\/h2>\n\n\n\n<p>O Atestmed traz uma s\u00e9rie de vantagens para os segurados do INSS. Al\u00e9m de agilizar o processo de solicita\u00e7\u00e3o do benef\u00edcio, ele reduz significativamente as filas e o tempo de espera. Bruna Mouvier relatou que, apesar de sua ansiedade inicial, o processo foi conclu\u00eddo em apenas um m\u00eas, permitindo que ela focasse em sua recupera\u00e7\u00e3o sem preocupa\u00e7\u00f5es adicionais.<\/p>\n\n\n\n<p>Essa efici\u00eancia \u00e9 crucial para aqueles que enfrentam transtornos mentais, pois garante que o tratamento possa ser iniciado o mais r\u00e1pido poss\u00edvel, sem os atrasos comuns em processos burocr\u00e1ticos tradicionais.<\/p>\n\n\n\n<p>A depress\u00e3o \u00e9 um desafio significativo para a sa\u00fade p\u00fablica no <strong>Brasil<\/strong>, e o benef\u00edcio por incapacidade tempor\u00e1ria do INSS desempenha um papel vital no apoio aos indiv\u00edduos afetados. Com a facilidade proporcionada por plataformas como o Atestmed, os segurados podem acessar o suporte necess\u00e1rio de forma mais r\u00e1pida e eficiente, garantindo que possam se concentrar em sua recupera\u00e7\u00e3o e bem-estar.<\/p>\n","protected":false},"excerpt":{"rendered":"<p>O Brasil ocupa uma posi\u00e7\u00e3o de destaque na Am\u00e9rica Latina quando se trata de \u00edndices de depress\u00e3o. Segundo a Organiza\u00e7\u00e3o Mundial de Sa\u00fade, 5,8% da popula\u00e7\u00e3o brasileira, ou cerca de 11,7 milh\u00f5es de pessoas, s\u00e3o afetadas por essa condi\u00e7\u00e3o. A depress\u00e3o \u00e9 um transtorno complexo, influenciado por fatores como estresse, gen\u00e9tica, abuso de subst\u00e2ncias e [&hellip;]<\/p>\n","protected":false},"author":5,"featured_media":7200,"comment_status":"open","ping_status":"open","sticky":false,"template":"","format":"standard","meta":{"jnews-multi-image_gallery":[],"jnews_single_post":{"format":"standard"},"jnews_primary_category":[],"jnews_social_meta":[],"jnews_override_counter":[],"footnotes":""},"categories":[28,1],"tags":[2492,5206,2026],"class_list":["post-28504","post","type-post","status-publish","format-standard","has-post-thumbnail","hentry","category-economia","category-noticias","tag-beneficios-do-inss","tag-depressao","tag-saude-publica"],"yoast_head":"<!-- This site is optimized with the Yoast SEO plugin v23.8 - https:\/\/yoast.com\/wordpress\/plugins\/seo\/ -->\n<title>Voc\u00ea sabia? Transtornos mentais podem te dar direito ao benef\u00edcio por incapacidade! - Estado de Minas - Em foco<\/title>\n<meta name=\"description\" content=\"Como o Atestmed facilita o pedido de benef\u00edcio por incapacidade tempor\u00e1ria para tratamento de sa\u00fade e conseguir benef\u00edcio!\" \/>\n<meta name=\"robots\" content=\"index, follow, max-snippet:-1, max-image-preview:large, max-video-preview:-1\" \/>\n<link rel=\"canonical\" href=\"https:\/\/www.em.com.br\/emfoco\/2025\/03\/15\/voce-sabia-transtornos-mentais-podem-te-dar-direito-ao-beneficio-por-incapacidade\/\" \/>\n<meta property=\"og:locale\" content=\"pt_BR\" \/>\n<meta property=\"og:type\" content=\"article\" \/>\n<meta property=\"og:title\" content=\"Voc\u00ea sabia? Transtornos mentais podem te dar direito ao benef\u00edcio por incapacidade! - Estado de Minas - Em foco\" \/>\n<meta property=\"og:description\" content=\"Como o Atestmed facilita o pedido de benef\u00edcio por incapacidade tempor\u00e1ria para tratamento de sa\u00fade e conseguir benef\u00edcio!\" \/>\n<meta property=\"og:url\" content=\"https:\/\/www.em.com.br\/emfoco\/2025\/03\/15\/voce-sabia-transtornos-mentais-podem-te-dar-direito-ao-beneficio-por-incapacidade\/\" \/>\n<meta property=\"og:site_name\" content=\"Estado de Minas - Em foco\" \/>\n<meta property=\"article:published_time\" content=\"2025-03-15T21:40:07+00:00\" \/>\n<meta property=\"article:modified_time\" content=\"2025-03-15T21:40:08+00:00\" \/>\n<meta property=\"og:image\" content=\"https:\/\/www.em.com.br\/emfoco\/wp-content\/uploads\/2024\/12\/juiz_1735388293974.jpg\" \/>\n\t<meta property=\"og:image:width\" content=\"1280\" \/>\n\t<meta property=\"og:image:height\" content=\"720\" \/>\n\t<meta property=\"og:image:type\" content=\"image\/jpeg\" \/>\n<meta name=\"author\" content=\"N\u00fabia Rangel\" \/>\n<meta name=\"twitter:card\" content=\"summary_large_image\" \/>\n<meta name=\"twitter:label1\" content=\"Escrito por\" \/>\n\t<meta name=\"twitter:data1\" content=\"N\u00fabia Rangel\" \/>\n\t<meta name=\"twitter:label2\" content=\"Est. tempo de leitura\" \/>\n\t<meta name=\"twitter:data2\" content=\"4 minutos\" \/>\n<!-- \/ Yoast SEO plugin. -->","yoast_head_json":{"title":"Voc\u00ea sabia? Transtornos mentais podem te dar direito ao benef\u00edcio por incapacidade! - Estado de Minas - Em foco","description":"Como o Atestmed facilita o pedido de benef\u00edcio por incapacidade tempor\u00e1ria para tratamento de sa\u00fade e conseguir benef\u00edcio!","robots":{"index":"index","follow":"follow","max-snippet":"max-snippet:-1","max-image-preview":"max-image-preview:large","max-video-preview":"max-video-preview:-1"},"canonical":"https:\/\/www.em.com.br\/emfoco\/2025\/03\/15\/voce-sabia-transtornos-mentais-podem-te-dar-direito-ao-beneficio-por-incapacidade\/","og_locale":"pt_BR","og_type":"article","og_title":"Voc\u00ea sabia? Transtornos mentais podem te dar direito ao benef\u00edcio por incapacidade! - Estado de Minas - Em foco","og_description":"Como o Atestmed facilita o pedido de benef\u00edcio por incapacidade tempor\u00e1ria para tratamento de sa\u00fade e conseguir benef\u00edcio!","og_url":"https:\/\/www.em.com.br\/emfoco\/2025\/03\/15\/voce-sabia-transtornos-mentais-podem-te-dar-direito-ao-beneficio-por-incapacidade\/","og_site_name":"Estado de Minas - Em foco","article_published_time":"2025-03-15T21:40:07+00:00","article_modified_time":"2025-03-15T21:40:08+00:00","og_image":[{"width":1280,"height":720,"url":"https:\/\/www.em.com.br\/emfoco\/wp-content\/uploads\/2024\/12\/juiz_1735388293974.jpg","type":"image\/jpeg"}],"author":"N\u00fabia Rangel","twitter_card":"summary_large_image","twitter_misc":{"Escrito por":"N\u00fabia Rangel","Est. tempo de leitura":"4 minutos"},"schema":{"@context":"https:\/\/schema.org","@graph":[{"@type":"WebPage","@id":"https:\/\/www.em.com.br\/emfoco\/2025\/03\/15\/voce-sabia-transtornos-mentais-podem-te-dar-direito-ao-beneficio-por-incapacidade\/","url":"https:\/\/www.em.com.br\/emfoco\/2025\/03\/15\/voce-sabia-transtornos-mentais-podem-te-dar-direito-ao-beneficio-por-incapacidade\/","name":"Voc\u00ea sabia? Transtornos mentais podem te dar direito ao benef\u00edcio por incapacidade! - Estado de Minas - Em foco","isPartOf":{"@id":"https:\/\/www.em.com.br\/emfoco\/#website"},"primaryImageOfPage":{"@id":"https:\/\/www.em.com.br\/emfoco\/2025\/03\/15\/voce-sabia-transtornos-mentais-podem-te-dar-direito-ao-beneficio-por-incapacidade\/#primaryimage"},"image":{"@id":"https:\/\/www.em.com.br\/emfoco\/2025\/03\/15\/voce-sabia-transtornos-mentais-podem-te-dar-direito-ao-beneficio-por-incapacidade\/#primaryimage"},"thumbnailUrl":"https:\/\/www.em.com.br\/emfoco\/wp-content\/uploads\/2024\/12\/juiz_1735388293974.jpg","datePublished":"2025-03-15T21:40:07+00:00","dateModified":"2025-03-15T21:40:08+00:00","author":{"@id":"https:\/\/www.em.com.br\/emfoco\/#\/schema\/person\/524437ef54f8a5d32591b143307f2e20"},"description":"Como o Atestmed facilita o pedido de benef\u00edcio por incapacidade tempor\u00e1ria para tratamento de sa\u00fade e conseguir benef\u00edcio!","breadcrumb":{"@id":"https:\/\/www.em.com.br\/emfoco\/2025\/03\/15\/voce-sabia-transtornos-mentais-podem-te-dar-direito-ao-beneficio-por-incapacidade\/#breadcrumb"},"inLanguage":"pt-BR","potentialAction":[{"@type":"ReadAction","target":["https:\/\/www.em.com.br\/emfoco\/2025\/03\/15\/voce-sabia-transtornos-mentais-podem-te-dar-direito-ao-beneficio-por-incapacidade\/"]}]},{"@type":"ImageObject","inLanguage":"pt-BR","@id":"https:\/\/www.em.com.br\/emfoco\/2025\/03\/15\/voce-sabia-transtornos-mentais-podem-te-dar-direito-ao-beneficio-por-incapacidade\/#primaryimage","url":"https:\/\/www.em.com.br\/emfoco\/wp-content\/uploads\/2024\/12\/juiz_1735388293974.jpg","contentUrl":"https:\/\/www.em.com.br\/emfoco\/wp-content\/uploads\/2024\/12\/juiz_1735388293974.jpg","width":1280,"height":720,"caption":"Imagem Ilustrativa de Juiz - Cr\u00e9ditos: depositphotos.com \/ AllaSerebrina"},{"@type":"BreadcrumbList","@id":"https:\/\/www.em.com.br\/emfoco\/2025\/03\/15\/voce-sabia-transtornos-mentais-podem-te-dar-direito-ao-beneficio-por-incapacidade\/#breadcrumb","itemListElement":[{"@type":"ListItem","position":1,"name":"In\u00edcio","item":"https:\/\/www.em.com.br\/emfoco\/"},{"@type":"ListItem","position":2,"name":"Voc\u00ea sabia? Transtornos mentais podem te dar direito ao benef\u00edcio por incapacidade!"}]},{"@type":"WebSite","@id":"https:\/\/www.em.com.br\/emfoco\/#website","url":"https:\/\/www.em.com.br\/emfoco\/","name":"Estado de Minas - Em foco","description":"Acompanhe as \u00faltimas not\u00edcias e fique bem informado sobre tudo o que acontece em Minas Gerais, Brasil e no mundo.","potentialAction":[{"@type":"SearchAction","target":{"@type":"EntryPoint","urlTemplate":"https:\/\/www.em.com.br\/emfoco\/?s={search_term_string}"},"query-input":{"@type":"PropertyValueSpecification","valueRequired":true,"valueName":"search_term_string"}}],"inLanguage":"pt-BR"},{"@type":"Person","@id":"https:\/\/www.em.com.br\/emfoco\/#\/schema\/person\/524437ef54f8a5d32591b143307f2e20","name":"N\u00fabia Rangel","image":{"@type":"ImageObject","inLanguage":"pt-BR","@id":"https:\/\/www.em.com.br\/emfoco\/#\/schema\/person\/image\/","url":"https:\/\/secure.gravatar.com\/avatar\/47cff2827a5ba23c37e8068c86817ea4?s=96&d=mm&r=g","contentUrl":"https:\/\/secure.gravatar.com\/avatar\/47cff2827a5ba23c37e8068c86817ea4?s=96&d=mm&r=g","caption":"N\u00fabia Rangel"},"sameAs":["https:\/\/www.em.com.br\/emfoco\/"],"url":"https:\/\/www.em.com.br\/emfoco\/author\/nubiamyth\/"}]}},"_links":{"self":[{"href":"https:\/\/www.em.com.br\/emfoco\/wp-json\/wp\/v2\/posts\/28504","targetHints":{"allow":["GET"]}}],"collection":[{"href":"https:\/\/www.em.com.br\/emfoco\/wp-json\/wp\/v2\/posts"}],"about":[{"href":"https:\/\/www.em.com.br\/emfoco\/wp-json\/wp\/v2\/types\/post"}],"author":[{"embeddable":true,"href":"https:\/\/www.em.com.br\/emfoco\/wp-json\/wp\/v2\/users\/5"}],"replies":[{"embeddable":true,"href":"https:\/\/www.em.com.br\/emfoco\/wp-json\/wp\/v2\/comments?post=28504"}],"version-history":[{"count":4,"href":"https:\/\/www.em.com.br\/emfoco\/wp-json\/wp\/v2\/posts\/28504\/revisions"}],"predecessor-version":[{"id":29091,"href":"https:\/\/www.em.com.br\/emfoco\/wp-json\/wp\/v2\/posts\/28504\/revisions\/29091"}],"wp:featuredmedia":[{"embeddable":true,"href":"https:\/\/www.em.com.br\/emfoco\/wp-json\/wp\/v2\/media\/7200"}],"wp:attachment":[{"href":"https:\/\/www.em.com.br\/emfoco\/wp-json\/wp\/v2\/media?parent=28504"}],"wp:term":[{"taxonomy":"category","embeddable":true,"href":"https:\/\/www.em.com.br\/emfoco\/wp-json\/wp\/v2\/categories?post=28504"},{"taxonomy":"post_tag","embeddable":true,"href":"https:\/\/www.em.com.br\/emfoco\/wp-json\/wp\/v2\/tags?post=28504"}],"curies":[{"name":"wp","href":"https:\/\/api.w.org\/{rel}","templated":true}]}}