{"id":28454,"date":"2025-03-24T21:40:00","date_gmt":"2025-03-25T00:40:00","guid":{"rendered":"https:\/\/www.em.com.br\/emfoco\/?p=28454"},"modified":"2025-03-13T11:51:52","modified_gmt":"2025-03-13T14:51:52","slug":"tudo-o-que-voce-nao-sabia-sobre-os-personagens-de-todo-mundo-odeia-o-chris","status":"publish","type":"post","link":"https:\/\/www.em.com.br\/emfoco\/2025\/03\/24\/tudo-o-que-voce-nao-sabia-sobre-os-personagens-de-todo-mundo-odeia-o-chris\/","title":{"rendered":"Tudo o que voc\u00ea n\u00e3o sabia sobre os personagens de &#8220;Todo mundo odeia o Chris&#8221;"},"content":{"rendered":"\n<p>Desde sua estreia em 22 de setembro de 2005, &#8220;<strong><a href=\"https:\/\/www.primevideo.com\/-\/pt\/detail\/Todo-Mundo-Odeia-o-Chris\/0MNPC817E95KMLGF4G38DXN1KB\" target=\"_blank\" rel=\"noreferrer noopener\">Todo Mundo Odeia o Chris<\/a><\/strong>&#8221; conquistou uma legi\u00e3o de f\u00e3s ao redor do mundo. Inspirada nas experi\u00eancias de inf\u00e2ncia do comediante <strong>Chris Rock<\/strong>, a s\u00e9rie retrata a vida de um jovem negro nos <strong>Estados Unidos<\/strong> durante a d\u00e9cada de 1980. Com um humor \u00fanico e situa\u00e7\u00f5es que mesclam realidade e fic\u00e7\u00e3o, a s\u00e9rie continua a ser um fen\u00f4meno cultural, mesmo anos ap\u00f3s seu \u00faltimo epis\u00f3dio.<\/p>\n\n\n\n<p>A s\u00e9rie foi criada, roteirizada e narrada por Chris Rock, mas \u00e9 <strong>Tyler James Williams<\/strong> quem d\u00e1 vida ao personagem principal. A atua\u00e7\u00e3o de Williams capturou perfeitamente os desafios e o esp\u00edrito de Chris na juventude, trazendo \u00e0 tona as dificuldades e as alegrias de crescer em um ambiente muitas vezes hostil.<\/p>\n\n\n\n<h2 class=\"wp-block-heading\">Quais s\u00e3o as inspira\u00e7\u00f5es reais por tr\u00e1s da s\u00e9rie?<\/h2>\n\n\n\n<p>Muitas das situa\u00e7\u00f5es apresentadas em &#8220;Todo Mundo Odeia o Chris&#8221; s\u00e3o baseadas em <strong><a href=\"https:\/\/www.em.com.br\/emfoco\/2025\/03\/13\/a-cidade-que-esta-explodindo-em-crescimento-e-pode-ser-sua-melhor-escolha-para-viver\/\" target=\"_blank\" rel=\"noreferrer noopener\">eventos<\/a><\/strong> reais da vida de Chris Rock. Por exemplo, o personagem Greg, melhor amigo de Chris na s\u00e9rie, \u00e9 inspirado em <strong>David Moskowitz<\/strong>, amigo de inf\u00e2ncia do comediante. Essa conex\u00e3o com a realidade \u00e9 um dos fatores que torna a s\u00e9rie t\u00e3o aut\u00eantica e cativante.<\/p>\n\n\n\n<p>Outro personagem baseado em uma pessoa real \u00e9 <strong>Julius Rock<\/strong>, pai de Chris. Na s\u00e9rie, ele \u00e9 retratado como um trabalhador incans\u00e1vel, atuando como motorista de caminh\u00e3o e entregador de jornais. Na vida real, Julius Rock desempenhava essas mesmas fun\u00e7\u00f5es, at\u00e9 seu falecimento em 1988, ap\u00f3s uma cirurgia de \u00falcera. Esse evento pessoal influenciou a decis\u00e3o de encerrar a narrativa da s\u00e9rie em 1987.<\/p>\n\n\n\n<figure class=\"wp-block-embed is-type-video is-provider-youtube wp-block-embed-youtube wp-embed-aspect-4-3 wp-has-aspect-ratio\"><div class=\"wp-block-embed__wrapper\">\n<div class=\"jeg_video_container jeg_video_content\"><iframe loading=\"lazy\" title=\"Trailer Todo mundo odeia o Chris (legendado)\" width=\"500\" height=\"375\" src=\"https:\/\/www.youtube.com\/embed\/n95euEbvD8o?feature=oembed\" frameborder=\"0\" allow=\"accelerometer; autoplay; clipboard-write; encrypted-media; gyroscope; picture-in-picture; web-share\" referrerpolicy=\"strict-origin-when-cross-origin\" allowfullscreen><\/iframe><\/div>\n<\/div><\/figure>\n\n\n\n<h2 class=\"wp-block-heading\">Onde a s\u00e9rie foi gravada?<\/h2>\n\n\n\n<p>Embora a hist\u00f3ria se passe no <strong>Brooklyn, em Nova York<\/strong>, &#8220;Todo Mundo Odeia o Chris&#8221; foi filmada em Los Angeles, nos est\u00fadios da <strong>Paramount<\/strong>. Essa escolha log\u00edstica permitiu que a produ\u00e7\u00e3o utilizasse cen\u00e1rios controlados para recriar o ambiente urbano de Nova York, mantendo a autenticidade visual da s\u00e9rie.<\/p>\n\n\n\n<p>Al\u00e9m disso, as escolas frequentadas por Chris na s\u00e9rie s\u00e3o homenagens ao cl\u00e1ssico filme <strong>&#8220;O Poderoso Chef\u00e3o&#8221;<\/strong>. As institui\u00e7\u00f5es fict\u00edcias <strong>&#8220;Corleone&#8221; e &#8220;Tattaglia&#8221;<\/strong> fazem refer\u00eancia \u00e0s fam\u00edlias mafiosas do filme, adicionando uma camada de cultura pop \u00e0 narrativa.<\/p>\n\n\n\n<h2 class=\"wp-block-heading\">Por que a s\u00e9rie ainda \u00e9 relevante hoje?<\/h2>\n\n\n\n<p>Mesmo ap\u00f3s o \u00faltimo epis\u00f3dio ter ido ao ar em 2009, &#8220;Todo Mundo Odeia o Chris&#8221; continua a ser relevante e acess\u00edvel, gra\u00e7as \u00e0s plataformas de streaming e canais de televis\u00e3o. A s\u00e9rie ressoa com p\u00fablicos de todas as idades, gra\u00e7as ao seu humor atemporal e \u00e0s situa\u00e7\u00f5es universais que aborda.<\/p>\n\n\n\n<p>O sucesso cont\u00ednuo da s\u00e9rie pode ser atribu\u00eddo \u00e0 sua capacidade de misturar com\u00e9dia com cr\u00edticas sociais, abordando temas como racismo, desigualdade e as dificuldades da adolesc\u00eancia de forma leve e envolvente. Essa combina\u00e7\u00e3o de elementos faz com que &#8220;Todo Mundo Odeia o Chris&#8221; permane\u00e7a uma obra querida e respeitada, capaz de entreter e provocar reflex\u00e3o ao mesmo tempo.<\/p>\n","protected":false},"excerpt":{"rendered":"<p>Desde sua estreia em 22 de setembro de 2005, &#8220;Todo Mundo Odeia o Chris&#8221; conquistou uma legi\u00e3o de f\u00e3s ao redor do mundo. Inspirada nas experi\u00eancias de inf\u00e2ncia do comediante Chris Rock, a s\u00e9rie retrata a vida de um jovem negro nos Estados Unidos durante a d\u00e9cada de 1980. Com um humor \u00fanico e situa\u00e7\u00f5es [&hellip;]<\/p>\n","protected":false},"author":5,"featured_media":28475,"comment_status":"open","ping_status":"open","sticky":false,"template":"","format":"standard","meta":{"jnews-multi-image_gallery":[],"jnews_single_post":{"format":"standard"},"jnews_primary_category":[],"jnews_social_meta":[],"jnews_override_counter":[],"footnotes":""},"categories":[29,1,136],"tags":[5378,6247,145,1934],"class_list":["post-28454","post","type-post","status-publish","format-standard","has-post-thumbnail","hentry","category-entretenimento","category-noticias","category-series","tag-anos-80","tag-chris-rock","tag-comedia","tag-tv-show"],"yoast_head":"<!-- This site is optimized with the Yoast SEO plugin v23.8 - https:\/\/yoast.com\/wordpress\/plugins\/seo\/ -->\n<title>Tudo o que voc\u00ea n\u00e3o sabia sobre os personagens de &quot;Todo mundo odeia o Chris&quot; - Estado de Minas - Em foco<\/title>\n<meta name=\"description\" content=\"Explore os bastidores de &quot;Todo mundo odeia o Chris&quot;, uma s\u00e9rie que misturou com\u00e9dia e temas sociais de forma \u00fanica.\" \/>\n<meta name=\"robots\" content=\"index, follow, max-snippet:-1, max-image-preview:large, max-video-preview:-1\" \/>\n<link rel=\"canonical\" href=\"https:\/\/www.em.com.br\/emfoco\/2025\/03\/24\/tudo-o-que-voce-nao-sabia-sobre-os-personagens-de-todo-mundo-odeia-o-chris\/\" \/>\n<meta property=\"og:locale\" content=\"pt_BR\" \/>\n<meta property=\"og:type\" content=\"article\" \/>\n<meta property=\"og:title\" content=\"Tudo o que voc\u00ea n\u00e3o sabia sobre os personagens de &quot;Todo mundo odeia o Chris&quot; - Estado de Minas - Em foco\" \/>\n<meta property=\"og:description\" content=\"Explore os bastidores de &quot;Todo mundo odeia o Chris&quot;, uma s\u00e9rie que misturou com\u00e9dia e temas sociais de forma \u00fanica.\" \/>\n<meta property=\"og:url\" content=\"https:\/\/www.em.com.br\/emfoco\/2025\/03\/24\/tudo-o-que-voce-nao-sabia-sobre-os-personagens-de-todo-mundo-odeia-o-chris\/\" \/>\n<meta property=\"og:site_name\" content=\"Estado de Minas - Em foco\" \/>\n<meta property=\"article:published_time\" content=\"2025-03-25T00:40:00+00:00\" \/>\n<meta property=\"article:modified_time\" content=\"2025-03-13T14:51:52+00:00\" \/>\n<meta property=\"og:image\" content=\"https:\/\/www.em.com.br\/emfoco\/wp-content\/uploads\/2025\/03\/esse-31.jpg\" \/>\n\t<meta property=\"og:image:width\" content=\"1280\" \/>\n\t<meta property=\"og:image:height\" content=\"720\" \/>\n\t<meta property=\"og:image:type\" content=\"image\/jpeg\" \/>\n<meta name=\"author\" content=\"N\u00fabia Rangel\" \/>\n<meta name=\"twitter:card\" content=\"summary_large_image\" \/>\n<meta name=\"twitter:label1\" content=\"Escrito por\" \/>\n\t<meta name=\"twitter:data1\" content=\"N\u00fabia Rangel\" \/>\n\t<meta name=\"twitter:label2\" content=\"Est. tempo de leitura\" \/>\n\t<meta name=\"twitter:data2\" content=\"3 minutos\" \/>\n<!-- \/ Yoast SEO plugin. -->","yoast_head_json":{"title":"Tudo o que voc\u00ea n\u00e3o sabia sobre os personagens de \"Todo mundo odeia o Chris\" - Estado de Minas - Em foco","description":"Explore os bastidores de \"Todo mundo odeia o Chris\", uma s\u00e9rie que misturou com\u00e9dia e temas sociais de forma \u00fanica.","robots":{"index":"index","follow":"follow","max-snippet":"max-snippet:-1","max-image-preview":"max-image-preview:large","max-video-preview":"max-video-preview:-1"},"canonical":"https:\/\/www.em.com.br\/emfoco\/2025\/03\/24\/tudo-o-que-voce-nao-sabia-sobre-os-personagens-de-todo-mundo-odeia-o-chris\/","og_locale":"pt_BR","og_type":"article","og_title":"Tudo o que voc\u00ea n\u00e3o sabia sobre os personagens de \"Todo mundo odeia o Chris\" - Estado de Minas - Em foco","og_description":"Explore os bastidores de \"Todo mundo odeia o Chris\", uma s\u00e9rie que misturou com\u00e9dia e temas sociais de forma \u00fanica.","og_url":"https:\/\/www.em.com.br\/emfoco\/2025\/03\/24\/tudo-o-que-voce-nao-sabia-sobre-os-personagens-de-todo-mundo-odeia-o-chris\/","og_site_name":"Estado de Minas - Em foco","article_published_time":"2025-03-25T00:40:00+00:00","article_modified_time":"2025-03-13T14:51:52+00:00","og_image":[{"width":1280,"height":720,"url":"https:\/\/www.em.com.br\/emfoco\/wp-content\/uploads\/2025\/03\/esse-31.jpg","type":"image\/jpeg"}],"author":"N\u00fabia Rangel","twitter_card":"summary_large_image","twitter_misc":{"Escrito por":"N\u00fabia Rangel","Est. tempo de leitura":"3 minutos"},"schema":{"@context":"https:\/\/schema.org","@graph":[{"@type":"WebPage","@id":"https:\/\/www.em.com.br\/emfoco\/2025\/03\/24\/tudo-o-que-voce-nao-sabia-sobre-os-personagens-de-todo-mundo-odeia-o-chris\/","url":"https:\/\/www.em.com.br\/emfoco\/2025\/03\/24\/tudo-o-que-voce-nao-sabia-sobre-os-personagens-de-todo-mundo-odeia-o-chris\/","name":"Tudo o que voc\u00ea n\u00e3o sabia sobre os personagens de \"Todo mundo odeia o Chris\" - Estado de Minas - Em foco","isPartOf":{"@id":"https:\/\/www.em.com.br\/emfoco\/#website"},"primaryImageOfPage":{"@id":"https:\/\/www.em.com.br\/emfoco\/2025\/03\/24\/tudo-o-que-voce-nao-sabia-sobre-os-personagens-de-todo-mundo-odeia-o-chris\/#primaryimage"},"image":{"@id":"https:\/\/www.em.com.br\/emfoco\/2025\/03\/24\/tudo-o-que-voce-nao-sabia-sobre-os-personagens-de-todo-mundo-odeia-o-chris\/#primaryimage"},"thumbnailUrl":"https:\/\/www.em.com.br\/emfoco\/wp-content\/uploads\/2025\/03\/esse-31.jpg","datePublished":"2025-03-25T00:40:00+00:00","dateModified":"2025-03-13T14:51:52+00:00","author":{"@id":"https:\/\/www.em.com.br\/emfoco\/#\/schema\/person\/524437ef54f8a5d32591b143307f2e20"},"description":"Explore os bastidores de \"Todo mundo odeia o Chris\", uma s\u00e9rie que misturou com\u00e9dia e temas sociais de forma \u00fanica.","breadcrumb":{"@id":"https:\/\/www.em.com.br\/emfoco\/2025\/03\/24\/tudo-o-que-voce-nao-sabia-sobre-os-personagens-de-todo-mundo-odeia-o-chris\/#breadcrumb"},"inLanguage":"pt-BR","potentialAction":[{"@type":"ReadAction","target":["https:\/\/www.em.com.br\/emfoco\/2025\/03\/24\/tudo-o-que-voce-nao-sabia-sobre-os-personagens-de-todo-mundo-odeia-o-chris\/"]}]},{"@type":"ImageObject","inLanguage":"pt-BR","@id":"https:\/\/www.em.com.br\/emfoco\/2025\/03\/24\/tudo-o-que-voce-nao-sabia-sobre-os-personagens-de-todo-mundo-odeia-o-chris\/#primaryimage","url":"https:\/\/www.em.com.br\/emfoco\/wp-content\/uploads\/2025\/03\/esse-31.jpg","contentUrl":"https:\/\/www.em.com.br\/emfoco\/wp-content\/uploads\/2025\/03\/esse-31.jpg","width":1280,"height":720,"caption":"Todo mundo odeia o Chris - Cr\u00e9ditos: Imagem Divulga\u00e7\u00e3o Prime Video"},{"@type":"BreadcrumbList","@id":"https:\/\/www.em.com.br\/emfoco\/2025\/03\/24\/tudo-o-que-voce-nao-sabia-sobre-os-personagens-de-todo-mundo-odeia-o-chris\/#breadcrumb","itemListElement":[{"@type":"ListItem","position":1,"name":"In\u00edcio","item":"https:\/\/www.em.com.br\/emfoco\/"},{"@type":"ListItem","position":2,"name":"Tudo o que voc\u00ea n\u00e3o sabia sobre os personagens de &#8220;Todo mundo odeia o Chris&#8221;"}]},{"@type":"WebSite","@id":"https:\/\/www.em.com.br\/emfoco\/#website","url":"https:\/\/www.em.com.br\/emfoco\/","name":"Estado de Minas - Em foco","description":"Acompanhe as \u00faltimas not\u00edcias e fique bem informado sobre tudo o que acontece em Minas Gerais, Brasil e no mundo.","potentialAction":[{"@type":"SearchAction","target":{"@type":"EntryPoint","urlTemplate":"https:\/\/www.em.com.br\/emfoco\/?s={search_term_string}"},"query-input":{"@type":"PropertyValueSpecification","valueRequired":true,"valueName":"search_term_string"}}],"inLanguage":"pt-BR"},{"@type":"Person","@id":"https:\/\/www.em.com.br\/emfoco\/#\/schema\/person\/524437ef54f8a5d32591b143307f2e20","name":"N\u00fabia Rangel","image":{"@type":"ImageObject","inLanguage":"pt-BR","@id":"https:\/\/www.em.com.br\/emfoco\/#\/schema\/person\/image\/","url":"https:\/\/secure.gravatar.com\/avatar\/47cff2827a5ba23c37e8068c86817ea4?s=96&d=mm&r=g","contentUrl":"https:\/\/secure.gravatar.com\/avatar\/47cff2827a5ba23c37e8068c86817ea4?s=96&d=mm&r=g","caption":"N\u00fabia Rangel"},"sameAs":["https:\/\/www.em.com.br\/emfoco\/"],"url":"https:\/\/www.em.com.br\/emfoco\/author\/nubiamyth\/"}]}},"_links":{"self":[{"href":"https:\/\/www.em.com.br\/emfoco\/wp-json\/wp\/v2\/posts\/28454","targetHints":{"allow":["GET"]}}],"collection":[{"href":"https:\/\/www.em.com.br\/emfoco\/wp-json\/wp\/v2\/posts"}],"about":[{"href":"https:\/\/www.em.com.br\/emfoco\/wp-json\/wp\/v2\/types\/post"}],"author":[{"embeddable":true,"href":"https:\/\/www.em.com.br\/emfoco\/wp-json\/wp\/v2\/users\/5"}],"replies":[{"embeddable":true,"href":"https:\/\/www.em.com.br\/emfoco\/wp-json\/wp\/v2\/comments?post=28454"}],"version-history":[{"count":2,"href":"https:\/\/www.em.com.br\/emfoco\/wp-json\/wp\/v2\/posts\/28454\/revisions"}],"predecessor-version":[{"id":28483,"href":"https:\/\/www.em.com.br\/emfoco\/wp-json\/wp\/v2\/posts\/28454\/revisions\/28483"}],"wp:featuredmedia":[{"embeddable":true,"href":"https:\/\/www.em.com.br\/emfoco\/wp-json\/wp\/v2\/media\/28475"}],"wp:attachment":[{"href":"https:\/\/www.em.com.br\/emfoco\/wp-json\/wp\/v2\/media?parent=28454"}],"wp:term":[{"taxonomy":"category","embeddable":true,"href":"https:\/\/www.em.com.br\/emfoco\/wp-json\/wp\/v2\/categories?post=28454"},{"taxonomy":"post_tag","embeddable":true,"href":"https:\/\/www.em.com.br\/emfoco\/wp-json\/wp\/v2\/tags?post=28454"}],"curies":[{"name":"wp","href":"https:\/\/api.w.org\/{rel}","templated":true}]}}