{"id":28295,"date":"2025-03-24T15:00:00","date_gmt":"2025-03-24T18:00:00","guid":{"rendered":"https:\/\/www.em.com.br\/emfoco\/?p=28295"},"modified":"2025-03-12T22:04:37","modified_gmt":"2025-03-13T01:04:37","slug":"veja-as-tendencias-de-oculos-para-2025-e-escolha-o-seu-modelo-ideal","status":"publish","type":"post","link":"https:\/\/www.em.com.br\/emfoco\/2025\/03\/24\/veja-as-tendencias-de-oculos-para-2025-e-escolha-o-seu-modelo-ideal\/","title":{"rendered":"Veja as tend\u00eancias de \u00f3culos para 2025 e escolha o seu modelo ideal"},"content":{"rendered":"\n<p>Em 2025, o <strong><a href=\"https:\/\/www.em.com.br\/emfoco\/2025\/03\/12\/essa-cidade-se-destacou-no-brasil-e-agora-e-referencia-em-qualidade-de-vida\/\" target=\"_blank\" rel=\"noreferrer noopener\">mundo<\/a><\/strong> da moda \u00f3tica est\u00e1 em constante evolu\u00e7\u00e3o, com novas tend\u00eancias surgindo e conquistando o p\u00fablico. As grandes marcas, como<strong> Prada, Ray-Ban, Oakley, Dolce &amp; Gabbana e <a href=\"https:\/\/www.miumiu.com\/br\/pt.html\" target=\"_blank\" rel=\"noreferrer noopener\">Miu Miu<\/a><\/strong>, continuam a inovar em suas cole\u00e7\u00f5es, muitas vezes em parceria com a gigante do mercado \u00f3tico, <strong>EssilorLuxottica<\/strong>. Com uma presen\u00e7a global e uma vasta rede de f\u00e1bricas e lojas, a empresa lidera o setor, apresentando novidades que prometem transformar a forma como vemos e usamos \u00f3culos.<\/p>\n\n\n\n<p>Durante uma experi\u00eancia imersiva no <strong>Centro de Experi\u00eancias de Tortona, em Mil\u00e3o<\/strong>, foram reveladas as principais tend\u00eancias de \u00f3culos para esta temporada. Desde o uso de metais experimentais at\u00e9 designs futuristas, as cole\u00e7\u00f5es de 2025 trazem uma mistura de sofistica\u00e7\u00e3o e inova\u00e7\u00e3o. Vamos explorar algumas dessas tend\u00eancias que est\u00e3o moldando o futuro da moda \u00f3tica.<\/p>\n\n\n\n<h2 class=\"wp-block-heading\">Quais s\u00e3o as principais tend\u00eancias de \u00f3culos para 2025?<\/h2>\n\n\n\n<p>Uma das tend\u00eancias mais marcantes para 2025 \u00e9 o uso de <strong>metais experimentais<\/strong>. Materiais como folhas de metal, tit\u00e2nio e alum\u00ednio est\u00e3o sendo explorados para criar designs \u00fanicos e futuristas. As arma\u00e7\u00f5es apresentam formas planas ou fluidas, com detalhes estruturais e espa\u00e7os vazados que adicionam um toque de sofistica\u00e7\u00e3o. Al\u00e9m disso, as lentes espelhadas complementam o visual, trazendo um ar de modernidade.<\/p>\n\n\n\n<figure class=\"wp-block-image size-large\"><img loading=\"lazy\" decoding=\"async\" width=\"1024\" height=\"576\" src=\"https:\/\/www.em.com.br\/emfoco\/wp-content\/uploads\/2025\/03\/oculos_1741827459534-1024x576.jpg\" alt=\"Veja as tend\u00eancias de \u00f3culos para 2025 e escolha o seu modelo ideal\" class=\"wp-image-28301\" srcset=\"https:\/\/www.em.com.br\/emfoco\/wp-content\/uploads\/2025\/03\/oculos_1741827459534-1024x576.jpg 1024w, https:\/\/www.em.com.br\/emfoco\/wp-content\/uploads\/2025\/03\/oculos_1741827459534-300x169.jpg 300w, https:\/\/www.em.com.br\/emfoco\/wp-content\/uploads\/2025\/03\/oculos_1741827459534-768x432.jpg 768w, https:\/\/www.em.com.br\/emfoco\/wp-content\/uploads\/2025\/03\/oculos_1741827459534-750x422.jpg 750w, https:\/\/www.em.com.br\/emfoco\/wp-content\/uploads\/2025\/03\/oculos_1741827459534-1140x641.jpg 1140w, https:\/\/www.em.com.br\/emfoco\/wp-content\/uploads\/2025\/03\/oculos_1741827459534.jpg 1280w\" sizes=\"auto, (max-width: 1024px) 100vw, 1024px\" \/><figcaption class=\"wp-element-caption\">\u00d3culos &#8211; Cr\u00e9ditos: depositphotos.com \/ SarkisSeysian<\/figcaption><\/figure>\n\n\n\n<h2 class=\"wp-block-heading\">Como os tons neutros est\u00e3o influenciando o design de \u00f3culos?<\/h2>\n\n\n\n<p>Os <strong>tons neutros<\/strong> e arma\u00e7\u00f5es transparentes tamb\u00e9m est\u00e3o em alta em 2025. Cores como bege suave e cinza, combinadas com acabamentos claros, criam um visual minimalista e atemporal. Essa tend\u00eancia \u00e9 vers\u00e1til, aparecendo tanto em designs esportivos quanto em modelos masculinos, mostrando que a sofistica\u00e7\u00e3o sutil pode se adaptar a diferentes estilos.<\/p>\n\n\n\n<h2 class=\"wp-block-heading\">O que \u00e9 o estilo &#8220;Olhos de Alien&#8221; nos \u00f3culos?<\/h2>\n\n\n\n<p>Inspirado no visual de olhos alien\u00edgenas, o estilo <strong>&#8220;Olhos de Alien&#8221;<\/strong> \u00e9 uma das apostas mais ousadas para 2025. Essa tend\u00eancia mistura elementos dos cl\u00e1ssicos \u00f3culos gatinho e aviador, resultando em formas distorcidas e diferenciadas. Perfeitos para quem busca se destacar, esses \u00f3culos combinam uma est\u00e9tica futurista com um toque de excentricidade.<\/p>\n\n\n\n<h2 class=\"wp-block-heading\">Quais inova\u00e7\u00f5es tecnol\u00f3gicas est\u00e3o presentes nos \u00f3culos de 2025?<\/h2>\n\n\n\n<p>Al\u00e9m das tend\u00eancias de design, 2025 tamb\u00e9m traz inova\u00e7\u00f5es tecnol\u00f3gicas significativas no mundo dos \u00f3culos. Os <strong>\u00f3culos Ray-Ban Meta<\/strong> s\u00e3o um exemplo disso, oferecendo funcionalidades como c\u00e2meras para videochamadas e assistentes virtuais integrados. Esses \u00f3culos inteligentes permitem intera\u00e7\u00f5es em tempo real, como identificar plantas ou traduzir placas, tudo atrav\u00e9s de comandos de voz.<\/p>\n\n\n\n<p>Outra inova\u00e7\u00e3o not\u00e1vel s\u00e3o os <strong>\u00f3culos de \u00e1udio Nuance<\/strong>, desenvolvidos pela EssilorLuxottica. Projetados para pessoas com perda auditiva leve a moderada, esses \u00f3culos combinam solu\u00e7\u00f5es para vis\u00e3o e audi\u00e7\u00e3o em um design minimalista. Com aprova\u00e7\u00e3o da <strong>FDA nos EUA<\/strong> e certifica\u00e7\u00e3o europeia, eles representam uma nova categoria de tecnologia m\u00e9dica acess\u00edvel.<\/p>\n\n\n\n<h2 class=\"wp-block-heading\">Como a sustentabilidade est\u00e1 influenciando as tend\u00eancias de \u00f3culos?<\/h2>\n\n\n\n<p>A sustentabilidade tamb\u00e9m desempenha um papel importante nas tend\u00eancias de \u00f3culos para 2025. Os <strong>tons de verde<\/strong>, inspirados na natureza, est\u00e3o em alta, simbolizando uma conex\u00e3o renovada com o meio ambiente. Desde tons bot\u00e2nicos intensos at\u00e9 nuances suaves, essa tend\u00eancia reflete um compromisso crescente com pr\u00e1ticas sustent\u00e1veis e uma est\u00e9tica ecol\u00f3gica.<\/p>\n\n\n\n<p>Em resumo, 2025 promete ser um ano de inova\u00e7\u00e3o e criatividade no mundo da moda \u00f3tica. Com uma combina\u00e7\u00e3o de design futurista, tecnologia avan\u00e7ada e um foco crescente em sustentabilidade, as tend\u00eancias de \u00f3culos est\u00e3o redefinindo o que significa estar na moda. Seja atrav\u00e9s de metais experimentais, tons neutros ou inova\u00e7\u00f5es tecnol\u00f3gicas, o futuro dos \u00f3culos \u00e9 brilhante e cheio de possibilidades.<\/p>\n","protected":false},"excerpt":{"rendered":"<p>Em 2025, o mundo da moda \u00f3tica est\u00e1 em constante evolu\u00e7\u00e3o, com novas tend\u00eancias surgindo e conquistando o p\u00fablico. As grandes marcas, como Prada, Ray-Ban, Oakley, Dolce &amp; Gabbana e Miu Miu, continuam a inovar em suas cole\u00e7\u00f5es, muitas vezes em parceria com a gigante do mercado \u00f3tico, EssilorLuxottica. Com uma presen\u00e7a global e uma [&hellip;]<\/p>\n","protected":false},"author":5,"featured_media":28300,"comment_status":"open","ping_status":"open","sticky":false,"template":"","format":"standard","meta":{"jnews-multi-image_gallery":[],"jnews_single_post":{"format":"standard"},"jnews_primary_category":[],"jnews_social_meta":[],"jnews_override_counter":[],"footnotes":""},"categories":[29,1],"tags":[782,6212,6211,2081,6213],"class_list":["post-28295","post","type-post","status-publish","format-standard","has-post-thumbnail","hentry","category-entretenimento","category-noticias","tag-782","tag-eyeglasses","tag-eyewear","tag-fashion","tag-trends"],"yoast_head":"<!-- This site is optimized with the Yoast SEO plugin v23.8 - https:\/\/yoast.com\/wordpress\/plugins\/seo\/ -->\n<title>Veja as tend\u00eancias de \u00f3culos para 2025 e escolha o seu modelo ideal - Estado de Minas - Em foco<\/title>\n<meta name=\"description\" content=\"2025 traz \u00f3culos inovadores com tecnologia de \u00e1udio, c\u00e2meras e assistente de voz. Veja as novidades do setor \u00f3tico!\" \/>\n<meta name=\"robots\" content=\"index, follow, max-snippet:-1, max-image-preview:large, max-video-preview:-1\" \/>\n<link rel=\"canonical\" href=\"https:\/\/www.em.com.br\/emfoco\/2025\/03\/24\/veja-as-tendencias-de-oculos-para-2025-e-escolha-o-seu-modelo-ideal\/\" \/>\n<meta property=\"og:locale\" content=\"pt_BR\" \/>\n<meta property=\"og:type\" content=\"article\" \/>\n<meta property=\"og:title\" content=\"Veja as tend\u00eancias de \u00f3culos para 2025 e escolha o seu modelo ideal - Estado de Minas - Em foco\" \/>\n<meta property=\"og:description\" content=\"2025 traz \u00f3culos inovadores com tecnologia de \u00e1udio, c\u00e2meras e assistente de voz. Veja as novidades do setor \u00f3tico!\" \/>\n<meta property=\"og:url\" content=\"https:\/\/www.em.com.br\/emfoco\/2025\/03\/24\/veja-as-tendencias-de-oculos-para-2025-e-escolha-o-seu-modelo-ideal\/\" \/>\n<meta property=\"og:site_name\" content=\"Estado de Minas - Em foco\" \/>\n<meta property=\"article:published_time\" content=\"2025-03-24T18:00:00+00:00\" \/>\n<meta property=\"article:modified_time\" content=\"2025-03-13T01:04:37+00:00\" \/>\n<meta property=\"og:image\" content=\"https:\/\/www.em.com.br\/emfoco\/wp-content\/uploads\/2025\/03\/oculos_1741827406701.jpg\" \/>\n\t<meta property=\"og:image:width\" content=\"1280\" \/>\n\t<meta property=\"og:image:height\" content=\"720\" \/>\n\t<meta property=\"og:image:type\" content=\"image\/jpeg\" \/>\n<meta name=\"author\" content=\"N\u00fabia Rangel\" \/>\n<meta name=\"twitter:card\" content=\"summary_large_image\" \/>\n<meta name=\"twitter:label1\" content=\"Escrito por\" \/>\n\t<meta name=\"twitter:data1\" content=\"N\u00fabia Rangel\" \/>\n\t<meta name=\"twitter:label2\" content=\"Est. tempo de leitura\" \/>\n\t<meta name=\"twitter:data2\" content=\"4 minutos\" \/>\n<!-- \/ Yoast SEO plugin. -->","yoast_head_json":{"title":"Veja as tend\u00eancias de \u00f3culos para 2025 e escolha o seu modelo ideal - Estado de Minas - Em foco","description":"2025 traz \u00f3culos inovadores com tecnologia de \u00e1udio, c\u00e2meras e assistente de voz. Veja as novidades do setor \u00f3tico!","robots":{"index":"index","follow":"follow","max-snippet":"max-snippet:-1","max-image-preview":"max-image-preview:large","max-video-preview":"max-video-preview:-1"},"canonical":"https:\/\/www.em.com.br\/emfoco\/2025\/03\/24\/veja-as-tendencias-de-oculos-para-2025-e-escolha-o-seu-modelo-ideal\/","og_locale":"pt_BR","og_type":"article","og_title":"Veja as tend\u00eancias de \u00f3culos para 2025 e escolha o seu modelo ideal - Estado de Minas - Em foco","og_description":"2025 traz \u00f3culos inovadores com tecnologia de \u00e1udio, c\u00e2meras e assistente de voz. Veja as novidades do setor \u00f3tico!","og_url":"https:\/\/www.em.com.br\/emfoco\/2025\/03\/24\/veja-as-tendencias-de-oculos-para-2025-e-escolha-o-seu-modelo-ideal\/","og_site_name":"Estado de Minas - Em foco","article_published_time":"2025-03-24T18:00:00+00:00","article_modified_time":"2025-03-13T01:04:37+00:00","og_image":[{"width":1280,"height":720,"url":"https:\/\/www.em.com.br\/emfoco\/wp-content\/uploads\/2025\/03\/oculos_1741827406701.jpg","type":"image\/jpeg"}],"author":"N\u00fabia Rangel","twitter_card":"summary_large_image","twitter_misc":{"Escrito por":"N\u00fabia Rangel","Est. tempo de leitura":"4 minutos"},"schema":{"@context":"https:\/\/schema.org","@graph":[{"@type":"WebPage","@id":"https:\/\/www.em.com.br\/emfoco\/2025\/03\/24\/veja-as-tendencias-de-oculos-para-2025-e-escolha-o-seu-modelo-ideal\/","url":"https:\/\/www.em.com.br\/emfoco\/2025\/03\/24\/veja-as-tendencias-de-oculos-para-2025-e-escolha-o-seu-modelo-ideal\/","name":"Veja as tend\u00eancias de \u00f3culos para 2025 e escolha o seu modelo ideal - Estado de Minas - Em foco","isPartOf":{"@id":"https:\/\/www.em.com.br\/emfoco\/#website"},"primaryImageOfPage":{"@id":"https:\/\/www.em.com.br\/emfoco\/2025\/03\/24\/veja-as-tendencias-de-oculos-para-2025-e-escolha-o-seu-modelo-ideal\/#primaryimage"},"image":{"@id":"https:\/\/www.em.com.br\/emfoco\/2025\/03\/24\/veja-as-tendencias-de-oculos-para-2025-e-escolha-o-seu-modelo-ideal\/#primaryimage"},"thumbnailUrl":"https:\/\/www.em.com.br\/emfoco\/wp-content\/uploads\/2025\/03\/oculos_1741827406701.jpg","datePublished":"2025-03-24T18:00:00+00:00","dateModified":"2025-03-13T01:04:37+00:00","author":{"@id":"https:\/\/www.em.com.br\/emfoco\/#\/schema\/person\/524437ef54f8a5d32591b143307f2e20"},"description":"2025 traz \u00f3culos inovadores com tecnologia de \u00e1udio, c\u00e2meras e assistente de voz. Veja as novidades do setor \u00f3tico!","breadcrumb":{"@id":"https:\/\/www.em.com.br\/emfoco\/2025\/03\/24\/veja-as-tendencias-de-oculos-para-2025-e-escolha-o-seu-modelo-ideal\/#breadcrumb"},"inLanguage":"pt-BR","potentialAction":[{"@type":"ReadAction","target":["https:\/\/www.em.com.br\/emfoco\/2025\/03\/24\/veja-as-tendencias-de-oculos-para-2025-e-escolha-o-seu-modelo-ideal\/"]}]},{"@type":"ImageObject","inLanguage":"pt-BR","@id":"https:\/\/www.em.com.br\/emfoco\/2025\/03\/24\/veja-as-tendencias-de-oculos-para-2025-e-escolha-o-seu-modelo-ideal\/#primaryimage","url":"https:\/\/www.em.com.br\/emfoco\/wp-content\/uploads\/2025\/03\/oculos_1741827406701.jpg","contentUrl":"https:\/\/www.em.com.br\/emfoco\/wp-content\/uploads\/2025\/03\/oculos_1741827406701.jpg","width":1280,"height":720,"caption":"\u00d3culos - Cr\u00e9ditos: depositphotos.com \/ HayDmitriy"},{"@type":"BreadcrumbList","@id":"https:\/\/www.em.com.br\/emfoco\/2025\/03\/24\/veja-as-tendencias-de-oculos-para-2025-e-escolha-o-seu-modelo-ideal\/#breadcrumb","itemListElement":[{"@type":"ListItem","position":1,"name":"In\u00edcio","item":"https:\/\/www.em.com.br\/emfoco\/"},{"@type":"ListItem","position":2,"name":"Veja as tend\u00eancias de \u00f3culos para 2025 e escolha o seu modelo ideal"}]},{"@type":"WebSite","@id":"https:\/\/www.em.com.br\/emfoco\/#website","url":"https:\/\/www.em.com.br\/emfoco\/","name":"Estado de Minas - Em foco","description":"Acompanhe as \u00faltimas not\u00edcias e fique bem informado sobre tudo o que acontece em Minas Gerais, Brasil e no mundo.","potentialAction":[{"@type":"SearchAction","target":{"@type":"EntryPoint","urlTemplate":"https:\/\/www.em.com.br\/emfoco\/?s={search_term_string}"},"query-input":{"@type":"PropertyValueSpecification","valueRequired":true,"valueName":"search_term_string"}}],"inLanguage":"pt-BR"},{"@type":"Person","@id":"https:\/\/www.em.com.br\/emfoco\/#\/schema\/person\/524437ef54f8a5d32591b143307f2e20","name":"N\u00fabia Rangel","image":{"@type":"ImageObject","inLanguage":"pt-BR","@id":"https:\/\/www.em.com.br\/emfoco\/#\/schema\/person\/image\/","url":"https:\/\/secure.gravatar.com\/avatar\/47cff2827a5ba23c37e8068c86817ea4?s=96&d=mm&r=g","contentUrl":"https:\/\/secure.gravatar.com\/avatar\/47cff2827a5ba23c37e8068c86817ea4?s=96&d=mm&r=g","caption":"N\u00fabia Rangel"},"sameAs":["https:\/\/www.em.com.br\/emfoco\/"],"url":"https:\/\/www.em.com.br\/emfoco\/author\/nubiamyth\/"}]}},"_links":{"self":[{"href":"https:\/\/www.em.com.br\/emfoco\/wp-json\/wp\/v2\/posts\/28295","targetHints":{"allow":["GET"]}}],"collection":[{"href":"https:\/\/www.em.com.br\/emfoco\/wp-json\/wp\/v2\/posts"}],"about":[{"href":"https:\/\/www.em.com.br\/emfoco\/wp-json\/wp\/v2\/types\/post"}],"author":[{"embeddable":true,"href":"https:\/\/www.em.com.br\/emfoco\/wp-json\/wp\/v2\/users\/5"}],"replies":[{"embeddable":true,"href":"https:\/\/www.em.com.br\/emfoco\/wp-json\/wp\/v2\/comments?post=28295"}],"version-history":[{"count":3,"href":"https:\/\/www.em.com.br\/emfoco\/wp-json\/wp\/v2\/posts\/28295\/revisions"}],"predecessor-version":[{"id":28305,"href":"https:\/\/www.em.com.br\/emfoco\/wp-json\/wp\/v2\/posts\/28295\/revisions\/28305"}],"wp:featuredmedia":[{"embeddable":true,"href":"https:\/\/www.em.com.br\/emfoco\/wp-json\/wp\/v2\/media\/28300"}],"wp:attachment":[{"href":"https:\/\/www.em.com.br\/emfoco\/wp-json\/wp\/v2\/media?parent=28295"}],"wp:term":[{"taxonomy":"category","embeddable":true,"href":"https:\/\/www.em.com.br\/emfoco\/wp-json\/wp\/v2\/categories?post=28295"},{"taxonomy":"post_tag","embeddable":true,"href":"https:\/\/www.em.com.br\/emfoco\/wp-json\/wp\/v2\/tags?post=28295"}],"curies":[{"name":"wp","href":"https:\/\/api.w.org\/{rel}","templated":true}]}}