{"id":28209,"date":"2025-03-14T21:40:00","date_gmt":"2025-03-15T00:40:00","guid":{"rendered":"https:\/\/www.em.com.br\/emfoco\/?p=28209"},"modified":"2025-03-12T20:13:05","modified_gmt":"2025-03-12T23:13:05","slug":"eclipse-lunar-em-2025-promete-cenas-surpreendentes-com-a-famosa-lua-de-sangue","status":"publish","type":"post","link":"https:\/\/www.em.com.br\/emfoco\/2025\/03\/14\/eclipse-lunar-em-2025-promete-cenas-surpreendentes-com-a-famosa-lua-de-sangue\/","title":{"rendered":"Eclipse lunar em 2025 promete cenas surpreendentes com a famosa Lua de Sangue"},"content":{"rendered":"\n<p>Os eclipses lunares s\u00e3o eventos astron\u00f4micos que despertam a curiosidade e o fasc\u00ednio de pessoas ao redor do mundo. Durante um eclipse lunar, a <strong><a href=\"https:\/\/www.em.com.br\/emfoco\/2025\/03\/03\/risco-de-asteroide-atingir-a-terra-em-2032-aumenta-apos-novo-calculo-diz-nasa\/\" target=\"_blank\" rel=\"noreferrer noopener\">Terra <\/a><\/strong>se posiciona entre o <strong>Sol <\/strong>e a <strong>Lua<\/strong>, projetando sua sombra sobre o sat\u00e9lite natural. Este fen\u00f4meno ocorre de quatro a sete vezes por ano e pode ser observado em diferentes partes do globo, dependendo do alinhamento dos corpos celestes.<\/p>\n\n\n\n<h2 class=\"wp-block-heading\">O que causa a cor vermelha da Lua durante o eclipse?<\/h2>\n\n\n\n<p>Um dos aspectos mais intrigantes de um eclipse lunar \u00e9 a colora\u00e7\u00e3o avermelhada que a Lua adquire, conhecida como &#8220;<strong><a href=\"https:\/\/www.bbc.com\/portuguese\/articles\/cj92yk28yeko\" target=\"_blank\" rel=\"noreferrer noopener\">Lua de Sangue<\/a><\/strong>&#8220;. Este efeito \u00e9 resultado da dispers\u00e3o de <strong>Rayleigh<\/strong>, que faz com que a luz solar, ao atravessar a atmosfera terrestre, seja filtrada, permitindo que apenas as cores de maior comprimento de onda, como o vermelho e o laranja, iluminem a Lua.<\/p>\n\n\n\n<h2 class=\"wp-block-heading\">Como a dispers\u00e3o de Rayleigh transforma a Lua?<\/h2>\n\n\n\n<p>Durante um eclipse lunar, a Terra n\u00e3o bloqueia completamente a luz solar que chega \u00e0 Lua. Em vez disso, a luz passa pela atmosfera terrestre, onde ocorre a dispers\u00e3o de Rayleigh. Este fen\u00f4meno f\u00edsico faz com que as cores de menor comprimento de onda, como o azul e o violeta, sejam espalhadas, enquanto as cores de maior comprimento de onda, como o vermelho, passam e iluminam a Lua.<\/p>\n\n\n\n<p>A presen\u00e7a de part\u00edculas na atmosfera, como nuvens ou polui\u00e7\u00e3o, pode intensificar a colora\u00e7\u00e3o avermelhada da Lua. Quanto mais part\u00edculas estiverem presentes, mais pronunciado ser\u00e1 o efeito da &#8220;Lua de Sangue&#8221;.<\/p>\n\n\n\n<figure class=\"wp-block-image size-large\"><img loading=\"lazy\" decoding=\"async\" width=\"1024\" height=\"576\" src=\"https:\/\/www.em.com.br\/emfoco\/wp-content\/uploads\/2025\/03\/Lua-de-Sangue_1741824491327-1024x576.jpg\" alt=\"\" class=\"wp-image-28262\" srcset=\"https:\/\/www.em.com.br\/emfoco\/wp-content\/uploads\/2025\/03\/Lua-de-Sangue_1741824491327-1024x576.jpg 1024w, https:\/\/www.em.com.br\/emfoco\/wp-content\/uploads\/2025\/03\/Lua-de-Sangue_1741824491327-300x169.jpg 300w, https:\/\/www.em.com.br\/emfoco\/wp-content\/uploads\/2025\/03\/Lua-de-Sangue_1741824491327-768x432.jpg 768w, https:\/\/www.em.com.br\/emfoco\/wp-content\/uploads\/2025\/03\/Lua-de-Sangue_1741824491327-750x422.jpg 750w, https:\/\/www.em.com.br\/emfoco\/wp-content\/uploads\/2025\/03\/Lua-de-Sangue_1741824491327-1140x641.jpg 1140w, https:\/\/www.em.com.br\/emfoco\/wp-content\/uploads\/2025\/03\/Lua-de-Sangue_1741824491327.jpg 1280w\" sizes=\"auto, (max-width: 1024px) 100vw, 1024px\" \/><figcaption class=\"wp-element-caption\">Lua de Sangue &#8211; Cr\u00e9ditos: depositphotos.com \/ Chayananelixir@gmail.com<\/figcaption><\/figure>\n\n\n\n<h2 class=\"wp-block-heading\">Como observar um eclipse lunar de forma segura?<\/h2>\n\n\n\n<p>Uma das vantagens dos eclipses lunares \u00e9 que eles podem ser observados a olho nu, sem a necessidade de equipamentos especiais ou prote\u00e7\u00e3o ocular, ao contr\u00e1rio dos eclipses solares. Para uma melhor visualiza\u00e7\u00e3o, \u00e9 recomendado procurar um local afastado de luzes artificiais e com uma vista desimpedida para o oeste, a dire\u00e7\u00e3o do p\u00f4r do sol.<\/p>\n\n\n\n<p>Al\u00e9m disso, muitos observat\u00f3rios e institui\u00e7\u00f5es cient\u00edficas transmitem o evento ao vivo pela internet, permitindo que pessoas de qualquer lugar do mundo acompanhem o fen\u00f4meno em tempo real. Essas transmiss\u00f5es s\u00e3o uma excelente alternativa para aqueles que n\u00e3o podem observar o eclipse diretamente.<\/p>\n\n\n\n<h2 class=\"wp-block-heading\">Quando ser\u00e1 o pr\u00f3ximo eclipse lunar?<\/h2>\n\n\n\n<p>Os eclipses lunares ocorrem em intervalos regulares, mas a visibilidade de cada evento depende da localiza\u00e7\u00e3o geogr\u00e1fica. Em 2025, haver\u00e1 v\u00e1rias oportunidades para observar este fen\u00f4meno. \u00c9 importante acompanhar as previs\u00f5es dos observat\u00f3rios astron\u00f4micos para saber quando e onde o pr\u00f3ximo eclipse ser\u00e1 vis\u00edvel.<\/p>\n\n\n\n<p>Para os entusiastas da astronomia, os eclipses lunares oferecem uma oportunidade \u00fanica de observar as maravilhas do universo e compreender melhor os fen\u00f4menos naturais que ocorrem al\u00e9m da nossa atmosfera. A observa\u00e7\u00e3o desses eventos pode inspirar um maior interesse pela ci\u00eancia e pela explora\u00e7\u00e3o espacial.<\/p>\n","protected":false},"excerpt":{"rendered":"<p>Os eclipses lunares s\u00e3o eventos astron\u00f4micos que despertam a curiosidade e o fasc\u00ednio de pessoas ao redor do mundo. Durante um eclipse lunar, a Terra se posiciona entre o Sol e a Lua, projetando sua sombra sobre o sat\u00e9lite natural. Este fen\u00f4meno ocorre de quatro a sete vezes por ano e pode ser observado em [&hellip;]<\/p>\n","protected":false},"author":11,"featured_media":28263,"comment_status":"open","ping_status":"open","sticky":false,"template":"","format":"standard","meta":{"jnews-multi-image_gallery":[],"jnews_single_post":{"format":"standard"},"jnews_primary_category":[],"jnews_social_meta":[],"jnews_override_counter":[],"footnotes":""},"categories":[138,1],"tags":[1243,969,3938],"class_list":["post-28209","post","type-post","status-publish","format-standard","has-post-thumbnail","hentry","category-mundo","category-noticias","tag-curiosidade","tag-fenomeno-astronomico","tag-lua"],"yoast_head":"<!-- This site is optimized with the Yoast SEO plugin v23.8 - https:\/\/yoast.com\/wordpress\/plugins\/seo\/ -->\n<title>Eclipse lunar em 2025 promete cenas surpreendentes com a famosa Lua de Sangue - Estado de Minas - Em foco<\/title>\n<meta name=\"description\" content=\"O que faz a Lua ficar vermelha durante um eclipse? Saiba tudo sobre esse evento astron\u00f4mico e como observar a Lua de forma segura.\" \/>\n<meta name=\"robots\" content=\"index, follow, max-snippet:-1, max-image-preview:large, max-video-preview:-1\" \/>\n<link rel=\"canonical\" href=\"https:\/\/www.em.com.br\/emfoco\/2025\/03\/14\/eclipse-lunar-em-2025-promete-cenas-surpreendentes-com-a-famosa-lua-de-sangue\/\" \/>\n<meta property=\"og:locale\" content=\"pt_BR\" \/>\n<meta property=\"og:type\" content=\"article\" \/>\n<meta property=\"og:title\" content=\"Eclipse lunar em 2025 promete cenas surpreendentes com a famosa Lua de Sangue - Estado de Minas - Em foco\" \/>\n<meta property=\"og:description\" content=\"O que faz a Lua ficar vermelha durante um eclipse? Saiba tudo sobre esse evento astron\u00f4mico e como observar a Lua de forma segura.\" \/>\n<meta property=\"og:url\" content=\"https:\/\/www.em.com.br\/emfoco\/2025\/03\/14\/eclipse-lunar-em-2025-promete-cenas-surpreendentes-com-a-famosa-lua-de-sangue\/\" \/>\n<meta property=\"og:site_name\" content=\"Estado de Minas - Em foco\" \/>\n<meta property=\"article:published_time\" content=\"2025-03-15T00:40:00+00:00\" \/>\n<meta property=\"article:modified_time\" content=\"2025-03-12T23:13:05+00:00\" \/>\n<meta property=\"og:image\" content=\"https:\/\/www.em.com.br\/emfoco\/wp-content\/uploads\/2025\/03\/Lua-de-Sangue_1741824527103.jpg\" \/>\n\t<meta property=\"og:image:width\" content=\"1280\" \/>\n\t<meta property=\"og:image:height\" content=\"720\" \/>\n\t<meta property=\"og:image:type\" content=\"image\/jpeg\" \/>\n<meta name=\"author\" content=\"Andre\u0301 Rangel\u00a0\" \/>\n<meta name=\"twitter:card\" content=\"summary_large_image\" \/>\n<meta name=\"twitter:label1\" content=\"Escrito por\" \/>\n\t<meta name=\"twitter:data1\" content=\"Andre\u0301 Rangel\u00a0\" \/>\n\t<meta name=\"twitter:label2\" content=\"Est. tempo de leitura\" \/>\n\t<meta name=\"twitter:data2\" content=\"3 minutos\" \/>\n<!-- \/ Yoast SEO plugin. -->","yoast_head_json":{"title":"Eclipse lunar em 2025 promete cenas surpreendentes com a famosa Lua de Sangue - Estado de Minas - Em foco","description":"O que faz a Lua ficar vermelha durante um eclipse? Saiba tudo sobre esse evento astron\u00f4mico e como observar a Lua de forma segura.","robots":{"index":"index","follow":"follow","max-snippet":"max-snippet:-1","max-image-preview":"max-image-preview:large","max-video-preview":"max-video-preview:-1"},"canonical":"https:\/\/www.em.com.br\/emfoco\/2025\/03\/14\/eclipse-lunar-em-2025-promete-cenas-surpreendentes-com-a-famosa-lua-de-sangue\/","og_locale":"pt_BR","og_type":"article","og_title":"Eclipse lunar em 2025 promete cenas surpreendentes com a famosa Lua de Sangue - Estado de Minas - Em foco","og_description":"O que faz a Lua ficar vermelha durante um eclipse? Saiba tudo sobre esse evento astron\u00f4mico e como observar a Lua de forma segura.","og_url":"https:\/\/www.em.com.br\/emfoco\/2025\/03\/14\/eclipse-lunar-em-2025-promete-cenas-surpreendentes-com-a-famosa-lua-de-sangue\/","og_site_name":"Estado de Minas - Em foco","article_published_time":"2025-03-15T00:40:00+00:00","article_modified_time":"2025-03-12T23:13:05+00:00","og_image":[{"width":1280,"height":720,"url":"https:\/\/www.em.com.br\/emfoco\/wp-content\/uploads\/2025\/03\/Lua-de-Sangue_1741824527103.jpg","type":"image\/jpeg"}],"author":"Andre\u0301 Rangel\u00a0","twitter_card":"summary_large_image","twitter_misc":{"Escrito por":"Andre\u0301 Rangel\u00a0","Est. tempo de leitura":"3 minutos"},"schema":{"@context":"https:\/\/schema.org","@graph":[{"@type":"WebPage","@id":"https:\/\/www.em.com.br\/emfoco\/2025\/03\/14\/eclipse-lunar-em-2025-promete-cenas-surpreendentes-com-a-famosa-lua-de-sangue\/","url":"https:\/\/www.em.com.br\/emfoco\/2025\/03\/14\/eclipse-lunar-em-2025-promete-cenas-surpreendentes-com-a-famosa-lua-de-sangue\/","name":"Eclipse lunar em 2025 promete cenas surpreendentes com a famosa Lua de Sangue - Estado de Minas - Em foco","isPartOf":{"@id":"https:\/\/www.em.com.br\/emfoco\/#website"},"primaryImageOfPage":{"@id":"https:\/\/www.em.com.br\/emfoco\/2025\/03\/14\/eclipse-lunar-em-2025-promete-cenas-surpreendentes-com-a-famosa-lua-de-sangue\/#primaryimage"},"image":{"@id":"https:\/\/www.em.com.br\/emfoco\/2025\/03\/14\/eclipse-lunar-em-2025-promete-cenas-surpreendentes-com-a-famosa-lua-de-sangue\/#primaryimage"},"thumbnailUrl":"https:\/\/www.em.com.br\/emfoco\/wp-content\/uploads\/2025\/03\/Lua-de-Sangue_1741824527103.jpg","datePublished":"2025-03-15T00:40:00+00:00","dateModified":"2025-03-12T23:13:05+00:00","author":{"@id":"https:\/\/www.em.com.br\/emfoco\/#\/schema\/person\/60eda09c1fedf0d6891f4cef4b60b8b8"},"description":"O que faz a Lua ficar vermelha durante um eclipse? Saiba tudo sobre esse evento astron\u00f4mico e como observar a Lua de forma segura.","breadcrumb":{"@id":"https:\/\/www.em.com.br\/emfoco\/2025\/03\/14\/eclipse-lunar-em-2025-promete-cenas-surpreendentes-com-a-famosa-lua-de-sangue\/#breadcrumb"},"inLanguage":"pt-BR","potentialAction":[{"@type":"ReadAction","target":["https:\/\/www.em.com.br\/emfoco\/2025\/03\/14\/eclipse-lunar-em-2025-promete-cenas-surpreendentes-com-a-famosa-lua-de-sangue\/"]}]},{"@type":"ImageObject","inLanguage":"pt-BR","@id":"https:\/\/www.em.com.br\/emfoco\/2025\/03\/14\/eclipse-lunar-em-2025-promete-cenas-surpreendentes-com-a-famosa-lua-de-sangue\/#primaryimage","url":"https:\/\/www.em.com.br\/emfoco\/wp-content\/uploads\/2025\/03\/Lua-de-Sangue_1741824527103.jpg","contentUrl":"https:\/\/www.em.com.br\/emfoco\/wp-content\/uploads\/2025\/03\/Lua-de-Sangue_1741824527103.jpg","width":1280,"height":720,"caption":"Lua de Sangue ilumina o c\u00e9u em mar\u00e7o - Cr\u00e9ditos: depositphotos.com \/ Chayananelixir@gmail.com"},{"@type":"BreadcrumbList","@id":"https:\/\/www.em.com.br\/emfoco\/2025\/03\/14\/eclipse-lunar-em-2025-promete-cenas-surpreendentes-com-a-famosa-lua-de-sangue\/#breadcrumb","itemListElement":[{"@type":"ListItem","position":1,"name":"In\u00edcio","item":"https:\/\/www.em.com.br\/emfoco\/"},{"@type":"ListItem","position":2,"name":"Eclipse lunar em 2025 promete cenas surpreendentes com a famosa Lua de Sangue"}]},{"@type":"WebSite","@id":"https:\/\/www.em.com.br\/emfoco\/#website","url":"https:\/\/www.em.com.br\/emfoco\/","name":"Estado de Minas - Em foco","description":"Acompanhe as \u00faltimas not\u00edcias e fique bem informado sobre tudo o que acontece em Minas Gerais, Brasil e no mundo.","potentialAction":[{"@type":"SearchAction","target":{"@type":"EntryPoint","urlTemplate":"https:\/\/www.em.com.br\/emfoco\/?s={search_term_string}"},"query-input":{"@type":"PropertyValueSpecification","valueRequired":true,"valueName":"search_term_string"}}],"inLanguage":"pt-BR"},{"@type":"Person","@id":"https:\/\/www.em.com.br\/emfoco\/#\/schema\/person\/60eda09c1fedf0d6891f4cef4b60b8b8","name":"Andre\u0301 Rangel\u00a0","image":{"@type":"ImageObject","inLanguage":"pt-BR","@id":"https:\/\/www.em.com.br\/emfoco\/#\/schema\/person\/image\/","url":"https:\/\/secure.gravatar.com\/avatar\/6234dc814c77c8ef6d8bba622c787efc?s=96&d=mm&r=g","contentUrl":"https:\/\/secure.gravatar.com\/avatar\/6234dc814c77c8ef6d8bba622c787efc?s=96&d=mm&r=g","caption":"Andre\u0301 Rangel\u00a0"},"url":"https:\/\/www.em.com.br\/emfoco\/author\/luizmyth\/"}]}},"_links":{"self":[{"href":"https:\/\/www.em.com.br\/emfoco\/wp-json\/wp\/v2\/posts\/28209","targetHints":{"allow":["GET"]}}],"collection":[{"href":"https:\/\/www.em.com.br\/emfoco\/wp-json\/wp\/v2\/posts"}],"about":[{"href":"https:\/\/www.em.com.br\/emfoco\/wp-json\/wp\/v2\/types\/post"}],"author":[{"embeddable":true,"href":"https:\/\/www.em.com.br\/emfoco\/wp-json\/wp\/v2\/users\/11"}],"replies":[{"embeddable":true,"href":"https:\/\/www.em.com.br\/emfoco\/wp-json\/wp\/v2\/comments?post=28209"}],"version-history":[{"count":7,"href":"https:\/\/www.em.com.br\/emfoco\/wp-json\/wp\/v2\/posts\/28209\/revisions"}],"predecessor-version":[{"id":28264,"href":"https:\/\/www.em.com.br\/emfoco\/wp-json\/wp\/v2\/posts\/28209\/revisions\/28264"}],"wp:featuredmedia":[{"embeddable":true,"href":"https:\/\/www.em.com.br\/emfoco\/wp-json\/wp\/v2\/media\/28263"}],"wp:attachment":[{"href":"https:\/\/www.em.com.br\/emfoco\/wp-json\/wp\/v2\/media?parent=28209"}],"wp:term":[{"taxonomy":"category","embeddable":true,"href":"https:\/\/www.em.com.br\/emfoco\/wp-json\/wp\/v2\/categories?post=28209"},{"taxonomy":"post_tag","embeddable":true,"href":"https:\/\/www.em.com.br\/emfoco\/wp-json\/wp\/v2\/tags?post=28209"}],"curies":[{"name":"wp","href":"https:\/\/api.w.org\/{rel}","templated":true}]}}