{"id":28138,"date":"2025-03-14T11:20:00","date_gmt":"2025-03-14T14:20:00","guid":{"rendered":"https:\/\/www.em.com.br\/emfoco\/?p=28138"},"modified":"2025-03-13T13:30:59","modified_gmt":"2025-03-13T16:30:59","slug":"atencao-programa-acredita-transforma-vidas-com-credito-acessivel-e-capacitacao","status":"publish","type":"post","link":"https:\/\/www.em.com.br\/emfoco\/2025\/03\/14\/atencao-programa-acredita-transforma-vidas-com-credito-acessivel-e-capacitacao\/","title":{"rendered":"Aten\u00e7\u00e3o! Programa Acredita transforma vidas com cr\u00e9dito acess\u00edvel e capacita\u00e7\u00e3o"},"content":{"rendered":"\n<p>O <strong>Governo Federal <\/strong>lan\u00e7ou o <strong><a href=\"https:\/\/www.gov.br\/mds\/pt-br\/acoes-e-programas\/programa-acredita-no-primeiro-passo\" target=\"_blank\" rel=\"noreferrer noopener\">Programa Acredita no Primeiro Passo<\/a><\/strong>, uma iniciativa que busca democratizar o acesso ao cr\u00e9dito e fomentar o empreendedorismo no <strong>Brasil<\/strong>. Voltado especialmente para inscritos no<strong> <a href=\"https:\/\/www.em.com.br\/emfoco\/2025\/03\/04\/governo-emite-comunicado-para-quem-usa-o-cadunico-o-sistema-vai-mudar\/\" target=\"_blank\" rel=\"noreferrer noopener\">Cadastro \u00danico (Cad\u00danico)<\/a><\/strong>, o programa oferece microcr\u00e9dito para quem deseja iniciar ou expandir um neg\u00f3cio, impulsionando a gera\u00e7\u00e3o de emprego e renda.<\/p>\n\n\n\n<p>A proposta surge como uma resposta \u00e0 necessidade de inclus\u00e3o financeira, permitindo que mais brasileiros conquistem autonomia econ\u00f4mica. Os valores de cr\u00e9dito variam conforme o perfil do solicitante, podendo chegar a at\u00e9 R$ 21 mil por opera\u00e7\u00e3o, com um limite total de R$ 80 mil, equivalente a 30% do faturamento do <strong>Microempreendedor Individual (MEI)<\/strong>.<\/p>\n\n\n\n<h2 class=\"wp-block-heading\">Como funciona o acesso ao cr\u00e9dito pelo Programa Acredita<\/h2>\n\n\n\n<p>O Programa Acredita opera por meio de parcerias com bancos e institui\u00e7\u00f5es financeiras, garantindo que o cr\u00e9dito seja disponibilizado conforme as diretrizes do <strong>Programa Nacional de Microcr\u00e9dito Produtivo Orientado (PNMPO)<\/strong>. A iniciativa se estrutura em tr\u00eas principais linhas de a\u00e7\u00e3o:<\/p>\n\n\n\n<ul class=\"wp-block-list\">\n<li><strong>Capacita\u00e7\u00e3o:<\/strong> cursos e treinamentos para qualificar empreendedores.<\/li>\n\n\n\n<li><strong>Empreendedorismo:<\/strong> cr\u00e9dito facilitado para novos neg\u00f3cios.<\/li>\n\n\n\n<li><strong>Emprego:<\/strong> incentivo \u00e0 formaliza\u00e7\u00e3o de trabalhadores informais.<\/li>\n<\/ul>\n\n\n\n<p>Dessa forma, al\u00e9m do cr\u00e9dito financeiro, os participantes tamb\u00e9m recebem suporte educacional para gerir seus neg\u00f3cios de maneira eficiente.<\/p>\n\n\n\n<figure class=\"wp-block-image size-large\"><img loading=\"lazy\" decoding=\"async\" width=\"1024\" height=\"576\" src=\"https:\/\/www.em.com.br\/emfoco\/wp-content\/uploads\/2025\/03\/programa-acredita-1024x576.jpeg\" alt=\"\" class=\"wp-image-28149\" srcset=\"https:\/\/www.em.com.br\/emfoco\/wp-content\/uploads\/2025\/03\/programa-acredita-1024x576.jpeg 1024w, https:\/\/www.em.com.br\/emfoco\/wp-content\/uploads\/2025\/03\/programa-acredita-300x169.jpeg 300w, https:\/\/www.em.com.br\/emfoco\/wp-content\/uploads\/2025\/03\/programa-acredita-768x432.jpeg 768w, https:\/\/www.em.com.br\/emfoco\/wp-content\/uploads\/2025\/03\/programa-acredita-750x422.jpeg 750w, https:\/\/www.em.com.br\/emfoco\/wp-content\/uploads\/2025\/03\/programa-acredita-1140x641.jpeg 1140w, https:\/\/www.em.com.br\/emfoco\/wp-content\/uploads\/2025\/03\/programa-acredita.jpeg 1280w\" sizes=\"auto, (max-width: 1024px) 100vw, 1024px\" \/><figcaption class=\"wp-element-caption\">Programa acredita &#8211; Cr\u00e9ditos: Divulga\u00e7\u00e3o\/Ag\u00eancia Gov<\/figcaption><\/figure>\n\n\n\n<h2 class=\"wp-block-heading\">Quem pode participar do Programa Acredita<\/h2>\n\n\n\n<p>O programa \u00e9 acess\u00edvel a diversos p\u00fablicos que desejam empreender e crescer economicamente. Entre os principais benefici\u00e1rios est\u00e3o:<\/p>\n\n\n\n<ul class=\"wp-block-list\">\n<li><strong>Fam\u00edlias inscritas no Cad\u00danico<\/strong><\/li>\n\n\n\n<li><strong>Microempreendedores Individuais (MEIs)<\/strong><\/li>\n\n\n\n<li><strong>Microempresas e Empresas de Pequeno Porte (MPEs)<\/strong><\/li>\n\n\n\n<li><strong>Produtores rurais<\/strong><\/li>\n\n\n\n<li><strong>Profissionais informais<\/strong><\/li>\n\n\n\n<li><strong>Benefici\u00e1rios do Bolsa Fam\u00edlia<\/strong><\/li>\n<\/ul>\n\n\n\n<p>Vale lembrar que, diferentemente de um benef\u00edcio social, o cr\u00e9dito concedido pelo Acredita n\u00e3o \u00e9 um aux\u00edlio do governo. A libera\u00e7\u00e3o dos valores depende da an\u00e1lise das institui\u00e7\u00f5es financeiras parceiras e os recursos devem ser utilizados exclusivamente para investimentos no neg\u00f3cio, proibidos para pagamento de d\u00edvidas ou despesas pessoais.<\/p>\n\n\n\n<h2 class=\"wp-block-heading\">Quais s\u00e3o os benef\u00edcios do Programa Acredita para empreendedores<\/h2>\n\n\n\n<p>O Programa Acredita oferece diversas vantagens que podem transformar a vida de pequenos empreendedores e profissionais informais. Os principais benef\u00edcios incluem:<\/p>\n\n\n\n<ul class=\"wp-block-list\">\n<li><strong>Inclus\u00e3o financeira:<\/strong> acesso facilitado ao cr\u00e9dito para quem tem dificuldades de conseguir financiamento.<\/li>\n\n\n\n<li><strong>Empoderamento feminino:<\/strong> metade dos recursos \u00e9 destinada a mulheres empreendedoras, promovendo mais igualdade de oportunidades.<\/li>\n\n\n\n<li><strong>Desenvolvimento sustent\u00e1vel:<\/strong> incentivo a pr\u00e1ticas de neg\u00f3cios respons\u00e1veis e sustent\u00e1veis.<\/li>\n<\/ul>\n\n\n\n<p>Al\u00e9m disso, a capacita\u00e7\u00e3o oferecida pelo programa ajuda os participantes a desenvolverem habilidades de gest\u00e3o, aumentando as chances de sucesso nos neg\u00f3cios.<\/p>\n\n\n\n<h2 class=\"wp-block-heading\">Como o Programa Acredita pode impulsionar seu neg\u00f3cio<\/h2>\n\n\n\n<p>Com uma abordagem inovadora e focada na inclus\u00e3o, o Programa Acredita tem o potencial de transformar a realidade de muitos brasileiros. A combina\u00e7\u00e3o de cr\u00e9dito acess\u00edvel com capacita\u00e7\u00e3o empreendedora possibilita que novos neg\u00f3cios sejam criados e que pequenas empresas cres\u00e7am de maneira estruturada.<\/p>\n\n\n\n<p>Se voc\u00ea deseja investir no seu futuro e conquistar autonomia financeira, esta pode ser a oportunidade ideal para dar o primeiro passo no mundo do empreendedorismo. e o crescimento sustent\u00e1vel.<\/p>\n\n\n\n<p><\/p>\n","protected":false},"excerpt":{"rendered":"<p>O Governo Federal lan\u00e7ou o Programa Acredita no Primeiro Passo, uma iniciativa que busca democratizar o acesso ao cr\u00e9dito e fomentar o empreendedorismo no Brasil. Voltado especialmente para inscritos no Cadastro \u00danico (Cad\u00danico), o programa oferece microcr\u00e9dito para quem deseja iniciar ou expandir um neg\u00f3cio, impulsionando a gera\u00e7\u00e3o de emprego e renda. A proposta surge [&hellip;]<\/p>\n","protected":false},"author":11,"featured_media":28150,"comment_status":"open","ping_status":"open","sticky":false,"template":"","format":"standard","meta":{"jnews-multi-image_gallery":[],"jnews_single_post":{"format":"standard"},"jnews_primary_category":[],"jnews_social_meta":[],"jnews_override_counter":[],"footnotes":""},"categories":[28,1],"tags":[259,2959,2512],"class_list":["post-28138","post","type-post","status-publish","format-standard","has-post-thumbnail","hentry","category-economia","category-noticias","tag-beneficio","tag-programa-do-governo","tag-programa-social"],"yoast_head":"<!-- This site is optimized with the Yoast SEO plugin v23.8 - https:\/\/yoast.com\/wordpress\/plugins\/seo\/ -->\n<title>Aten\u00e7\u00e3o! Programa Acredita transforma vidas com cr\u00e9dito acess\u00edvel e capacita\u00e7\u00e3o - Estado de Minas - Em foco<\/title>\n<meta name=\"description\" content=\"O Programa Acredita oferece microcr\u00e9dito de at\u00e9 R$ 80 mil para inscritos no Cad\u00danico. Saiba como acessar esse benef\u00edcio!\" \/>\n<meta name=\"robots\" content=\"index, follow, max-snippet:-1, max-image-preview:large, max-video-preview:-1\" \/>\n<link rel=\"canonical\" href=\"https:\/\/www.em.com.br\/emfoco\/2025\/03\/14\/atencao-programa-acredita-transforma-vidas-com-credito-acessivel-e-capacitacao\/\" \/>\n<meta property=\"og:locale\" content=\"pt_BR\" \/>\n<meta property=\"og:type\" content=\"article\" \/>\n<meta property=\"og:title\" content=\"Aten\u00e7\u00e3o! Programa Acredita transforma vidas com cr\u00e9dito acess\u00edvel e capacita\u00e7\u00e3o - Estado de Minas - Em foco\" \/>\n<meta property=\"og:description\" content=\"O Programa Acredita oferece microcr\u00e9dito de at\u00e9 R$ 80 mil para inscritos no Cad\u00danico. Saiba como acessar esse benef\u00edcio!\" \/>\n<meta property=\"og:url\" content=\"https:\/\/www.em.com.br\/emfoco\/2025\/03\/14\/atencao-programa-acredita-transforma-vidas-com-credito-acessivel-e-capacitacao\/\" \/>\n<meta property=\"og:site_name\" content=\"Estado de Minas - Em foco\" \/>\n<meta property=\"article:published_time\" content=\"2025-03-14T14:20:00+00:00\" \/>\n<meta property=\"article:modified_time\" content=\"2025-03-13T16:30:59+00:00\" \/>\n<meta property=\"og:image\" content=\"https:\/\/www.em.com.br\/emfoco\/wp-content\/uploads\/2025\/03\/primeiro-passo.jpg\" \/>\n\t<meta property=\"og:image:width\" content=\"1280\" \/>\n\t<meta property=\"og:image:height\" content=\"720\" \/>\n\t<meta property=\"og:image:type\" content=\"image\/jpeg\" \/>\n<meta name=\"author\" content=\"Andre\u0301 Rangel\u00a0\" \/>\n<meta name=\"twitter:card\" content=\"summary_large_image\" \/>\n<meta name=\"twitter:label1\" content=\"Escrito por\" \/>\n\t<meta name=\"twitter:data1\" content=\"Andre\u0301 Rangel\u00a0\" \/>\n\t<meta name=\"twitter:label2\" content=\"Est. tempo de leitura\" \/>\n\t<meta name=\"twitter:data2\" content=\"3 minutos\" \/>\n<!-- \/ Yoast SEO plugin. -->","yoast_head_json":{"title":"Aten\u00e7\u00e3o! Programa Acredita transforma vidas com cr\u00e9dito acess\u00edvel e capacita\u00e7\u00e3o - Estado de Minas - Em foco","description":"O Programa Acredita oferece microcr\u00e9dito de at\u00e9 R$ 80 mil para inscritos no Cad\u00danico. Saiba como acessar esse benef\u00edcio!","robots":{"index":"index","follow":"follow","max-snippet":"max-snippet:-1","max-image-preview":"max-image-preview:large","max-video-preview":"max-video-preview:-1"},"canonical":"https:\/\/www.em.com.br\/emfoco\/2025\/03\/14\/atencao-programa-acredita-transforma-vidas-com-credito-acessivel-e-capacitacao\/","og_locale":"pt_BR","og_type":"article","og_title":"Aten\u00e7\u00e3o! Programa Acredita transforma vidas com cr\u00e9dito acess\u00edvel e capacita\u00e7\u00e3o - Estado de Minas - Em foco","og_description":"O Programa Acredita oferece microcr\u00e9dito de at\u00e9 R$ 80 mil para inscritos no Cad\u00danico. Saiba como acessar esse benef\u00edcio!","og_url":"https:\/\/www.em.com.br\/emfoco\/2025\/03\/14\/atencao-programa-acredita-transforma-vidas-com-credito-acessivel-e-capacitacao\/","og_site_name":"Estado de Minas - Em foco","article_published_time":"2025-03-14T14:20:00+00:00","article_modified_time":"2025-03-13T16:30:59+00:00","og_image":[{"width":1280,"height":720,"url":"https:\/\/www.em.com.br\/emfoco\/wp-content\/uploads\/2025\/03\/primeiro-passo.jpg","type":"image\/jpeg"}],"author":"Andre\u0301 Rangel\u00a0","twitter_card":"summary_large_image","twitter_misc":{"Escrito por":"Andre\u0301 Rangel\u00a0","Est. tempo de leitura":"3 minutos"},"schema":{"@context":"https:\/\/schema.org","@graph":[{"@type":"WebPage","@id":"https:\/\/www.em.com.br\/emfoco\/2025\/03\/14\/atencao-programa-acredita-transforma-vidas-com-credito-acessivel-e-capacitacao\/","url":"https:\/\/www.em.com.br\/emfoco\/2025\/03\/14\/atencao-programa-acredita-transforma-vidas-com-credito-acessivel-e-capacitacao\/","name":"Aten\u00e7\u00e3o! Programa Acredita transforma vidas com cr\u00e9dito acess\u00edvel e capacita\u00e7\u00e3o - Estado de Minas - Em foco","isPartOf":{"@id":"https:\/\/www.em.com.br\/emfoco\/#website"},"primaryImageOfPage":{"@id":"https:\/\/www.em.com.br\/emfoco\/2025\/03\/14\/atencao-programa-acredita-transforma-vidas-com-credito-acessivel-e-capacitacao\/#primaryimage"},"image":{"@id":"https:\/\/www.em.com.br\/emfoco\/2025\/03\/14\/atencao-programa-acredita-transforma-vidas-com-credito-acessivel-e-capacitacao\/#primaryimage"},"thumbnailUrl":"https:\/\/www.em.com.br\/emfoco\/wp-content\/uploads\/2025\/03\/primeiro-passo.jpg","datePublished":"2025-03-14T14:20:00+00:00","dateModified":"2025-03-13T16:30:59+00:00","author":{"@id":"https:\/\/www.em.com.br\/emfoco\/#\/schema\/person\/60eda09c1fedf0d6891f4cef4b60b8b8"},"description":"O Programa Acredita oferece microcr\u00e9dito de at\u00e9 R$ 80 mil para inscritos no Cad\u00danico. Saiba como acessar esse benef\u00edcio!","breadcrumb":{"@id":"https:\/\/www.em.com.br\/emfoco\/2025\/03\/14\/atencao-programa-acredita-transforma-vidas-com-credito-acessivel-e-capacitacao\/#breadcrumb"},"inLanguage":"pt-BR","potentialAction":[{"@type":"ReadAction","target":["https:\/\/www.em.com.br\/emfoco\/2025\/03\/14\/atencao-programa-acredita-transforma-vidas-com-credito-acessivel-e-capacitacao\/"]}]},{"@type":"ImageObject","inLanguage":"pt-BR","@id":"https:\/\/www.em.com.br\/emfoco\/2025\/03\/14\/atencao-programa-acredita-transforma-vidas-com-credito-acessivel-e-capacitacao\/#primaryimage","url":"https:\/\/www.em.com.br\/emfoco\/wp-content\/uploads\/2025\/03\/primeiro-passo.jpg","contentUrl":"https:\/\/www.em.com.br\/emfoco\/wp-content\/uploads\/2025\/03\/primeiro-passo.jpg","width":1280,"height":720,"caption":"Programa acredita - Cr\u00e9ditos: Divulga\u00e7\u00e3o\/Ag\u00eancia Gov"},{"@type":"BreadcrumbList","@id":"https:\/\/www.em.com.br\/emfoco\/2025\/03\/14\/atencao-programa-acredita-transforma-vidas-com-credito-acessivel-e-capacitacao\/#breadcrumb","itemListElement":[{"@type":"ListItem","position":1,"name":"In\u00edcio","item":"https:\/\/www.em.com.br\/emfoco\/"},{"@type":"ListItem","position":2,"name":"Aten\u00e7\u00e3o! Programa Acredita transforma vidas com cr\u00e9dito acess\u00edvel e capacita\u00e7\u00e3o"}]},{"@type":"WebSite","@id":"https:\/\/www.em.com.br\/emfoco\/#website","url":"https:\/\/www.em.com.br\/emfoco\/","name":"Estado de Minas - Em foco","description":"Acompanhe as \u00faltimas not\u00edcias e fique bem informado sobre tudo o que acontece em Minas Gerais, Brasil e no mundo.","potentialAction":[{"@type":"SearchAction","target":{"@type":"EntryPoint","urlTemplate":"https:\/\/www.em.com.br\/emfoco\/?s={search_term_string}"},"query-input":{"@type":"PropertyValueSpecification","valueRequired":true,"valueName":"search_term_string"}}],"inLanguage":"pt-BR"},{"@type":"Person","@id":"https:\/\/www.em.com.br\/emfoco\/#\/schema\/person\/60eda09c1fedf0d6891f4cef4b60b8b8","name":"Andre\u0301 Rangel\u00a0","image":{"@type":"ImageObject","inLanguage":"pt-BR","@id":"https:\/\/www.em.com.br\/emfoco\/#\/schema\/person\/image\/","url":"https:\/\/secure.gravatar.com\/avatar\/6234dc814c77c8ef6d8bba622c787efc?s=96&d=mm&r=g","contentUrl":"https:\/\/secure.gravatar.com\/avatar\/6234dc814c77c8ef6d8bba622c787efc?s=96&d=mm&r=g","caption":"Andre\u0301 Rangel\u00a0"},"url":"https:\/\/www.em.com.br\/emfoco\/author\/luizmyth\/"}]}},"_links":{"self":[{"href":"https:\/\/www.em.com.br\/emfoco\/wp-json\/wp\/v2\/posts\/28138","targetHints":{"allow":["GET"]}}],"collection":[{"href":"https:\/\/www.em.com.br\/emfoco\/wp-json\/wp\/v2\/posts"}],"about":[{"href":"https:\/\/www.em.com.br\/emfoco\/wp-json\/wp\/v2\/types\/post"}],"author":[{"embeddable":true,"href":"https:\/\/www.em.com.br\/emfoco\/wp-json\/wp\/v2\/users\/11"}],"replies":[{"embeddable":true,"href":"https:\/\/www.em.com.br\/emfoco\/wp-json\/wp\/v2\/comments?post=28138"}],"version-history":[{"count":7,"href":"https:\/\/www.em.com.br\/emfoco\/wp-json\/wp\/v2\/posts\/28138\/revisions"}],"predecessor-version":[{"id":28515,"href":"https:\/\/www.em.com.br\/emfoco\/wp-json\/wp\/v2\/posts\/28138\/revisions\/28515"}],"wp:featuredmedia":[{"embeddable":true,"href":"https:\/\/www.em.com.br\/emfoco\/wp-json\/wp\/v2\/media\/28150"}],"wp:attachment":[{"href":"https:\/\/www.em.com.br\/emfoco\/wp-json\/wp\/v2\/media?parent=28138"}],"wp:term":[{"taxonomy":"category","embeddable":true,"href":"https:\/\/www.em.com.br\/emfoco\/wp-json\/wp\/v2\/categories?post=28138"},{"taxonomy":"post_tag","embeddable":true,"href":"https:\/\/www.em.com.br\/emfoco\/wp-json\/wp\/v2\/tags?post=28138"}],"curies":[{"name":"wp","href":"https:\/\/api.w.org\/{rel}","templated":true}]}}