{"id":27872,"date":"2025-03-13T20:20:00","date_gmt":"2025-03-13T23:20:00","guid":{"rendered":"https:\/\/www.em.com.br\/emfoco\/?p=27872"},"modified":"2025-03-12T12:45:26","modified_gmt":"2025-03-12T15:45:26","slug":"beneficio-por-incapacidade-temporaria-do-inss-pode-transformar-sua-luta-contra-a-depressao","status":"publish","type":"post","link":"https:\/\/www.em.com.br\/emfoco\/2025\/03\/13\/beneficio-por-incapacidade-temporaria-do-inss-pode-transformar-sua-luta-contra-a-depressao\/","title":{"rendered":"Benef\u00edcio por incapacidade tempor\u00e1ria do INSS pode transformar sua luta contra a depress\u00e3o"},"content":{"rendered":"\n<p>No <strong>Brasil<\/strong>, a <strong>depress\u00e3o <\/strong>afeta uma parcela significativa da popula\u00e7\u00e3o, com dados da <strong>Organiza\u00e7\u00e3o Mundial de Sa\u00fade<\/strong> indicando que 5,8% dos brasileiros sofrem com essa condi\u00e7\u00e3o. Isso representa cerca de 11,7 milh\u00f5es de pessoas que enfrentam desafios di\u00e1rios devido a esse transtorno mental. A depress\u00e3o pode ser desencadeada por diversos fatores, impactando severamente a qualidade de vida dos indiv\u00edduos.<\/p>\n\n\n\n<h2 class=\"wp-block-heading\">Como o benef\u00edcio por incapacidade tempor\u00e1ria pode ajudar<\/h2>\n\n\n\n<p>Uma das consequ\u00eancias mais graves da depress\u00e3o \u00e9 a incapacidade de desempenhar atividades laborais, o que pode levar \u00e0 necessidade de afastamento do trabalho. Para esses casos, o <strong><a href=\"https:\/\/www.em.com.br\/emfoco\/2025\/03\/12\/pente-fino-do-inss-corta-mais-da-metade-do-auxilio-doenca-e-gera-economia-de-r-24-bilhoes\/\" target=\"_blank\" rel=\"noreferrer noopener\">Instituto Nacional do Seguro Social (INSS)<\/a><\/strong> oferece o benef\u00edcio por incapacidade tempor\u00e1ria, anteriormente conhecido como aux\u00edlio-doen\u00e7a. Este benef\u00edcio \u00e9 uma importante rede de apoio para aqueles que precisam se afastar do trabalho para tratar sua sa\u00fade mental.<\/p>\n\n\n\n<h2 class=\"wp-block-heading\">Quem tem direito ao benef\u00edcio por incapacidade tempor\u00e1ria?<\/h2>\n\n\n\n<p>O <strong><a href=\"https:\/\/www.gov.br\/pt-br\/servicos\/solicitar-beneficio-por-incapacidade-temporaria-auxilio-doenca\" target=\"_blank\" rel=\"noreferrer noopener\">benef\u00edcio por incapacidade tempor\u00e1ria<\/a><\/strong> \u00e9 regulamentado pela <strong>Lei 8.213\/91<\/strong> e \u00e9 destinado aos segurados do INSS que est\u00e3o incapacitados de realizar suas atividades laborais por mais de 15 dias consecutivos. Para ter direito ao benef\u00edcio, \u00e9 necess\u00e1rio comprovar a incapacidade por meio de atestado m\u00e9dico e documentos complementares, com an\u00e1lise realizada pela Per\u00edcia M\u00e9dica Federal.<\/p>\n\n\n\n<figure class=\"wp-block-image size-large\"><img loading=\"lazy\" decoding=\"async\" width=\"1024\" height=\"576\" src=\"https:\/\/www.em.com.br\/emfoco\/wp-content\/uploads\/2025\/03\/pessoa-triste_1741795021140-1024x576.jpg\" alt=\"\" class=\"wp-image-27953\" srcset=\"https:\/\/www.em.com.br\/emfoco\/wp-content\/uploads\/2025\/03\/pessoa-triste_1741795021140-1024x576.jpg 1024w, https:\/\/www.em.com.br\/emfoco\/wp-content\/uploads\/2025\/03\/pessoa-triste_1741795021140-300x169.jpg 300w, https:\/\/www.em.com.br\/emfoco\/wp-content\/uploads\/2025\/03\/pessoa-triste_1741795021140-768x432.jpg 768w, https:\/\/www.em.com.br\/emfoco\/wp-content\/uploads\/2025\/03\/pessoa-triste_1741795021140-750x422.jpg 750w, https:\/\/www.em.com.br\/emfoco\/wp-content\/uploads\/2025\/03\/pessoa-triste_1741795021140-1140x641.jpg 1140w, https:\/\/www.em.com.br\/emfoco\/wp-content\/uploads\/2025\/03\/pessoa-triste_1741795021140.jpg 1280w\" sizes=\"auto, (max-width: 1024px) 100vw, 1024px\" \/><figcaption class=\"wp-element-caption\">Pessoa triste &#8211; Cr\u00e9ditos: depositphotos.com \/ AlexShadyuk<\/figcaption><\/figure>\n\n\n\n<h2 class=\"wp-block-heading\">Como a tecnologia facilita o processo de solicita\u00e7\u00e3o<\/h2>\n\n\n\n<p>O processo de solicita\u00e7\u00e3o do benef\u00edcio foi simplificado com a introdu\u00e7\u00e3o do <strong>Atestmed<\/strong>, permitindo a an\u00e1lise documental diretamente pelo sistema Meu INSS. O uso do Atestmed elimina a necessidade de comparecimento \u00e0 per\u00edcia m\u00e9dica presencial, reduzindo significativamente o tempo de espera e tornando o processo mais \u00e1gil e acess\u00edvel para os segurados.<\/p>\n\n\n\n<h2 class=\"wp-block-heading\">O impacto positivo do Atestmed na recupera\u00e7\u00e3o dos segurados<\/h2>\n\n\n\n<p>No entanto, o Atestmed trouxe uma s\u00e9rie de vantagens, como agilidade na solicita\u00e7\u00e3o do benef\u00edcio e redu\u00e7\u00e3o das filas de espera. Segurados, como <strong>Bruna Mouvier<\/strong>, destacam a import\u00e2ncia do benef\u00edcio para a continuidade do tratamento, permitindo que a pessoa foque em sua recupera\u00e7\u00e3o sem o estresse de lidar com o ambiente de trabalho.<\/p>\n","protected":false},"excerpt":{"rendered":"<p>No Brasil, a depress\u00e3o afeta uma parcela significativa da popula\u00e7\u00e3o, com dados da Organiza\u00e7\u00e3o Mundial de Sa\u00fade indicando que 5,8% dos brasileiros sofrem com essa condi\u00e7\u00e3o. Isso representa cerca de 11,7 milh\u00f5es de pessoas que enfrentam desafios di\u00e1rios devido a esse transtorno mental. A depress\u00e3o pode ser desencadeada por diversos fatores, impactando severamente a qualidade [&hellip;]<\/p>\n","protected":false},"author":11,"featured_media":27954,"comment_status":"open","ping_status":"open","sticky":false,"template":"","format":"standard","meta":{"jnews-multi-image_gallery":[],"jnews_single_post":{"format":"standard"},"jnews_primary_category":[],"jnews_social_meta":[],"jnews_override_counter":[],"footnotes":""},"categories":[28,1],"tags":[259,160,465],"class_list":["post-27872","post","type-post","status-publish","format-standard","has-post-thumbnail","hentry","category-economia","category-noticias","tag-beneficio","tag-economia","tag-governo"],"yoast_head":"<!-- This site is optimized with the Yoast SEO plugin v23.8 - https:\/\/yoast.com\/wordpress\/plugins\/seo\/ -->\n<title>Benef\u00edcio por incapacidade tempor\u00e1ria do INSS pode transformar sua luta contra a depress\u00e3o - Estado de Minas - Em foco<\/title>\n<meta name=\"description\" content=\"A depress\u00e3o pode ser debilitante, mas o benef\u00edcio por incapacidade tempor\u00e1ria oferece um caminho para a recupera\u00e7\u00e3o. Saiba como!\" \/>\n<meta name=\"robots\" content=\"index, follow, max-snippet:-1, max-image-preview:large, max-video-preview:-1\" \/>\n<link rel=\"canonical\" href=\"https:\/\/www.em.com.br\/emfoco\/2025\/03\/13\/beneficio-por-incapacidade-temporaria-do-inss-pode-transformar-sua-luta-contra-a-depressao\/\" \/>\n<meta property=\"og:locale\" content=\"pt_BR\" \/>\n<meta property=\"og:type\" content=\"article\" \/>\n<meta property=\"og:title\" content=\"Benef\u00edcio por incapacidade tempor\u00e1ria do INSS pode transformar sua luta contra a depress\u00e3o - Estado de Minas - Em foco\" \/>\n<meta property=\"og:description\" content=\"A depress\u00e3o pode ser debilitante, mas o benef\u00edcio por incapacidade tempor\u00e1ria oferece um caminho para a recupera\u00e7\u00e3o. Saiba como!\" \/>\n<meta property=\"og:url\" content=\"https:\/\/www.em.com.br\/emfoco\/2025\/03\/13\/beneficio-por-incapacidade-temporaria-do-inss-pode-transformar-sua-luta-contra-a-depressao\/\" \/>\n<meta property=\"og:site_name\" content=\"Estado de Minas - Em foco\" \/>\n<meta property=\"article:published_time\" content=\"2025-03-13T23:20:00+00:00\" \/>\n<meta property=\"article:modified_time\" content=\"2025-03-12T15:45:26+00:00\" \/>\n<meta property=\"og:image\" content=\"https:\/\/www.em.com.br\/emfoco\/wp-content\/uploads\/2025\/03\/pessoa-triste_1741795077798.jpg\" \/>\n\t<meta property=\"og:image:width\" content=\"1280\" \/>\n\t<meta property=\"og:image:height\" content=\"720\" \/>\n\t<meta property=\"og:image:type\" content=\"image\/jpeg\" \/>\n<meta name=\"author\" content=\"Andre\u0301 Rangel\u00a0\" \/>\n<meta name=\"twitter:card\" content=\"summary_large_image\" \/>\n<meta name=\"twitter:label1\" content=\"Escrito por\" \/>\n\t<meta name=\"twitter:data1\" content=\"Andre\u0301 Rangel\u00a0\" \/>\n\t<meta name=\"twitter:label2\" content=\"Est. tempo de leitura\" \/>\n\t<meta name=\"twitter:data2\" content=\"3 minutos\" \/>\n<!-- \/ Yoast SEO plugin. -->","yoast_head_json":{"title":"Benef\u00edcio por incapacidade tempor\u00e1ria do INSS pode transformar sua luta contra a depress\u00e3o - Estado de Minas - Em foco","description":"A depress\u00e3o pode ser debilitante, mas o benef\u00edcio por incapacidade tempor\u00e1ria oferece um caminho para a recupera\u00e7\u00e3o. Saiba como!","robots":{"index":"index","follow":"follow","max-snippet":"max-snippet:-1","max-image-preview":"max-image-preview:large","max-video-preview":"max-video-preview:-1"},"canonical":"https:\/\/www.em.com.br\/emfoco\/2025\/03\/13\/beneficio-por-incapacidade-temporaria-do-inss-pode-transformar-sua-luta-contra-a-depressao\/","og_locale":"pt_BR","og_type":"article","og_title":"Benef\u00edcio por incapacidade tempor\u00e1ria do INSS pode transformar sua luta contra a depress\u00e3o - Estado de Minas - Em foco","og_description":"A depress\u00e3o pode ser debilitante, mas o benef\u00edcio por incapacidade tempor\u00e1ria oferece um caminho para a recupera\u00e7\u00e3o. Saiba como!","og_url":"https:\/\/www.em.com.br\/emfoco\/2025\/03\/13\/beneficio-por-incapacidade-temporaria-do-inss-pode-transformar-sua-luta-contra-a-depressao\/","og_site_name":"Estado de Minas - Em foco","article_published_time":"2025-03-13T23:20:00+00:00","article_modified_time":"2025-03-12T15:45:26+00:00","og_image":[{"width":1280,"height":720,"url":"https:\/\/www.em.com.br\/emfoco\/wp-content\/uploads\/2025\/03\/pessoa-triste_1741795077798.jpg","type":"image\/jpeg"}],"author":"Andre\u0301 Rangel\u00a0","twitter_card":"summary_large_image","twitter_misc":{"Escrito por":"Andre\u0301 Rangel\u00a0","Est. tempo de leitura":"3 minutos"},"schema":{"@context":"https:\/\/schema.org","@graph":[{"@type":"WebPage","@id":"https:\/\/www.em.com.br\/emfoco\/2025\/03\/13\/beneficio-por-incapacidade-temporaria-do-inss-pode-transformar-sua-luta-contra-a-depressao\/","url":"https:\/\/www.em.com.br\/emfoco\/2025\/03\/13\/beneficio-por-incapacidade-temporaria-do-inss-pode-transformar-sua-luta-contra-a-depressao\/","name":"Benef\u00edcio por incapacidade tempor\u00e1ria do INSS pode transformar sua luta contra a depress\u00e3o - Estado de Minas - Em foco","isPartOf":{"@id":"https:\/\/www.em.com.br\/emfoco\/#website"},"primaryImageOfPage":{"@id":"https:\/\/www.em.com.br\/emfoco\/2025\/03\/13\/beneficio-por-incapacidade-temporaria-do-inss-pode-transformar-sua-luta-contra-a-depressao\/#primaryimage"},"image":{"@id":"https:\/\/www.em.com.br\/emfoco\/2025\/03\/13\/beneficio-por-incapacidade-temporaria-do-inss-pode-transformar-sua-luta-contra-a-depressao\/#primaryimage"},"thumbnailUrl":"https:\/\/www.em.com.br\/emfoco\/wp-content\/uploads\/2025\/03\/pessoa-triste_1741795077798.jpg","datePublished":"2025-03-13T23:20:00+00:00","dateModified":"2025-03-12T15:45:26+00:00","author":{"@id":"https:\/\/www.em.com.br\/emfoco\/#\/schema\/person\/60eda09c1fedf0d6891f4cef4b60b8b8"},"description":"A depress\u00e3o pode ser debilitante, mas o benef\u00edcio por incapacidade tempor\u00e1ria oferece um caminho para a recupera\u00e7\u00e3o. Saiba como!","breadcrumb":{"@id":"https:\/\/www.em.com.br\/emfoco\/2025\/03\/13\/beneficio-por-incapacidade-temporaria-do-inss-pode-transformar-sua-luta-contra-a-depressao\/#breadcrumb"},"inLanguage":"pt-BR","potentialAction":[{"@type":"ReadAction","target":["https:\/\/www.em.com.br\/emfoco\/2025\/03\/13\/beneficio-por-incapacidade-temporaria-do-inss-pode-transformar-sua-luta-contra-a-depressao\/"]}]},{"@type":"ImageObject","inLanguage":"pt-BR","@id":"https:\/\/www.em.com.br\/emfoco\/2025\/03\/13\/beneficio-por-incapacidade-temporaria-do-inss-pode-transformar-sua-luta-contra-a-depressao\/#primaryimage","url":"https:\/\/www.em.com.br\/emfoco\/wp-content\/uploads\/2025\/03\/pessoa-triste_1741795077798.jpg","contentUrl":"https:\/\/www.em.com.br\/emfoco\/wp-content\/uploads\/2025\/03\/pessoa-triste_1741795077798.jpg","width":1280,"height":720,"caption":"Pessoa triste - Cr\u00e9ditos: depositphotos.com \/ VitalikRadko"},{"@type":"BreadcrumbList","@id":"https:\/\/www.em.com.br\/emfoco\/2025\/03\/13\/beneficio-por-incapacidade-temporaria-do-inss-pode-transformar-sua-luta-contra-a-depressao\/#breadcrumb","itemListElement":[{"@type":"ListItem","position":1,"name":"In\u00edcio","item":"https:\/\/www.em.com.br\/emfoco\/"},{"@type":"ListItem","position":2,"name":"Benef\u00edcio por incapacidade tempor\u00e1ria do INSS pode transformar sua luta contra a depress\u00e3o"}]},{"@type":"WebSite","@id":"https:\/\/www.em.com.br\/emfoco\/#website","url":"https:\/\/www.em.com.br\/emfoco\/","name":"Estado de Minas - Em foco","description":"Acompanhe as \u00faltimas not\u00edcias e fique bem informado sobre tudo o que acontece em Minas Gerais, Brasil e no mundo.","potentialAction":[{"@type":"SearchAction","target":{"@type":"EntryPoint","urlTemplate":"https:\/\/www.em.com.br\/emfoco\/?s={search_term_string}"},"query-input":{"@type":"PropertyValueSpecification","valueRequired":true,"valueName":"search_term_string"}}],"inLanguage":"pt-BR"},{"@type":"Person","@id":"https:\/\/www.em.com.br\/emfoco\/#\/schema\/person\/60eda09c1fedf0d6891f4cef4b60b8b8","name":"Andre\u0301 Rangel\u00a0","image":{"@type":"ImageObject","inLanguage":"pt-BR","@id":"https:\/\/www.em.com.br\/emfoco\/#\/schema\/person\/image\/","url":"https:\/\/secure.gravatar.com\/avatar\/6234dc814c77c8ef6d8bba622c787efc?s=96&d=mm&r=g","contentUrl":"https:\/\/secure.gravatar.com\/avatar\/6234dc814c77c8ef6d8bba622c787efc?s=96&d=mm&r=g","caption":"Andre\u0301 Rangel\u00a0"},"url":"https:\/\/www.em.com.br\/emfoco\/author\/luizmyth\/"}]}},"_links":{"self":[{"href":"https:\/\/www.em.com.br\/emfoco\/wp-json\/wp\/v2\/posts\/27872","targetHints":{"allow":["GET"]}}],"collection":[{"href":"https:\/\/www.em.com.br\/emfoco\/wp-json\/wp\/v2\/posts"}],"about":[{"href":"https:\/\/www.em.com.br\/emfoco\/wp-json\/wp\/v2\/types\/post"}],"author":[{"embeddable":true,"href":"https:\/\/www.em.com.br\/emfoco\/wp-json\/wp\/v2\/users\/11"}],"replies":[{"embeddable":true,"href":"https:\/\/www.em.com.br\/emfoco\/wp-json\/wp\/v2\/comments?post=27872"}],"version-history":[{"count":7,"href":"https:\/\/www.em.com.br\/emfoco\/wp-json\/wp\/v2\/posts\/27872\/revisions"}],"predecessor-version":[{"id":27993,"href":"https:\/\/www.em.com.br\/emfoco\/wp-json\/wp\/v2\/posts\/27872\/revisions\/27993"}],"wp:featuredmedia":[{"embeddable":true,"href":"https:\/\/www.em.com.br\/emfoco\/wp-json\/wp\/v2\/media\/27954"}],"wp:attachment":[{"href":"https:\/\/www.em.com.br\/emfoco\/wp-json\/wp\/v2\/media?parent=27872"}],"wp:term":[{"taxonomy":"category","embeddable":true,"href":"https:\/\/www.em.com.br\/emfoco\/wp-json\/wp\/v2\/categories?post=27872"},{"taxonomy":"post_tag","embeddable":true,"href":"https:\/\/www.em.com.br\/emfoco\/wp-json\/wp\/v2\/tags?post=27872"}],"curies":[{"name":"wp","href":"https:\/\/api.w.org\/{rel}","templated":true}]}}