{"id":27871,"date":"2025-03-13T19:40:00","date_gmt":"2025-03-13T22:40:00","guid":{"rendered":"https:\/\/www.em.com.br\/emfoco\/?p=27871"},"modified":"2025-03-12T12:44:45","modified_gmt":"2025-03-12T15:44:45","slug":"minas-gerais-e-modelo-nacional-na-preservacao-de-seu-patrimonio-cultural","status":"publish","type":"post","link":"https:\/\/www.em.com.br\/emfoco\/2025\/03\/13\/minas-gerais-e-modelo-nacional-na-preservacao-de-seu-patrimonio-cultural\/","title":{"rendered":"Minas Gerais \u00e9 modelo nacional na preserva\u00e7\u00e3o de seu patrim\u00f4nio cultural"},"content":{"rendered":"\n<p>Em 2024, <strong><a href=\"https:\/\/www.em.com.br\/emfoco\/2025\/03\/10\/voce-nao-vai-acreditar-nas-curiosidades-que-minas-gerais-esconde\/\" target=\"_blank\" rel=\"noreferrer noopener\">Minas Gerais<\/a><\/strong> atingiu um marco importante ao alcan\u00e7ar 840 munic\u00edpios que adotaram legisla\u00e7\u00f5es espec\u00edficas para proteger seu patrim\u00f4nio cultural. Esse progresso reflete a efic\u00e1cia da pol\u00edtica p\u00fablica<a href=\"https:\/\/soubh.uai.com.br\/noticias\/turismo\/minas-gerais-e-lider-nacional-na-preservacao-do-patrimonio-cultural\/\" target=\"_blank\" rel=\"noreferrer noopener\"> <strong>ICMS Patrim\u00f4nio Cultural<\/strong><\/a>, uma iniciativa promovida pelo governo estadual em colabora\u00e7\u00e3o com a <strong>Secretaria de Estado de Cultura e Turismo (Secult-MG)<\/strong> e o <strong>Instituto Estadual do Patrim\u00f4nio Hist\u00f3rico e Art\u00edstico de Minas Gerais (Iepha-MG)<\/strong>. O programa incentiva os munic\u00edpios a criarem e implementarem suas pr\u00f3prias pol\u00edticas de preserva\u00e7\u00e3o, visando garantir que os bens culturais locais n\u00e3o apenas sejam reconhecidos, mas tamb\u00e9m cuidados e valorizados.<\/p>\n\n\n\n<h2 class=\"wp-block-heading\">Como o ICMS Patrim\u00f4nio Cultural est\u00e1 transformando Minas Gerais<\/h2>\n\n\n\n<p>O ICMS Patrim\u00f4nio Cultural \u00e9 um programa inovador que oferece incentivos financeiros aos munic\u00edpios mineiros, permitindo que eles invistam na conserva\u00e7\u00e3o de seus bens culturais. Os recursos financeiros fornecidos pelo estado possibilitam que cada munic\u00edpio implemente a\u00e7\u00f5es de preserva\u00e7\u00e3o de forma aut\u00f4noma, promovendo uma gest\u00e3o participativa e eficiente dos bens hist\u00f3ricos e culturais. Esse modelo tem sido amplamente reconhecido por sua efic\u00e1cia, tanto no fortalecimento das identidades locais quanto na promo\u00e7\u00e3o de uma conscientiza\u00e7\u00e3o p\u00fablica sobre a import\u00e2ncia do patrim\u00f4nio cultural.<\/p>\n\n\n\n<h2 class=\"wp-block-heading\">Minas Gerais como modelo nacional de preserva\u00e7\u00e3o<\/h2>\n\n\n\n<p>Minas Gerais se destaca no Brasil como l\u00edder na prote\u00e7\u00e3o de seu patrim\u00f4nio hist\u00f3rico. O trabalho do Iepha-MG tem sido fundamental para que o estado mantenha sua posi\u00e7\u00e3o de vanguarda, fornecendo suporte t\u00e9cnico, capacita\u00e7\u00e3o e pol\u00edticas de incentivo aos munic\u00edpios. Com 840 cidades comprometidas com a preserva\u00e7\u00e3o, Minas Gerais se torna um exemplo de como a cultura pode ser usada como motor para o desenvolvimento econ\u00f4mico e social. Outros estados olham para Minas como um modelo a ser seguido na prote\u00e7\u00e3o de seu patrim\u00f4nio.<\/p>\n\n\n\n<figure class=\"wp-block-image\"><img decoding=\"async\" src=\"https:\/\/www.em.com.br\/emfoco\/wp-content\/uploads\/2025\/03\/Congonhas-minas-gerais-brasil_1741719345726-1024x576.jpg\" alt=\"\"\/><figcaption class=\"wp-element-caption\">Santu\u00e1rio de Bom Jesus do Matosinhos &#8211; Cr\u00e9ditos: depositphotos.com \/ casadaphoto<\/figcaption><\/figure>\n\n\n\n<h2 class=\"wp-block-heading\">O impacto da preserva\u00e7\u00e3o no turismo e economia local<\/h2>\n\n\n\n<p>Investir na preserva\u00e7\u00e3o do patrim\u00f4nio cultural traz benef\u00edcios econ\u00f4micos diretos, principalmente para o setor tur\u00edstico. Os munic\u00edpios que se dedicam \u00e0 conserva\u00e7\u00e3o de suas riquezas hist\u00f3ricas atraem turistas, gerando emprego e movimentando a economia local. Al\u00e9m disso, a preserva\u00e7\u00e3o cultural \u00e9 um fator que fortalece o turismo de base comunit\u00e1ria, permitindo que as cidades explorem sua hist\u00f3ria e tradi\u00e7\u00e3o para desenvolver novas alternativas de gera\u00e7\u00e3o de renda.<\/p>\n\n\n\n<h2 class=\"wp-block-heading\">Como a preserva\u00e7\u00e3o cultural promove um senso de identidade<\/h2>\n\n\n\n<p>A preserva\u00e7\u00e3o do patrim\u00f4nio cultural tamb\u00e9m tem um impacto significativo no bem-estar social. Ao valorizar sua hist\u00f3ria, as comunidades n\u00e3o apenas protegem bens materiais, mas tamb\u00e9m fortalecem o senso de identidade e pertencimento. Esse v\u00ednculo com o passado proporciona uma base s\u00f3lida para a constru\u00e7\u00e3o de uma sociedade coesa e unida, essencial para o desenvolvimento social. Assim, a preserva\u00e7\u00e3o cultural de Minas Gerais n\u00e3o se limita apenas ao campo hist\u00f3rico e econ\u00f4mico, mas tamb\u00e9m ao fortalecimento da identidade das pessoas.<\/p>\n","protected":false},"excerpt":{"rendered":"<p>Em 2024, Minas Gerais atingiu um marco importante ao alcan\u00e7ar 840 munic\u00edpios que adotaram legisla\u00e7\u00f5es espec\u00edficas para proteger seu patrim\u00f4nio cultural. Esse progresso reflete a efic\u00e1cia da pol\u00edtica p\u00fablica ICMS Patrim\u00f4nio Cultural, uma iniciativa promovida pelo governo estadual em colabora\u00e7\u00e3o com a Secretaria de Estado de Cultura e Turismo (Secult-MG) e o Instituto Estadual do [&hellip;]<\/p>\n","protected":false},"author":11,"featured_media":27632,"comment_status":"open","ping_status":"open","sticky":false,"template":"","format":"standard","meta":{"jnews-multi-image_gallery":[],"jnews_single_post":{"format":"standard"},"jnews_primary_category":[],"jnews_social_meta":[],"jnews_override_counter":[],"footnotes":""},"categories":[138,1],"tags":[159,1958,2480],"class_list":["post-27871","post","type-post","status-publish","format-standard","has-post-thumbnail","hentry","category-mundo","category-noticias","tag-cultura","tag-minas-geras","tag-patrimonio"],"yoast_head":"<!-- This site is optimized with the Yoast SEO plugin v23.8 - https:\/\/yoast.com\/wordpress\/plugins\/seo\/ -->\n<title>Minas Gerais \u00e9 modelo nacional na preserva\u00e7\u00e3o de seu patrim\u00f4nio cultural - Estado de Minas - Em foco<\/title>\n<meta name=\"description\" content=\"Minas Gerais se torna exemplo na preserva\u00e7\u00e3o do patrim\u00f4nio hist\u00f3rico, atraindo turismo e gerando renda para munic\u00edpios.\" \/>\n<meta name=\"robots\" content=\"index, follow, max-snippet:-1, max-image-preview:large, max-video-preview:-1\" \/>\n<link rel=\"canonical\" href=\"https:\/\/www.em.com.br\/emfoco\/2025\/03\/13\/minas-gerais-e-modelo-nacional-na-preservacao-de-seu-patrimonio-cultural\/\" \/>\n<meta property=\"og:locale\" content=\"pt_BR\" \/>\n<meta property=\"og:type\" content=\"article\" \/>\n<meta property=\"og:title\" content=\"Minas Gerais \u00e9 modelo nacional na preserva\u00e7\u00e3o de seu patrim\u00f4nio cultural - Estado de Minas - Em foco\" \/>\n<meta property=\"og:description\" content=\"Minas Gerais se torna exemplo na preserva\u00e7\u00e3o do patrim\u00f4nio hist\u00f3rico, atraindo turismo e gerando renda para munic\u00edpios.\" \/>\n<meta property=\"og:url\" content=\"https:\/\/www.em.com.br\/emfoco\/2025\/03\/13\/minas-gerais-e-modelo-nacional-na-preservacao-de-seu-patrimonio-cultural\/\" \/>\n<meta property=\"og:site_name\" content=\"Estado de Minas - Em foco\" \/>\n<meta property=\"article:published_time\" content=\"2025-03-13T22:40:00+00:00\" \/>\n<meta property=\"article:modified_time\" content=\"2025-03-12T15:44:45+00:00\" \/>\n<meta property=\"og:image\" content=\"https:\/\/www.em.com.br\/emfoco\/wp-content\/uploads\/2025\/03\/ouro-preto-minas-gerais-brasil_1741719268889.jpg\" \/>\n\t<meta property=\"og:image:width\" content=\"1280\" \/>\n\t<meta property=\"og:image:height\" content=\"720\" \/>\n\t<meta property=\"og:image:type\" content=\"image\/jpeg\" \/>\n<meta name=\"author\" content=\"Andre\u0301 Rangel\u00a0\" \/>\n<meta name=\"twitter:card\" content=\"summary_large_image\" \/>\n<meta name=\"twitter:label1\" content=\"Escrito por\" \/>\n\t<meta name=\"twitter:data1\" content=\"Andre\u0301 Rangel\u00a0\" \/>\n\t<meta name=\"twitter:label2\" content=\"Est. tempo de leitura\" \/>\n\t<meta name=\"twitter:data2\" content=\"3 minutos\" \/>\n<!-- \/ Yoast SEO plugin. -->","yoast_head_json":{"title":"Minas Gerais \u00e9 modelo nacional na preserva\u00e7\u00e3o de seu patrim\u00f4nio cultural - Estado de Minas - Em foco","description":"Minas Gerais se torna exemplo na preserva\u00e7\u00e3o do patrim\u00f4nio hist\u00f3rico, atraindo turismo e gerando renda para munic\u00edpios.","robots":{"index":"index","follow":"follow","max-snippet":"max-snippet:-1","max-image-preview":"max-image-preview:large","max-video-preview":"max-video-preview:-1"},"canonical":"https:\/\/www.em.com.br\/emfoco\/2025\/03\/13\/minas-gerais-e-modelo-nacional-na-preservacao-de-seu-patrimonio-cultural\/","og_locale":"pt_BR","og_type":"article","og_title":"Minas Gerais \u00e9 modelo nacional na preserva\u00e7\u00e3o de seu patrim\u00f4nio cultural - Estado de Minas - Em foco","og_description":"Minas Gerais se torna exemplo na preserva\u00e7\u00e3o do patrim\u00f4nio hist\u00f3rico, atraindo turismo e gerando renda para munic\u00edpios.","og_url":"https:\/\/www.em.com.br\/emfoco\/2025\/03\/13\/minas-gerais-e-modelo-nacional-na-preservacao-de-seu-patrimonio-cultural\/","og_site_name":"Estado de Minas - Em foco","article_published_time":"2025-03-13T22:40:00+00:00","article_modified_time":"2025-03-12T15:44:45+00:00","og_image":[{"width":1280,"height":720,"url":"https:\/\/www.em.com.br\/emfoco\/wp-content\/uploads\/2025\/03\/ouro-preto-minas-gerais-brasil_1741719268889.jpg","type":"image\/jpeg"}],"author":"Andre\u0301 Rangel\u00a0","twitter_card":"summary_large_image","twitter_misc":{"Escrito por":"Andre\u0301 Rangel\u00a0","Est. tempo de leitura":"3 minutos"},"schema":{"@context":"https:\/\/schema.org","@graph":[{"@type":"WebPage","@id":"https:\/\/www.em.com.br\/emfoco\/2025\/03\/13\/minas-gerais-e-modelo-nacional-na-preservacao-de-seu-patrimonio-cultural\/","url":"https:\/\/www.em.com.br\/emfoco\/2025\/03\/13\/minas-gerais-e-modelo-nacional-na-preservacao-de-seu-patrimonio-cultural\/","name":"Minas Gerais \u00e9 modelo nacional na preserva\u00e7\u00e3o de seu patrim\u00f4nio cultural - Estado de Minas - Em foco","isPartOf":{"@id":"https:\/\/www.em.com.br\/emfoco\/#website"},"primaryImageOfPage":{"@id":"https:\/\/www.em.com.br\/emfoco\/2025\/03\/13\/minas-gerais-e-modelo-nacional-na-preservacao-de-seu-patrimonio-cultural\/#primaryimage"},"image":{"@id":"https:\/\/www.em.com.br\/emfoco\/2025\/03\/13\/minas-gerais-e-modelo-nacional-na-preservacao-de-seu-patrimonio-cultural\/#primaryimage"},"thumbnailUrl":"https:\/\/www.em.com.br\/emfoco\/wp-content\/uploads\/2025\/03\/ouro-preto-minas-gerais-brasil_1741719268889.jpg","datePublished":"2025-03-13T22:40:00+00:00","dateModified":"2025-03-12T15:44:45+00:00","author":{"@id":"https:\/\/www.em.com.br\/emfoco\/#\/schema\/person\/60eda09c1fedf0d6891f4cef4b60b8b8"},"description":"Minas Gerais se torna exemplo na preserva\u00e7\u00e3o do patrim\u00f4nio hist\u00f3rico, atraindo turismo e gerando renda para munic\u00edpios.","breadcrumb":{"@id":"https:\/\/www.em.com.br\/emfoco\/2025\/03\/13\/minas-gerais-e-modelo-nacional-na-preservacao-de-seu-patrimonio-cultural\/#breadcrumb"},"inLanguage":"pt-BR","potentialAction":[{"@type":"ReadAction","target":["https:\/\/www.em.com.br\/emfoco\/2025\/03\/13\/minas-gerais-e-modelo-nacional-na-preservacao-de-seu-patrimonio-cultural\/"]}]},{"@type":"ImageObject","inLanguage":"pt-BR","@id":"https:\/\/www.em.com.br\/emfoco\/2025\/03\/13\/minas-gerais-e-modelo-nacional-na-preservacao-de-seu-patrimonio-cultural\/#primaryimage","url":"https:\/\/www.em.com.br\/emfoco\/wp-content\/uploads\/2025\/03\/ouro-preto-minas-gerais-brasil_1741719268889.jpg","contentUrl":"https:\/\/www.em.com.br\/emfoco\/wp-content\/uploads\/2025\/03\/ouro-preto-minas-gerais-brasil_1741719268889.jpg","width":1280,"height":720,"caption":"Ouro Preto, Brasil - MG - Cr\u00e9ditos: depositphotos.com \/ cesarvr"},{"@type":"BreadcrumbList","@id":"https:\/\/www.em.com.br\/emfoco\/2025\/03\/13\/minas-gerais-e-modelo-nacional-na-preservacao-de-seu-patrimonio-cultural\/#breadcrumb","itemListElement":[{"@type":"ListItem","position":1,"name":"In\u00edcio","item":"https:\/\/www.em.com.br\/emfoco\/"},{"@type":"ListItem","position":2,"name":"Minas Gerais \u00e9 modelo nacional na preserva\u00e7\u00e3o de seu patrim\u00f4nio cultural"}]},{"@type":"WebSite","@id":"https:\/\/www.em.com.br\/emfoco\/#website","url":"https:\/\/www.em.com.br\/emfoco\/","name":"Estado de Minas - Em foco","description":"Acompanhe as \u00faltimas not\u00edcias e fique bem informado sobre tudo o que acontece em Minas Gerais, Brasil e no mundo.","potentialAction":[{"@type":"SearchAction","target":{"@type":"EntryPoint","urlTemplate":"https:\/\/www.em.com.br\/emfoco\/?s={search_term_string}"},"query-input":{"@type":"PropertyValueSpecification","valueRequired":true,"valueName":"search_term_string"}}],"inLanguage":"pt-BR"},{"@type":"Person","@id":"https:\/\/www.em.com.br\/emfoco\/#\/schema\/person\/60eda09c1fedf0d6891f4cef4b60b8b8","name":"Andre\u0301 Rangel\u00a0","image":{"@type":"ImageObject","inLanguage":"pt-BR","@id":"https:\/\/www.em.com.br\/emfoco\/#\/schema\/person\/image\/","url":"https:\/\/secure.gravatar.com\/avatar\/6234dc814c77c8ef6d8bba622c787efc?s=96&d=mm&r=g","contentUrl":"https:\/\/secure.gravatar.com\/avatar\/6234dc814c77c8ef6d8bba622c787efc?s=96&d=mm&r=g","caption":"Andre\u0301 Rangel\u00a0"},"url":"https:\/\/www.em.com.br\/emfoco\/author\/luizmyth\/"}]}},"_links":{"self":[{"href":"https:\/\/www.em.com.br\/emfoco\/wp-json\/wp\/v2\/posts\/27871","targetHints":{"allow":["GET"]}}],"collection":[{"href":"https:\/\/www.em.com.br\/emfoco\/wp-json\/wp\/v2\/posts"}],"about":[{"href":"https:\/\/www.em.com.br\/emfoco\/wp-json\/wp\/v2\/types\/post"}],"author":[{"embeddable":true,"href":"https:\/\/www.em.com.br\/emfoco\/wp-json\/wp\/v2\/users\/11"}],"replies":[{"embeddable":true,"href":"https:\/\/www.em.com.br\/emfoco\/wp-json\/wp\/v2\/comments?post=27871"}],"version-history":[{"count":8,"href":"https:\/\/www.em.com.br\/emfoco\/wp-json\/wp\/v2\/posts\/27871\/revisions"}],"predecessor-version":[{"id":27992,"href":"https:\/\/www.em.com.br\/emfoco\/wp-json\/wp\/v2\/posts\/27871\/revisions\/27992"}],"wp:featuredmedia":[{"embeddable":true,"href":"https:\/\/www.em.com.br\/emfoco\/wp-json\/wp\/v2\/media\/27632"}],"wp:attachment":[{"href":"https:\/\/www.em.com.br\/emfoco\/wp-json\/wp\/v2\/media?parent=27871"}],"wp:term":[{"taxonomy":"category","embeddable":true,"href":"https:\/\/www.em.com.br\/emfoco\/wp-json\/wp\/v2\/categories?post=27871"},{"taxonomy":"post_tag","embeddable":true,"href":"https:\/\/www.em.com.br\/emfoco\/wp-json\/wp\/v2\/tags?post=27871"}],"curies":[{"name":"wp","href":"https:\/\/api.w.org\/{rel}","templated":true}]}}