{"id":27544,"date":"2025-03-12T20:00:00","date_gmt":"2025-03-12T23:00:00","guid":{"rendered":"https:\/\/www.em.com.br\/emfoco\/?p=27544"},"modified":"2025-06-16T16:01:33","modified_gmt":"2025-06-16T19:01:33","slug":"byd-registra-2-carros-de-luxo-no-brasil-apos-rival-chinesa-intensificar-concorrencia","status":"publish","type":"post","link":"https:\/\/www.em.com.br\/emfoco\/2025\/03\/12\/byd-registra-2-carros-de-luxo-no-brasil-apos-rival-chinesa-intensificar-concorrencia\/","title":{"rendered":"BYD registra 2 carros de luxo no Brasil ap\u00f3s rival chinesa intensificar concorr\u00eancia"},"content":{"rendered":"\n<p>A <a href=\"https:\/\/www.googleadservices.com\/pagead\/aclk?sa=L&amp;ai=DChcSEwille2c0PaNAxXGWEgAHWI9AlwYABAFGgJjZQ&amp;co=1&amp;gclid=CjwKCAjwgb_CBhBMEiwA0p3oOL4OZc4NmZ9TUNaftoDC8PQbj7LcYa79i2llZnYWwFCcuWhgYD1r8hoCB0cQAvD_BwE&amp;ohost=www.google.com&amp;cid=CAESV-D2ccl4iJCqt4l8QzxgeydHVTmhcgVgF5xHMwFjWKgHgF1UHhUPVdIUhGSGWTU6Z6oxto6EEDvqskglWf110SQc8vkWlBK5vYPetdg5CVgACDilosa-XQ&amp;category=acrcp_v1_40&amp;sig=AOD64_06gBnJ4txasifzcODD8YWaEuMOqA&amp;q&amp;adurl&amp;ved=2ahUKEwjhgemc0PaNAxXHF7kGHc5bHXsQ0Qx6BAgMEAE\" target=\"_blank\" rel=\"noreferrer noopener\"><strong>BYD<\/strong> <\/a>est\u00e1 entrando pesado no mercado de carros premium com a marca <strong>Denza<\/strong>. A empresa registrou tr\u00eas modelos no <strong>Instituto Nacional de Propriedade Industrial (Inpi)<\/strong> do <strong>Brasil<\/strong>: o <strong>Denza Z9<\/strong>, o <strong>Z9 GT<\/strong> e a minivan <strong>D9<\/strong>. O registro \u00e9 o primeiro passo para trazer esses carros ao pa\u00eds em 2025 e mostrar que a marca chinesa quer competir de igual para igual no segmento de luxo.<\/p>\n\n\n\n<p>A <strong>Denza<\/strong> foi criada em parceria com a <strong>Mercedes-Benz<\/strong>, mas hoje a <strong>BYD<\/strong> controla 100% da marca. Isso significa que ela mant\u00e9m a influ\u00eancia do design europeu, mas com toda a tecnologia chinesa. S\u00e3o <a href=\"https:\/\/www.em.com.br\/emfoco\/2025\/01\/05\/o-carro-que-desafiou-o-mercado-veja-quem-ainda-valoriza-em-2024\/\" target=\"_blank\" rel=\"noreferrer noopener\">carros <\/a>pensados para impressionar e competir com gigantes como <strong>BMW<\/strong> e <strong>Audi<\/strong>.<\/p>\n\n\n\n<h2 class=\"wp-block-heading\">O que torna o Denza Z9 e Z9 GT t\u00e3o especiais?<\/h2>\n\n\n\n<p>Os dois modelos t\u00eam personalidades bem diferentes. O <strong>Z9<\/strong> \u00e9 um sedan elegante que compete com <strong>Mercedes Classe S<\/strong> e <strong>BMW S\u00e9rie 7<\/strong>. J\u00e1 o <strong>Z9 GT<\/strong> tem formato de perua esportiva e quer brigar direto com <strong>BMW M5<\/strong> e <strong>Audi RS6<\/strong>. Ambos foram pensados para quem quer chamar aten\u00e7\u00e3o e n\u00e3o se importa em pagar caro por isso.<\/p>\n\n\n\n<p>O <strong>Z9 GT<\/strong> \u00e9 o mais impressionante dos dois. Ele vem em duas vers\u00f5es: h\u00edbrida plug-in e totalmente el\u00e9trica. A vers\u00e3o h\u00edbrida combina um motor 2.0 turbo a gasolina de 203 cv com tr\u00eas motores el\u00e9tricos, totalizando 858 cv. J\u00e1 a vers\u00e3o el\u00e9trica tem tr\u00eas motores que entregam juntos 952 cv de pot\u00eancia pura.<\/p>\n\n\n\n<h2 class=\"wp-block-heading\">Como esses carros se comparam com a concorr\u00eancia?<\/h2>\n\n\n\n<figure class=\"wp-block-image size-large\"><img loading=\"lazy\" decoding=\"async\" width=\"1024\" height=\"576\" src=\"https:\/\/www.em.com.br\/emfoco\/wp-content\/uploads\/2025\/03\/l1qlw51c-denza-z9-gt-jpeg-1024x576.jpg\" alt=\"\" class=\"wp-image-27592\" srcset=\"https:\/\/www.em.com.br\/emfoco\/wp-content\/uploads\/2025\/03\/l1qlw51c-denza-z9-gt-jpeg-1024x576.jpg 1024w, https:\/\/www.em.com.br\/emfoco\/wp-content\/uploads\/2025\/03\/l1qlw51c-denza-z9-gt-jpeg-300x169.jpg 300w, https:\/\/www.em.com.br\/emfoco\/wp-content\/uploads\/2025\/03\/l1qlw51c-denza-z9-gt-jpeg-768x432.jpg 768w, https:\/\/www.em.com.br\/emfoco\/wp-content\/uploads\/2025\/03\/l1qlw51c-denza-z9-gt-jpeg-750x422.jpg 750w, https:\/\/www.em.com.br\/emfoco\/wp-content\/uploads\/2025\/03\/l1qlw51c-denza-z9-gt-jpeg-1140x641.jpg 1140w, https:\/\/www.em.com.br\/emfoco\/wp-content\/uploads\/2025\/03\/l1qlw51c-denza-z9-gt-jpeg.jpg 1280w\" sizes=\"auto, (max-width: 1024px) 100vw, 1024px\" \/><figcaption class=\"wp-element-caption\">Denza Z9 GT &#8211; Cr\u00e9ditos: Reprodu\u00e7\u00e3o\/MIIT\/BYD<\/figcaption><\/figure>\n\n\n\n<p>A vers\u00e3o el\u00e9trica do <strong>Z9 GT<\/strong> \u00e9 uma verdadeira bomba. Acelera de 0 a 100 km\/h em apenas 3,4 segundos e atinge velocidade m\u00e1xima de 240 km\/h. A autonomia chega a 630 km no padr\u00e3o chin\u00eas. \u00c9 performance de superesportivo com zero emiss\u00f5es.<\/p>\n\n\n\n<p>A vers\u00e3o h\u00edbrida n\u00e3o fica para tr\u00e1s. Com seus 858 cv, ela vai de 0 a 100 km\/h em 3,6 segundos. O diferencial \u00e9 que voc\u00ea pode rodar no el\u00e9trico no dia a dia e usar toda a pot\u00eancia quando quiser acelerar. \u00c9 o melhor dos dois mundos: economia e performance.<\/p>\n\n\n\n<h2 class=\"wp-block-heading\">Por que a BYD est\u00e1 apostando no mercado de luxo?<\/h2>\n\n\n\n<p>A estrat\u00e9gia \u00e9 clara: quebrar o preconceito de que produto chin\u00eas \u00e9 sin\u00f4nimo de qualidade baixa. A <strong>BYD<\/strong> quer mostrar que consegue fazer carros melhores que as marcas tradicionais europeias. E pelo que promete, pode conseguir mesmo.<\/p>\n\n\n\n<p>O mercado brasileiro est\u00e1 pronto para essa mudan\u00e7a. Consumidores ricos est\u00e3o cada vez mais abertos a experimentar marcas novas, principalmente se elas oferecerem tecnologia superior. \u00c9 uma oportunidade \u00fanica para a <strong>Denza<\/strong> se estabelecer por aqui como marca premium.<\/p>\n\n\n\n<h2 class=\"wp-block-heading\">Qual o p\u00fablico-alvo desses carros no Brasil?<\/h2>\n\n\n\n<figure class=\"wp-block-embed is-type-video is-provider-youtube wp-block-embed-youtube wp-embed-aspect-16-9 wp-has-aspect-ratio\"><div class=\"wp-block-embed__wrapper\">\n<div class=\"jeg_video_container jeg_video_content\"><iframe loading=\"lazy\" title=\"Denza Z9 GT First Look: China\u2019s Luxury EV Taking on Porsche Taycan?\" width=\"500\" height=\"281\" src=\"https:\/\/www.youtube.com\/embed\/6VIaE7BSFg8?feature=oembed\" frameborder=\"0\" allow=\"accelerometer; autoplay; clipboard-write; encrypted-media; gyroscope; picture-in-picture; web-share\" referrerpolicy=\"strict-origin-when-cross-origin\" allowfullscreen><\/iframe><\/div>\n<\/div><\/figure>\n\n\n\n<p>Estamos falando de um nicho bem espec\u00edfico: pessoas que t\u00eam muito dinheiro e gostam de inova\u00e7\u00e3o. S\u00e3o empres\u00e1rios, influenciadores e entusiastas de tecnologia que querem ter algo diferente e exclusivo na garagem. N\u00e3o \u00e9 carro para qualquer um.<\/p>\n\n\n\n<p>O <strong>Brasil<\/strong> tem mercado para carros assim. Mesmo com a economia complicada, existe uma fatia de consumidores que n\u00e3o pensa duas vezes na hora de comprar algo especial. Para eles, pre\u00e7o alto n\u00e3o \u00e9 problema, \u00e9 s\u00edmbolo de status e pioneirismo.<\/p>\n\n\n\n<h2 class=\"wp-block-heading\">Como ser\u00e1 a experi\u00eancia de ter um Denza?<\/h2>\n\n\n\n<p>A <strong>BYD<\/strong> promete experi\u00eancia completa de atendimento premium. Concession\u00e1rias exclusivas, atendimento personalizado e suporte t\u00e9cnico especializado. \u00c9 como comprar um produto de luxo europeu, mas com tecnologia chinesa de \u00faltima gera\u00e7\u00e3o.<\/p>\n\n\n\n<p>A manuten\u00e7\u00e3o pode ser um desafio no in\u00edcio, j\u00e1 que s\u00e3o carros novos no mercado brasileiro. Mas a <strong>BYD<\/strong> est\u00e1 investindo pesado em treinamento de t\u00e9cnicos e disponibilidade de pe\u00e7as. O objetivo \u00e9 que ter um <strong>Denza<\/strong> seja t\u00e3o tranquilo quanto ter qualquer carro premium tradicional.<\/p>\n\n\n\n<h2 class=\"wp-block-heading\">Vale a pena apostar nesses carros chineses?<\/h2>\n\n\n\n<p>Para quem tem dinheiro e gosta de inova\u00e7\u00e3o, pode ser uma oportunidade \u00fanica. O <strong>Denza Z9 GT<\/strong> oferece tecnologia que muitas marcas tradicionais ainda nem sonharam em criar. \u00c9 literalmente comprar um peda\u00e7o do futuro hoje.<\/p>\n\n\n\n<p>O risco existe, claro. S\u00e3o carros de uma marca nova no segmento premium brasileiro. Mas quem compra carros estimados em R$ 880.000 ou mais geralmente n\u00e3o est\u00e1 preocupado com revenda. Est\u00e1 comprando exclusividade e tecnologia de ponta.<\/p>\n","protected":false},"excerpt":{"rendered":"<p>A BYD est\u00e1 entrando pesado no mercado de carros premium com a marca Denza. A empresa registrou tr\u00eas modelos no Instituto Nacional de Propriedade Industrial (Inpi) do Brasil: o Denza Z9, o Z9 GT e a minivan D9. O registro \u00e9 o primeiro passo para trazer esses carros ao pa\u00eds em 2025 e mostrar que [&hellip;]<\/p>\n","protected":false},"author":11,"featured_media":27593,"comment_status":"open","ping_status":"open","sticky":false,"template":"","format":"standard","meta":{"jnews-multi-image_gallery":[],"jnews_single_post":{"format":"standard"},"jnews_primary_category":[],"jnews_social_meta":[],"jnews_override_counter":[],"footnotes":""},"categories":[27,1],"tags":[2044,818,1116],"class_list":["post-27544","post","type-post","status-publish","format-standard","has-post-thumbnail","hentry","category-carros","category-noticias","tag-byd","tag-carro","tag-carros"],"yoast_head":"<!-- This site is optimized with the Yoast SEO plugin v23.8 - https:\/\/yoast.com\/wordpress\/plugins\/seo\/ -->\n<title>BYD registra 2 carros de luxo no Brasil ap\u00f3s rival chinesa intensificar concorr\u00eancia - Estado de Minas - Em foco<\/title>\n<meta name=\"description\" content=\"BYD visa conquistar o mercado de luxo brasileiro. Conhe\u00e7a as novidades e como eles se comparam a gigantes como o Porsche Taycan.\" \/>\n<meta name=\"robots\" content=\"index, follow, max-snippet:-1, max-image-preview:large, max-video-preview:-1\" \/>\n<link rel=\"canonical\" href=\"https:\/\/www.em.com.br\/emfoco\/2025\/03\/12\/byd-registra-2-carros-de-luxo-no-brasil-apos-rival-chinesa-intensificar-concorrencia\/\" \/>\n<meta property=\"og:locale\" content=\"pt_BR\" \/>\n<meta property=\"og:type\" content=\"article\" \/>\n<meta property=\"og:title\" content=\"BYD registra 2 carros de luxo no Brasil ap\u00f3s rival chinesa intensificar concorr\u00eancia - Estado de Minas - Em foco\" \/>\n<meta property=\"og:description\" content=\"BYD visa conquistar o mercado de luxo brasileiro. Conhe\u00e7a as novidades e como eles se comparam a gigantes como o Porsche Taycan.\" \/>\n<meta property=\"og:url\" content=\"https:\/\/www.em.com.br\/emfoco\/2025\/03\/12\/byd-registra-2-carros-de-luxo-no-brasil-apos-rival-chinesa-intensificar-concorrencia\/\" \/>\n<meta property=\"og:site_name\" content=\"Estado de Minas - Em foco\" \/>\n<meta property=\"article:published_time\" content=\"2025-03-12T23:00:00+00:00\" \/>\n<meta property=\"article:modified_time\" content=\"2025-06-16T19:01:33+00:00\" \/>\n<meta property=\"og:image\" content=\"https:\/\/www.em.com.br\/emfoco\/wp-content\/uploads\/2025\/03\/denza-z9-2025-estatico-frontal.jpg\" \/>\n\t<meta property=\"og:image:width\" content=\"1280\" \/>\n\t<meta property=\"og:image:height\" content=\"720\" \/>\n\t<meta property=\"og:image:type\" content=\"image\/jpeg\" \/>\n<meta name=\"author\" content=\"Andre\u0301 Rangel\u00a0\" \/>\n<meta name=\"twitter:card\" content=\"summary_large_image\" \/>\n<meta name=\"twitter:label1\" content=\"Escrito por\" \/>\n\t<meta name=\"twitter:data1\" content=\"Andre\u0301 Rangel\u00a0\" \/>\n\t<meta name=\"twitter:label2\" content=\"Est. tempo de leitura\" \/>\n\t<meta name=\"twitter:data2\" content=\"5 minutos\" \/>\n<!-- \/ Yoast SEO plugin. -->","yoast_head_json":{"title":"BYD registra 2 carros de luxo no Brasil ap\u00f3s rival chinesa intensificar concorr\u00eancia - Estado de Minas - Em foco","description":"BYD visa conquistar o mercado de luxo brasileiro. Conhe\u00e7a as novidades e como eles se comparam a gigantes como o Porsche Taycan.","robots":{"index":"index","follow":"follow","max-snippet":"max-snippet:-1","max-image-preview":"max-image-preview:large","max-video-preview":"max-video-preview:-1"},"canonical":"https:\/\/www.em.com.br\/emfoco\/2025\/03\/12\/byd-registra-2-carros-de-luxo-no-brasil-apos-rival-chinesa-intensificar-concorrencia\/","og_locale":"pt_BR","og_type":"article","og_title":"BYD registra 2 carros de luxo no Brasil ap\u00f3s rival chinesa intensificar concorr\u00eancia - Estado de Minas - Em foco","og_description":"BYD visa conquistar o mercado de luxo brasileiro. Conhe\u00e7a as novidades e como eles se comparam a gigantes como o Porsche Taycan.","og_url":"https:\/\/www.em.com.br\/emfoco\/2025\/03\/12\/byd-registra-2-carros-de-luxo-no-brasil-apos-rival-chinesa-intensificar-concorrencia\/","og_site_name":"Estado de Minas - Em foco","article_published_time":"2025-03-12T23:00:00+00:00","article_modified_time":"2025-06-16T19:01:33+00:00","og_image":[{"width":1280,"height":720,"url":"https:\/\/www.em.com.br\/emfoco\/wp-content\/uploads\/2025\/03\/denza-z9-2025-estatico-frontal.jpg","type":"image\/jpeg"}],"author":"Andre\u0301 Rangel\u00a0","twitter_card":"summary_large_image","twitter_misc":{"Escrito por":"Andre\u0301 Rangel\u00a0","Est. tempo de leitura":"5 minutos"},"schema":{"@context":"https:\/\/schema.org","@graph":[{"@type":"WebPage","@id":"https:\/\/www.em.com.br\/emfoco\/2025\/03\/12\/byd-registra-2-carros-de-luxo-no-brasil-apos-rival-chinesa-intensificar-concorrencia\/","url":"https:\/\/www.em.com.br\/emfoco\/2025\/03\/12\/byd-registra-2-carros-de-luxo-no-brasil-apos-rival-chinesa-intensificar-concorrencia\/","name":"BYD registra 2 carros de luxo no Brasil ap\u00f3s rival chinesa intensificar concorr\u00eancia - Estado de Minas - Em foco","isPartOf":{"@id":"https:\/\/www.em.com.br\/emfoco\/#website"},"primaryImageOfPage":{"@id":"https:\/\/www.em.com.br\/emfoco\/2025\/03\/12\/byd-registra-2-carros-de-luxo-no-brasil-apos-rival-chinesa-intensificar-concorrencia\/#primaryimage"},"image":{"@id":"https:\/\/www.em.com.br\/emfoco\/2025\/03\/12\/byd-registra-2-carros-de-luxo-no-brasil-apos-rival-chinesa-intensificar-concorrencia\/#primaryimage"},"thumbnailUrl":"https:\/\/www.em.com.br\/emfoco\/wp-content\/uploads\/2025\/03\/denza-z9-2025-estatico-frontal.jpg","datePublished":"2025-03-12T23:00:00+00:00","dateModified":"2025-06-16T19:01:33+00:00","author":{"@id":"https:\/\/www.em.com.br\/emfoco\/#\/schema\/person\/60eda09c1fedf0d6891f4cef4b60b8b8"},"description":"BYD visa conquistar o mercado de luxo brasileiro. Conhe\u00e7a as novidades e como eles se comparam a gigantes como o Porsche Taycan.","breadcrumb":{"@id":"https:\/\/www.em.com.br\/emfoco\/2025\/03\/12\/byd-registra-2-carros-de-luxo-no-brasil-apos-rival-chinesa-intensificar-concorrencia\/#breadcrumb"},"inLanguage":"pt-BR","potentialAction":[{"@type":"ReadAction","target":["https:\/\/www.em.com.br\/emfoco\/2025\/03\/12\/byd-registra-2-carros-de-luxo-no-brasil-apos-rival-chinesa-intensificar-concorrencia\/"]}]},{"@type":"ImageObject","inLanguage":"pt-BR","@id":"https:\/\/www.em.com.br\/emfoco\/2025\/03\/12\/byd-registra-2-carros-de-luxo-no-brasil-apos-rival-chinesa-intensificar-concorrencia\/#primaryimage","url":"https:\/\/www.em.com.br\/emfoco\/wp-content\/uploads\/2025\/03\/denza-z9-2025-estatico-frontal.jpg","contentUrl":"https:\/\/www.em.com.br\/emfoco\/wp-content\/uploads\/2025\/03\/denza-z9-2025-estatico-frontal.jpg","width":1280,"height":720,"caption":"Denza Z9 2025 \u2014 Cr\u00e9ditos: Reprodu\u00e7\u00e3o\/Car News China"},{"@type":"BreadcrumbList","@id":"https:\/\/www.em.com.br\/emfoco\/2025\/03\/12\/byd-registra-2-carros-de-luxo-no-brasil-apos-rival-chinesa-intensificar-concorrencia\/#breadcrumb","itemListElement":[{"@type":"ListItem","position":1,"name":"In\u00edcio","item":"https:\/\/www.em.com.br\/emfoco\/"},{"@type":"ListItem","position":2,"name":"BYD registra 2 carros de luxo no Brasil ap\u00f3s rival chinesa intensificar concorr\u00eancia"}]},{"@type":"WebSite","@id":"https:\/\/www.em.com.br\/emfoco\/#website","url":"https:\/\/www.em.com.br\/emfoco\/","name":"Estado de Minas - Em foco","description":"Acompanhe as \u00faltimas not\u00edcias e fique bem informado sobre tudo o que acontece em Minas Gerais, Brasil e no mundo.","potentialAction":[{"@type":"SearchAction","target":{"@type":"EntryPoint","urlTemplate":"https:\/\/www.em.com.br\/emfoco\/?s={search_term_string}"},"query-input":{"@type":"PropertyValueSpecification","valueRequired":true,"valueName":"search_term_string"}}],"inLanguage":"pt-BR"},{"@type":"Person","@id":"https:\/\/www.em.com.br\/emfoco\/#\/schema\/person\/60eda09c1fedf0d6891f4cef4b60b8b8","name":"Andre\u0301 Rangel\u00a0","image":{"@type":"ImageObject","inLanguage":"pt-BR","@id":"https:\/\/www.em.com.br\/emfoco\/#\/schema\/person\/image\/","url":"https:\/\/secure.gravatar.com\/avatar\/6234dc814c77c8ef6d8bba622c787efc?s=96&d=mm&r=g","contentUrl":"https:\/\/secure.gravatar.com\/avatar\/6234dc814c77c8ef6d8bba622c787efc?s=96&d=mm&r=g","caption":"Andre\u0301 Rangel\u00a0"},"url":"https:\/\/www.em.com.br\/emfoco\/author\/luizmyth\/"}]}},"_links":{"self":[{"href":"https:\/\/www.em.com.br\/emfoco\/wp-json\/wp\/v2\/posts\/27544","targetHints":{"allow":["GET"]}}],"collection":[{"href":"https:\/\/www.em.com.br\/emfoco\/wp-json\/wp\/v2\/posts"}],"about":[{"href":"https:\/\/www.em.com.br\/emfoco\/wp-json\/wp\/v2\/types\/post"}],"author":[{"embeddable":true,"href":"https:\/\/www.em.com.br\/emfoco\/wp-json\/wp\/v2\/users\/11"}],"replies":[{"embeddable":true,"href":"https:\/\/www.em.com.br\/emfoco\/wp-json\/wp\/v2\/comments?post=27544"}],"version-history":[{"count":8,"href":"https:\/\/www.em.com.br\/emfoco\/wp-json\/wp\/v2\/posts\/27544\/revisions"}],"predecessor-version":[{"id":61749,"href":"https:\/\/www.em.com.br\/emfoco\/wp-json\/wp\/v2\/posts\/27544\/revisions\/61749"}],"wp:featuredmedia":[{"embeddable":true,"href":"https:\/\/www.em.com.br\/emfoco\/wp-json\/wp\/v2\/media\/27593"}],"wp:attachment":[{"href":"https:\/\/www.em.com.br\/emfoco\/wp-json\/wp\/v2\/media?parent=27544"}],"wp:term":[{"taxonomy":"category","embeddable":true,"href":"https:\/\/www.em.com.br\/emfoco\/wp-json\/wp\/v2\/categories?post=27544"},{"taxonomy":"post_tag","embeddable":true,"href":"https:\/\/www.em.com.br\/emfoco\/wp-json\/wp\/v2\/tags?post=27544"}],"curies":[{"name":"wp","href":"https:\/\/api.w.org\/{rel}","templated":true}]}}