{"id":27437,"date":"2025-03-12T10:40:18","date_gmt":"2025-03-12T13:40:18","guid":{"rendered":"https:\/\/www.em.com.br\/emfoco\/?p=27437"},"modified":"2025-03-11T11:41:31","modified_gmt":"2025-03-11T14:41:31","slug":"desodorantes-clareadores-funcionam-veja-os-mais-recomendados-de-2025","status":"publish","type":"post","link":"https:\/\/www.em.com.br\/emfoco\/2025\/03\/12\/desodorantes-clareadores-funcionam-veja-os-mais-recomendados-de-2025\/","title":{"rendered":"Desodorantes clareadores funcionam? Veja os mais recomendados de 2025"},"content":{"rendered":"\n<p>Os <strong>desodorantes<\/strong> t\u00eam sido parte essencial da rotina de cuidados pessoais, oferecendo prote\u00e7\u00e3o contra o suor e odores indesejados. Recentemente, uma nova fun\u00e7\u00e3o tem ganhado destaque:<strong> o clareamento da pele das<\/strong> <strong>axilas<\/strong>. Este benef\u00edcio adicional \u00e9 especialmente relevante para aqueles que enfrentam o escurecimento da pele devido \u00e0 depila\u00e7\u00e3o frequente e exposi\u00e7\u00e3o ao sol.<\/p>\n\n\n\n<p>Com a crescente demanda por produtos que cuidam da <a href=\"https:\/\/www.em.com.br\/emfoco\/2025\/03\/11\/sabonete-em-barra-ou-liquido-veja-qual-e-o-melhor-para-sua-pele\/\" target=\"_blank\" rel=\"noreferrer noopener\">pele <\/a>de forma abrangente, os desodorantes clareadores se tornaram populares. Eles prometem n\u00e3o apenas proteger, mas tamb\u00e9m melhorar a apar\u00eancia da pele. A seguir, apresentamos algumas das melhores op\u00e7\u00f5es dispon\u00edveis no mercado em 2025.<\/p>\n\n\n\n<h2 class=\"wp-block-heading\">Quais s\u00e3o os principais desodorantes clareadores dispon\u00edveis?<\/h2>\n\n\n\n<p>Entre as diversas op\u00e7\u00f5es de desodorantes clareadores, alguns se destacam por sua efic\u00e1cia e popularidade. Vamos explorar cinco produtos que t\u00eam conquistado consumidores em 2025.<\/p>\n\n\n\n<h2 class=\"wp-block-heading\">Antitranspirante Roll-On Ideal Finish Vichy<\/h2>\n\n\n\n<p>O <strong>Roll-On Ideal Finish da Vichy<\/strong> \u00e9 reconhecido por sua capacidade de hidratar intensamente peles sens\u00edveis enquanto controla o suor e o mau odor. Este desodorante oferece um efeito clareador sutil, mas eficaz, com resultados vis\u00edveis em apenas tr\u00eas semanas. Al\u00e9m disso, \u00e9 uma excelente escolha para quem se depila com cera, pois ajuda a prevenir o escurecimento causado pelo calor e atrito.<\/p>\n\n\n<div class=\"wp-block-image\">\n<figure class=\"aligncenter size-large\"><img loading=\"lazy\" decoding=\"async\" width=\"1024\" height=\"576\" src=\"https:\/\/www.em.com.br\/emfoco\/wp-content\/uploads\/2025\/03\/desodorante_1741703862093-1024x576.jpg\" alt=\"\" class=\"wp-image-27449\" srcset=\"https:\/\/www.em.com.br\/emfoco\/wp-content\/uploads\/2025\/03\/desodorante_1741703862093-1024x576.jpg 1024w, https:\/\/www.em.com.br\/emfoco\/wp-content\/uploads\/2025\/03\/desodorante_1741703862093-300x169.jpg 300w, https:\/\/www.em.com.br\/emfoco\/wp-content\/uploads\/2025\/03\/desodorante_1741703862093-768x432.jpg 768w, https:\/\/www.em.com.br\/emfoco\/wp-content\/uploads\/2025\/03\/desodorante_1741703862093-750x422.jpg 750w, https:\/\/www.em.com.br\/emfoco\/wp-content\/uploads\/2025\/03\/desodorante_1741703862093-1140x641.jpg 1140w, https:\/\/www.em.com.br\/emfoco\/wp-content\/uploads\/2025\/03\/desodorante_1741703862093.jpg 1280w\" sizes=\"auto, (max-width: 1024px) 100vw, 1024px\" \/><figcaption class=\"wp-element-caption\">Desodorante spray &#8211; Cr\u00e9ditos: depositphotos.com \/ gpointstudio<\/figcaption><\/figure><\/div>\n\n\n<h2 class=\"wp-block-heading\">Antitranspirante AD-01 Princ\u00edpia<\/h2>\n\n\n\n<p>Para aqueles que buscam uma op\u00e7\u00e3o econ\u00f4mica, o <strong>antitranspirante AD-01 da Princ\u00edpia<\/strong> \u00e9 uma escolha popular. Com ingredientes como Niacinamida e \u00c1cido L\u00e1tico, este produto uniformiza o tom da pele sem causar irrita\u00e7\u00e3o. Embora o tempo de secagem seja de 5 a 10 minutos, o custo-benef\u00edcio faz dele uma op\u00e7\u00e3o atraente para muitos consumidores.<\/p>\n\n\n\n<h2 class=\"wp-block-heading\">Desodorante Antitranspirante Tododia Aclarar Natura<\/h2>\n\n\n\n<p>A Natura oferece uma op\u00e7\u00e3o acess\u00edvel com o desodorante <strong>antitranspirante Tododia Aclarar<\/strong>. Embora seu tratamento clareador n\u00e3o seja t\u00e3o intenso quanto o de outros produtos, ele proporciona hidrata\u00e7\u00e3o e ajuda a prevenir <a href=\"https:\/\/www.rededorsaoluiz.com.br\/doencas\/foliculite\" target=\"_blank\" rel=\"noreferrer noopener\">foliculite <\/a>e irrita\u00e7\u00e3o p\u00f3s-depila\u00e7\u00e3o. Com um aroma agrad\u00e1vel e duradouro, este desodorante \u00e9 uma escolha pr\u00e1tica para o uso di\u00e1rio.<\/p>\n\n\n\n<h2 class=\"wp-block-heading\">Por que optar por desodorantes clareadores?<\/h2>\n\n\n\n<p>Os desodorantes clareadores oferecem uma solu\u00e7\u00e3o dupla: prote\u00e7\u00e3o contra odores e melhora est\u00e9tica da pele. Para muitos, a confian\u00e7a em mostrar as axilas sem constrangimento \u00e9 um benef\u00edcio significativo. Al\u00e9m disso, a combina\u00e7\u00e3o de ingredientes que cuidam da pele e previnem irrita\u00e7\u00f5es torna esses produtos atraentes para quem busca um cuidado mais completo.<\/p>\n\n\n\n<h2 class=\"wp-block-heading\">Como escolher o desodorante clareador ideal?<\/h2>\n\n\n\n<p>Ao escolher um desodorante clareador, \u00e9 importante considerar o tipo de pele e as necessidades espec\u00edficas de cada pessoa. Ingredientes como <strong>Niacinamida<\/strong> e \u00c1cido L\u00e1tico s\u00e3o conhecidos por suas propriedades clareadoras e <strong>suavizantes<\/strong>. Al\u00e9m disso, optar por produtos de marcas reconhecidas pode garantir maior efic\u00e1cia e seguran\u00e7a.<\/p>\n","protected":false},"excerpt":{"rendered":"<p>Os desodorantes t\u00eam sido parte essencial da rotina de cuidados pessoais, oferecendo prote\u00e7\u00e3o contra o suor e odores indesejados. Recentemente, uma nova fun\u00e7\u00e3o tem ganhado destaque: o clareamento da pele das axilas. Este benef\u00edcio adicional \u00e9 especialmente relevante para aqueles que enfrentam o escurecimento da pele devido \u00e0 depila\u00e7\u00e3o frequente e exposi\u00e7\u00e3o ao sol. Com [&hellip;]<\/p>\n","protected":false},"author":9,"featured_media":27448,"comment_status":"open","ping_status":"open","sticky":false,"template":"","format":"standard","meta":{"jnews-multi-image_gallery":[],"jnews_single_post":{"format":"standard"},"jnews_primary_category":[],"jnews_social_meta":[],"jnews_override_counter":[],"footnotes":""},"categories":[29,1],"tags":[5971,6139,5056,988],"class_list":["post-27437","post","type-post","status-publish","format-standard","has-post-thumbnail","hentry","category-entretenimento","category-noticias","tag-axilas","tag-clareador","tag-desodorante","tag-pele"],"yoast_head":"<!-- This site is optimized with the Yoast SEO plugin v23.8 - https:\/\/yoast.com\/wordpress\/plugins\/seo\/ -->\n<title>Desodorantes clareadores funcionam? Veja os mais recomendados de 2025<\/title>\n<meta name=\"description\" content=\"Produtos com a\u00e7\u00e3o clareadora est\u00e3o transformando os desodorantes em aliados da pele, oferecendo hidrata\u00e7\u00e3o e uniformiza\u00e7\u00e3o do tom.\" \/>\n<meta name=\"robots\" content=\"index, follow, max-snippet:-1, max-image-preview:large, max-video-preview:-1\" \/>\n<link rel=\"canonical\" href=\"https:\/\/www.em.com.br\/emfoco\/2025\/03\/12\/desodorantes-clareadores-funcionam-veja-os-mais-recomendados-de-2025\/\" \/>\n<meta property=\"og:locale\" content=\"pt_BR\" \/>\n<meta property=\"og:type\" content=\"article\" \/>\n<meta property=\"og:title\" content=\"Desodorantes clareadores funcionam? Veja os mais recomendados de 2025\" \/>\n<meta property=\"og:description\" content=\"Produtos com a\u00e7\u00e3o clareadora est\u00e3o transformando os desodorantes em aliados da pele, oferecendo hidrata\u00e7\u00e3o e uniformiza\u00e7\u00e3o do tom.\" \/>\n<meta property=\"og:url\" content=\"https:\/\/www.em.com.br\/emfoco\/2025\/03\/12\/desodorantes-clareadores-funcionam-veja-os-mais-recomendados-de-2025\/\" \/>\n<meta property=\"og:site_name\" content=\"Estado de Minas - Em foco\" \/>\n<meta property=\"article:published_time\" content=\"2025-03-12T13:40:18+00:00\" \/>\n<meta property=\"article:modified_time\" content=\"2025-03-11T14:41:31+00:00\" \/>\n<meta property=\"og:image\" content=\"https:\/\/www.em.com.br\/emfoco\/wp-content\/uploads\/2025\/03\/desodorante_1741703476900.jpg\" \/>\n\t<meta property=\"og:image:width\" content=\"1280\" \/>\n\t<meta property=\"og:image:height\" content=\"720\" \/>\n\t<meta property=\"og:image:type\" content=\"image\/jpeg\" \/>\n<meta name=\"author\" content=\"Daniely Cardoso\" \/>\n<meta name=\"twitter:card\" content=\"summary_large_image\" \/>\n<meta name=\"twitter:label1\" content=\"Escrito por\" \/>\n\t<meta name=\"twitter:data1\" content=\"Daniely Cardoso\" \/>\n\t<meta name=\"twitter:label2\" content=\"Est. tempo de leitura\" \/>\n\t<meta name=\"twitter:data2\" content=\"3 minutos\" \/>\n<!-- \/ Yoast SEO plugin. -->","yoast_head_json":{"title":"Desodorantes clareadores funcionam? Veja os mais recomendados de 2025","description":"Produtos com a\u00e7\u00e3o clareadora est\u00e3o transformando os desodorantes em aliados da pele, oferecendo hidrata\u00e7\u00e3o e uniformiza\u00e7\u00e3o do tom.","robots":{"index":"index","follow":"follow","max-snippet":"max-snippet:-1","max-image-preview":"max-image-preview:large","max-video-preview":"max-video-preview:-1"},"canonical":"https:\/\/www.em.com.br\/emfoco\/2025\/03\/12\/desodorantes-clareadores-funcionam-veja-os-mais-recomendados-de-2025\/","og_locale":"pt_BR","og_type":"article","og_title":"Desodorantes clareadores funcionam? Veja os mais recomendados de 2025","og_description":"Produtos com a\u00e7\u00e3o clareadora est\u00e3o transformando os desodorantes em aliados da pele, oferecendo hidrata\u00e7\u00e3o e uniformiza\u00e7\u00e3o do tom.","og_url":"https:\/\/www.em.com.br\/emfoco\/2025\/03\/12\/desodorantes-clareadores-funcionam-veja-os-mais-recomendados-de-2025\/","og_site_name":"Estado de Minas - Em foco","article_published_time":"2025-03-12T13:40:18+00:00","article_modified_time":"2025-03-11T14:41:31+00:00","og_image":[{"width":1280,"height":720,"url":"https:\/\/www.em.com.br\/emfoco\/wp-content\/uploads\/2025\/03\/desodorante_1741703476900.jpg","type":"image\/jpeg"}],"author":"Daniely Cardoso","twitter_card":"summary_large_image","twitter_misc":{"Escrito por":"Daniely Cardoso","Est. tempo de leitura":"3 minutos"},"schema":{"@context":"https:\/\/schema.org","@graph":[{"@type":"WebPage","@id":"https:\/\/www.em.com.br\/emfoco\/2025\/03\/12\/desodorantes-clareadores-funcionam-veja-os-mais-recomendados-de-2025\/","url":"https:\/\/www.em.com.br\/emfoco\/2025\/03\/12\/desodorantes-clareadores-funcionam-veja-os-mais-recomendados-de-2025\/","name":"Desodorantes clareadores funcionam? Veja os mais recomendados de 2025","isPartOf":{"@id":"https:\/\/www.em.com.br\/emfoco\/#website"},"primaryImageOfPage":{"@id":"https:\/\/www.em.com.br\/emfoco\/2025\/03\/12\/desodorantes-clareadores-funcionam-veja-os-mais-recomendados-de-2025\/#primaryimage"},"image":{"@id":"https:\/\/www.em.com.br\/emfoco\/2025\/03\/12\/desodorantes-clareadores-funcionam-veja-os-mais-recomendados-de-2025\/#primaryimage"},"thumbnailUrl":"https:\/\/www.em.com.br\/emfoco\/wp-content\/uploads\/2025\/03\/desodorante_1741703476900.jpg","datePublished":"2025-03-12T13:40:18+00:00","dateModified":"2025-03-11T14:41:31+00:00","author":{"@id":"https:\/\/www.em.com.br\/emfoco\/#\/schema\/person\/0a8186d72f2c3a5c6276d90b41f271a0"},"description":"Produtos com a\u00e7\u00e3o clareadora est\u00e3o transformando os desodorantes em aliados da pele, oferecendo hidrata\u00e7\u00e3o e uniformiza\u00e7\u00e3o do tom.","breadcrumb":{"@id":"https:\/\/www.em.com.br\/emfoco\/2025\/03\/12\/desodorantes-clareadores-funcionam-veja-os-mais-recomendados-de-2025\/#breadcrumb"},"inLanguage":"pt-BR","potentialAction":[{"@type":"ReadAction","target":["https:\/\/www.em.com.br\/emfoco\/2025\/03\/12\/desodorantes-clareadores-funcionam-veja-os-mais-recomendados-de-2025\/"]}]},{"@type":"ImageObject","inLanguage":"pt-BR","@id":"https:\/\/www.em.com.br\/emfoco\/2025\/03\/12\/desodorantes-clareadores-funcionam-veja-os-mais-recomendados-de-2025\/#primaryimage","url":"https:\/\/www.em.com.br\/emfoco\/wp-content\/uploads\/2025\/03\/desodorante_1741703476900.jpg","contentUrl":"https:\/\/www.em.com.br\/emfoco\/wp-content\/uploads\/2025\/03\/desodorante_1741703476900.jpg","width":1280,"height":720,"caption":"Desodorante - Cr\u00e9ditos: depositphotos.com \/ AllaSerebrina"},{"@type":"BreadcrumbList","@id":"https:\/\/www.em.com.br\/emfoco\/2025\/03\/12\/desodorantes-clareadores-funcionam-veja-os-mais-recomendados-de-2025\/#breadcrumb","itemListElement":[{"@type":"ListItem","position":1,"name":"In\u00edcio","item":"https:\/\/www.em.com.br\/emfoco\/"},{"@type":"ListItem","position":2,"name":"Desodorantes clareadores funcionam? Veja os mais recomendados de 2025"}]},{"@type":"WebSite","@id":"https:\/\/www.em.com.br\/emfoco\/#website","url":"https:\/\/www.em.com.br\/emfoco\/","name":"Estado de Minas - Em foco","description":"Acompanhe as \u00faltimas not\u00edcias e fique bem informado sobre tudo o que acontece em Minas Gerais, Brasil e no mundo.","potentialAction":[{"@type":"SearchAction","target":{"@type":"EntryPoint","urlTemplate":"https:\/\/www.em.com.br\/emfoco\/?s={search_term_string}"},"query-input":{"@type":"PropertyValueSpecification","valueRequired":true,"valueName":"search_term_string"}}],"inLanguage":"pt-BR"},{"@type":"Person","@id":"https:\/\/www.em.com.br\/emfoco\/#\/schema\/person\/0a8186d72f2c3a5c6276d90b41f271a0","name":"Daniely Cardoso","image":{"@type":"ImageObject","inLanguage":"pt-BR","@id":"https:\/\/www.em.com.br\/emfoco\/#\/schema\/person\/image\/","url":"https:\/\/secure.gravatar.com\/avatar\/4b80ddbd124d1f071b626d52d62e5dff?s=96&d=mm&r=g","contentUrl":"https:\/\/secure.gravatar.com\/avatar\/4b80ddbd124d1f071b626d52d62e5dff?s=96&d=mm&r=g","caption":"Daniely Cardoso"},"url":"https:\/\/www.em.com.br\/emfoco\/author\/danielymyth\/"}]}},"_links":{"self":[{"href":"https:\/\/www.em.com.br\/emfoco\/wp-json\/wp\/v2\/posts\/27437","targetHints":{"allow":["GET"]}}],"collection":[{"href":"https:\/\/www.em.com.br\/emfoco\/wp-json\/wp\/v2\/posts"}],"about":[{"href":"https:\/\/www.em.com.br\/emfoco\/wp-json\/wp\/v2\/types\/post"}],"author":[{"embeddable":true,"href":"https:\/\/www.em.com.br\/emfoco\/wp-json\/wp\/v2\/users\/9"}],"replies":[{"embeddable":true,"href":"https:\/\/www.em.com.br\/emfoco\/wp-json\/wp\/v2\/comments?post=27437"}],"version-history":[{"count":3,"href":"https:\/\/www.em.com.br\/emfoco\/wp-json\/wp\/v2\/posts\/27437\/revisions"}],"predecessor-version":[{"id":27452,"href":"https:\/\/www.em.com.br\/emfoco\/wp-json\/wp\/v2\/posts\/27437\/revisions\/27452"}],"wp:featuredmedia":[{"embeddable":true,"href":"https:\/\/www.em.com.br\/emfoco\/wp-json\/wp\/v2\/media\/27448"}],"wp:attachment":[{"href":"https:\/\/www.em.com.br\/emfoco\/wp-json\/wp\/v2\/media?parent=27437"}],"wp:term":[{"taxonomy":"category","embeddable":true,"href":"https:\/\/www.em.com.br\/emfoco\/wp-json\/wp\/v2\/categories?post=27437"},{"taxonomy":"post_tag","embeddable":true,"href":"https:\/\/www.em.com.br\/emfoco\/wp-json\/wp\/v2\/tags?post=27437"}],"curies":[{"name":"wp","href":"https:\/\/api.w.org\/{rel}","templated":true}]}}