{"id":2736,"date":"2024-12-06T17:40:00","date_gmt":"2024-12-06T20:40:00","guid":{"rendered":"https:\/\/www.em.com.br\/emfoco\/?p=2736"},"modified":"2024-12-02T17:39:53","modified_gmt":"2024-12-02T20:39:53","slug":"conheca-um-dos-maiores-pibs-do-interior","status":"publish","type":"post","link":"https:\/\/www.em.com.br\/emfoco\/2024\/12\/06\/conheca-um-dos-maiores-pibs-do-interior\/","title":{"rendered":"Conhe\u00e7a Um dos Maiores PIBs do Interior!"},"content":{"rendered":"\n<p>Em meio ao <strong><a href=\"https:\/\/www.em.com.br\/emfoco\/2024\/11\/30\/triangulo-mineiro-o-coracao-produtivo-e-cultural-de-minas-gerais\/\" target=\"_blank\" rel=\"noreferrer noopener\">Tri\u00e2ngulo Mineiro<\/a><\/strong>, Uberl\u00e2ndia se revela como uma cidade de destaque no cen\u00e1rio brasileiro. Com uma popula\u00e7\u00e3o pr\u00f3xima a 700 mil habitantes, figura como a segunda maior cidade de Minas Gerais. A cidade \u00e9 conhecida por sua robusta infraestrutura, promovendo um ambiente prop\u00edcio ao crescimento socioecon\u00f4mico e \u00e0 integra\u00e7\u00e3o cultural.<\/p>\n\n\n\n<p>Gra\u00e7as \u00e0 sua localiza\u00e7\u00e3o estrat\u00e9gica, entre capitais importantes como Bras\u00edlia e S\u00e3o Paulo, Uberl\u00e2ndia se torna um centro log\u00edstico de relev\u00e2ncia nacional. Essa posi\u00e7\u00e3o geogr\u00e1fica privilegiada, aliada a um dos aeroportos mais movimentados do interior do pa\u00eds e a importantes rodovias como a BR-050 e BR-365, consolida a cidade como um n\u00facleo comercial vital.<\/p>\n\n\n\n<h2 class=\"wp-block-heading\">Quais S\u00e3o os Principais Setores Econ\u00f4micos de Uberl\u00e2ndia?<\/h2>\n\n\n\n<p>O setor de servi\u00e7os lidera a economia de Uberl\u00e2ndia, refletindo a urbaniza\u00e7\u00e3o crescente e o aumento da qualidade de vida da popula\u00e7\u00e3o. Redes de supermercado, centros comerciais e uma vasta gama de lojas comp\u00f5em o cen\u00e1rio comercial da cidade. A diversidade econ\u00f4mica se estende \u00e0 ind\u00fastria, com forte presen\u00e7a nos ramos aliment\u00edcio, farmac\u00eautico, de metalurgia e tecnologia da informa\u00e7\u00e3o.<\/p>\n\n\n\n<p>Empresas est\u00e3o cada vez mais atra\u00eddas pela infraestrutura local e localiza\u00e7\u00e3o centralizada, facilitando neg\u00f3cios e expans\u00e3o. Assim, Uberl\u00e2ndia se afirma como um centro industrial e comercial din\u00e2mico, com potencial para investimentos significativos.<\/p>\n\n\n\n<figure class=\"wp-block-image size-full\"><img loading=\"lazy\" decoding=\"async\" width=\"1024\" height=\"577\" src=\"https:\/\/www.em.com.br\/emfoco\/wp-content\/uploads\/2024\/11\/image-56-e1732793219210.png\" alt=\"Por que Uberl\u00e2ndia \u00c9 Um Polo Econ\u00f4mico e Cultural?\" class=\"wp-image-1854\" srcset=\"https:\/\/www.em.com.br\/emfoco\/wp-content\/uploads\/2024\/11\/image-56-e1732793219210.png 1024w, https:\/\/www.em.com.br\/emfoco\/wp-content\/uploads\/2024\/11\/image-56-e1732793219210-300x169.png 300w, https:\/\/www.em.com.br\/emfoco\/wp-content\/uploads\/2024\/11\/image-56-e1732793219210-768x433.png 768w, https:\/\/www.em.com.br\/emfoco\/wp-content\/uploads\/2024\/11\/image-56-e1732793219210-750x423.png 750w\" sizes=\"auto, (max-width: 1024px) 100vw, 1024px\" \/><figcaption class=\"wp-element-caption\">Uberl\u00e2ndia &#8211; Cr\u00e9ditos: Flickr<\/figcaption><\/figure>\n\n\n\n<h2 class=\"wp-block-heading\">Educa\u00e7\u00e3o: Um Pilar de Excel\u00eancia em Uberl\u00e2ndia<\/h2>\n\n\n\n<p>A educa\u00e7\u00e3o superior \u00e9 um dos alicerces em Uberl\u00e2ndia, com destaque para institui\u00e7\u00f5es como a <strong><a href=\"https:\/\/ufu.br\/\" target=\"_blank\" rel=\"noreferrer noopener\">Universidade Federal de Uberl\u00e2ndia<\/a><\/strong> (UFU). Essa universidade \u00e9 conhecida pela variedade de cursos e pesquisas que oferece, desde ci\u00eancias exatas at\u00e9 ci\u00eancias sociais. A UFU contribui de forma significativa para a forma\u00e7\u00e3o acad\u00eamica e profissional, atraindo estudantes de todo o Brasil.<\/p>\n\n\n\n<p>Investimentos em educa\u00e7\u00e3o transformam a cidade em um polo de qualifica\u00e7\u00e3o, essencial para o crescimento das diversas \u00e1reas econ\u00f4micas. Tal prepara\u00e7\u00e3o assegura a forma\u00e7\u00e3o de uma m\u00e3o de obra qualificada, o que \u00e9 crucial para o desenvolvimento sustent\u00e1vel da cidade.<\/p>\n\n\n\n<h2 class=\"wp-block-heading\">Qualidade de Vida e Diversidade Cultural<\/h2>\n\n\n\n<p>A qualidade de vida em Uberl\u00e2ndia \u00e9 destacada por fatores como seguran\u00e7a, op\u00e7\u00f5es de lazer e um ambiente cultural diversificado. Parques e espa\u00e7os recreativos, como o popular Parque do Sabi\u00e1, oferecem \u00e1reas para esportes e lazer familiar. Esses espa\u00e7os, combinados com um clima agrad\u00e1vel, tornam a cidade um local ideal para viver.<\/p>\n\n\n\n<p>A cultura vibrante de Uberl\u00e2ndia \u00e9 marcada por festivais e eventos tradicionais que celebram a diversidade local. Com uma variedade de restaurantes e atra\u00e7\u00f5es culturais, a cidade oferece experi\u00eancias gastron\u00f4micas e culturais \u00fanicas, refletindo a mistura de influ\u00eancias que comp\u00f5em sua identidade.<\/p>\n\n\n\n<h2 class=\"wp-block-heading\">Desafios e Perspectivas para o Futuro!<\/h2>\n\n\n\n<p>Apesar de suas conquistas, Uberl\u00e2ndia enfrenta desafios t\u00edpicos de cidades em crescimento, como a necessidade de um planejamento urbano eficaz e a melhoria da infraestrutura de transporte. Iniciativas voltadas para a sustentabilidade urbana, moderniza\u00e7\u00e3o do transporte p\u00fablico e conserva\u00e7\u00e3o ambiental s\u00e3o essenciais para enfrentar esses desafios.<\/p>\n\n\n\n<p>A cidade demonstra uma forte inclina\u00e7\u00e3o para a inova\u00e7\u00e3o, especialmente atrav\u00e9s de projetos como o Parque Tecnol\u00f3gico de Uberl\u00e2ndia. Este espa\u00e7o incentiva a cria\u00e7\u00e3o de startups e favorece um ambiente de empreendedorismo e desenvolvimento tecnol\u00f3gico, apontando para um futuro promissor.<\/p>\n","protected":false},"excerpt":{"rendered":"<p>Em meio ao Tri\u00e2ngulo Mineiro, Uberl\u00e2ndia se revela como uma cidade de destaque no cen\u00e1rio brasileiro. Com uma popula\u00e7\u00e3o pr\u00f3xima a 700 mil habitantes, figura como a segunda maior cidade de Minas Gerais. A cidade \u00e9 conhecida por sua robusta infraestrutura, promovendo um ambiente prop\u00edcio ao crescimento socioecon\u00f4mico e \u00e0 integra\u00e7\u00e3o cultural. Gra\u00e7as \u00e0 sua [&hellip;]<\/p>\n","protected":false},"author":5,"featured_media":1849,"comment_status":"open","ping_status":"open","sticky":false,"template":"","format":"standard","meta":{"jnews-multi-image_gallery":[],"jnews_single_post":{"format":"standard"},"jnews_primary_category":[],"jnews_social_meta":[],"jnews_override_counter":[],"footnotes":""},"categories":[26,1],"tags":[500,207,1192,157,612],"class_list":["post-2736","post","type-post","status-publish","format-standard","has-post-thumbnail","hentry","category-cidades","category-noticias","tag-educacao","tag-minas-gerais","tag-sudeste","tag-turismo","tag-uberlandia"],"yoast_head":"<!-- This site is optimized with the Yoast SEO plugin v23.8 - https:\/\/yoast.com\/wordpress\/plugins\/seo\/ -->\n<title>Conhe\u00e7a Um dos Maiores PIBs do Interior! - Estado de Minas - Em foco<\/title>\n<meta name=\"description\" content=\"Descubra por que essa cidade \u00e9 um dos destinos mais promissores do Brasil e oferece uma qualidade de vida incompar\u00e1vel.\" \/>\n<meta name=\"robots\" content=\"index, follow, max-snippet:-1, max-image-preview:large, max-video-preview:-1\" \/>\n<link rel=\"canonical\" href=\"https:\/\/www.em.com.br\/emfoco\/2024\/12\/06\/conheca-um-dos-maiores-pibs-do-interior\/\" \/>\n<meta property=\"og:locale\" content=\"pt_BR\" \/>\n<meta property=\"og:type\" content=\"article\" \/>\n<meta property=\"og:title\" content=\"Conhe\u00e7a Um dos Maiores PIBs do Interior! - Estado de Minas - Em foco\" \/>\n<meta property=\"og:description\" content=\"Descubra por que essa cidade \u00e9 um dos destinos mais promissores do Brasil e oferece uma qualidade de vida incompar\u00e1vel.\" \/>\n<meta property=\"og:url\" content=\"https:\/\/www.em.com.br\/emfoco\/2024\/12\/06\/conheca-um-dos-maiores-pibs-do-interior\/\" \/>\n<meta property=\"og:site_name\" content=\"Estado de Minas - Em foco\" \/>\n<meta property=\"article:published_time\" content=\"2024-12-06T20:40:00+00:00\" \/>\n<meta property=\"article:modified_time\" content=\"2024-12-02T20:39:53+00:00\" \/>\n<meta property=\"og:image\" content=\"https:\/\/www.em.com.br\/emfoco\/wp-content\/uploads\/2024\/11\/image-54-e1732790751892.png\" \/>\n\t<meta property=\"og:image:width\" content=\"1024\" \/>\n\t<meta property=\"og:image:height\" content=\"577\" \/>\n\t<meta property=\"og:image:type\" content=\"image\/png\" \/>\n<meta name=\"author\" content=\"N\u00fabia Rangel\" \/>\n<meta name=\"twitter:card\" content=\"summary_large_image\" \/>\n<meta name=\"twitter:label1\" content=\"Escrito por\" \/>\n\t<meta name=\"twitter:data1\" content=\"N\u00fabia Rangel\" \/>\n\t<meta name=\"twitter:label2\" content=\"Est. tempo de leitura\" \/>\n\t<meta name=\"twitter:data2\" content=\"4 minutos\" \/>\n<!-- \/ Yoast SEO plugin. -->","yoast_head_json":{"title":"Conhe\u00e7a Um dos Maiores PIBs do Interior! - Estado de Minas - Em foco","description":"Descubra por que essa cidade \u00e9 um dos destinos mais promissores do Brasil e oferece uma qualidade de vida incompar\u00e1vel.","robots":{"index":"index","follow":"follow","max-snippet":"max-snippet:-1","max-image-preview":"max-image-preview:large","max-video-preview":"max-video-preview:-1"},"canonical":"https:\/\/www.em.com.br\/emfoco\/2024\/12\/06\/conheca-um-dos-maiores-pibs-do-interior\/","og_locale":"pt_BR","og_type":"article","og_title":"Conhe\u00e7a Um dos Maiores PIBs do Interior! - Estado de Minas - Em foco","og_description":"Descubra por que essa cidade \u00e9 um dos destinos mais promissores do Brasil e oferece uma qualidade de vida incompar\u00e1vel.","og_url":"https:\/\/www.em.com.br\/emfoco\/2024\/12\/06\/conheca-um-dos-maiores-pibs-do-interior\/","og_site_name":"Estado de Minas - Em foco","article_published_time":"2024-12-06T20:40:00+00:00","article_modified_time":"2024-12-02T20:39:53+00:00","og_image":[{"width":1024,"height":577,"url":"https:\/\/www.em.com.br\/emfoco\/wp-content\/uploads\/2024\/11\/image-54-e1732790751892.png","type":"image\/png"}],"author":"N\u00fabia Rangel","twitter_card":"summary_large_image","twitter_misc":{"Escrito por":"N\u00fabia Rangel","Est. tempo de leitura":"4 minutos"},"schema":{"@context":"https:\/\/schema.org","@graph":[{"@type":"WebPage","@id":"https:\/\/www.em.com.br\/emfoco\/2024\/12\/06\/conheca-um-dos-maiores-pibs-do-interior\/","url":"https:\/\/www.em.com.br\/emfoco\/2024\/12\/06\/conheca-um-dos-maiores-pibs-do-interior\/","name":"Conhe\u00e7a Um dos Maiores PIBs do Interior! - Estado de Minas - Em foco","isPartOf":{"@id":"https:\/\/www.em.com.br\/emfoco\/#website"},"primaryImageOfPage":{"@id":"https:\/\/www.em.com.br\/emfoco\/2024\/12\/06\/conheca-um-dos-maiores-pibs-do-interior\/#primaryimage"},"image":{"@id":"https:\/\/www.em.com.br\/emfoco\/2024\/12\/06\/conheca-um-dos-maiores-pibs-do-interior\/#primaryimage"},"thumbnailUrl":"https:\/\/www.em.com.br\/emfoco\/wp-content\/uploads\/2024\/11\/image-54-e1732790751892.png","datePublished":"2024-12-06T20:40:00+00:00","dateModified":"2024-12-02T20:39:53+00:00","author":{"@id":"https:\/\/www.em.com.br\/emfoco\/#\/schema\/person\/524437ef54f8a5d32591b143307f2e20"},"description":"Descubra por que essa cidade \u00e9 um dos destinos mais promissores do Brasil e oferece uma qualidade de vida incompar\u00e1vel.","breadcrumb":{"@id":"https:\/\/www.em.com.br\/emfoco\/2024\/12\/06\/conheca-um-dos-maiores-pibs-do-interior\/#breadcrumb"},"inLanguage":"pt-BR","potentialAction":[{"@type":"ReadAction","target":["https:\/\/www.em.com.br\/emfoco\/2024\/12\/06\/conheca-um-dos-maiores-pibs-do-interior\/"]}]},{"@type":"ImageObject","inLanguage":"pt-BR","@id":"https:\/\/www.em.com.br\/emfoco\/2024\/12\/06\/conheca-um-dos-maiores-pibs-do-interior\/#primaryimage","url":"https:\/\/www.em.com.br\/emfoco\/wp-content\/uploads\/2024\/11\/image-54-e1732790751892.png","contentUrl":"https:\/\/www.em.com.br\/emfoco\/wp-content\/uploads\/2024\/11\/image-54-e1732790751892.png","width":1024,"height":577,"caption":"Shopping Uberl\u00e2ndia - Cr\u00e9ditos: Flickr"},{"@type":"BreadcrumbList","@id":"https:\/\/www.em.com.br\/emfoco\/2024\/12\/06\/conheca-um-dos-maiores-pibs-do-interior\/#breadcrumb","itemListElement":[{"@type":"ListItem","position":1,"name":"In\u00edcio","item":"https:\/\/www.em.com.br\/emfoco\/"},{"@type":"ListItem","position":2,"name":"Conhe\u00e7a Um dos Maiores PIBs do Interior!"}]},{"@type":"WebSite","@id":"https:\/\/www.em.com.br\/emfoco\/#website","url":"https:\/\/www.em.com.br\/emfoco\/","name":"Estado de Minas - Em foco","description":"Acompanhe as \u00faltimas not\u00edcias e fique bem informado sobre tudo o que acontece em Minas Gerais, Brasil e no mundo.","potentialAction":[{"@type":"SearchAction","target":{"@type":"EntryPoint","urlTemplate":"https:\/\/www.em.com.br\/emfoco\/?s={search_term_string}"},"query-input":{"@type":"PropertyValueSpecification","valueRequired":true,"valueName":"search_term_string"}}],"inLanguage":"pt-BR"},{"@type":"Person","@id":"https:\/\/www.em.com.br\/emfoco\/#\/schema\/person\/524437ef54f8a5d32591b143307f2e20","name":"N\u00fabia Rangel","image":{"@type":"ImageObject","inLanguage":"pt-BR","@id":"https:\/\/www.em.com.br\/emfoco\/#\/schema\/person\/image\/","url":"https:\/\/secure.gravatar.com\/avatar\/47cff2827a5ba23c37e8068c86817ea4?s=96&d=mm&r=g","contentUrl":"https:\/\/secure.gravatar.com\/avatar\/47cff2827a5ba23c37e8068c86817ea4?s=96&d=mm&r=g","caption":"N\u00fabia Rangel"},"sameAs":["https:\/\/www.em.com.br\/emfoco\/"],"url":"https:\/\/www.em.com.br\/emfoco\/author\/nubiamyth\/"}]}},"_links":{"self":[{"href":"https:\/\/www.em.com.br\/emfoco\/wp-json\/wp\/v2\/posts\/2736","targetHints":{"allow":["GET"]}}],"collection":[{"href":"https:\/\/www.em.com.br\/emfoco\/wp-json\/wp\/v2\/posts"}],"about":[{"href":"https:\/\/www.em.com.br\/emfoco\/wp-json\/wp\/v2\/types\/post"}],"author":[{"embeddable":true,"href":"https:\/\/www.em.com.br\/emfoco\/wp-json\/wp\/v2\/users\/5"}],"replies":[{"embeddable":true,"href":"https:\/\/www.em.com.br\/emfoco\/wp-json\/wp\/v2\/comments?post=2736"}],"version-history":[{"count":2,"href":"https:\/\/www.em.com.br\/emfoco\/wp-json\/wp\/v2\/posts\/2736\/revisions"}],"predecessor-version":[{"id":2738,"href":"https:\/\/www.em.com.br\/emfoco\/wp-json\/wp\/v2\/posts\/2736\/revisions\/2738"}],"wp:featuredmedia":[{"embeddable":true,"href":"https:\/\/www.em.com.br\/emfoco\/wp-json\/wp\/v2\/media\/1849"}],"wp:attachment":[{"href":"https:\/\/www.em.com.br\/emfoco\/wp-json\/wp\/v2\/media?parent=2736"}],"wp:term":[{"taxonomy":"category","embeddable":true,"href":"https:\/\/www.em.com.br\/emfoco\/wp-json\/wp\/v2\/categories?post=2736"},{"taxonomy":"post_tag","embeddable":true,"href":"https:\/\/www.em.com.br\/emfoco\/wp-json\/wp\/v2\/tags?post=2736"}],"curies":[{"name":"wp","href":"https:\/\/api.w.org\/{rel}","templated":true}]}}