{"id":27277,"date":"2025-03-13T13:20:00","date_gmt":"2025-03-13T16:20:00","guid":{"rendered":"https:\/\/www.em.com.br\/emfoco\/?p=27277"},"modified":"2025-06-13T22:06:27","modified_gmt":"2025-06-14T01:06:27","slug":"novo-peugeot-2008-2025-chega-para-mudar-o-mercado-de-suv-no-brasil","status":"publish","type":"post","link":"https:\/\/www.em.com.br\/emfoco\/2025\/03\/13\/novo-peugeot-2008-2025-chega-para-mudar-o-mercado-de-suv-no-brasil\/","title":{"rendered":"Novo Peugeot 2008 2025 chega para mudar o mercado de SUV no Brasil"},"content":{"rendered":"\n<p>A<a href=\"https:\/\/carros.peugeot.com.br\/\" target=\"_blank\" rel=\"noreferrer noopener\"> <strong>Peugeot<\/strong><\/a> est\u00e1 de volta ao jogo com tudo no <strong>Brasil<\/strong>. O <strong>2008 2025<\/strong> chegou direto da <strong>Argentina<\/strong> prometendo bagun\u00e7ar o mercado de <strong>SUVs<\/strong> compactos por aqui. A marca francesa quer provar que ainda sabe fazer carros que misturam estilo europeu com praticidade brasileira. \u00c9 uma aposta arriscada num segmento lotado, mas a Peugeot parece confiante na receita.<\/p>\n\n\n\n<p>O carro usa a plataforma <strong>CMP<\/strong> da <strong>Stellantis<\/strong>, a mesma do <strong>Peugeot 208<\/strong>, mas cresceu nas dimens\u00f5es certas. Mais espa\u00e7o interno, porta-malas maior e aquele design franc\u00eas que n\u00e3o passa despercebido. Tr\u00eas vers\u00f5es diferentes tentam atender desde quem quer gastar menos at\u00e9 quem n\u00e3o abre m\u00e3o de luxo.<\/p>\n\n\n\n<h2 class=\"wp-block-heading\">Que mudan\u00e7as fazem o 2008 ser especial?<\/h2>\n\n\n\n<p>O grande destaque \u00e9 o motor 1.0 turbo de tr\u00eas cilindros que substituiu o antigo 1.6. S\u00e3o 130 cavalos trabalhando com c\u00e2mbio <strong>CVT<\/strong> que simula sete marchas &#8211; mesma configura\u00e7\u00e3o do <strong>Fiat Pulse<\/strong> e outros modelos da Stellantis. A plataforma CMP trouxe dimens\u00f5es mais generosas, criando um SUV que n\u00e3o aperta os passageiros. O design exterior ganhou linhas mais modernas e agressivas, fugindo daquela cara de &#8220;carro de vov\u00f3&#8221; que alguns Peugeots carregavam.<\/p>\n\n\n\n<p>O porta-malas cresceu significativamente, resolvendo uma das principais reclama\u00e7\u00f5es dos usu\u00e1rios da gera\u00e7\u00e3o anterior. A posi\u00e7\u00e3o de dirigir tamb\u00e9m melhorou, com o t\u00edpi-cockpit da Peugeot funcionando melhor neste tamanho. \u00c9 evolu\u00e7\u00e3o em todos os aspectos que realmente importam no dia a dia.<\/p>\n\n\n\n<figure class=\"wp-block-image size-large\"><img loading=\"lazy\" decoding=\"async\" width=\"1024\" height=\"576\" src=\"https:\/\/www.em.com.br\/emfoco\/wp-content\/uploads\/2025\/02\/esse-1-7-1024x576.jpg\" alt=\"Por que o Peugeot 2008 2025 \u00e9 o SUV mais comentado do ano?\" class=\"wp-image-15545\" srcset=\"https:\/\/www.em.com.br\/emfoco\/wp-content\/uploads\/2025\/02\/esse-1-7-1024x576.jpg 1024w, https:\/\/www.em.com.br\/emfoco\/wp-content\/uploads\/2025\/02\/esse-1-7-300x169.jpg 300w, https:\/\/www.em.com.br\/emfoco\/wp-content\/uploads\/2025\/02\/esse-1-7-768x432.jpg 768w, https:\/\/www.em.com.br\/emfoco\/wp-content\/uploads\/2025\/02\/esse-1-7-750x422.jpg 750w, https:\/\/www.em.com.br\/emfoco\/wp-content\/uploads\/2025\/02\/esse-1-7-1140x641.jpg 1140w, https:\/\/www.em.com.br\/emfoco\/wp-content\/uploads\/2025\/02\/esse-1-7.jpg 1280w\" sizes=\"auto, (max-width: 1024px) 100vw, 1024px\" \/><figcaption class=\"wp-element-caption\">Peugeot 2008 2025 &#8211; Cr\u00e9ditos: Divulga\u00e7\u00e3o\/Peugeot<\/figcaption><\/figure>\n\n\n\n<h2 class=\"wp-block-heading\">Como esse motor turbo se comporta na pr\u00e1tica?<\/h2>\n\n\n\n<p>Os n\u00fameros impressionam: 0 a 100 km\/h em 10,3 segundos e m\u00e1xima de 194 km\/h. Para um SUV compacto, \u00e9 performance mais que suficiente para ultrapassagens seguras e subidas sem sufoco. O consumo tamb\u00e9m agrada: 12,3 km\/l na cidade e 13,7 km\/l na estrada com gasolina. Com etanol, faz 8,6 km\/l e 9,8 km\/l respectivamente. S\u00e3o n\u00fameros que colocam o 2008 entre os mais econ\u00f4micos da categoria.<\/p>\n\n\n\n<p>O turbo compensa a cilindrada menor, entregando torque desde baixas rota\u00e7\u00f5es. \u00c9 aquela caracter\u00edstica europ\u00e9ia de motores pequenos, mas eficientes que funciona perfeitamente no tr\u00e2nsito brasileiro. O c\u00e2mbio CVT, apesar de n\u00e3o ser o mais emocionante, cumpre bem seu papel de manter o <strong><a href=\"https:\/\/www.em.com.br\/emfoco\/2025\/05\/16\/novo-audi-a6-e-tron-chega-ao-brasil-para-revolucionar-o-mercado-de-sedans-eletricos\/\" target=\"_blank\" rel=\"noreferrer noopener\">motor <\/a><\/strong>sempre na faixa ideal de trabalho.<\/p>\n\n\n\n<h2 class=\"wp-block-heading\">Que equipamentos cada vers\u00e3o oferece?<\/h2>\n\n\n\n<p>A vers\u00e3o <strong>Active<\/strong> vem com o b\u00e1sico bem feito: painel digital, far\u00f3is <strong>LED<\/strong>, rodas de 17 polegadas e central multim\u00eddia com espelhamento sem fio. Volante multifuncional, quatro airbags e controle de cruzeiro completam o pacote inicial. \u00c9 equipamento suficiente para quem quer entrar no mundo Peugeot sem gastar muito.<\/p>\n\n\n\n<p>A <strong>Allure<\/strong> adiciona bancos de couro, alerta de ponto cego e c\u00e2mera 360 graus. \u00c9 o meio-termo para quem quer conforto sem exagerar no pre\u00e7o. J\u00e1 a <strong>GT<\/strong> n\u00e3o economiza: teto solar panor\u00e2mico, frenagem autom\u00e1tica de emerg\u00eancia e leitor de placas de velocidade. \u00c9 tecnologia de carro premium num SUV compacto.<\/p>\n\n\n\n<figure class=\"wp-block-image size-large\"><img loading=\"lazy\" decoding=\"async\" width=\"1024\" height=\"576\" src=\"https:\/\/www.em.com.br\/emfoco\/wp-content\/uploads\/2025\/02\/esse-2-2-1024x576.jpg\" alt=\"Por que o Peugeot 2008 2025 \u00e9 o SUV mais comentado do ano?\" class=\"wp-image-15546\" srcset=\"https:\/\/www.em.com.br\/emfoco\/wp-content\/uploads\/2025\/02\/esse-2-2-1024x576.jpg 1024w, https:\/\/www.em.com.br\/emfoco\/wp-content\/uploads\/2025\/02\/esse-2-2-300x169.jpg 300w, https:\/\/www.em.com.br\/emfoco\/wp-content\/uploads\/2025\/02\/esse-2-2-768x432.jpg 768w, https:\/\/www.em.com.br\/emfoco\/wp-content\/uploads\/2025\/02\/esse-2-2-750x422.jpg 750w, https:\/\/www.em.com.br\/emfoco\/wp-content\/uploads\/2025\/02\/esse-2-2-1140x641.jpg 1140w, https:\/\/www.em.com.br\/emfoco\/wp-content\/uploads\/2025\/02\/esse-2-2.jpg 1280w\" sizes=\"auto, (max-width: 1024px) 100vw, 1024px\" \/><figcaption class=\"wp-element-caption\">Peugeot 2008 2025 &#8211; Cr\u00e9ditos: Divulga\u00e7\u00e3o\/Peugeot<\/figcaption><\/figure>\n\n\n\n<h2 class=\"wp-block-heading\">O 2008 tem chances reais no mercado brasileiro?<\/h2>\n\n\n\n<p>O segmento de SUVs compactos no Brasil \u00e9 uma guerra sem tr\u00e9gua. <strong>Hyundai Creta<\/strong>, <strong>Volkswagen Nivus<\/strong>, <strong>Fiat Pulse<\/strong> e <strong>Jeep Renegade<\/strong> dominam as vendas h\u00e1 anos. O 2008 chega com a vantagem de ser diferente esteticamente, mas enfrenta o desafio da rede de concession\u00e1rias menor que os concorrentes. A Peugeot precisa provar que voltou para ficar, n\u00e3o apenas para mais uma tentativa.<\/p>\n\n\n\n<p>As promo\u00e7\u00f5es de lan\u00e7amento podem ajudar nas vendas iniciais, mas o sucesso depender\u00e1 de manter pre\u00e7os competitivos e qualidade constante. O brasileiro gosta de novidade, mas tamb\u00e9m valoriza marca que oferece suporte a longo prazo.<\/p>\n\n\n\n<figure class=\"wp-block-image size-large\"><img loading=\"lazy\" decoding=\"async\" width=\"1024\" height=\"576\" src=\"https:\/\/www.em.com.br\/emfoco\/wp-content\/uploads\/2025\/02\/esse-8-1024x576.jpg\" alt=\"Por que o Peugeot 2008 2025 \u00e9 o SUV mais comentado do ano?\" class=\"wp-image-15547\" srcset=\"https:\/\/www.em.com.br\/emfoco\/wp-content\/uploads\/2025\/02\/esse-8-1024x576.jpg 1024w, https:\/\/www.em.com.br\/emfoco\/wp-content\/uploads\/2025\/02\/esse-8-300x169.jpg 300w, https:\/\/www.em.com.br\/emfoco\/wp-content\/uploads\/2025\/02\/esse-8-768x432.jpg 768w, https:\/\/www.em.com.br\/emfoco\/wp-content\/uploads\/2025\/02\/esse-8-750x422.jpg 750w, https:\/\/www.em.com.br\/emfoco\/wp-content\/uploads\/2025\/02\/esse-8-1140x641.jpg 1140w, https:\/\/www.em.com.br\/emfoco\/wp-content\/uploads\/2025\/02\/esse-8.jpg 1280w\" sizes=\"auto, (max-width: 1024px) 100vw, 1024px\" \/><figcaption class=\"wp-element-caption\">Peugeot 2008 2025 &#8211; Cr\u00e9ditos: Divulga\u00e7\u00e3o\/Peugeot<\/figcaption><\/figure>\n\n\n\n<h2 class=\"wp-block-heading\">O 2008 representa a volta por cima da Peugeot?<\/h2>\n\n\n\n<p>O <strong>Peugeot 2008 2025<\/strong> chega num momento crucial para a marca no Brasil. \u00c9 praticamente a \u00faltima chance de reconquistar relev\u00e2ncia no mercado nacional depois de anos de altos e baixos. O carro tem qualidades suficientes para competir de igual para igual com os l\u00edderes do segmento &#8211; motor eficiente, design distintivo e boa lista de equipamentos.<\/p>\n\n\n\n<p>O grande teste ser\u00e1 convencer os brasileiros de que a Peugeot n\u00e3o \u00e9 mais aquela marca de relacionamento complicado dos anos 90. Se conseguir, o 2008 pode ser o primeiro passo de uma recupera\u00e7\u00e3o consistente. Se falhar, pode ser o \u00faltimo suspiro da marca francesa por aqui. \u00c9 uma aposta de alto risco que pode dar muito certo ou muito errado.<\/p>\n","protected":false},"excerpt":{"rendered":"<p>A Peugeot est\u00e1 de volta ao jogo com tudo no Brasil. O 2008 2025 chegou direto da Argentina prometendo bagun\u00e7ar o mercado de SUVs compactos por aqui. A marca francesa quer provar que ainda sabe fazer carros que misturam estilo europeu com praticidade brasileira. \u00c9 uma aposta arriscada num segmento lotado, mas a Peugeot parece [&hellip;]<\/p>\n","protected":false},"author":5,"featured_media":15544,"comment_status":"open","ping_status":"open","sticky":false,"template":"","format":"standard","meta":{"jnews-multi-image_gallery":[],"jnews_single_post":{"format":"standard"},"jnews_primary_category":[],"jnews_social_meta":[],"jnews_override_counter":[],"footnotes":""},"categories":[27,1],"tags":[2680,3968,1118],"class_list":["post-27277","post","type-post","status-publish","format-standard","has-post-thumbnail","hentry","category-carros","category-noticias","tag-peugeot","tag-peugeot-2008","tag-suv"],"yoast_head":"<!-- This site is optimized with the Yoast SEO plugin v23.8 - https:\/\/yoast.com\/wordpress\/plugins\/seo\/ -->\n<title>Novo Peugeot 2008 2025 chega para mudar o mercado de SUV no Brasil - Estado de Minas - Em foco<\/title>\n<meta name=\"description\" content=\"Peugeot 2008 2025 aposta em efici\u00eancia, conectividade e design inovador para conquistar o mercado. Saiba tudo!\" \/>\n<meta name=\"robots\" content=\"index, follow, max-snippet:-1, max-image-preview:large, max-video-preview:-1\" \/>\n<link rel=\"canonical\" href=\"https:\/\/www.em.com.br\/emfoco\/2025\/03\/13\/novo-peugeot-2008-2025-chega-para-mudar-o-mercado-de-suv-no-brasil\/\" \/>\n<meta property=\"og:locale\" content=\"pt_BR\" \/>\n<meta property=\"og:type\" content=\"article\" \/>\n<meta property=\"og:title\" content=\"Novo Peugeot 2008 2025 chega para mudar o mercado de SUV no Brasil - Estado de Minas - Em foco\" \/>\n<meta property=\"og:description\" content=\"Peugeot 2008 2025 aposta em efici\u00eancia, conectividade e design inovador para conquistar o mercado. Saiba tudo!\" \/>\n<meta property=\"og:url\" content=\"https:\/\/www.em.com.br\/emfoco\/2025\/03\/13\/novo-peugeot-2008-2025-chega-para-mudar-o-mercado-de-suv-no-brasil\/\" \/>\n<meta property=\"og:site_name\" content=\"Estado de Minas - Em foco\" \/>\n<meta property=\"article:published_time\" content=\"2025-03-13T16:20:00+00:00\" \/>\n<meta property=\"article:modified_time\" content=\"2025-06-14T01:06:27+00:00\" \/>\n<meta property=\"og:image\" content=\"https:\/\/www.em.com.br\/emfoco\/wp-content\/uploads\/2025\/02\/esse-7.jpg\" \/>\n\t<meta property=\"og:image:width\" content=\"1280\" \/>\n\t<meta property=\"og:image:height\" content=\"720\" \/>\n\t<meta property=\"og:image:type\" content=\"image\/jpeg\" \/>\n<meta name=\"author\" content=\"N\u00fabia Rangel\" \/>\n<meta name=\"twitter:card\" content=\"summary_large_image\" \/>\n<meta name=\"twitter:label1\" content=\"Escrito por\" \/>\n\t<meta name=\"twitter:data1\" content=\"N\u00fabia Rangel\" \/>\n\t<meta name=\"twitter:label2\" content=\"Est. tempo de leitura\" \/>\n\t<meta name=\"twitter:data2\" content=\"5 minutos\" \/>\n<!-- \/ Yoast SEO plugin. -->","yoast_head_json":{"title":"Novo Peugeot 2008 2025 chega para mudar o mercado de SUV no Brasil - Estado de Minas - Em foco","description":"Peugeot 2008 2025 aposta em efici\u00eancia, conectividade e design inovador para conquistar o mercado. Saiba tudo!","robots":{"index":"index","follow":"follow","max-snippet":"max-snippet:-1","max-image-preview":"max-image-preview:large","max-video-preview":"max-video-preview:-1"},"canonical":"https:\/\/www.em.com.br\/emfoco\/2025\/03\/13\/novo-peugeot-2008-2025-chega-para-mudar-o-mercado-de-suv-no-brasil\/","og_locale":"pt_BR","og_type":"article","og_title":"Novo Peugeot 2008 2025 chega para mudar o mercado de SUV no Brasil - Estado de Minas - Em foco","og_description":"Peugeot 2008 2025 aposta em efici\u00eancia, conectividade e design inovador para conquistar o mercado. Saiba tudo!","og_url":"https:\/\/www.em.com.br\/emfoco\/2025\/03\/13\/novo-peugeot-2008-2025-chega-para-mudar-o-mercado-de-suv-no-brasil\/","og_site_name":"Estado de Minas - Em foco","article_published_time":"2025-03-13T16:20:00+00:00","article_modified_time":"2025-06-14T01:06:27+00:00","og_image":[{"width":1280,"height":720,"url":"https:\/\/www.em.com.br\/emfoco\/wp-content\/uploads\/2025\/02\/esse-7.jpg","type":"image\/jpeg"}],"author":"N\u00fabia Rangel","twitter_card":"summary_large_image","twitter_misc":{"Escrito por":"N\u00fabia Rangel","Est. tempo de leitura":"5 minutos"},"schema":{"@context":"https:\/\/schema.org","@graph":[{"@type":"WebPage","@id":"https:\/\/www.em.com.br\/emfoco\/2025\/03\/13\/novo-peugeot-2008-2025-chega-para-mudar-o-mercado-de-suv-no-brasil\/","url":"https:\/\/www.em.com.br\/emfoco\/2025\/03\/13\/novo-peugeot-2008-2025-chega-para-mudar-o-mercado-de-suv-no-brasil\/","name":"Novo Peugeot 2008 2025 chega para mudar o mercado de SUV no Brasil - Estado de Minas - Em foco","isPartOf":{"@id":"https:\/\/www.em.com.br\/emfoco\/#website"},"primaryImageOfPage":{"@id":"https:\/\/www.em.com.br\/emfoco\/2025\/03\/13\/novo-peugeot-2008-2025-chega-para-mudar-o-mercado-de-suv-no-brasil\/#primaryimage"},"image":{"@id":"https:\/\/www.em.com.br\/emfoco\/2025\/03\/13\/novo-peugeot-2008-2025-chega-para-mudar-o-mercado-de-suv-no-brasil\/#primaryimage"},"thumbnailUrl":"https:\/\/www.em.com.br\/emfoco\/wp-content\/uploads\/2025\/02\/esse-7.jpg","datePublished":"2025-03-13T16:20:00+00:00","dateModified":"2025-06-14T01:06:27+00:00","author":{"@id":"https:\/\/www.em.com.br\/emfoco\/#\/schema\/person\/524437ef54f8a5d32591b143307f2e20"},"description":"Peugeot 2008 2025 aposta em efici\u00eancia, conectividade e design inovador para conquistar o mercado. Saiba tudo!","breadcrumb":{"@id":"https:\/\/www.em.com.br\/emfoco\/2025\/03\/13\/novo-peugeot-2008-2025-chega-para-mudar-o-mercado-de-suv-no-brasil\/#breadcrumb"},"inLanguage":"pt-BR","potentialAction":[{"@type":"ReadAction","target":["https:\/\/www.em.com.br\/emfoco\/2025\/03\/13\/novo-peugeot-2008-2025-chega-para-mudar-o-mercado-de-suv-no-brasil\/"]}]},{"@type":"ImageObject","inLanguage":"pt-BR","@id":"https:\/\/www.em.com.br\/emfoco\/2025\/03\/13\/novo-peugeot-2008-2025-chega-para-mudar-o-mercado-de-suv-no-brasil\/#primaryimage","url":"https:\/\/www.em.com.br\/emfoco\/wp-content\/uploads\/2025\/02\/esse-7.jpg","contentUrl":"https:\/\/www.em.com.br\/emfoco\/wp-content\/uploads\/2025\/02\/esse-7.jpg","width":1280,"height":720,"caption":"Peugeot 2008 2025 - Cr\u00e9ditos: Divulga\u00e7\u00e3o\/Peugeot"},{"@type":"BreadcrumbList","@id":"https:\/\/www.em.com.br\/emfoco\/2025\/03\/13\/novo-peugeot-2008-2025-chega-para-mudar-o-mercado-de-suv-no-brasil\/#breadcrumb","itemListElement":[{"@type":"ListItem","position":1,"name":"In\u00edcio","item":"https:\/\/www.em.com.br\/emfoco\/"},{"@type":"ListItem","position":2,"name":"Novo Peugeot 2008 2025 chega para mudar o mercado de SUV no Brasil"}]},{"@type":"WebSite","@id":"https:\/\/www.em.com.br\/emfoco\/#website","url":"https:\/\/www.em.com.br\/emfoco\/","name":"Estado de Minas - Em foco","description":"Acompanhe as \u00faltimas not\u00edcias e fique bem informado sobre tudo o que acontece em Minas Gerais, Brasil e no mundo.","potentialAction":[{"@type":"SearchAction","target":{"@type":"EntryPoint","urlTemplate":"https:\/\/www.em.com.br\/emfoco\/?s={search_term_string}"},"query-input":{"@type":"PropertyValueSpecification","valueRequired":true,"valueName":"search_term_string"}}],"inLanguage":"pt-BR"},{"@type":"Person","@id":"https:\/\/www.em.com.br\/emfoco\/#\/schema\/person\/524437ef54f8a5d32591b143307f2e20","name":"N\u00fabia Rangel","image":{"@type":"ImageObject","inLanguage":"pt-BR","@id":"https:\/\/www.em.com.br\/emfoco\/#\/schema\/person\/image\/","url":"https:\/\/secure.gravatar.com\/avatar\/47cff2827a5ba23c37e8068c86817ea4?s=96&d=mm&r=g","contentUrl":"https:\/\/secure.gravatar.com\/avatar\/47cff2827a5ba23c37e8068c86817ea4?s=96&d=mm&r=g","caption":"N\u00fabia Rangel"},"sameAs":["https:\/\/www.em.com.br\/emfoco\/"],"url":"https:\/\/www.em.com.br\/emfoco\/author\/nubiamyth\/"}]}},"_links":{"self":[{"href":"https:\/\/www.em.com.br\/emfoco\/wp-json\/wp\/v2\/posts\/27277","targetHints":{"allow":["GET"]}}],"collection":[{"href":"https:\/\/www.em.com.br\/emfoco\/wp-json\/wp\/v2\/posts"}],"about":[{"href":"https:\/\/www.em.com.br\/emfoco\/wp-json\/wp\/v2\/types\/post"}],"author":[{"embeddable":true,"href":"https:\/\/www.em.com.br\/emfoco\/wp-json\/wp\/v2\/users\/5"}],"replies":[{"embeddable":true,"href":"https:\/\/www.em.com.br\/emfoco\/wp-json\/wp\/v2\/comments?post=27277"}],"version-history":[{"count":3,"href":"https:\/\/www.em.com.br\/emfoco\/wp-json\/wp\/v2\/posts\/27277\/revisions"}],"predecessor-version":[{"id":60381,"href":"https:\/\/www.em.com.br\/emfoco\/wp-json\/wp\/v2\/posts\/27277\/revisions\/60381"}],"wp:featuredmedia":[{"embeddable":true,"href":"https:\/\/www.em.com.br\/emfoco\/wp-json\/wp\/v2\/media\/15544"}],"wp:attachment":[{"href":"https:\/\/www.em.com.br\/emfoco\/wp-json\/wp\/v2\/media?parent=27277"}],"wp:term":[{"taxonomy":"category","embeddable":true,"href":"https:\/\/www.em.com.br\/emfoco\/wp-json\/wp\/v2\/categories?post=27277"},{"taxonomy":"post_tag","embeddable":true,"href":"https:\/\/www.em.com.br\/emfoco\/wp-json\/wp\/v2\/tags?post=27277"}],"curies":[{"name":"wp","href":"https:\/\/api.w.org\/{rel}","templated":true}]}}