{"id":27201,"date":"2025-03-10T19:30:00","date_gmt":"2025-03-10T22:30:00","guid":{"rendered":"https:\/\/www.em.com.br\/emfoco\/?p=27201"},"modified":"2025-03-10T17:36:34","modified_gmt":"2025-03-10T20:36:34","slug":"os-desafios-da-paternidade-que-ninguem-te-conta-antes-de-ter-filhos","status":"publish","type":"post","link":"https:\/\/www.em.com.br\/emfoco\/2025\/03\/10\/os-desafios-da-paternidade-que-ninguem-te-conta-antes-de-ter-filhos\/","title":{"rendered":"Os desafios da paternidade que ningu\u00e9m te conta antes de ter filhos"},"content":{"rendered":"\n<p>Decidir ter filhos \u00e9 uma das escolhas mais significativas e transformadoras na vida de uma pessoa. Antes de dar esse passo importante, \u00e9 essencial entender se algu\u00e9m est\u00e1 realmente pronto para as responsabilidades e desafios da paternidade. Este artigo explora diferentes aspectos que devem ser considerados ao avaliar a prepara\u00e7\u00e3o para essa nova fase.<\/p>\n\n\n\n<p>Compreender a pr\u00f3pria prontid\u00e3o para a paternidade envolve uma an\u00e1lise cuidadosa de diversos fatores, desde a estabilidade financeira at\u00e9 a capacidade de lidar com o estresse. Este guia busca ajudar os futuros pais a refletirem sobre suas circunst\u00e2ncias e a identificarem \u00e1reas que podem necessitar de aten\u00e7\u00e3o ou melhoria, seguindo as dicas do site <a href=\"https:\/\/paisefilhos.com.br\/entretenimento\/voce-esta-preparado-para-ter-filhos-faca-o-teste\/\" target=\"_blank\" rel=\"noreferrer noopener\">Pais&amp;Filhos.<\/a><\/p>\n\n\n\n<h2 class=\"wp-block-heading\">Como avaliar a estabilidade financeira antes da paternidade?<\/h2>\n\n\n\n<p>Uma situa\u00e7\u00e3o financeira s\u00f3lida \u00e9 crucial para criar um ambiente seguro e confort\u00e1vel para os filhos. Avaliar a estabilidade financeira atual \u00e9 um passo importante para garantir que as necessidades de um beb\u00ea possam ser atendidas. Isso inclui considerar a capacidade de lidar com despesas adicionais e planejar o futuro financeiro da fam\u00edlia.<\/p>\n\n\n\n<p>Para muitos, alcan\u00e7ar a estabilidade financeira pode ser um trabalho em andamento. \u00c9 importante identificar \u00e1reas onde melhorias podem ser feitas, como economizar mais ou buscar fontes adicionais de renda. Um planejamento financeiro cuidadoso pode proporcionar maior seguran\u00e7a e tranquilidade ao considerar a paternidade.<\/p>\n\n\n\n<h2 class=\"wp-block-heading\">Como lidar com o estresse e a press\u00e3o?<\/h2>\n\n\n\n<p>Enfrentar o estresse \u00e9 essencial na cria\u00e7\u00e3o de filhos, pois o papel parental \u00e9 exigente e desafiador. Avaliar a capacidade de gerenciar situa\u00e7\u00f5es estressantes de maneira saud\u00e1vel \u00e9 fundamental. Isso pode incluir o desenvolvimento de estrat\u00e9gias eficazes de enfrentamento e a busca de apoio quando necess\u00e1rio.<\/p>\n\n\n\n<p>\u00c9 comum sentir-se sobrecarregado em certos momentos, mas encontrar formas de se acalmar e lidar com a press\u00e3o pode fazer uma grande diferen\u00e7a. Investir em pr\u00e1ticas de autocuidado e em t\u00e9cnicas de relaxamento pode ajudar a melhorar a resili\u00eancia emocional e a capacidade de enfrentar os desafios da paternidade.<\/p>\n\n\n\n<h2 class=\"wp-block-heading\">Qual \u00e9 a import\u00e2ncia do conhecimento sobre cuidados infantis na paternidade?<\/h2>\n\n\n\n<p>Estar bem informado sobre cuidados infantis pode facilitar a transi\u00e7\u00e3o para a paternidade. Isso inclui aprender sobre o desenvolvimento infantil, sa\u00fade e seguran\u00e7a, al\u00e9m de t\u00e9cnicas de educa\u00e7\u00e3o e disciplina. Ter um bom n\u00edvel de conhecimento pode aumentar a confian\u00e7a e a compet\u00eancia dos futuros pais.<\/p>\n\n\n\n<p>Para aqueles que sentem que ainda h\u00e1 muito a aprender, buscar recursos educacionais, como livros, cursos ou grupos de apoio, pode ser extremamente ben\u00e9fico. Manter-se atualizado sobre as melhores pr\u00e1ticas em cuidados infantis pode ajudar a garantir que as necessidades do beb\u00ea sejam atendidas de maneira eficaz.<\/p>\n\n\n<div class=\"wp-block-image\">\n<figure class=\"aligncenter size-large\"><img loading=\"lazy\" decoding=\"async\" width=\"1024\" height=\"576\" src=\"https:\/\/www.em.com.br\/emfoco\/wp-content\/uploads\/2025\/03\/Pai_1741638234624-1024x576.jpg\" alt=\"Os desafios da paternidade que ningu\u00e9m te conta antes de ter filhos\" class=\"wp-image-27203\" srcset=\"https:\/\/www.em.com.br\/emfoco\/wp-content\/uploads\/2025\/03\/Pai_1741638234624-1024x576.jpg 1024w, https:\/\/www.em.com.br\/emfoco\/wp-content\/uploads\/2025\/03\/Pai_1741638234624-300x169.jpg 300w, https:\/\/www.em.com.br\/emfoco\/wp-content\/uploads\/2025\/03\/Pai_1741638234624-768x432.jpg 768w, https:\/\/www.em.com.br\/emfoco\/wp-content\/uploads\/2025\/03\/Pai_1741638234624-750x422.jpg 750w, https:\/\/www.em.com.br\/emfoco\/wp-content\/uploads\/2025\/03\/Pai_1741638234624-1140x641.jpg 1140w, https:\/\/www.em.com.br\/emfoco\/wp-content\/uploads\/2025\/03\/Pai_1741638234624.jpg 1280w\" sizes=\"auto, (max-width: 1024px) 100vw, 1024px\" \/><figcaption class=\"wp-element-caption\">Pai e filho brincando (Cr\u00e9ditos: depositphotos.com \/ TarasMalyarevich)<\/figcaption><\/figure><\/div>\n\n\n<h2 class=\"wp-block-heading\">Qu\u00e3o flex\u00edvel \u00e9 o estilo de vida atual?<\/h2>\n\n\n\n<p>A paternidade implica em mudan\u00e7as significativas no estilo de vida. Estar disposto a ajustar rotinas e prioridades \u00e9 vital para acomodar um filho e garantir que suas necessidades sejam plenamente atendidas. Isso pode incluir altera\u00e7\u00f5es na rotina di\u00e1ria, nas atividades de lazer e at\u00e9 mesmo na carreira.<\/p>\n\n\n\n<p>Refletir sobre a disposi\u00e7\u00e3o para fazer essas mudan\u00e7as pode ajudar a preparar o terreno para uma transi\u00e7\u00e3o mais suave. Estar aberto a novas experi\u00eancias e pronto para adaptar-se \u00e0s demandas da paternidade pode ser um indicador positivo de prontid\u00e3o.<\/p>\n\n\n\n<h2 class=\"wp-block-heading\">Qual \u00e9 o papel do suporte familiar e social?<\/h2>\n\n\n\n<p>Um bom suporte familiar e social pode ser extremamente ben\u00e9fico na cria\u00e7\u00e3o de filhos. Ter uma rede de apoio forte pode proporcionar assist\u00eancia pr\u00e1tica e emocional, aliviando parte do estresse associado \u00e0 paternidade.<\/p>\n\n\n\n<p>Para aqueles que sentem que sua rede de apoio poderia ser mais robusta, investir em relacionamentos e buscar conex\u00f5es adicionais pode ser uma estrat\u00e9gia valiosa. Participar de grupos de pais ou buscar aconselhamento pode ajudar a fortalecer o suporte dispon\u00edvel.<\/p>\n\n\n\n<h2 class=\"wp-block-heading\">Considera\u00e7\u00f5es finais sobre a prepara\u00e7\u00e3o para a paternidade<\/h2>\n\n\n\n<p>Refletir sobre esses aspectos pode ajudar os futuros pais a se prepararem melhor para as responsabilidades da paternidade. Embora cada jornada seja \u00fanica, considerar a estabilidade financeira, a capacidade de lidar com o estresse, o conhecimento sobre cuidados infantis, a flexibilidade de estilo de vida e o suporte social pode fornecer uma base s\u00f3lida para tomar decis\u00f5es informadas.<\/p>\n\n\n\n<p>Este guia serve como uma ferramenta de reflex\u00e3o e n\u00e3o como uma avalia\u00e7\u00e3o definitiva. Buscar informa\u00e7\u00f5es adicionais e apoio \u00e9 sempre recomend\u00e1vel para aqueles que est\u00e3o considerando seriamente a decis\u00e3o de ter um filho.<\/p>\n","protected":false},"excerpt":{"rendered":"<p>Decidir ter filhos \u00e9 uma das escolhas mais significativas e transformadoras na vida de uma pessoa. Antes de dar esse passo importante, \u00e9 essencial entender se algu\u00e9m est\u00e1 realmente pronto para as responsabilidades e desafios da paternidade. Este artigo explora diferentes aspectos que devem ser considerados ao avaliar a prepara\u00e7\u00e3o para essa nova fase. Compreender [&hellip;]<\/p>\n","protected":false},"author":10,"featured_media":27202,"comment_status":"open","ping_status":"open","sticky":false,"template":"","format":"standard","meta":{"jnews-multi-image_gallery":[],"jnews_single_post":{"format":"standard"},"jnews_primary_category":[],"jnews_social_meta":[],"jnews_override_counter":[],"footnotes":""},"categories":[29,1],"tags":[6114,1409,3678],"class_list":["post-27201","post","type-post","status-publish","format-standard","has-post-thumbnail","hentry","category-entretenimento","category-noticias","tag-desfaios","tag-filhos","tag-paternidade"],"yoast_head":"<!-- This site is optimized with the Yoast SEO plugin v23.8 - https:\/\/yoast.com\/wordpress\/plugins\/seo\/ -->\n<title>Os desafios da paternidade que ningu\u00e9m te conta antes de ter filhos - Estado de Minas - Em foco<\/title>\n<meta name=\"description\" content=\"Ser\u00e1 que voc\u00ea est\u00e1 pronto para ser pai? Descubra os principais desafios, mudan\u00e7as no estilo de vida e pontos essenciais antes da paternidade\" \/>\n<meta name=\"robots\" content=\"index, follow, max-snippet:-1, max-image-preview:large, max-video-preview:-1\" \/>\n<link rel=\"canonical\" href=\"https:\/\/www.em.com.br\/emfoco\/2025\/03\/10\/os-desafios-da-paternidade-que-ninguem-te-conta-antes-de-ter-filhos\/\" \/>\n<meta property=\"og:locale\" content=\"pt_BR\" \/>\n<meta property=\"og:type\" content=\"article\" \/>\n<meta property=\"og:title\" content=\"Os desafios da paternidade que ningu\u00e9m te conta antes de ter filhos - Estado de Minas - Em foco\" \/>\n<meta property=\"og:description\" content=\"Ser\u00e1 que voc\u00ea est\u00e1 pronto para ser pai? Descubra os principais desafios, mudan\u00e7as no estilo de vida e pontos essenciais antes da paternidade\" \/>\n<meta property=\"og:url\" content=\"https:\/\/www.em.com.br\/emfoco\/2025\/03\/10\/os-desafios-da-paternidade-que-ninguem-te-conta-antes-de-ter-filhos\/\" \/>\n<meta property=\"og:site_name\" content=\"Estado de Minas - Em foco\" \/>\n<meta property=\"article:published_time\" content=\"2025-03-10T22:30:00+00:00\" \/>\n<meta property=\"article:modified_time\" content=\"2025-03-10T20:36:34+00:00\" \/>\n<meta property=\"og:image\" content=\"https:\/\/www.em.com.br\/emfoco\/wp-content\/uploads\/2025\/03\/Pai_1741638198379.jpg\" \/>\n\t<meta property=\"og:image:width\" content=\"1280\" \/>\n\t<meta property=\"og:image:height\" content=\"720\" \/>\n\t<meta property=\"og:image:type\" content=\"image\/jpeg\" \/>\n<meta name=\"author\" content=\"Patryck Reinehr\" \/>\n<meta name=\"twitter:card\" content=\"summary_large_image\" \/>\n<meta name=\"twitter:label1\" content=\"Escrito por\" \/>\n\t<meta name=\"twitter:data1\" content=\"Patryck Reinehr\" \/>\n\t<meta name=\"twitter:label2\" content=\"Est. tempo de leitura\" \/>\n\t<meta name=\"twitter:data2\" content=\"1 minuto\" \/>\n<!-- \/ Yoast SEO plugin. -->","yoast_head_json":{"title":"Os desafios da paternidade que ningu\u00e9m te conta antes de ter filhos - Estado de Minas - Em foco","description":"Ser\u00e1 que voc\u00ea est\u00e1 pronto para ser pai? Descubra os principais desafios, mudan\u00e7as no estilo de vida e pontos essenciais antes da paternidade","robots":{"index":"index","follow":"follow","max-snippet":"max-snippet:-1","max-image-preview":"max-image-preview:large","max-video-preview":"max-video-preview:-1"},"canonical":"https:\/\/www.em.com.br\/emfoco\/2025\/03\/10\/os-desafios-da-paternidade-que-ninguem-te-conta-antes-de-ter-filhos\/","og_locale":"pt_BR","og_type":"article","og_title":"Os desafios da paternidade que ningu\u00e9m te conta antes de ter filhos - Estado de Minas - Em foco","og_description":"Ser\u00e1 que voc\u00ea est\u00e1 pronto para ser pai? Descubra os principais desafios, mudan\u00e7as no estilo de vida e pontos essenciais antes da paternidade","og_url":"https:\/\/www.em.com.br\/emfoco\/2025\/03\/10\/os-desafios-da-paternidade-que-ninguem-te-conta-antes-de-ter-filhos\/","og_site_name":"Estado de Minas - Em foco","article_published_time":"2025-03-10T22:30:00+00:00","article_modified_time":"2025-03-10T20:36:34+00:00","og_image":[{"width":1280,"height":720,"url":"https:\/\/www.em.com.br\/emfoco\/wp-content\/uploads\/2025\/03\/Pai_1741638198379.jpg","type":"image\/jpeg"}],"author":"Patryck Reinehr","twitter_card":"summary_large_image","twitter_misc":{"Escrito por":"Patryck Reinehr","Est. tempo de leitura":"1 minuto"},"schema":{"@context":"https:\/\/schema.org","@graph":[{"@type":"WebPage","@id":"https:\/\/www.em.com.br\/emfoco\/2025\/03\/10\/os-desafios-da-paternidade-que-ninguem-te-conta-antes-de-ter-filhos\/","url":"https:\/\/www.em.com.br\/emfoco\/2025\/03\/10\/os-desafios-da-paternidade-que-ninguem-te-conta-antes-de-ter-filhos\/","name":"Os desafios da paternidade que ningu\u00e9m te conta antes de ter filhos - Estado de Minas - Em foco","isPartOf":{"@id":"https:\/\/www.em.com.br\/emfoco\/#website"},"primaryImageOfPage":{"@id":"https:\/\/www.em.com.br\/emfoco\/2025\/03\/10\/os-desafios-da-paternidade-que-ninguem-te-conta-antes-de-ter-filhos\/#primaryimage"},"image":{"@id":"https:\/\/www.em.com.br\/emfoco\/2025\/03\/10\/os-desafios-da-paternidade-que-ninguem-te-conta-antes-de-ter-filhos\/#primaryimage"},"thumbnailUrl":"https:\/\/www.em.com.br\/emfoco\/wp-content\/uploads\/2025\/03\/Pai_1741638198379.jpg","datePublished":"2025-03-10T22:30:00+00:00","dateModified":"2025-03-10T20:36:34+00:00","author":{"@id":"https:\/\/www.em.com.br\/emfoco\/#\/schema\/person\/43407752bebcbbb4d0ec79deedc0d7ce"},"description":"Ser\u00e1 que voc\u00ea est\u00e1 pronto para ser pai? Descubra os principais desafios, mudan\u00e7as no estilo de vida e pontos essenciais antes da paternidade","breadcrumb":{"@id":"https:\/\/www.em.com.br\/emfoco\/2025\/03\/10\/os-desafios-da-paternidade-que-ninguem-te-conta-antes-de-ter-filhos\/#breadcrumb"},"inLanguage":"pt-BR","potentialAction":[{"@type":"ReadAction","target":["https:\/\/www.em.com.br\/emfoco\/2025\/03\/10\/os-desafios-da-paternidade-que-ninguem-te-conta-antes-de-ter-filhos\/"]}]},{"@type":"ImageObject","inLanguage":"pt-BR","@id":"https:\/\/www.em.com.br\/emfoco\/2025\/03\/10\/os-desafios-da-paternidade-que-ninguem-te-conta-antes-de-ter-filhos\/#primaryimage","url":"https:\/\/www.em.com.br\/emfoco\/wp-content\/uploads\/2025\/03\/Pai_1741638198379.jpg","contentUrl":"https:\/\/www.em.com.br\/emfoco\/wp-content\/uploads\/2025\/03\/Pai_1741638198379.jpg","width":1280,"height":720,"caption":"Pai e filha (Cr\u00e9ditos: depositphotos.com \/ NatashaFedorova)"},{"@type":"BreadcrumbList","@id":"https:\/\/www.em.com.br\/emfoco\/2025\/03\/10\/os-desafios-da-paternidade-que-ninguem-te-conta-antes-de-ter-filhos\/#breadcrumb","itemListElement":[{"@type":"ListItem","position":1,"name":"In\u00edcio","item":"https:\/\/www.em.com.br\/emfoco\/"},{"@type":"ListItem","position":2,"name":"Os desafios da paternidade que ningu\u00e9m te conta antes de ter filhos"}]},{"@type":"WebSite","@id":"https:\/\/www.em.com.br\/emfoco\/#website","url":"https:\/\/www.em.com.br\/emfoco\/","name":"Estado de Minas - Em foco","description":"Acompanhe as \u00faltimas not\u00edcias e fique bem informado sobre tudo o que acontece em Minas Gerais, Brasil e no mundo.","potentialAction":[{"@type":"SearchAction","target":{"@type":"EntryPoint","urlTemplate":"https:\/\/www.em.com.br\/emfoco\/?s={search_term_string}"},"query-input":{"@type":"PropertyValueSpecification","valueRequired":true,"valueName":"search_term_string"}}],"inLanguage":"pt-BR"},{"@type":"Person","@id":"https:\/\/www.em.com.br\/emfoco\/#\/schema\/person\/43407752bebcbbb4d0ec79deedc0d7ce","name":"Patryck Reinehr","image":{"@type":"ImageObject","inLanguage":"pt-BR","@id":"https:\/\/www.em.com.br\/emfoco\/#\/schema\/person\/image\/","url":"https:\/\/secure.gravatar.com\/avatar\/570c7fb2898c0e2df0823196891bea88?s=96&d=mm&r=g","contentUrl":"https:\/\/secure.gravatar.com\/avatar\/570c7fb2898c0e2df0823196891bea88?s=96&d=mm&r=g","caption":"Patryck Reinehr"},"url":"https:\/\/www.em.com.br\/emfoco\/author\/patryckmyth\/"}]}},"_links":{"self":[{"href":"https:\/\/www.em.com.br\/emfoco\/wp-json\/wp\/v2\/posts\/27201","targetHints":{"allow":["GET"]}}],"collection":[{"href":"https:\/\/www.em.com.br\/emfoco\/wp-json\/wp\/v2\/posts"}],"about":[{"href":"https:\/\/www.em.com.br\/emfoco\/wp-json\/wp\/v2\/types\/post"}],"author":[{"embeddable":true,"href":"https:\/\/www.em.com.br\/emfoco\/wp-json\/wp\/v2\/users\/10"}],"replies":[{"embeddable":true,"href":"https:\/\/www.em.com.br\/emfoco\/wp-json\/wp\/v2\/comments?post=27201"}],"version-history":[{"count":1,"href":"https:\/\/www.em.com.br\/emfoco\/wp-json\/wp\/v2\/posts\/27201\/revisions"}],"predecessor-version":[{"id":27204,"href":"https:\/\/www.em.com.br\/emfoco\/wp-json\/wp\/v2\/posts\/27201\/revisions\/27204"}],"wp:featuredmedia":[{"embeddable":true,"href":"https:\/\/www.em.com.br\/emfoco\/wp-json\/wp\/v2\/media\/27202"}],"wp:attachment":[{"href":"https:\/\/www.em.com.br\/emfoco\/wp-json\/wp\/v2\/media?parent=27201"}],"wp:term":[{"taxonomy":"category","embeddable":true,"href":"https:\/\/www.em.com.br\/emfoco\/wp-json\/wp\/v2\/categories?post=27201"},{"taxonomy":"post_tag","embeddable":true,"href":"https:\/\/www.em.com.br\/emfoco\/wp-json\/wp\/v2\/tags?post=27201"}],"curies":[{"name":"wp","href":"https:\/\/api.w.org\/{rel}","templated":true}]}}