{"id":2712,"date":"2024-12-06T11:40:00","date_gmt":"2024-12-06T14:40:00","guid":{"rendered":"https:\/\/www.em.com.br\/emfoco\/?p=2712"},"modified":"2024-12-02T17:37:56","modified_gmt":"2024-12-02T20:37:56","slug":"viva-mais-e-melhor-conheca-a-cidade-que-tem-tudo-para-voce","status":"publish","type":"post","link":"https:\/\/www.em.com.br\/emfoco\/2024\/12\/06\/viva-mais-e-melhor-conheca-a-cidade-que-tem-tudo-para-voce\/","title":{"rendered":"Viva Mais e Melhor: Conhe\u00e7a a Cidade que Tem Tudo para Voc\u00ea!"},"content":{"rendered":"\n<p>Situada no sul de <strong><a href=\"https:\/\/www.em.com.br\/emfoco\/2024\/12\/05\/o-mar-de-minas-existe-conheca-as-melhores-praias-do-estado\/\" target=\"_blank\" rel=\"noreferrer noopener\">Minas Gerais<\/a><\/strong>, Lavras destaca-se por oferecer um equil\u00edbrio \u00fanico entre a tranquilidade de uma cidade interiorana e o potencial de crescimento econ\u00f4mico. Esse cen\u00e1rio faz de Lavras um lugar interessante tanto para quem busca paz e qualidade de vida, quanto para investidores atr\u00e1s de novos horizontes.<\/p>\n\n\n\n<p>A cidade conta com diversas caracter\u00edsticas que contribuem para seu encanto, desde uma infraestrutura s\u00f3lida at\u00e9 um ambiente comunit\u00e1rio engajado. A seguir, exploraremos o que faz de Lavras um destino atrativo em diversos aspectos.<\/p>\n\n\n\n<h2 class=\"wp-block-heading\">A Seguran\u00e7a em Lavras: O Que Esperar?<\/h2>\n\n\n\n<p>Quando se trata de seguran\u00e7a, Lavras \u00e9 reconhecida por ser um ambiente tranquilo. As for\u00e7as de seguran\u00e7a trabalham em conjunto com a comunidade para garantir um lugar seguro e sereno. Este esfor\u00e7o colaborativo n\u00e3o s\u00f3 mant\u00e9m a paz, mas tamb\u00e9m refor\u00e7a o sentimento de seguran\u00e7a entre os moradores.<\/p>\n\n\n\n<p>Essa harmonia entre a popula\u00e7\u00e3o e as autoridades promove uma atmosfera de confian\u00e7a e comodidade, tornando Lavras um local adequado para se viver com tranquilidade.<\/p>\n\n\n\n<figure class=\"wp-block-image size-full\"><img loading=\"lazy\" decoding=\"async\" width=\"1024\" height=\"577\" src=\"https:\/\/www.em.com.br\/emfoco\/wp-content\/uploads\/2024\/11\/image-64-e1732821618430.png\" alt=\"Lavras Conquista Destaque Nacional Como Exemplo de Cidade Segura!\" class=\"wp-image-1993\" srcset=\"https:\/\/www.em.com.br\/emfoco\/wp-content\/uploads\/2024\/11\/image-64-e1732821618430.png 1024w, https:\/\/www.em.com.br\/emfoco\/wp-content\/uploads\/2024\/11\/image-64-e1732821618430-300x169.png 300w, https:\/\/www.em.com.br\/emfoco\/wp-content\/uploads\/2024\/11\/image-64-e1732821618430-768x433.png 768w, https:\/\/www.em.com.br\/emfoco\/wp-content\/uploads\/2024\/11\/image-64-e1732821618430-750x423.png 750w\" sizes=\"auto, (max-width: 1024px) 100vw, 1024px\" \/><figcaption class=\"wp-element-caption\">Igreja do Ros\u00e1rio &#8211; Lavras &#8211; Cr\u00e9ditos: Flickr<\/figcaption><\/figure>\n\n\n\n<h2 class=\"wp-block-heading\">Qual Infraestrutura Lavras Oferece?<\/h2>\n\n\n\n<p>Lavras apresenta uma infraestrutura desenvolvida, suprindo as necessidades b\u00e1sicas e avan\u00e7adas de seus moradores. O setor educacional \u00e9 um destaque, com escolas e universidades renomadas que atraem estudantes de v\u00e1rias partes.<\/p>\n\n\n\n<p>Quanto \u00e0 sa\u00fade, <strong><a href=\"https:\/\/www.em.com.br\/emfoco\/2024\/11\/27\/descubra-as-cidades-mineiras-que-estao-fazendo-sucesso-em-qualidade-de-vida\/\" target=\"_blank\" rel=\"noreferrer noopener\">Lavras<\/a><\/strong> possui hospitais e cl\u00ednicas que asseguram atendimento de qualidade, complementando o cen\u00e1rio de cuidados essenciais. Ademais, espa\u00e7os verdes e recreativos s\u00e3o amplamente dispon\u00edveis, incentivando um estilo de vida saud\u00e1vel e soci\u00e1vel.<\/p>\n\n\n\n<h2 class=\"wp-block-heading\">Oportunidades Econ\u00f4micas em Lavras<\/h2>\n\n\n\n<p>A regi\u00e3o de Lavras observa um interessante equil\u00edbrio entre tradi\u00e7\u00e3o e inova\u00e7\u00e3o em seu cen\u00e1rio econ\u00f4mico. O papel da <strong><a href=\"https:\/\/ufla.br\/\" target=\"_blank\" rel=\"noreferrer noopener\">Universidade Federal de Lavras<\/a><\/strong> (UFLA) \u00e9 central nesse contexto, impulsionando o progresso atrav\u00e9s de pesquisa e desenvolvimento.<\/p>\n\n\n\n<p>Al\u00e9m disso, a economia local \u00e9 diversificada e vai desde empresas familiares at\u00e9 startups inovadoras, criando um ambiente f\u00e9rtil para novos neg\u00f3cios e investimentos, o que atrai tanto empreendedores locais quanto externos.<\/p>\n\n\n\n<h2 class=\"wp-block-heading\">Cultura e Natureza: Atra\u00e7\u00f5es de Lavras<\/h2>\n\n\n\n<p>Al\u00e9m de suas qualidades urbanas, Lavras \u00e9 rica em experi\u00eancias culturais e belezas naturais. A \u00e1rea oferece v\u00e1rias trilhas e cachoeiras, ideais para os amantes da natureza que buscam momentos de atividade ao ar livre.<\/p>\n\n\n\n<ul class=\"wp-block-list\">\n<li>Explorar trilhas naturais.<\/li>\n\n\n\n<li>Visitar cachoeiras deslumbrantes.<\/li>\n\n\n\n<li>Participar de eventos culturais locais.<\/li>\n<\/ul>\n\n\n\n<p>Os eventos culturais s\u00e3o vibrantes e refletem as tradi\u00e7\u00f5es da cidade, proporcionando aos residentes e visitantes uma imers\u00e3o nas pr\u00e1ticas locais. Esses eventos ajudam a preservar a identidade cultural enquanto promovem uma sensa\u00e7\u00e3o de comunidade e acolhimento.<\/p>\n","protected":false},"excerpt":{"rendered":"<p>Situada no sul de Minas Gerais, Lavras destaca-se por oferecer um equil\u00edbrio \u00fanico entre a tranquilidade de uma cidade interiorana e o potencial de crescimento econ\u00f4mico. Esse cen\u00e1rio faz de Lavras um lugar interessante tanto para quem busca paz e qualidade de vida, quanto para investidores atr\u00e1s de novos horizontes. A cidade conta com diversas [&hellip;]<\/p>\n","protected":false},"author":5,"featured_media":1436,"comment_status":"open","ping_status":"open","sticky":false,"template":"","format":"standard","meta":{"jnews-multi-image_gallery":[],"jnews_single_post":{"format":"standard"},"jnews_primary_category":[],"jnews_social_meta":[],"jnews_override_counter":[],"footnotes":""},"categories":[26,1],"tags":[960,207,1192,1380,157],"class_list":["post-2712","post","type-post","status-publish","format-standard","has-post-thumbnail","hentry","category-cidades","category-noticias","tag-lavras","tag-minas-gerais","tag-sudeste","tag-sul-de-minas","tag-turismo"],"yoast_head":"<!-- This site is optimized with the Yoast SEO plugin v23.8 - https:\/\/yoast.com\/wordpress\/plugins\/seo\/ -->\n<title>Viva Mais e Melhor: Conhe\u00e7a a Cidade que Tem Tudo para Voc\u00ea! - Estado de Minas - Em foco<\/title>\n<meta name=\"description\" content=\"Desvende os segredos dessa cidade e descubra por que ela \u00e9 o destino perfeito para quem busca tranquilidade, seguran\u00e7a e qualidade de vida.\" \/>\n<meta name=\"robots\" content=\"index, follow, max-snippet:-1, max-image-preview:large, max-video-preview:-1\" \/>\n<link rel=\"canonical\" href=\"https:\/\/www.em.com.br\/emfoco\/2024\/12\/06\/viva-mais-e-melhor-conheca-a-cidade-que-tem-tudo-para-voce\/\" \/>\n<meta property=\"og:locale\" content=\"pt_BR\" \/>\n<meta property=\"og:type\" content=\"article\" \/>\n<meta property=\"og:title\" content=\"Viva Mais e Melhor: Conhe\u00e7a a Cidade que Tem Tudo para Voc\u00ea! - Estado de Minas - Em foco\" \/>\n<meta property=\"og:description\" content=\"Desvende os segredos dessa cidade e descubra por que ela \u00e9 o destino perfeito para quem busca tranquilidade, seguran\u00e7a e qualidade de vida.\" \/>\n<meta property=\"og:url\" content=\"https:\/\/www.em.com.br\/emfoco\/2024\/12\/06\/viva-mais-e-melhor-conheca-a-cidade-que-tem-tudo-para-voce\/\" \/>\n<meta property=\"og:site_name\" content=\"Estado de Minas - Em foco\" \/>\n<meta property=\"article:published_time\" content=\"2024-12-06T14:40:00+00:00\" \/>\n<meta property=\"article:modified_time\" content=\"2024-12-02T20:37:56+00:00\" \/>\n<meta property=\"og:image\" content=\"https:\/\/www.em.com.br\/emfoco\/wp-content\/uploads\/2024\/11\/image-e1732569085271.png\" \/>\n\t<meta property=\"og:image:width\" content=\"1024\" \/>\n\t<meta property=\"og:image:height\" content=\"577\" \/>\n\t<meta property=\"og:image:type\" content=\"image\/png\" \/>\n<meta name=\"author\" content=\"N\u00fabia Rangel\" \/>\n<meta name=\"twitter:card\" content=\"summary_large_image\" \/>\n<meta name=\"twitter:label1\" content=\"Escrito por\" \/>\n\t<meta name=\"twitter:data1\" content=\"N\u00fabia Rangel\" \/>\n\t<meta name=\"twitter:label2\" content=\"Est. tempo de leitura\" \/>\n\t<meta name=\"twitter:data2\" content=\"3 minutos\" \/>\n<!-- \/ Yoast SEO plugin. -->","yoast_head_json":{"title":"Viva Mais e Melhor: Conhe\u00e7a a Cidade que Tem Tudo para Voc\u00ea! - Estado de Minas - Em foco","description":"Desvende os segredos dessa cidade e descubra por que ela \u00e9 o destino perfeito para quem busca tranquilidade, seguran\u00e7a e qualidade de vida.","robots":{"index":"index","follow":"follow","max-snippet":"max-snippet:-1","max-image-preview":"max-image-preview:large","max-video-preview":"max-video-preview:-1"},"canonical":"https:\/\/www.em.com.br\/emfoco\/2024\/12\/06\/viva-mais-e-melhor-conheca-a-cidade-que-tem-tudo-para-voce\/","og_locale":"pt_BR","og_type":"article","og_title":"Viva Mais e Melhor: Conhe\u00e7a a Cidade que Tem Tudo para Voc\u00ea! - Estado de Minas - Em foco","og_description":"Desvende os segredos dessa cidade e descubra por que ela \u00e9 o destino perfeito para quem busca tranquilidade, seguran\u00e7a e qualidade de vida.","og_url":"https:\/\/www.em.com.br\/emfoco\/2024\/12\/06\/viva-mais-e-melhor-conheca-a-cidade-que-tem-tudo-para-voce\/","og_site_name":"Estado de Minas - Em foco","article_published_time":"2024-12-06T14:40:00+00:00","article_modified_time":"2024-12-02T20:37:56+00:00","og_image":[{"width":1024,"height":577,"url":"https:\/\/www.em.com.br\/emfoco\/wp-content\/uploads\/2024\/11\/image-e1732569085271.png","type":"image\/png"}],"author":"N\u00fabia Rangel","twitter_card":"summary_large_image","twitter_misc":{"Escrito por":"N\u00fabia Rangel","Est. tempo de leitura":"3 minutos"},"schema":{"@context":"https:\/\/schema.org","@graph":[{"@type":"WebPage","@id":"https:\/\/www.em.com.br\/emfoco\/2024\/12\/06\/viva-mais-e-melhor-conheca-a-cidade-que-tem-tudo-para-voce\/","url":"https:\/\/www.em.com.br\/emfoco\/2024\/12\/06\/viva-mais-e-melhor-conheca-a-cidade-que-tem-tudo-para-voce\/","name":"Viva Mais e Melhor: Conhe\u00e7a a Cidade que Tem Tudo para Voc\u00ea! - Estado de Minas - Em foco","isPartOf":{"@id":"https:\/\/www.em.com.br\/emfoco\/#website"},"primaryImageOfPage":{"@id":"https:\/\/www.em.com.br\/emfoco\/2024\/12\/06\/viva-mais-e-melhor-conheca-a-cidade-que-tem-tudo-para-voce\/#primaryimage"},"image":{"@id":"https:\/\/www.em.com.br\/emfoco\/2024\/12\/06\/viva-mais-e-melhor-conheca-a-cidade-que-tem-tudo-para-voce\/#primaryimage"},"thumbnailUrl":"https:\/\/www.em.com.br\/emfoco\/wp-content\/uploads\/2024\/11\/image-e1732569085271.png","datePublished":"2024-12-06T14:40:00+00:00","dateModified":"2024-12-02T20:37:56+00:00","author":{"@id":"https:\/\/www.em.com.br\/emfoco\/#\/schema\/person\/524437ef54f8a5d32591b143307f2e20"},"description":"Desvende os segredos dessa cidade e descubra por que ela \u00e9 o destino perfeito para quem busca tranquilidade, seguran\u00e7a e qualidade de vida.","breadcrumb":{"@id":"https:\/\/www.em.com.br\/emfoco\/2024\/12\/06\/viva-mais-e-melhor-conheca-a-cidade-que-tem-tudo-para-voce\/#breadcrumb"},"inLanguage":"pt-BR","potentialAction":[{"@type":"ReadAction","target":["https:\/\/www.em.com.br\/emfoco\/2024\/12\/06\/viva-mais-e-melhor-conheca-a-cidade-que-tem-tudo-para-voce\/"]}]},{"@type":"ImageObject","inLanguage":"pt-BR","@id":"https:\/\/www.em.com.br\/emfoco\/2024\/12\/06\/viva-mais-e-melhor-conheca-a-cidade-que-tem-tudo-para-voce\/#primaryimage","url":"https:\/\/www.em.com.br\/emfoco\/wp-content\/uploads\/2024\/11\/image-e1732569085271.png","contentUrl":"https:\/\/www.em.com.br\/emfoco\/wp-content\/uploads\/2024\/11\/image-e1732569085271.png","width":1024,"height":577,"caption":"Lavras - Cr\u00e9ditos: Flickr"},{"@type":"BreadcrumbList","@id":"https:\/\/www.em.com.br\/emfoco\/2024\/12\/06\/viva-mais-e-melhor-conheca-a-cidade-que-tem-tudo-para-voce\/#breadcrumb","itemListElement":[{"@type":"ListItem","position":1,"name":"In\u00edcio","item":"https:\/\/www.em.com.br\/emfoco\/"},{"@type":"ListItem","position":2,"name":"Viva Mais e Melhor: Conhe\u00e7a a Cidade que Tem Tudo para Voc\u00ea!"}]},{"@type":"WebSite","@id":"https:\/\/www.em.com.br\/emfoco\/#website","url":"https:\/\/www.em.com.br\/emfoco\/","name":"Estado de Minas - Em foco","description":"Acompanhe as \u00faltimas not\u00edcias e fique bem informado sobre tudo o que acontece em Minas Gerais, Brasil e no mundo.","potentialAction":[{"@type":"SearchAction","target":{"@type":"EntryPoint","urlTemplate":"https:\/\/www.em.com.br\/emfoco\/?s={search_term_string}"},"query-input":{"@type":"PropertyValueSpecification","valueRequired":true,"valueName":"search_term_string"}}],"inLanguage":"pt-BR"},{"@type":"Person","@id":"https:\/\/www.em.com.br\/emfoco\/#\/schema\/person\/524437ef54f8a5d32591b143307f2e20","name":"N\u00fabia Rangel","image":{"@type":"ImageObject","inLanguage":"pt-BR","@id":"https:\/\/www.em.com.br\/emfoco\/#\/schema\/person\/image\/","url":"https:\/\/secure.gravatar.com\/avatar\/47cff2827a5ba23c37e8068c86817ea4?s=96&d=mm&r=g","contentUrl":"https:\/\/secure.gravatar.com\/avatar\/47cff2827a5ba23c37e8068c86817ea4?s=96&d=mm&r=g","caption":"N\u00fabia Rangel"},"sameAs":["https:\/\/www.em.com.br\/emfoco\/"],"url":"https:\/\/www.em.com.br\/emfoco\/author\/nubiamyth\/"}]}},"_links":{"self":[{"href":"https:\/\/www.em.com.br\/emfoco\/wp-json\/wp\/v2\/posts\/2712","targetHints":{"allow":["GET"]}}],"collection":[{"href":"https:\/\/www.em.com.br\/emfoco\/wp-json\/wp\/v2\/posts"}],"about":[{"href":"https:\/\/www.em.com.br\/emfoco\/wp-json\/wp\/v2\/types\/post"}],"author":[{"embeddable":true,"href":"https:\/\/www.em.com.br\/emfoco\/wp-json\/wp\/v2\/users\/5"}],"replies":[{"embeddable":true,"href":"https:\/\/www.em.com.br\/emfoco\/wp-json\/wp\/v2\/comments?post=2712"}],"version-history":[{"count":2,"href":"https:\/\/www.em.com.br\/emfoco\/wp-json\/wp\/v2\/posts\/2712\/revisions"}],"predecessor-version":[{"id":2714,"href":"https:\/\/www.em.com.br\/emfoco\/wp-json\/wp\/v2\/posts\/2712\/revisions\/2714"}],"wp:featuredmedia":[{"embeddable":true,"href":"https:\/\/www.em.com.br\/emfoco\/wp-json\/wp\/v2\/media\/1436"}],"wp:attachment":[{"href":"https:\/\/www.em.com.br\/emfoco\/wp-json\/wp\/v2\/media?parent=2712"}],"wp:term":[{"taxonomy":"category","embeddable":true,"href":"https:\/\/www.em.com.br\/emfoco\/wp-json\/wp\/v2\/categories?post=2712"},{"taxonomy":"post_tag","embeddable":true,"href":"https:\/\/www.em.com.br\/emfoco\/wp-json\/wp\/v2\/tags?post=2712"}],"curies":[{"name":"wp","href":"https:\/\/api.w.org\/{rel}","templated":true}]}}