{"id":27109,"date":"2025-03-19T08:40:00","date_gmt":"2025-03-19T11:40:00","guid":{"rendered":"https:\/\/www.em.com.br\/emfoco\/?p=27109"},"modified":"2025-03-10T14:46:02","modified_gmt":"2025-03-10T17:46:02","slug":"confira-o-valor-que-comecou-a-ser-pago-apos-reajuste-do-salario","status":"publish","type":"post","link":"https:\/\/www.em.com.br\/emfoco\/2025\/03\/19\/confira-o-valor-que-comecou-a-ser-pago-apos-reajuste-do-salario\/","title":{"rendered":"Confira o valor que come\u00e7ou a ser pago ap\u00f3s reajuste do sal\u00e1rio"},"content":{"rendered":"\n<p>Em fevereiro de 2025, os trabalhadores <strong><a href=\"https:\/\/www.em.com.br\/emfoco\/2025\/02\/02\/o-paraiso-secreto-do-brasil-que-esta-conquistando-turistas-do-mundo-todo\/\" target=\"_blank\" rel=\"noreferrer noopener\">brasileiros<\/a><\/strong> receberam pela primeira vez o novo sal\u00e1rio m\u00ednimo reajustado, fixado em <strong>R$ 1.518,00<\/strong>. Este aumento, que entrou em vigor em janeiro, reflete-se nos contracheques apenas no m\u00eas seguinte devido \u00e0 pr\u00e1tica de pagamento posterior ao m\u00eas trabalhado. O sal\u00e1rio m\u00ednimo \u00e9 um elemento crucial na economia, servindo como base para o c\u00e1lculo de diversos benef\u00edcios previdenci\u00e1rios e trabalhistas.<\/p>\n\n\n\n<p>O reajuste atual representa um aumento de <strong>R$ 106,00<\/strong>, ou seja, uma eleva\u00e7\u00e3o de <strong>7,5%<\/strong> em rela\u00e7\u00e3o ao valor anterior. Este percentual supera a infla\u00e7\u00e3o do per\u00edodo, mas \u00e9 importante notar que o aumento foi limitado por medidas de conten\u00e7\u00e3o de despesas implementadas no final de 2024. A nova f\u00f3rmula de c\u00e1lculo do sal\u00e1rio m\u00ednimo introduziu mudan\u00e7as significativas, impactando diretamente o valor final.<\/p>\n\n\n\n<h2 class=\"wp-block-heading\">Como \u00e9 calculado o sal\u00e1rio m\u00ednimo?<\/h2>\n\n\n\n<p>A f\u00f3rmula de c\u00e1lculo do sal\u00e1rio m\u00ednimo no <strong>Brasil<\/strong> sofreu altera\u00e7\u00f5es recentes. Anteriormente, o reajuste considerava a reposi\u00e7\u00e3o da infla\u00e7\u00e3o medida pelo <strong><a href=\"https:\/\/www.ibge.gov.br\/estatisticas\/economicas\/precos-e-custos\/9258-indice-nacional-de-precos-ao-consumidor.html\" target=\"_blank\" rel=\"noreferrer noopener\"><em>\u00cdndice Nacional de Pre\u00e7os ao Consumidor<\/em> <\/a>(INPC)<\/strong> e a varia\u00e7\u00e3o do <strong>Produto Interno Bruto<\/strong> (PIB). No entanto, a nova regra adicionou um limite de aumento de despesas de <strong>2,5%<\/strong>, mesmo que o crescimento do PIB seja superior.<\/p>\n\n\n\n<p>Com a regra anterior, o sal\u00e1rio m\u00ednimo poderia ter alcan\u00e7ado <strong>R$ 1.525,00<\/strong>. Contudo, a introdu\u00e7\u00e3o do teto de despesas resultou em um valor menor, refletindo a preocupa\u00e7\u00e3o do governo em controlar o impacto or\u00e7ament\u00e1rio dos aumentos salariais. Esta mudan\u00e7a visa equilibrar a necessidade de ajuste salarial com a sustentabilidade fiscal.<\/p>\n\n\n\n<figure class=\"wp-block-image size-large\"><img loading=\"lazy\" decoding=\"async\" width=\"1024\" height=\"576\" src=\"https:\/\/www.em.com.br\/emfoco\/wp-content\/uploads\/2025\/01\/dinheiro-brasil_1738187229576-1024x576.jpg\" alt=\"Governo divulga data de pagamentos do Bolsa Fam\u00edlia para Mar\u00e7o\/2025\" class=\"wp-image-14751\" srcset=\"https:\/\/www.em.com.br\/emfoco\/wp-content\/uploads\/2025\/01\/dinheiro-brasil_1738187229576-1024x576.jpg 1024w, https:\/\/www.em.com.br\/emfoco\/wp-content\/uploads\/2025\/01\/dinheiro-brasil_1738187229576-300x169.jpg 300w, https:\/\/www.em.com.br\/emfoco\/wp-content\/uploads\/2025\/01\/dinheiro-brasil_1738187229576-768x432.jpg 768w, https:\/\/www.em.com.br\/emfoco\/wp-content\/uploads\/2025\/01\/dinheiro-brasil_1738187229576-750x422.jpg 750w, https:\/\/www.em.com.br\/emfoco\/wp-content\/uploads\/2025\/01\/dinheiro-brasil_1738187229576-1140x641.jpg 1140w, https:\/\/www.em.com.br\/emfoco\/wp-content\/uploads\/2025\/01\/dinheiro-brasil_1738187229576.jpg 1280w\" sizes=\"auto, (max-width: 1024px) 100vw, 1024px\" \/><figcaption class=\"wp-element-caption\">Imagem Ilustrativa de Dinheiro &#8211; Cr\u00e9ditos: depositphotos.com \/ verganifotografia<\/figcaption><\/figure>\n\n\n\n<h2 class=\"wp-block-heading\">Qual o impacto do sal\u00e1rio m\u00ednimo na economia?<\/h2>\n\n\n\n<p>O sal\u00e1rio m\u00ednimo tem um papel central na economia brasileira, influenciando diretamente o poder de compra dos trabalhadores e o custo de vida. Al\u00e9m disso, ele afeta o valor das aposentadorias, especialmente aquelas pagas pelo <strong>Instituto Nacional do Seguro Social<\/strong> (INSS), e diversos benef\u00edcios sociais.<\/p>\n\n\n\n<p>O governo busca evitar aumentos abruptos no sal\u00e1rio m\u00ednimo para n\u00e3o comprometer o or\u00e7amento em tempos de conten\u00e7\u00e3o de despesas. A estrat\u00e9gia \u00e9 garantir que os reajustes sejam sustent\u00e1veis, evitando press\u00f5es inflacion\u00e1rias e garantindo que os recursos p\u00fablicos sejam utilizados de forma eficiente.<\/p>\n\n\n\n<h2 class=\"wp-block-heading\">Por que o sal\u00e1rio m\u00ednimo \u00e9 importante?<\/h2>\n\n\n\n<p>O sal\u00e1rio m\u00ednimo \u00e9 fundamental para assegurar um padr\u00e3o de vida b\u00e1sico para os trabalhadores, funcionando como um piso salarial que protege os empregados de remunera\u00e7\u00f5es injustas. Ele tamb\u00e9m serve como refer\u00eancia para negocia\u00e7\u00f5es salariais em diversas categorias profissionais.<\/p>\n\n\n\n<p>Al\u00e9m disso, o sal\u00e1rio m\u00ednimo \u00e9 um indicador econ\u00f4mico importante, refletindo as condi\u00e7\u00f5es econ\u00f4micas do pa\u00eds e influenciando pol\u00edticas p\u00fablicas. O ajuste do sal\u00e1rio m\u00ednimo \u00e9 um tema de grande relev\u00e2ncia social e econ\u00f4mica, impactando milh\u00f5es de brasileiros diretamente.<\/p>\n\n\n\n<h2 class=\"wp-block-heading\">Quais s\u00e3o os desafios futuros?<\/h2>\n\n\n\n<p>Os desafios futuros incluem a necessidade de equilibrar o aumento do sal\u00e1rio m\u00ednimo com a estabilidade econ\u00f4mica. O governo deve considerar fatores como infla\u00e7\u00e3o, crescimento econ\u00f4mico e capacidade fiscal ao definir os reajustes. A busca por um equil\u00edbrio entre justi\u00e7a social e responsabilidade fiscal continuar\u00e1 a ser um tema central nas discuss\u00f5es sobre o sal\u00e1rio m\u00ednimo no <strong>Brasil<\/strong>.<\/p>\n\n\n\n<p>Com a economia global em constante mudan\u00e7a, o Brasil precisa adaptar suas pol\u00edticas salariais para garantir que o sal\u00e1rio m\u00ednimo continue a cumprir seu papel de prote\u00e7\u00e3o social sem comprometer a sa\u00fade fiscal do pa\u00eds.<\/p>\n","protected":false},"excerpt":{"rendered":"<p>Em fevereiro de 2025, os trabalhadores brasileiros receberam pela primeira vez o novo sal\u00e1rio m\u00ednimo reajustado, fixado em R$ 1.518,00. Este aumento, que entrou em vigor em janeiro, reflete-se nos contracheques apenas no m\u00eas seguinte devido \u00e0 pr\u00e1tica de pagamento posterior ao m\u00eas trabalhado. O sal\u00e1rio m\u00ednimo \u00e9 um elemento crucial na economia, servindo como [&hellip;]<\/p>\n","protected":false},"author":5,"featured_media":22319,"comment_status":"open","ping_status":"open","sticky":false,"template":"","format":"standard","meta":{"jnews-multi-image_gallery":[],"jnews_single_post":{"format":"standard"},"jnews_primary_category":[],"jnews_social_meta":[],"jnews_override_counter":[],"footnotes":""},"categories":[28,1],"tags":[1176,1437,717],"class_list":["post-27109","post","type-post","status-publish","format-standard","has-post-thumbnail","hentry","category-economia","category-noticias","tag-economia-brasileira","tag-reajuste-salarial","tag-salario-minimo"],"yoast_head":"<!-- This site is optimized with the Yoast SEO plugin v23.8 - https:\/\/yoast.com\/wordpress\/plugins\/seo\/ -->\n<title>Confira o valor que come\u00e7ou a ser pago ap\u00f3s reajuste do sal\u00e1rio - Estado de Minas - Em foco<\/title>\n<meta name=\"description\" content=\"O sal\u00e1rio m\u00ednimo de 2025 foi reajustado em 7,5%, mas novo c\u00e1lculo limitou o aumento. Veja o impacto na economia e nos benef\u00edcios.\" \/>\n<meta name=\"robots\" content=\"index, follow, max-snippet:-1, max-image-preview:large, max-video-preview:-1\" \/>\n<link rel=\"canonical\" href=\"https:\/\/www.em.com.br\/emfoco\/2025\/03\/19\/confira-o-valor-que-comecou-a-ser-pago-apos-reajuste-do-salario\/\" \/>\n<meta property=\"og:locale\" content=\"pt_BR\" \/>\n<meta property=\"og:type\" content=\"article\" \/>\n<meta property=\"og:title\" content=\"Confira o valor que come\u00e7ou a ser pago ap\u00f3s reajuste do sal\u00e1rio - Estado de Minas - Em foco\" \/>\n<meta property=\"og:description\" content=\"O sal\u00e1rio m\u00ednimo de 2025 foi reajustado em 7,5%, mas novo c\u00e1lculo limitou o aumento. Veja o impacto na economia e nos benef\u00edcios.\" \/>\n<meta property=\"og:url\" content=\"https:\/\/www.em.com.br\/emfoco\/2025\/03\/19\/confira-o-valor-que-comecou-a-ser-pago-apos-reajuste-do-salario\/\" \/>\n<meta property=\"og:site_name\" content=\"Estado de Minas - Em foco\" \/>\n<meta property=\"article:published_time\" content=\"2025-03-19T11:40:00+00:00\" \/>\n<meta property=\"article:modified_time\" content=\"2025-03-10T17:46:02+00:00\" \/>\n<meta property=\"og:image\" content=\"https:\/\/www.em.com.br\/emfoco\/wp-content\/uploads\/2025\/02\/carteira-de-trabalho_1740401676503.jpg\" \/>\n\t<meta property=\"og:image:width\" content=\"1280\" \/>\n\t<meta property=\"og:image:height\" content=\"720\" \/>\n\t<meta property=\"og:image:type\" content=\"image\/jpeg\" \/>\n<meta name=\"author\" content=\"N\u00fabia Rangel\" \/>\n<meta name=\"twitter:card\" content=\"summary_large_image\" \/>\n<meta name=\"twitter:label1\" content=\"Escrito por\" \/>\n\t<meta name=\"twitter:data1\" content=\"N\u00fabia Rangel\" \/>\n\t<meta name=\"twitter:label2\" content=\"Est. tempo de leitura\" \/>\n\t<meta name=\"twitter:data2\" content=\"4 minutos\" \/>\n<!-- \/ Yoast SEO plugin. -->","yoast_head_json":{"title":"Confira o valor que come\u00e7ou a ser pago ap\u00f3s reajuste do sal\u00e1rio - Estado de Minas - Em foco","description":"O sal\u00e1rio m\u00ednimo de 2025 foi reajustado em 7,5%, mas novo c\u00e1lculo limitou o aumento. Veja o impacto na economia e nos benef\u00edcios.","robots":{"index":"index","follow":"follow","max-snippet":"max-snippet:-1","max-image-preview":"max-image-preview:large","max-video-preview":"max-video-preview:-1"},"canonical":"https:\/\/www.em.com.br\/emfoco\/2025\/03\/19\/confira-o-valor-que-comecou-a-ser-pago-apos-reajuste-do-salario\/","og_locale":"pt_BR","og_type":"article","og_title":"Confira o valor que come\u00e7ou a ser pago ap\u00f3s reajuste do sal\u00e1rio - Estado de Minas - Em foco","og_description":"O sal\u00e1rio m\u00ednimo de 2025 foi reajustado em 7,5%, mas novo c\u00e1lculo limitou o aumento. Veja o impacto na economia e nos benef\u00edcios.","og_url":"https:\/\/www.em.com.br\/emfoco\/2025\/03\/19\/confira-o-valor-que-comecou-a-ser-pago-apos-reajuste-do-salario\/","og_site_name":"Estado de Minas - Em foco","article_published_time":"2025-03-19T11:40:00+00:00","article_modified_time":"2025-03-10T17:46:02+00:00","og_image":[{"width":1280,"height":720,"url":"https:\/\/www.em.com.br\/emfoco\/wp-content\/uploads\/2025\/02\/carteira-de-trabalho_1740401676503.jpg","type":"image\/jpeg"}],"author":"N\u00fabia Rangel","twitter_card":"summary_large_image","twitter_misc":{"Escrito por":"N\u00fabia Rangel","Est. tempo de leitura":"4 minutos"},"schema":{"@context":"https:\/\/schema.org","@graph":[{"@type":"WebPage","@id":"https:\/\/www.em.com.br\/emfoco\/2025\/03\/19\/confira-o-valor-que-comecou-a-ser-pago-apos-reajuste-do-salario\/","url":"https:\/\/www.em.com.br\/emfoco\/2025\/03\/19\/confira-o-valor-que-comecou-a-ser-pago-apos-reajuste-do-salario\/","name":"Confira o valor que come\u00e7ou a ser pago ap\u00f3s reajuste do sal\u00e1rio - Estado de Minas - Em foco","isPartOf":{"@id":"https:\/\/www.em.com.br\/emfoco\/#website"},"primaryImageOfPage":{"@id":"https:\/\/www.em.com.br\/emfoco\/2025\/03\/19\/confira-o-valor-que-comecou-a-ser-pago-apos-reajuste-do-salario\/#primaryimage"},"image":{"@id":"https:\/\/www.em.com.br\/emfoco\/2025\/03\/19\/confira-o-valor-que-comecou-a-ser-pago-apos-reajuste-do-salario\/#primaryimage"},"thumbnailUrl":"https:\/\/www.em.com.br\/emfoco\/wp-content\/uploads\/2025\/02\/carteira-de-trabalho_1740401676503.jpg","datePublished":"2025-03-19T11:40:00+00:00","dateModified":"2025-03-10T17:46:02+00:00","author":{"@id":"https:\/\/www.em.com.br\/emfoco\/#\/schema\/person\/524437ef54f8a5d32591b143307f2e20"},"description":"O sal\u00e1rio m\u00ednimo de 2025 foi reajustado em 7,5%, mas novo c\u00e1lculo limitou o aumento. Veja o impacto na economia e nos benef\u00edcios.","breadcrumb":{"@id":"https:\/\/www.em.com.br\/emfoco\/2025\/03\/19\/confira-o-valor-que-comecou-a-ser-pago-apos-reajuste-do-salario\/#breadcrumb"},"inLanguage":"pt-BR","potentialAction":[{"@type":"ReadAction","target":["https:\/\/www.em.com.br\/emfoco\/2025\/03\/19\/confira-o-valor-que-comecou-a-ser-pago-apos-reajuste-do-salario\/"]}]},{"@type":"ImageObject","inLanguage":"pt-BR","@id":"https:\/\/www.em.com.br\/emfoco\/2025\/03\/19\/confira-o-valor-que-comecou-a-ser-pago-apos-reajuste-do-salario\/#primaryimage","url":"https:\/\/www.em.com.br\/emfoco\/wp-content\/uploads\/2025\/02\/carteira-de-trabalho_1740401676503.jpg","contentUrl":"https:\/\/www.em.com.br\/emfoco\/wp-content\/uploads\/2025\/02\/carteira-de-trabalho_1740401676503.jpg","width":1280,"height":720,"caption":"A jornada de 44 horas ainda continua valendo. - Cr\u00e9ditos: depositphotos.com \/ rafapress"},{"@type":"BreadcrumbList","@id":"https:\/\/www.em.com.br\/emfoco\/2025\/03\/19\/confira-o-valor-que-comecou-a-ser-pago-apos-reajuste-do-salario\/#breadcrumb","itemListElement":[{"@type":"ListItem","position":1,"name":"In\u00edcio","item":"https:\/\/www.em.com.br\/emfoco\/"},{"@type":"ListItem","position":2,"name":"Confira o valor que come\u00e7ou a ser pago ap\u00f3s reajuste do sal\u00e1rio"}]},{"@type":"WebSite","@id":"https:\/\/www.em.com.br\/emfoco\/#website","url":"https:\/\/www.em.com.br\/emfoco\/","name":"Estado de Minas - Em foco","description":"Acompanhe as \u00faltimas not\u00edcias e fique bem informado sobre tudo o que acontece em Minas Gerais, Brasil e no mundo.","potentialAction":[{"@type":"SearchAction","target":{"@type":"EntryPoint","urlTemplate":"https:\/\/www.em.com.br\/emfoco\/?s={search_term_string}"},"query-input":{"@type":"PropertyValueSpecification","valueRequired":true,"valueName":"search_term_string"}}],"inLanguage":"pt-BR"},{"@type":"Person","@id":"https:\/\/www.em.com.br\/emfoco\/#\/schema\/person\/524437ef54f8a5d32591b143307f2e20","name":"N\u00fabia Rangel","image":{"@type":"ImageObject","inLanguage":"pt-BR","@id":"https:\/\/www.em.com.br\/emfoco\/#\/schema\/person\/image\/","url":"https:\/\/secure.gravatar.com\/avatar\/47cff2827a5ba23c37e8068c86817ea4?s=96&d=mm&r=g","contentUrl":"https:\/\/secure.gravatar.com\/avatar\/47cff2827a5ba23c37e8068c86817ea4?s=96&d=mm&r=g","caption":"N\u00fabia Rangel"},"sameAs":["https:\/\/www.em.com.br\/emfoco\/"],"url":"https:\/\/www.em.com.br\/emfoco\/author\/nubiamyth\/"}]}},"_links":{"self":[{"href":"https:\/\/www.em.com.br\/emfoco\/wp-json\/wp\/v2\/posts\/27109","targetHints":{"allow":["GET"]}}],"collection":[{"href":"https:\/\/www.em.com.br\/emfoco\/wp-json\/wp\/v2\/posts"}],"about":[{"href":"https:\/\/www.em.com.br\/emfoco\/wp-json\/wp\/v2\/types\/post"}],"author":[{"embeddable":true,"href":"https:\/\/www.em.com.br\/emfoco\/wp-json\/wp\/v2\/users\/5"}],"replies":[{"embeddable":true,"href":"https:\/\/www.em.com.br\/emfoco\/wp-json\/wp\/v2\/comments?post=27109"}],"version-history":[{"count":2,"href":"https:\/\/www.em.com.br\/emfoco\/wp-json\/wp\/v2\/posts\/27109\/revisions"}],"predecessor-version":[{"id":27129,"href":"https:\/\/www.em.com.br\/emfoco\/wp-json\/wp\/v2\/posts\/27109\/revisions\/27129"}],"wp:featuredmedia":[{"embeddable":true,"href":"https:\/\/www.em.com.br\/emfoco\/wp-json\/wp\/v2\/media\/22319"}],"wp:attachment":[{"href":"https:\/\/www.em.com.br\/emfoco\/wp-json\/wp\/v2\/media?parent=27109"}],"wp:term":[{"taxonomy":"category","embeddable":true,"href":"https:\/\/www.em.com.br\/emfoco\/wp-json\/wp\/v2\/categories?post=27109"},{"taxonomy":"post_tag","embeddable":true,"href":"https:\/\/www.em.com.br\/emfoco\/wp-json\/wp\/v2\/tags?post=27109"}],"curies":[{"name":"wp","href":"https:\/\/api.w.org\/{rel}","templated":true}]}}