{"id":27092,"date":"2025-03-19T16:40:00","date_gmt":"2025-03-19T19:40:00","guid":{"rendered":"https:\/\/www.em.com.br\/emfoco\/?p=27092"},"modified":"2025-03-10T14:16:26","modified_gmt":"2025-03-10T17:16:26","slug":"o-segredo-para-uma-vida-mais-feliz-esta-em-pequenas-atitudes-diarias","status":"publish","type":"post","link":"https:\/\/www.em.com.br\/emfoco\/2025\/03\/19\/o-segredo-para-uma-vida-mais-feliz-esta-em-pequenas-atitudes-diarias\/","title":{"rendered":"O segredo para uma vida mais feliz est\u00e1 em pequenas atitudes di\u00e1rias"},"content":{"rendered":"\n<p>A busca pela felicidade \u00e9 uma jornada que muitos consideram complexa, mas ela pode ser simplificada com pequenas mudan\u00e7as no cotidiano. A verdadeira felicidade n\u00e3o est\u00e1 apenas em conquistas grandiosas, mas sim em atitudes di\u00e1rias que promovem o bem-estar e a satisfa\u00e7\u00e3o pessoal. Entender como incorporar esses h\u00e1bitos pode transformar a maneira como se vive e sente.<\/p>\n\n\n\n<p>Para alcan\u00e7ar um estado de alegria e contentamento, \u00e9 crucial adotar pr\u00e1ticas que favore\u00e7am o <strong><a href=\"https:\/\/www.saude.pr.gov.br\/Pagina\/Saude-Mental#:~:text=A%20Sa%C3%BAde%20Mental%20de%20uma,Aceitar%20as%20exig%C3%AAncias%20da%20vida\" target=\"_blank\" rel=\"noreferrer noopener\">bem-estar <\/a><\/strong>emocional e f\u00edsico. Este artigo explora algumas das estrat\u00e9gias fundamentais que podem ser incorporadas ao dia a dia para promover uma <strong><a href=\"https:\/\/www.em.com.br\/emfoco\/2025\/03\/04\/conheca-o-destino-que-e-o-paraiso-para-a-vida-noturna\/\" target=\"_blank\" rel=\"noreferrer noopener\">vida<\/a><\/strong> mais feliz e plena.<\/p>\n\n\n\n<h2 class=\"wp-block-heading\">Como a gratid\u00e3o pode transformar sua vida?<\/h2>\n\n\n\n<p>Um dos elementos mais poderosos para aumentar a felicidade \u00e9 a pr\u00e1tica da gratid\u00e3o. Ao valorizar o que se tem, em vez de focar no que falta, a perspectiva sobre a vida muda significativamente. A gratid\u00e3o n\u00e3o apenas melhora o humor, mas tamb\u00e9m promove uma vis\u00e3o mais positiva do mundo.<\/p>\n\n\n\n<p>Um h\u00e1bito simples, como anotar diariamente tr\u00eas coisas pelas quais se \u00e9 grato, pode ter um impacto profundo na forma como se enxerga a vida. Essa pr\u00e1tica ajuda a reconhecer e valorizar as pequenas alegrias do dia a dia, contribuindo para um estado de esp\u00edrito mais leve e otimista.<\/p>\n\n\n\n<figure class=\"wp-block-image size-large\"><img loading=\"lazy\" decoding=\"async\" width=\"1024\" height=\"576\" src=\"https:\/\/www.em.com.br\/emfoco\/wp-content\/uploads\/2025\/02\/gratidao_1740594514722-1024x576.jpg\" alt=\"O que os estudiosos dizem sobre cultivar a felicidade em pequenas doses di\u00e1rias\" class=\"wp-image-23192\" srcset=\"https:\/\/www.em.com.br\/emfoco\/wp-content\/uploads\/2025\/02\/gratidao_1740594514722-1024x576.jpg 1024w, https:\/\/www.em.com.br\/emfoco\/wp-content\/uploads\/2025\/02\/gratidao_1740594514722-300x169.jpg 300w, https:\/\/www.em.com.br\/emfoco\/wp-content\/uploads\/2025\/02\/gratidao_1740594514722-768x432.jpg 768w, https:\/\/www.em.com.br\/emfoco\/wp-content\/uploads\/2025\/02\/gratidao_1740594514722-750x422.jpg 750w, https:\/\/www.em.com.br\/emfoco\/wp-content\/uploads\/2025\/02\/gratidao_1740594514722-1140x641.jpg 1140w, https:\/\/www.em.com.br\/emfoco\/wp-content\/uploads\/2025\/02\/gratidao_1740594514722.jpg 1280w\" sizes=\"auto, (max-width: 1024px) 100vw, 1024px\" \/><figcaption class=\"wp-element-caption\">Gratid\u00e3o &#8211; Cr\u00e9ditos: depositphotos.com \/ DimaBaranow<\/figcaption><\/figure>\n\n\n\n<h2 class=\"wp-block-heading\">Qual a import\u00e2ncia do autocuidado para o bem-estar?<\/h2>\n\n\n\n<p>Cuidar de si mesmo \u00e9 essencial para se sentir bem e feliz. O autocuidado n\u00e3o deve ser visto como um luxo, mas como uma necessidade fundamental. Gestos simples, como garantir uma boa noite de sono, manter uma alimenta\u00e7\u00e3o equilibrada e reservar tempo para atividades de lazer, s\u00e3o cruciais para o bem-estar f\u00edsico e mental.<\/p>\n\n\n\n<p>Investir em autocuidado \u00e9 investir em sa\u00fade e felicidade. Quando se prioriza o pr\u00f3prio bem-estar, \u00e9 poss\u00edvel enfrentar os desafios di\u00e1rios com mais energia e disposi\u00e7\u00e3o, al\u00e9m de melhorar a qualidade de vida de maneira geral.<\/p>\n\n\n\n<h2 class=\"wp-block-heading\">Por que conex\u00f5es significativas s\u00e3o essenciais?<\/h2>\n\n\n\n<p>Relacionamentos aut\u00eanticos e saud\u00e1veis s\u00e3o pilares importantes para a felicidade. Estar cercado de pessoas que oferecem apoio e compartilham momentos especiais fortalece a autoestima e diminui a sensa\u00e7\u00e3o de solid\u00e3o. Valorizar e investir em rela\u00e7\u00f5es que trazem alegria e suporte emocional \u00e9 fundamental para uma vida plena.<\/p>\n\n\n\n<p>As conex\u00f5es humanas s\u00e3o uma fonte inesgot\u00e1vel de felicidade. Elas proporcionam um senso de pertencimento e seguran\u00e7a, elementos essenciais para o bem-estar emocional.<\/p>\n\n\n\n<h2 class=\"wp-block-heading\">Como viver o presente pode aumentar a felicidade?<\/h2>\n\n\n\n<p>A felicidade est\u00e1 no momento presente. Muitas vezes, a preocupa\u00e7\u00e3o com o futuro ou o apego ao passado impedem de aproveitar o que est\u00e1 acontecendo agora. Praticar a aten\u00e7\u00e3o plena, ou mindfulness, \u00e9 uma maneira eficaz de se conectar com o presente e viver com mais alegria e satisfa\u00e7\u00e3o.<\/p>\n\n\n\n<p>Ao focar no agora, \u00e9 poss\u00edvel experimentar plenamente cada momento, reduzindo a ansiedade e aumentando a aprecia\u00e7\u00e3o pela vida. Essa pr\u00e1tica promove uma sensa\u00e7\u00e3o de paz e contentamento, essenciais para uma vida feliz.<\/p>\n","protected":false},"excerpt":{"rendered":"<p>A busca pela felicidade \u00e9 uma jornada que muitos consideram complexa, mas ela pode ser simplificada com pequenas mudan\u00e7as no cotidiano. A verdadeira felicidade n\u00e3o est\u00e1 apenas em conquistas grandiosas, mas sim em atitudes di\u00e1rias que promovem o bem-estar e a satisfa\u00e7\u00e3o pessoal. Entender como incorporar esses h\u00e1bitos pode transformar a maneira como se vive [&hellip;]<\/p>\n","protected":false},"author":5,"featured_media":18799,"comment_status":"open","ping_status":"open","sticky":false,"template":"","format":"standard","meta":{"jnews-multi-image_gallery":[],"jnews_single_post":{"format":"standard"},"jnews_primary_category":[],"jnews_social_meta":[],"jnews_override_counter":[],"footnotes":""},"categories":[29,1],"tags":[712,711,5058,5858],"class_list":["post-27092","post","type-post","status-publish","format-standard","has-post-thumbnail","hentry","category-entretenimento","category-noticias","tag-autocuidado","tag-bem-estar","tag-felicidade","tag-gratidao"],"yoast_head":"<!-- This site is optimized with the Yoast SEO plugin v23.8 - https:\/\/yoast.com\/wordpress\/plugins\/seo\/ -->\n<title>O segredo para uma vida mais feliz est\u00e1 em pequenas atitudes di\u00e1rias - Estado de Minas - Em foco<\/title>\n<meta name=\"description\" content=\"Quer mais felicidade no dia a dia? Descubra pr\u00e1ticas f\u00e1ceis que melhoram seu bem-estar e deixam sua rotina mais leve.\" \/>\n<meta name=\"robots\" content=\"index, follow, max-snippet:-1, max-image-preview:large, max-video-preview:-1\" \/>\n<link rel=\"canonical\" href=\"https:\/\/www.em.com.br\/emfoco\/2025\/03\/19\/o-segredo-para-uma-vida-mais-feliz-esta-em-pequenas-atitudes-diarias\/\" \/>\n<meta property=\"og:locale\" content=\"pt_BR\" \/>\n<meta property=\"og:type\" content=\"article\" \/>\n<meta property=\"og:title\" content=\"O segredo para uma vida mais feliz est\u00e1 em pequenas atitudes di\u00e1rias - Estado de Minas - Em foco\" \/>\n<meta property=\"og:description\" content=\"Quer mais felicidade no dia a dia? Descubra pr\u00e1ticas f\u00e1ceis que melhoram seu bem-estar e deixam sua rotina mais leve.\" \/>\n<meta property=\"og:url\" content=\"https:\/\/www.em.com.br\/emfoco\/2025\/03\/19\/o-segredo-para-uma-vida-mais-feliz-esta-em-pequenas-atitudes-diarias\/\" \/>\n<meta property=\"og:site_name\" content=\"Estado de Minas - Em foco\" \/>\n<meta property=\"article:published_time\" content=\"2025-03-19T19:40:00+00:00\" \/>\n<meta property=\"article:modified_time\" content=\"2025-03-10T17:16:26+00:00\" \/>\n<meta property=\"og:image\" content=\"https:\/\/www.em.com.br\/emfoco\/wp-content\/uploads\/2025\/02\/sucesso-2.jpg\" \/>\n\t<meta property=\"og:image:width\" content=\"1280\" \/>\n\t<meta property=\"og:image:height\" content=\"720\" \/>\n\t<meta property=\"og:image:type\" content=\"image\/jpeg\" \/>\n<meta name=\"author\" content=\"N\u00fabia Rangel\" \/>\n<meta name=\"twitter:card\" content=\"summary_large_image\" \/>\n<meta name=\"twitter:label1\" content=\"Escrito por\" \/>\n\t<meta name=\"twitter:data1\" content=\"N\u00fabia Rangel\" \/>\n\t<meta name=\"twitter:label2\" content=\"Est. tempo de leitura\" \/>\n\t<meta name=\"twitter:data2\" content=\"4 minutos\" \/>\n<!-- \/ Yoast SEO plugin. -->","yoast_head_json":{"title":"O segredo para uma vida mais feliz est\u00e1 em pequenas atitudes di\u00e1rias - Estado de Minas - Em foco","description":"Quer mais felicidade no dia a dia? Descubra pr\u00e1ticas f\u00e1ceis que melhoram seu bem-estar e deixam sua rotina mais leve.","robots":{"index":"index","follow":"follow","max-snippet":"max-snippet:-1","max-image-preview":"max-image-preview:large","max-video-preview":"max-video-preview:-1"},"canonical":"https:\/\/www.em.com.br\/emfoco\/2025\/03\/19\/o-segredo-para-uma-vida-mais-feliz-esta-em-pequenas-atitudes-diarias\/","og_locale":"pt_BR","og_type":"article","og_title":"O segredo para uma vida mais feliz est\u00e1 em pequenas atitudes di\u00e1rias - Estado de Minas - Em foco","og_description":"Quer mais felicidade no dia a dia? Descubra pr\u00e1ticas f\u00e1ceis que melhoram seu bem-estar e deixam sua rotina mais leve.","og_url":"https:\/\/www.em.com.br\/emfoco\/2025\/03\/19\/o-segredo-para-uma-vida-mais-feliz-esta-em-pequenas-atitudes-diarias\/","og_site_name":"Estado de Minas - Em foco","article_published_time":"2025-03-19T19:40:00+00:00","article_modified_time":"2025-03-10T17:16:26+00:00","og_image":[{"width":1280,"height":720,"url":"https:\/\/www.em.com.br\/emfoco\/wp-content\/uploads\/2025\/02\/sucesso-2.jpg","type":"image\/jpeg"}],"author":"N\u00fabia Rangel","twitter_card":"summary_large_image","twitter_misc":{"Escrito por":"N\u00fabia Rangel","Est. tempo de leitura":"4 minutos"},"schema":{"@context":"https:\/\/schema.org","@graph":[{"@type":"WebPage","@id":"https:\/\/www.em.com.br\/emfoco\/2025\/03\/19\/o-segredo-para-uma-vida-mais-feliz-esta-em-pequenas-atitudes-diarias\/","url":"https:\/\/www.em.com.br\/emfoco\/2025\/03\/19\/o-segredo-para-uma-vida-mais-feliz-esta-em-pequenas-atitudes-diarias\/","name":"O segredo para uma vida mais feliz est\u00e1 em pequenas atitudes di\u00e1rias - Estado de Minas - Em foco","isPartOf":{"@id":"https:\/\/www.em.com.br\/emfoco\/#website"},"primaryImageOfPage":{"@id":"https:\/\/www.em.com.br\/emfoco\/2025\/03\/19\/o-segredo-para-uma-vida-mais-feliz-esta-em-pequenas-atitudes-diarias\/#primaryimage"},"image":{"@id":"https:\/\/www.em.com.br\/emfoco\/2025\/03\/19\/o-segredo-para-uma-vida-mais-feliz-esta-em-pequenas-atitudes-diarias\/#primaryimage"},"thumbnailUrl":"https:\/\/www.em.com.br\/emfoco\/wp-content\/uploads\/2025\/02\/sucesso-2.jpg","datePublished":"2025-03-19T19:40:00+00:00","dateModified":"2025-03-10T17:16:26+00:00","author":{"@id":"https:\/\/www.em.com.br\/emfoco\/#\/schema\/person\/524437ef54f8a5d32591b143307f2e20"},"description":"Quer mais felicidade no dia a dia? Descubra pr\u00e1ticas f\u00e1ceis que melhoram seu bem-estar e deixam sua rotina mais leve.","breadcrumb":{"@id":"https:\/\/www.em.com.br\/emfoco\/2025\/03\/19\/o-segredo-para-uma-vida-mais-feliz-esta-em-pequenas-atitudes-diarias\/#breadcrumb"},"inLanguage":"pt-BR","potentialAction":[{"@type":"ReadAction","target":["https:\/\/www.em.com.br\/emfoco\/2025\/03\/19\/o-segredo-para-uma-vida-mais-feliz-esta-em-pequenas-atitudes-diarias\/"]}]},{"@type":"ImageObject","inLanguage":"pt-BR","@id":"https:\/\/www.em.com.br\/emfoco\/2025\/03\/19\/o-segredo-para-uma-vida-mais-feliz-esta-em-pequenas-atitudes-diarias\/#primaryimage","url":"https:\/\/www.em.com.br\/emfoco\/wp-content\/uploads\/2025\/02\/sucesso-2.jpg","contentUrl":"https:\/\/www.em.com.br\/emfoco\/wp-content\/uploads\/2025\/02\/sucesso-2.jpg","width":1280,"height":720,"caption":"Imagem ilustrativa pessoa feliz - Cr\u00e9ditos: depositphotos.com \/ peshkova"},{"@type":"BreadcrumbList","@id":"https:\/\/www.em.com.br\/emfoco\/2025\/03\/19\/o-segredo-para-uma-vida-mais-feliz-esta-em-pequenas-atitudes-diarias\/#breadcrumb","itemListElement":[{"@type":"ListItem","position":1,"name":"In\u00edcio","item":"https:\/\/www.em.com.br\/emfoco\/"},{"@type":"ListItem","position":2,"name":"O segredo para uma vida mais feliz est\u00e1 em pequenas atitudes di\u00e1rias"}]},{"@type":"WebSite","@id":"https:\/\/www.em.com.br\/emfoco\/#website","url":"https:\/\/www.em.com.br\/emfoco\/","name":"Estado de Minas - Em foco","description":"Acompanhe as \u00faltimas not\u00edcias e fique bem informado sobre tudo o que acontece em Minas Gerais, Brasil e no mundo.","potentialAction":[{"@type":"SearchAction","target":{"@type":"EntryPoint","urlTemplate":"https:\/\/www.em.com.br\/emfoco\/?s={search_term_string}"},"query-input":{"@type":"PropertyValueSpecification","valueRequired":true,"valueName":"search_term_string"}}],"inLanguage":"pt-BR"},{"@type":"Person","@id":"https:\/\/www.em.com.br\/emfoco\/#\/schema\/person\/524437ef54f8a5d32591b143307f2e20","name":"N\u00fabia Rangel","image":{"@type":"ImageObject","inLanguage":"pt-BR","@id":"https:\/\/www.em.com.br\/emfoco\/#\/schema\/person\/image\/","url":"https:\/\/secure.gravatar.com\/avatar\/47cff2827a5ba23c37e8068c86817ea4?s=96&d=mm&r=g","contentUrl":"https:\/\/secure.gravatar.com\/avatar\/47cff2827a5ba23c37e8068c86817ea4?s=96&d=mm&r=g","caption":"N\u00fabia Rangel"},"sameAs":["https:\/\/www.em.com.br\/emfoco\/"],"url":"https:\/\/www.em.com.br\/emfoco\/author\/nubiamyth\/"}]}},"_links":{"self":[{"href":"https:\/\/www.em.com.br\/emfoco\/wp-json\/wp\/v2\/posts\/27092","targetHints":{"allow":["GET"]}}],"collection":[{"href":"https:\/\/www.em.com.br\/emfoco\/wp-json\/wp\/v2\/posts"}],"about":[{"href":"https:\/\/www.em.com.br\/emfoco\/wp-json\/wp\/v2\/types\/post"}],"author":[{"embeddable":true,"href":"https:\/\/www.em.com.br\/emfoco\/wp-json\/wp\/v2\/users\/5"}],"replies":[{"embeddable":true,"href":"https:\/\/www.em.com.br\/emfoco\/wp-json\/wp\/v2\/comments?post=27092"}],"version-history":[{"count":3,"href":"https:\/\/www.em.com.br\/emfoco\/wp-json\/wp\/v2\/posts\/27092\/revisions"}],"predecessor-version":[{"id":27102,"href":"https:\/\/www.em.com.br\/emfoco\/wp-json\/wp\/v2\/posts\/27092\/revisions\/27102"}],"wp:featuredmedia":[{"embeddable":true,"href":"https:\/\/www.em.com.br\/emfoco\/wp-json\/wp\/v2\/media\/18799"}],"wp:attachment":[{"href":"https:\/\/www.em.com.br\/emfoco\/wp-json\/wp\/v2\/media?parent=27092"}],"wp:term":[{"taxonomy":"category","embeddable":true,"href":"https:\/\/www.em.com.br\/emfoco\/wp-json\/wp\/v2\/categories?post=27092"},{"taxonomy":"post_tag","embeddable":true,"href":"https:\/\/www.em.com.br\/emfoco\/wp-json\/wp\/v2\/tags?post=27092"}],"curies":[{"name":"wp","href":"https:\/\/api.w.org\/{rel}","templated":true}]}}