{"id":27074,"date":"2025-03-11T20:20:00","date_gmt":"2025-03-11T23:20:00","guid":{"rendered":"https:\/\/www.em.com.br\/emfoco\/?p=27074"},"modified":"2025-03-10T15:00:33","modified_gmt":"2025-03-10T18:00:33","slug":"haddad-lanca-proposta-polemica-para-mudar-aposentadorias-e-salarios","status":"publish","type":"post","link":"https:\/\/www.em.com.br\/emfoco\/2025\/03\/11\/haddad-lanca-proposta-polemica-para-mudar-aposentadorias-e-salarios\/","title":{"rendered":"Haddad lan\u00e7a proposta pol\u00eamica para mudar aposentadorias e sal\u00e1rios"},"content":{"rendered":"\n<p>O ministro da Fazenda, <strong><a href=\"https:\/\/veja.abril.com.br\/economia\/com-nomeacao-de-gleisi-lula-cria-novos-constrangimentos-para-haddad\" target=\"_blank\" rel=\"noreferrer noopener\">Fernando Haddad<\/a><\/strong>, lan\u00e7ou um desafio ao <strong>Partido Liberal (PL)<\/strong> no in\u00edcio de mar\u00e7o de 2025. Ele prop\u00f4s que o partido apoie projetos de lei que visam limitar a aposentadoria de militares e os chamados supersal\u00e1rios no servi\u00e7o p\u00fablico. Essa iniciativa surge em um contexto de crescente preocupa\u00e7\u00e3o com a sustentabilidade fiscal do pa\u00eds e a busca por maior equidade no setor p\u00fablico.<\/p>\n\n\n\n<p>Haddad, conhecido por sua postura firme em quest\u00f5es econ\u00f4micas, busca apoio pol\u00edtico para implementar mudan\u00e7as significativas que podem impactar diretamente o or\u00e7amento federal. O foco est\u00e1 em dois pontos principais: a reforma das aposentadorias militares e a conten\u00e7\u00e3o dos sal\u00e1rios acima do teto constitucional. Ambas as medidas s\u00e3o vistas como cruciais para o equil\u00edbrio das contas p\u00fablicas.<\/p>\n\n\n\n<h2 class=\"wp-block-heading\">O que est\u00e1 por tr\u00e1s da reforma das aposentadorias militares?<\/h2>\n\n\n\n<p>A aposentadoria dos militares tem sido um tema de debate h\u00e1 anos no <strong>Brasil<\/strong>. O sistema atual \u00e9 considerado insustent\u00e1vel por muitos especialistas, devido aos altos custos associados. A proposta de Haddad visa ajustar as regras para garantir que o sistema seja mais justo e financeiramente vi\u00e1vel a longo prazo. A ideia \u00e9 alinhar as aposentadorias militares \u00e0s reformas j\u00e1 realizadas em outros setores do servi\u00e7o p\u00fablico.<\/p>\n\n\n\n<p>Os militares, historicamente, t\u00eam desfrutado de condi\u00e7\u00f5es de aposentadoria mais favor\u00e1veis em compara\u00e7\u00e3o com outros servidores. Isso inclui a possibilidade de se aposentar mais cedo e com benef\u00edcios mais generosos. A reforma proposta busca equilibrar essas condi\u00e7\u00f5es, promovendo uma maior equidade entre os diferentes segmentos do funcionalismo p\u00fablico.<\/p>\n\n\n\n<figure class=\"wp-block-image size-large\"><img loading=\"lazy\" decoding=\"async\" width=\"1024\" height=\"576\" src=\"https:\/\/www.em.com.br\/emfoco\/wp-content\/uploads\/2025\/03\/Fernando-Haddad_1741632759259-1024x576.jpg\" alt=\"\" class=\"wp-image-27139\" srcset=\"https:\/\/www.em.com.br\/emfoco\/wp-content\/uploads\/2025\/03\/Fernando-Haddad_1741632759259-1024x576.jpg 1024w, https:\/\/www.em.com.br\/emfoco\/wp-content\/uploads\/2025\/03\/Fernando-Haddad_1741632759259-300x169.jpg 300w, https:\/\/www.em.com.br\/emfoco\/wp-content\/uploads\/2025\/03\/Fernando-Haddad_1741632759259-768x432.jpg 768w, https:\/\/www.em.com.br\/emfoco\/wp-content\/uploads\/2025\/03\/Fernando-Haddad_1741632759259-750x422.jpg 750w, https:\/\/www.em.com.br\/emfoco\/wp-content\/uploads\/2025\/03\/Fernando-Haddad_1741632759259-1140x642.jpg 1140w, https:\/\/www.em.com.br\/emfoco\/wp-content\/uploads\/2025\/03\/Fernando-Haddad_1741632759259.jpg 1279w\" sizes=\"auto, (max-width: 1024px) 100vw, 1024px\" \/><figcaption class=\"wp-element-caption\">Fernando Haddad &#8211; Cr\u00e9ditos: depositphotos.com \/ thenews2.com<\/figcaption><\/figure>\n\n\n\n<h2 class=\"wp-block-heading\">Como os supersal\u00e1rios impactam o or\u00e7amento federal?<\/h2>\n\n\n\n<p>Os supersal\u00e1rios referem-se a remunera\u00e7\u00f5es que ultrapassam o teto constitucional estabelecido para o servi\u00e7o p\u00fablico. Atualmente, esse teto \u00e9 baseado no sal\u00e1rio dos ministros do <strong><a href=\"https:\/\/www.em.com.br\/emfoco\/2025\/02\/24\/o-que-esta-em-jogo-no-julgamento-do-stf-sobre-a-revisao-da-vida-toda-das-aposentadorias\/\" target=\"_blank\" rel=\"noreferrer noopener\">Supremo Tribunal Federal (STF)<\/a><\/strong>. No entanto, diversos servidores, por meio de gratifica\u00e7\u00f5es e outros adicionais, acabam recebendo valores superiores a esse limite.<\/p>\n\n\n\n<p>Limitar os supersal\u00e1rios \u00e9 visto como uma medida essencial para garantir a justi\u00e7a salarial no setor p\u00fablico. Al\u00e9m disso, a conten\u00e7\u00e3o desses sal\u00e1rios pode liberar recursos significativos que podem ser redirecionados para \u00e1reas priorit\u00e1rias, como sa\u00fade e educa\u00e7\u00e3o. Haddad acredita que essa medida \u00e9 fundamental para promover uma gest\u00e3o mais eficiente dos recursos p\u00fablicos.<\/p>\n\n\n\n<h2 class=\"wp-block-heading\">O que est\u00e1 em jogo na negocia\u00e7\u00e3o pol\u00edtica sobre essas reformas?<\/h2>\n\n\n\n<p>A aprova\u00e7\u00e3o dessas medidas no Congresso n\u00e3o ser\u00e1 uma tarefa f\u00e1cil. O ministro Haddad precisar\u00e1 negociar com diversos partidos e buscar consenso em um cen\u00e1rio pol\u00edtico muitas vezes polarizado. O apoio do PL, um dos principais partidos do pa\u00eds, \u00e9 considerado crucial para o avan\u00e7o das propostas.<\/p>\n\n\n\n<p>O debate sobre as reformas propostas por Haddad promete ser intenso. De um lado, h\u00e1 aqueles que defendem a necessidade urgente de ajustes para garantir a sustentabilidade fiscal. Do outro, est\u00e3o os que argumentam que as mudan\u00e7as podem prejudicar direitos adquiridos. O desfecho desse embate ter\u00e1 implica\u00e7\u00f5es significativas para o futuro econ\u00f4mico do Brasil.<\/p>\n\n\n\n<h2 class=\"wp-block-heading\">Qual \u00e9 o futuro do sistema de aposentadoria e sal\u00e1rios no Brasil?<\/h2>\n\n\n\n<p>Em suma, as propostas de Haddad representam um esfor\u00e7o para modernizar e tornar mais justo o sistema de remunera\u00e7\u00e3o e aposentadoria no servi\u00e7o p\u00fablico brasileiro. A discuss\u00e3o sobre essas medidas \u00e9 um reflexo das complexas quest\u00f5es econ\u00f4micas e sociais que o pa\u00eds enfrenta atualmente.<\/p>\n","protected":false},"excerpt":{"rendered":"<p>O ministro da Fazenda, Fernando Haddad, lan\u00e7ou um desafio ao Partido Liberal (PL) no in\u00edcio de mar\u00e7o de 2025. Ele prop\u00f4s que o partido apoie projetos de lei que visam limitar a aposentadoria de militares e os chamados supersal\u00e1rios no servi\u00e7o p\u00fablico. Essa iniciativa surge em um contexto de crescente preocupa\u00e7\u00e3o com a sustentabilidade fiscal [&hellip;]<\/p>\n","protected":false},"author":11,"featured_media":27137,"comment_status":"open","ping_status":"open","sticky":false,"template":"","format":"standard","meta":{"jnews-multi-image_gallery":[],"jnews_single_post":{"format":"standard"},"jnews_primary_category":[],"jnews_social_meta":[],"jnews_override_counter":[],"footnotes":""},"categories":[28,1],"tags":[1976,259,1106],"class_list":["post-27074","post","type-post","status-publish","format-standard","has-post-thumbnail","hentry","category-economia","category-noticias","tag-aposentadoria-militar","tag-beneficio","tag-fernando-haddad"],"yoast_head":"<!-- This site is optimized with the Yoast SEO plugin v23.8 - https:\/\/yoast.com\/wordpress\/plugins\/seo\/ -->\n<title>Haddad lan\u00e7a proposta pol\u00eamica para mudar aposentadorias e sal\u00e1rios - Estado de Minas - Em foco<\/title>\n<meta name=\"description\" content=\"O ministro da Fazenda, Fernando Haddad, desafia o PL a apoiar reformas que podem transformar a estrutura das aposentadorias e sal\u00e1rios.\" \/>\n<meta name=\"robots\" content=\"index, follow, max-snippet:-1, max-image-preview:large, max-video-preview:-1\" \/>\n<link rel=\"canonical\" href=\"https:\/\/www.em.com.br\/emfoco\/2025\/03\/11\/haddad-lanca-proposta-polemica-para-mudar-aposentadorias-e-salarios\/\" \/>\n<meta property=\"og:locale\" content=\"pt_BR\" \/>\n<meta property=\"og:type\" content=\"article\" \/>\n<meta property=\"og:title\" content=\"Haddad lan\u00e7a proposta pol\u00eamica para mudar aposentadorias e sal\u00e1rios - Estado de Minas - Em foco\" \/>\n<meta property=\"og:description\" content=\"O ministro da Fazenda, Fernando Haddad, desafia o PL a apoiar reformas que podem transformar a estrutura das aposentadorias e sal\u00e1rios.\" \/>\n<meta property=\"og:url\" content=\"https:\/\/www.em.com.br\/emfoco\/2025\/03\/11\/haddad-lanca-proposta-polemica-para-mudar-aposentadorias-e-salarios\/\" \/>\n<meta property=\"og:site_name\" content=\"Estado de Minas - Em foco\" \/>\n<meta property=\"article:published_time\" content=\"2025-03-11T23:20:00+00:00\" \/>\n<meta property=\"article:modified_time\" content=\"2025-03-10T18:00:33+00:00\" \/>\n<meta property=\"og:image\" content=\"https:\/\/www.em.com.br\/emfoco\/wp-content\/uploads\/2025\/03\/Fernando-Haddad_1741632726756.jpg\" \/>\n\t<meta property=\"og:image:width\" content=\"1280\" \/>\n\t<meta property=\"og:image:height\" content=\"720\" \/>\n\t<meta property=\"og:image:type\" content=\"image\/jpeg\" \/>\n<meta name=\"author\" content=\"Andre\u0301 Rangel\u00a0\" \/>\n<meta name=\"twitter:card\" content=\"summary_large_image\" \/>\n<meta name=\"twitter:label1\" content=\"Escrito por\" \/>\n\t<meta name=\"twitter:data1\" content=\"Andre\u0301 Rangel\u00a0\" \/>\n\t<meta name=\"twitter:label2\" content=\"Est. tempo de leitura\" \/>\n\t<meta name=\"twitter:data2\" content=\"4 minutos\" \/>\n<!-- \/ Yoast SEO plugin. -->","yoast_head_json":{"title":"Haddad lan\u00e7a proposta pol\u00eamica para mudar aposentadorias e sal\u00e1rios - Estado de Minas - Em foco","description":"O ministro da Fazenda, Fernando Haddad, desafia o PL a apoiar reformas que podem transformar a estrutura das aposentadorias e sal\u00e1rios.","robots":{"index":"index","follow":"follow","max-snippet":"max-snippet:-1","max-image-preview":"max-image-preview:large","max-video-preview":"max-video-preview:-1"},"canonical":"https:\/\/www.em.com.br\/emfoco\/2025\/03\/11\/haddad-lanca-proposta-polemica-para-mudar-aposentadorias-e-salarios\/","og_locale":"pt_BR","og_type":"article","og_title":"Haddad lan\u00e7a proposta pol\u00eamica para mudar aposentadorias e sal\u00e1rios - Estado de Minas - Em foco","og_description":"O ministro da Fazenda, Fernando Haddad, desafia o PL a apoiar reformas que podem transformar a estrutura das aposentadorias e sal\u00e1rios.","og_url":"https:\/\/www.em.com.br\/emfoco\/2025\/03\/11\/haddad-lanca-proposta-polemica-para-mudar-aposentadorias-e-salarios\/","og_site_name":"Estado de Minas - Em foco","article_published_time":"2025-03-11T23:20:00+00:00","article_modified_time":"2025-03-10T18:00:33+00:00","og_image":[{"width":1280,"height":720,"url":"https:\/\/www.em.com.br\/emfoco\/wp-content\/uploads\/2025\/03\/Fernando-Haddad_1741632726756.jpg","type":"image\/jpeg"}],"author":"Andre\u0301 Rangel\u00a0","twitter_card":"summary_large_image","twitter_misc":{"Escrito por":"Andre\u0301 Rangel\u00a0","Est. tempo de leitura":"4 minutos"},"schema":{"@context":"https:\/\/schema.org","@graph":[{"@type":"WebPage","@id":"https:\/\/www.em.com.br\/emfoco\/2025\/03\/11\/haddad-lanca-proposta-polemica-para-mudar-aposentadorias-e-salarios\/","url":"https:\/\/www.em.com.br\/emfoco\/2025\/03\/11\/haddad-lanca-proposta-polemica-para-mudar-aposentadorias-e-salarios\/","name":"Haddad lan\u00e7a proposta pol\u00eamica para mudar aposentadorias e sal\u00e1rios - Estado de Minas - Em foco","isPartOf":{"@id":"https:\/\/www.em.com.br\/emfoco\/#website"},"primaryImageOfPage":{"@id":"https:\/\/www.em.com.br\/emfoco\/2025\/03\/11\/haddad-lanca-proposta-polemica-para-mudar-aposentadorias-e-salarios\/#primaryimage"},"image":{"@id":"https:\/\/www.em.com.br\/emfoco\/2025\/03\/11\/haddad-lanca-proposta-polemica-para-mudar-aposentadorias-e-salarios\/#primaryimage"},"thumbnailUrl":"https:\/\/www.em.com.br\/emfoco\/wp-content\/uploads\/2025\/03\/Fernando-Haddad_1741632726756.jpg","datePublished":"2025-03-11T23:20:00+00:00","dateModified":"2025-03-10T18:00:33+00:00","author":{"@id":"https:\/\/www.em.com.br\/emfoco\/#\/schema\/person\/60eda09c1fedf0d6891f4cef4b60b8b8"},"description":"O ministro da Fazenda, Fernando Haddad, desafia o PL a apoiar reformas que podem transformar a estrutura das aposentadorias e sal\u00e1rios.","breadcrumb":{"@id":"https:\/\/www.em.com.br\/emfoco\/2025\/03\/11\/haddad-lanca-proposta-polemica-para-mudar-aposentadorias-e-salarios\/#breadcrumb"},"inLanguage":"pt-BR","potentialAction":[{"@type":"ReadAction","target":["https:\/\/www.em.com.br\/emfoco\/2025\/03\/11\/haddad-lanca-proposta-polemica-para-mudar-aposentadorias-e-salarios\/"]}]},{"@type":"ImageObject","inLanguage":"pt-BR","@id":"https:\/\/www.em.com.br\/emfoco\/2025\/03\/11\/haddad-lanca-proposta-polemica-para-mudar-aposentadorias-e-salarios\/#primaryimage","url":"https:\/\/www.em.com.br\/emfoco\/wp-content\/uploads\/2025\/03\/Fernando-Haddad_1741632726756.jpg","contentUrl":"https:\/\/www.em.com.br\/emfoco\/wp-content\/uploads\/2025\/03\/Fernando-Haddad_1741632726756.jpg","width":1280,"height":720,"caption":"Fernando Haddad - Cr\u00e9ditos: depositphotos.com \/ thenews2.com"},{"@type":"BreadcrumbList","@id":"https:\/\/www.em.com.br\/emfoco\/2025\/03\/11\/haddad-lanca-proposta-polemica-para-mudar-aposentadorias-e-salarios\/#breadcrumb","itemListElement":[{"@type":"ListItem","position":1,"name":"In\u00edcio","item":"https:\/\/www.em.com.br\/emfoco\/"},{"@type":"ListItem","position":2,"name":"Haddad lan\u00e7a proposta pol\u00eamica para mudar aposentadorias e sal\u00e1rios"}]},{"@type":"WebSite","@id":"https:\/\/www.em.com.br\/emfoco\/#website","url":"https:\/\/www.em.com.br\/emfoco\/","name":"Estado de Minas - Em foco","description":"Acompanhe as \u00faltimas not\u00edcias e fique bem informado sobre tudo o que acontece em Minas Gerais, Brasil e no mundo.","potentialAction":[{"@type":"SearchAction","target":{"@type":"EntryPoint","urlTemplate":"https:\/\/www.em.com.br\/emfoco\/?s={search_term_string}"},"query-input":{"@type":"PropertyValueSpecification","valueRequired":true,"valueName":"search_term_string"}}],"inLanguage":"pt-BR"},{"@type":"Person","@id":"https:\/\/www.em.com.br\/emfoco\/#\/schema\/person\/60eda09c1fedf0d6891f4cef4b60b8b8","name":"Andre\u0301 Rangel\u00a0","image":{"@type":"ImageObject","inLanguage":"pt-BR","@id":"https:\/\/www.em.com.br\/emfoco\/#\/schema\/person\/image\/","url":"https:\/\/secure.gravatar.com\/avatar\/6234dc814c77c8ef6d8bba622c787efc?s=96&d=mm&r=g","contentUrl":"https:\/\/secure.gravatar.com\/avatar\/6234dc814c77c8ef6d8bba622c787efc?s=96&d=mm&r=g","caption":"Andre\u0301 Rangel\u00a0"},"url":"https:\/\/www.em.com.br\/emfoco\/author\/luizmyth\/"}]}},"_links":{"self":[{"href":"https:\/\/www.em.com.br\/emfoco\/wp-json\/wp\/v2\/posts\/27074","targetHints":{"allow":["GET"]}}],"collection":[{"href":"https:\/\/www.em.com.br\/emfoco\/wp-json\/wp\/v2\/posts"}],"about":[{"href":"https:\/\/www.em.com.br\/emfoco\/wp-json\/wp\/v2\/types\/post"}],"author":[{"embeddable":true,"href":"https:\/\/www.em.com.br\/emfoco\/wp-json\/wp\/v2\/users\/11"}],"replies":[{"embeddable":true,"href":"https:\/\/www.em.com.br\/emfoco\/wp-json\/wp\/v2\/comments?post=27074"}],"version-history":[{"count":6,"href":"https:\/\/www.em.com.br\/emfoco\/wp-json\/wp\/v2\/posts\/27074\/revisions"}],"predecessor-version":[{"id":27141,"href":"https:\/\/www.em.com.br\/emfoco\/wp-json\/wp\/v2\/posts\/27074\/revisions\/27141"}],"wp:featuredmedia":[{"embeddable":true,"href":"https:\/\/www.em.com.br\/emfoco\/wp-json\/wp\/v2\/media\/27137"}],"wp:attachment":[{"href":"https:\/\/www.em.com.br\/emfoco\/wp-json\/wp\/v2\/media?parent=27074"}],"wp:term":[{"taxonomy":"category","embeddable":true,"href":"https:\/\/www.em.com.br\/emfoco\/wp-json\/wp\/v2\/categories?post=27074"},{"taxonomy":"post_tag","embeddable":true,"href":"https:\/\/www.em.com.br\/emfoco\/wp-json\/wp\/v2\/tags?post=27074"}],"curies":[{"name":"wp","href":"https:\/\/api.w.org\/{rel}","templated":true}]}}