{"id":26886,"date":"2025-03-11T10:40:03","date_gmt":"2025-03-11T13:40:03","guid":{"rendered":"https:\/\/www.em.com.br\/emfoco\/?p=26886"},"modified":"2025-03-10T10:54:00","modified_gmt":"2025-03-10T13:54:00","slug":"sabonete-em-barra-ou-liquido-veja-qual-e-o-melhor-para-sua-pele","status":"publish","type":"post","link":"https:\/\/www.em.com.br\/emfoco\/2025\/03\/11\/sabonete-em-barra-ou-liquido-veja-qual-e-o-melhor-para-sua-pele\/","title":{"rendered":"Sabonete em barra ou l\u00edquido? Veja qual \u00e9 o melhor para sua pele"},"content":{"rendered":"\n<p>O <strong>sabonete<\/strong> \u00e9 um elemento essencial na rotina de <a href=\"https:\/\/www.em.com.br\/emfoco\/2025\/02\/27\/banhos-quentes-no-inverno-como-aproveitar-sem-prejudicar-a-pele-e-o-cabelo\/\" target=\"_blank\" rel=\"noreferrer noopener\">higiene <\/a>pessoal, desempenhando um papel fundamental na remo\u00e7\u00e3o de impurezas e na prote\u00e7\u00e3o contra germes. Com uma ampla gama de op\u00e7\u00f5es dispon\u00edveis no mercado, a escolha entre sabonete em barra e l\u00edquido pode gerar d\u00favidas. Ambos cumprem a fun\u00e7\u00e3o de limpeza, mas diferem em composi\u00e7\u00e3o, textura e aplica\u00e7\u00e3o.<\/p>\n\n\n\n<p>Os <strong>sabonetes em barra<\/strong> s\u00e3o frequentemente vistos como uma escolha cl\u00e1ssica, enquanto os l\u00edquidos s\u00e3o considerados mais modernos e pr\u00e1ticos. A decis\u00e3o entre um e outro pode depender de fatores como tipo de pele, prefer\u00eancias pessoais e necessidades espec\u00edficas de cuidado.<\/p>\n\n\n\n<h2 class=\"wp-block-heading\">Quais s\u00e3o as principais diferen\u00e7as entre sabonete em barra e l\u00edquido?<\/h2>\n\n\n\n<p>Embora ambos os tipos de sabonete sejam eficazes na limpeza da pele, eles apresentam caracter\u00edsticas distintas. O sabonete em barra \u00e9 conhecido por sua durabilidade e, muitas vezes, por ser mais econ\u00f4mico. Geralmente, cont\u00e9m ingredientes naturais que podem oferecer benef\u00edcios adicionais, como esfolia\u00e7\u00e3o e hidrata\u00e7\u00e3o.<\/p>\n\n\n\n<p>Por outro lado, o<strong> sabonete l\u00edquido<\/strong> \u00e9 valorizado por sua textura suave e facilidade de uso. Ele \u00e9 pr\u00e1tico para dosar e, por ser embalado em recipientes fechados, tende a ser mais higi\u00eanico, reduzindo o risco de contamina\u00e7\u00e3o. Al\u00e9m disso, sua formula\u00e7\u00e3o pode incluir agentes hidratantes, tornando-o ideal para peles que necessitam de cuidados especiais.<\/p>\n\n\n\n<h2 class=\"wp-block-heading\">Como \u00e9 o processo de fabrica\u00e7\u00e3o dos sabonetes?<\/h2>\n\n\n\n<p>A produ\u00e7\u00e3o de sabonetes, tanto em barra quanto l\u00edquidos, come\u00e7a com a saponifica\u00e7\u00e3o, uma rea\u00e7\u00e3o qu\u00edmica entre \u00e1cidos graxos e uma base alcalina. No caso dos sabonetes em barra, a mistura \u00e9 solidificada e curada para adquirir sua forma final. J\u00e1 os sabonetes l\u00edquidos recebem aditivos que mant\u00eam sua consist\u00eancia fluida.<\/p>\n\n\n<div class=\"wp-block-image\">\n<figure class=\"aligncenter size-large\"><img loading=\"lazy\" decoding=\"async\" width=\"1024\" height=\"576\" src=\"https:\/\/www.em.com.br\/emfoco\/wp-content\/uploads\/2025\/03\/sabonete-liquido_1741614701570-1024x576.jpg\" alt=\"\" class=\"wp-image-26908\" srcset=\"https:\/\/www.em.com.br\/emfoco\/wp-content\/uploads\/2025\/03\/sabonete-liquido_1741614701570-1024x576.jpg 1024w, https:\/\/www.em.com.br\/emfoco\/wp-content\/uploads\/2025\/03\/sabonete-liquido_1741614701570-300x169.jpg 300w, https:\/\/www.em.com.br\/emfoco\/wp-content\/uploads\/2025\/03\/sabonete-liquido_1741614701570-768x432.jpg 768w, https:\/\/www.em.com.br\/emfoco\/wp-content\/uploads\/2025\/03\/sabonete-liquido_1741614701570-750x422.jpg 750w, https:\/\/www.em.com.br\/emfoco\/wp-content\/uploads\/2025\/03\/sabonete-liquido_1741614701570-1140x641.jpg 1140w, https:\/\/www.em.com.br\/emfoco\/wp-content\/uploads\/2025\/03\/sabonete-liquido_1741614701570.jpg 1280w\" sizes=\"auto, (max-width: 1024px) 100vw, 1024px\" \/><figcaption class=\"wp-element-caption\">Sabonete liquido &#8211; Cr\u00e9ditos: depositphotos.com \/ IgorVetushko<\/figcaption><\/figure><\/div>\n\n\n<p>Apesar de ambos os tipos passarem por processos semelhantes<strong>, o resultado final em termos de textura e aplica\u00e7\u00e3o varia<\/strong>, refletindo a versatilidade de cada produto. Essa diferen\u00e7a de consist\u00eancia tamb\u00e9m influencia a experi\u00eancia sensorial durante o uso.<\/p>\n\n\n\n<h2 class=\"wp-block-heading\">Quais s\u00e3o as recomenda\u00e7\u00f5es para escolher o sabonete ideal?<\/h2>\n\n\n\n<p>A escolha do sabonete deve levar em considera\u00e7\u00e3o o tipo de pele e as prefer\u00eancias pessoais. Para peles sens\u00edveis, sabonetes l\u00edquidos com f\u00f3rmulas suaves e sem fragr\u00e2ncias s\u00e3o recomendados. J\u00e1 para peles oleosas, sabonetes em barra com propriedades <a href=\"https:\/\/www.lojaadcos.com.br\/belezacomsaude\/esfoliante-facial-corporal-entenda-processo\/#:~:text=A%20esfolia%C3%A7%C3%A3o%20limpa%20profundamente%20e,ou%20abras%C3%A3o%20(esfolia%C3%A7%C3%A3o%20f%C3%ADsica).\" target=\"_blank\" rel=\"noreferrer noopener\">esfoliantes <\/a>podem ser mais eficazes.<\/p>\n\n\n\n<p>Al\u00e9m disso, \u00e9 importante verificar a presen\u00e7a de ingredientes hidratantes, como glicerina ou \u00f3leos naturais, que podem beneficiar a pele seca. O aroma do sabonete tamb\u00e9m pode influenciar a escolha, j\u00e1 que fragr\u00e2ncias agrad\u00e1veis tornam o banho uma experi\u00eancia mais prazerosa.<\/p>\n\n\n\n<h2 class=\"wp-block-heading\">Existe uma escolha definitiva entre sabonete em barra e l\u00edquido?<\/h2>\n\n\n\n<p>N\u00e3o h\u00e1 uma resposta \u00fanica sobre qual tipo de sabonete \u00e9 superior, pois a escolha depende das necessidades individuais de cada pessoa. Ambos os tipos s\u00e3o eficazes na limpeza e manuten\u00e7\u00e3o da sa\u00fade da pele. O mais importante \u00e9 selecionar um produto que se adapte ao estilo de vida e \u00e0s necessidades espec\u00edficas de cada um.<\/p>\n\n\n\n<p>Em \u00faltima an\u00e1lise, a decis\u00e3o entre sabonete em barra ou l\u00edquido \u00e9 uma quest\u00e3o de prefer\u00eancia pessoal. Considerar fatores como praticidade, tipo de pele e ingredientes pode ajudar a fazer uma escolha informada. Independentemente da escolha, o fundamental \u00e9 garantir uma boa higiene e cuidado com a pele.<\/p>\n","protected":false},"excerpt":{"rendered":"<p>O sabonete \u00e9 um elemento essencial na rotina de higiene pessoal, desempenhando um papel fundamental na remo\u00e7\u00e3o de impurezas e na prote\u00e7\u00e3o contra germes. Com uma ampla gama de op\u00e7\u00f5es dispon\u00edveis no mercado, a escolha entre sabonete em barra e l\u00edquido pode gerar d\u00favidas. Ambos cumprem a fun\u00e7\u00e3o de limpeza, mas diferem em composi\u00e7\u00e3o, textura [&hellip;]<\/p>\n","protected":false},"author":9,"featured_media":26907,"comment_status":"open","ping_status":"open","sticky":false,"template":"","format":"standard","meta":{"jnews-multi-image_gallery":[],"jnews_single_post":{"format":"standard"},"jnews_primary_category":[],"jnews_social_meta":[],"jnews_override_counter":[],"footnotes":""},"categories":[29,1],"tags":[2616,6080,6081,415],"class_list":["post-26886","post","type-post","status-publish","format-standard","has-post-thumbnail","hentry","category-entretenimento","category-noticias","tag-beleza","tag-higiene","tag-lifestyle","tag-saude"],"yoast_head":"<!-- This site is optimized with the Yoast SEO plugin v23.8 - https:\/\/yoast.com\/wordpress\/plugins\/seo\/ -->\n<title>Sabonete em barra ou l\u00edquido? Veja qual \u00e9 o melhor para sua pele<\/title>\n<meta name=\"description\" content=\"Veja as diferen\u00e7as entre sabonetes em barra e l\u00edquidos, e saiba como escolher o melhor tipo para o seu tipo de pele e rotina de cuidados.\" \/>\n<meta name=\"robots\" content=\"index, follow, max-snippet:-1, max-image-preview:large, max-video-preview:-1\" \/>\n<link rel=\"canonical\" href=\"https:\/\/www.em.com.br\/emfoco\/2025\/03\/11\/sabonete-em-barra-ou-liquido-veja-qual-e-o-melhor-para-sua-pele\/\" \/>\n<meta property=\"og:locale\" content=\"pt_BR\" \/>\n<meta property=\"og:type\" content=\"article\" \/>\n<meta property=\"og:title\" content=\"Sabonete em barra ou l\u00edquido? Veja qual \u00e9 o melhor para sua pele\" \/>\n<meta property=\"og:description\" content=\"Veja as diferen\u00e7as entre sabonetes em barra e l\u00edquidos, e saiba como escolher o melhor tipo para o seu tipo de pele e rotina de cuidados.\" \/>\n<meta property=\"og:url\" content=\"https:\/\/www.em.com.br\/emfoco\/2025\/03\/11\/sabonete-em-barra-ou-liquido-veja-qual-e-o-melhor-para-sua-pele\/\" \/>\n<meta property=\"og:site_name\" content=\"Estado de Minas - Em foco\" \/>\n<meta property=\"article:published_time\" content=\"2025-03-11T13:40:03+00:00\" \/>\n<meta property=\"article:modified_time\" content=\"2025-03-10T13:54:00+00:00\" \/>\n<meta property=\"og:image\" content=\"https:\/\/www.em.com.br\/emfoco\/wp-content\/uploads\/2025\/03\/sabonete_1741614223961.jpg\" \/>\n\t<meta property=\"og:image:width\" content=\"1280\" \/>\n\t<meta property=\"og:image:height\" content=\"720\" \/>\n\t<meta property=\"og:image:type\" content=\"image\/jpeg\" \/>\n<meta name=\"author\" content=\"Daniely Cardoso\" \/>\n<meta name=\"twitter:card\" content=\"summary_large_image\" \/>\n<meta name=\"twitter:label1\" content=\"Escrito por\" \/>\n\t<meta name=\"twitter:data1\" content=\"Daniely Cardoso\" \/>\n\t<meta name=\"twitter:label2\" content=\"Est. tempo de leitura\" \/>\n\t<meta name=\"twitter:data2\" content=\"4 minutos\" \/>\n<!-- \/ Yoast SEO plugin. -->","yoast_head_json":{"title":"Sabonete em barra ou l\u00edquido? Veja qual \u00e9 o melhor para sua pele","description":"Veja as diferen\u00e7as entre sabonetes em barra e l\u00edquidos, e saiba como escolher o melhor tipo para o seu tipo de pele e rotina de cuidados.","robots":{"index":"index","follow":"follow","max-snippet":"max-snippet:-1","max-image-preview":"max-image-preview:large","max-video-preview":"max-video-preview:-1"},"canonical":"https:\/\/www.em.com.br\/emfoco\/2025\/03\/11\/sabonete-em-barra-ou-liquido-veja-qual-e-o-melhor-para-sua-pele\/","og_locale":"pt_BR","og_type":"article","og_title":"Sabonete em barra ou l\u00edquido? Veja qual \u00e9 o melhor para sua pele","og_description":"Veja as diferen\u00e7as entre sabonetes em barra e l\u00edquidos, e saiba como escolher o melhor tipo para o seu tipo de pele e rotina de cuidados.","og_url":"https:\/\/www.em.com.br\/emfoco\/2025\/03\/11\/sabonete-em-barra-ou-liquido-veja-qual-e-o-melhor-para-sua-pele\/","og_site_name":"Estado de Minas - Em foco","article_published_time":"2025-03-11T13:40:03+00:00","article_modified_time":"2025-03-10T13:54:00+00:00","og_image":[{"width":1280,"height":720,"url":"https:\/\/www.em.com.br\/emfoco\/wp-content\/uploads\/2025\/03\/sabonete_1741614223961.jpg","type":"image\/jpeg"}],"author":"Daniely Cardoso","twitter_card":"summary_large_image","twitter_misc":{"Escrito por":"Daniely Cardoso","Est. tempo de leitura":"4 minutos"},"schema":{"@context":"https:\/\/schema.org","@graph":[{"@type":"WebPage","@id":"https:\/\/www.em.com.br\/emfoco\/2025\/03\/11\/sabonete-em-barra-ou-liquido-veja-qual-e-o-melhor-para-sua-pele\/","url":"https:\/\/www.em.com.br\/emfoco\/2025\/03\/11\/sabonete-em-barra-ou-liquido-veja-qual-e-o-melhor-para-sua-pele\/","name":"Sabonete em barra ou l\u00edquido? Veja qual \u00e9 o melhor para sua pele","isPartOf":{"@id":"https:\/\/www.em.com.br\/emfoco\/#website"},"primaryImageOfPage":{"@id":"https:\/\/www.em.com.br\/emfoco\/2025\/03\/11\/sabonete-em-barra-ou-liquido-veja-qual-e-o-melhor-para-sua-pele\/#primaryimage"},"image":{"@id":"https:\/\/www.em.com.br\/emfoco\/2025\/03\/11\/sabonete-em-barra-ou-liquido-veja-qual-e-o-melhor-para-sua-pele\/#primaryimage"},"thumbnailUrl":"https:\/\/www.em.com.br\/emfoco\/wp-content\/uploads\/2025\/03\/sabonete_1741614223961.jpg","datePublished":"2025-03-11T13:40:03+00:00","dateModified":"2025-03-10T13:54:00+00:00","author":{"@id":"https:\/\/www.em.com.br\/emfoco\/#\/schema\/person\/0a8186d72f2c3a5c6276d90b41f271a0"},"description":"Veja as diferen\u00e7as entre sabonetes em barra e l\u00edquidos, e saiba como escolher o melhor tipo para o seu tipo de pele e rotina de cuidados.","breadcrumb":{"@id":"https:\/\/www.em.com.br\/emfoco\/2025\/03\/11\/sabonete-em-barra-ou-liquido-veja-qual-e-o-melhor-para-sua-pele\/#breadcrumb"},"inLanguage":"pt-BR","potentialAction":[{"@type":"ReadAction","target":["https:\/\/www.em.com.br\/emfoco\/2025\/03\/11\/sabonete-em-barra-ou-liquido-veja-qual-e-o-melhor-para-sua-pele\/"]}]},{"@type":"ImageObject","inLanguage":"pt-BR","@id":"https:\/\/www.em.com.br\/emfoco\/2025\/03\/11\/sabonete-em-barra-ou-liquido-veja-qual-e-o-melhor-para-sua-pele\/#primaryimage","url":"https:\/\/www.em.com.br\/emfoco\/wp-content\/uploads\/2025\/03\/sabonete_1741614223961.jpg","contentUrl":"https:\/\/www.em.com.br\/emfoco\/wp-content\/uploads\/2025\/03\/sabonete_1741614223961.jpg","width":1280,"height":720,"caption":"Sabonete - Cr\u00e9ditos: depositphotos.com \/ IgorVetushko"},{"@type":"BreadcrumbList","@id":"https:\/\/www.em.com.br\/emfoco\/2025\/03\/11\/sabonete-em-barra-ou-liquido-veja-qual-e-o-melhor-para-sua-pele\/#breadcrumb","itemListElement":[{"@type":"ListItem","position":1,"name":"In\u00edcio","item":"https:\/\/www.em.com.br\/emfoco\/"},{"@type":"ListItem","position":2,"name":"Sabonete em barra ou l\u00edquido? Veja qual \u00e9 o melhor para sua pele"}]},{"@type":"WebSite","@id":"https:\/\/www.em.com.br\/emfoco\/#website","url":"https:\/\/www.em.com.br\/emfoco\/","name":"Estado de Minas - Em foco","description":"Acompanhe as \u00faltimas not\u00edcias e fique bem informado sobre tudo o que acontece em Minas Gerais, Brasil e no mundo.","potentialAction":[{"@type":"SearchAction","target":{"@type":"EntryPoint","urlTemplate":"https:\/\/www.em.com.br\/emfoco\/?s={search_term_string}"},"query-input":{"@type":"PropertyValueSpecification","valueRequired":true,"valueName":"search_term_string"}}],"inLanguage":"pt-BR"},{"@type":"Person","@id":"https:\/\/www.em.com.br\/emfoco\/#\/schema\/person\/0a8186d72f2c3a5c6276d90b41f271a0","name":"Daniely Cardoso","image":{"@type":"ImageObject","inLanguage":"pt-BR","@id":"https:\/\/www.em.com.br\/emfoco\/#\/schema\/person\/image\/","url":"https:\/\/secure.gravatar.com\/avatar\/4b80ddbd124d1f071b626d52d62e5dff?s=96&d=mm&r=g","contentUrl":"https:\/\/secure.gravatar.com\/avatar\/4b80ddbd124d1f071b626d52d62e5dff?s=96&d=mm&r=g","caption":"Daniely Cardoso"},"url":"https:\/\/www.em.com.br\/emfoco\/author\/danielymyth\/"}]}},"_links":{"self":[{"href":"https:\/\/www.em.com.br\/emfoco\/wp-json\/wp\/v2\/posts\/26886","targetHints":{"allow":["GET"]}}],"collection":[{"href":"https:\/\/www.em.com.br\/emfoco\/wp-json\/wp\/v2\/posts"}],"about":[{"href":"https:\/\/www.em.com.br\/emfoco\/wp-json\/wp\/v2\/types\/post"}],"author":[{"embeddable":true,"href":"https:\/\/www.em.com.br\/emfoco\/wp-json\/wp\/v2\/users\/9"}],"replies":[{"embeddable":true,"href":"https:\/\/www.em.com.br\/emfoco\/wp-json\/wp\/v2\/comments?post=26886"}],"version-history":[{"count":2,"href":"https:\/\/www.em.com.br\/emfoco\/wp-json\/wp\/v2\/posts\/26886\/revisions"}],"predecessor-version":[{"id":26909,"href":"https:\/\/www.em.com.br\/emfoco\/wp-json\/wp\/v2\/posts\/26886\/revisions\/26909"}],"wp:featuredmedia":[{"embeddable":true,"href":"https:\/\/www.em.com.br\/emfoco\/wp-json\/wp\/v2\/media\/26907"}],"wp:attachment":[{"href":"https:\/\/www.em.com.br\/emfoco\/wp-json\/wp\/v2\/media?parent=26886"}],"wp:term":[{"taxonomy":"category","embeddable":true,"href":"https:\/\/www.em.com.br\/emfoco\/wp-json\/wp\/v2\/categories?post=26886"},{"taxonomy":"post_tag","embeddable":true,"href":"https:\/\/www.em.com.br\/emfoco\/wp-json\/wp\/v2\/tags?post=26886"}],"curies":[{"name":"wp","href":"https:\/\/api.w.org\/{rel}","templated":true}]}}