{"id":26731,"date":"2025-03-09T20:20:00","date_gmt":"2025-03-09T23:20:00","guid":{"rendered":"https:\/\/www.em.com.br\/emfoco\/?p=26731"},"modified":"2025-03-08T15:34:23","modified_gmt":"2025-03-08T18:34:23","slug":"esta-em-dia-com-o-inss-saiba-tudo-sobre-as-novas-aliquotas-em-2025","status":"publish","type":"post","link":"https:\/\/www.em.com.br\/emfoco\/2025\/03\/09\/esta-em-dia-com-o-inss-saiba-tudo-sobre-as-novas-aliquotas-em-2025\/","title":{"rendered":"Est\u00e1 em dia com o INSS? Saiba tudo sobre as novas al\u00edquotas em 2025"},"content":{"rendered":"\n<p>O <a href=\"https:\/\/www.gov.br\/inss\/pt-br\" target=\"_blank\" rel=\"noreferrer noopener\"><strong>Instituto Nacional do Seguro Social (INSS)<\/strong> <\/a>\u00e9 respons\u00e1vel por gerenciar a previd\u00eancia social no Brasil, garantindo benef\u00edcios como aposentadoria, pens\u00e3o por morte e aux\u00edlio-doen\u00e7a. A contribui\u00e7\u00e3o ao INSS \u00e9 obrigat\u00f3ria para a maioria dos trabalhadores, variando conforme o tipo de v\u00ednculo empregat\u00edcio e a faixa salarial. Em 2025, as regras de contribui\u00e7\u00e3o permanecem alinhadas com as diretrizes estabelecidas para assegurar a prote\u00e7\u00e3o social dos trabalhadores.<\/p>\n\n\n\n<p>Os trabalhadores formais, aut\u00f4nomos e <a href=\"https:\/\/www.em.com.br\/emfoco\/2025\/03\/04\/quer-ser-mei-essas-8-profissoes-pagam-menos-impostos-e-tem-mais-beneficios\/\" target=\"_blank\" rel=\"noreferrer noopener\"><strong>microempreendedores individuais (MEIs)<\/strong> <\/a>devem estar atentos \u00e0s suas obriga\u00e7\u00f5es contributivas. A tabela do INSS define as al\u00edquotas de contribui\u00e7\u00e3o, aplicadas conforme a faixa salarial. Essa tabela \u00e9 essencial para calcular o valor a ser descontado do sal\u00e1rio dos empregados ou pago pelos contribuintes informais.<\/p>\n\n\n\n<h2 class=\"wp-block-heading\">Quem est\u00e1 realmente obrigado a contribuir?<\/h2>\n\n\n\n<p>A contribui\u00e7\u00e3o ao INSS \u00e9 autom\u00e1tica para trabalhadores com carteira assinada, enquanto aut\u00f4nomos e MEIs devem realizar o pagamento de forma independente. Trabalhadores <strong>CLT <\/strong>t\u00eam a contribui\u00e7\u00e3o descontada diretamente do sal\u00e1rio, com base na tabela progressiva do INSS. Para aut\u00f4nomos, a contribui\u00e7\u00e3o pode ser feita com al\u00edquotas de 11% ou 20%, dependendo do sal\u00e1rio de contribui\u00e7\u00e3o escolhido.<\/p>\n\n\n\n<p>Os MEIs contribuem mensalmente com uma al\u00edquota fixa de 5% sobre o sal\u00e1rio m\u00ednimo, podendo optar por uma contribui\u00e7\u00e3o adicional para garantir a aposentadoria por tempo de contribui\u00e7\u00e3o. Al\u00e9m disso, contribuintes facultativos, como estudantes e donas de casa, podem optar por contribuir para o INSS para assegurar benef\u00edcios futuros.<\/p>\n\n\n\n<h2 class=\"wp-block-heading\">Como entender a tabela de contribui\u00e7\u00e3o do INSS em 2025?<\/h2>\n\n\n\n<p>A tabela de contribui\u00e7\u00e3o do INSS em 2025 \u00e9 progressiva, com al\u00edquotas que variam de 7,5% a 14%, dependendo da faixa salarial. Para empregados, o desconto \u00e9 feito diretamente na folha de pagamento. J\u00e1 para aut\u00f4nomos e MEIs, o recolhimento \u00e9 realizado por meio de guias espec\u00edficas, como a <strong>Guia da Previd\u00eancia Social (GPS)<\/strong> e o <strong>Documento de Arrecada\u00e7\u00e3o do Simples Nacional (DAS)<\/strong>.<\/p>\n\n\n\n<figure class=\"wp-block-image size-large\"><img loading=\"lazy\" decoding=\"async\" width=\"1024\" height=\"576\" src=\"https:\/\/www.em.com.br\/emfoco\/wp-content\/uploads\/2025\/03\/inss_1741449260760-1024x576.jpg\" alt=\"\" class=\"wp-image-26766\" srcset=\"https:\/\/www.em.com.br\/emfoco\/wp-content\/uploads\/2025\/03\/inss_1741449260760-1024x576.jpg 1024w, https:\/\/www.em.com.br\/emfoco\/wp-content\/uploads\/2025\/03\/inss_1741449260760-300x169.jpg 300w, https:\/\/www.em.com.br\/emfoco\/wp-content\/uploads\/2025\/03\/inss_1741449260760-768x432.jpg 768w, https:\/\/www.em.com.br\/emfoco\/wp-content\/uploads\/2025\/03\/inss_1741449260760-750x422.jpg 750w, https:\/\/www.em.com.br\/emfoco\/wp-content\/uploads\/2025\/03\/inss_1741449260760-1140x641.jpg 1140w, https:\/\/www.em.com.br\/emfoco\/wp-content\/uploads\/2025\/03\/inss_1741449260760.jpg 1280w\" sizes=\"auto, (max-width: 1024px) 100vw, 1024px\" \/><figcaption class=\"wp-element-caption\">App INSS &#8211; Cr\u00e9ditos: depositphotos.com \/ rmcarvalhobsb<\/figcaption><\/figure>\n\n\n\n<p>Os segurados especiais, como produtores rurais, t\u00eam uma al\u00edquota de 1,3% sobre a receita bruta da comercializa\u00e7\u00e3o da produ\u00e7\u00e3o. Al\u00e9m disso, eles podem optar por uma contribui\u00e7\u00e3o facultativa para obter benef\u00edcios superiores ao sal\u00e1rio m\u00ednimo.<\/p>\n\n\n\n<h2 class=\"wp-block-heading\">Quem tem o direito de ser isento da contribui\u00e7\u00e3o ao INSS?<\/h2>\n\n\n\n<p>Embora a maioria dos trabalhadores deva contribuir para o INSS, algumas categorias est\u00e3o isentas. Aposentados por invalidez, benefici\u00e1rios do <strong>Benef\u00edcio de Presta\u00e7\u00e3o Continuada (BPC\/LOAS)<\/strong> e servidores p\u00fablicos sujeitos a regimes pr\u00f3prios de previd\u00eancia n\u00e3o s\u00e3o obrigados a contribuir. Al\u00e9m disso, estagi\u00e1rios, donas de casa e s\u00edndicos de condom\u00ednio n\u00e3o remunerados tamb\u00e9m est\u00e3o isentos.<\/p>\n\n\n\n<p>\u00c9 importante que cada trabalhador conhe\u00e7a suas obriga\u00e7\u00f5es e direitos em rela\u00e7\u00e3o \u00e0 contribui\u00e7\u00e3o ao INSS, garantindo assim a prote\u00e7\u00e3o social adequada e o acesso aos benef\u00edcios previdenci\u00e1rios dispon\u00edveis.<\/p>\n\n\n\n<h2 class=\"wp-block-heading\">Como consultar e pagar a sua contribui\u00e7\u00e3o?<\/h2>\n\n\n\n<p>Para pagar a contribui\u00e7\u00e3o ao INSS, os contribuintes devem gerar a guia GPS atrav\u00e9s do site ou aplicativo &#8220;<strong>Meu INSS<\/strong>&#8220;. O processo \u00e9 simples e envolve o preenchimento de dados pessoais e de contribui\u00e7\u00e3o. Ap\u00f3s a gera\u00e7\u00e3o da guia, o pagamento pode ser realizado em bancos ou casas lot\u00e9ricas.<\/p>\n\n\n\n<p>Os MEIs devem acessar o<strong> Programa Gerador de DAS do Microempreendedor Individual (PGMEI) <\/strong>para emitir a guia de pagamento. A consulta ao extrato de contribui\u00e7\u00f5es tamb\u00e9m pode ser feita pelo &#8220;Meu INSS&#8221;, garantindo que o contribuinte acompanhe suas contribui\u00e7\u00f5es e mantenha sua situa\u00e7\u00e3o regularizada.<\/p>\n\n\n\n<p><\/p>\n","protected":false},"excerpt":{"rendered":"<p>O Instituto Nacional do Seguro Social (INSS) \u00e9 respons\u00e1vel por gerenciar a previd\u00eancia social no Brasil, garantindo benef\u00edcios como aposentadoria, pens\u00e3o por morte e aux\u00edlio-doen\u00e7a. A contribui\u00e7\u00e3o ao INSS \u00e9 obrigat\u00f3ria para a maioria dos trabalhadores, variando conforme o tipo de v\u00ednculo empregat\u00edcio e a faixa salarial. Em 2025, as regras de contribui\u00e7\u00e3o permanecem alinhadas [&hellip;]<\/p>\n","protected":false},"author":11,"featured_media":25377,"comment_status":"open","ping_status":"open","sticky":false,"template":"","format":"standard","meta":{"jnews-multi-image_gallery":[],"jnews_single_post":{"format":"standard"},"jnews_primary_category":[],"jnews_social_meta":[],"jnews_override_counter":[],"footnotes":""},"categories":[28,1],"tags":[259,219,174],"class_list":["post-26731","post","type-post","status-publish","format-standard","has-post-thumbnail","hentry","category-economia","category-noticias","tag-beneficio","tag-contribuicao","tag-inss"],"yoast_head":"<!-- This site is optimized with the Yoast SEO plugin v23.8 - https:\/\/yoast.com\/wordpress\/plugins\/seo\/ -->\n<title>Est\u00e1 em dia com o INSS? Saiba tudo sobre as novas al\u00edquotas em 2025 - Estado de Minas - Em foco<\/title>\n<meta name=\"description\" content=\"Entenda como as novas regras de contribui\u00e7\u00e3o ao INSS em 2025 afetam os trabalhadores. Confira as al\u00edquotas, isen\u00e7\u00f5es e formas de pagamento.\" \/>\n<meta name=\"robots\" content=\"index, follow, max-snippet:-1, max-image-preview:large, max-video-preview:-1\" \/>\n<link rel=\"canonical\" href=\"https:\/\/www.em.com.br\/emfoco\/2025\/03\/09\/esta-em-dia-com-o-inss-saiba-tudo-sobre-as-novas-aliquotas-em-2025\/\" \/>\n<meta property=\"og:locale\" content=\"pt_BR\" \/>\n<meta property=\"og:type\" content=\"article\" \/>\n<meta property=\"og:title\" content=\"Est\u00e1 em dia com o INSS? Saiba tudo sobre as novas al\u00edquotas em 2025 - Estado de Minas - Em foco\" \/>\n<meta property=\"og:description\" content=\"Entenda como as novas regras de contribui\u00e7\u00e3o ao INSS em 2025 afetam os trabalhadores. Confira as al\u00edquotas, isen\u00e7\u00f5es e formas de pagamento.\" \/>\n<meta property=\"og:url\" content=\"https:\/\/www.em.com.br\/emfoco\/2025\/03\/09\/esta-em-dia-com-o-inss-saiba-tudo-sobre-as-novas-aliquotas-em-2025\/\" \/>\n<meta property=\"og:site_name\" content=\"Estado de Minas - Em foco\" \/>\n<meta property=\"article:published_time\" content=\"2025-03-09T23:20:00+00:00\" \/>\n<meta property=\"article:modified_time\" content=\"2025-03-08T18:34:23+00:00\" \/>\n<meta property=\"og:image\" content=\"https:\/\/www.em.com.br\/emfoco\/wp-content\/uploads\/2025\/03\/INSS_1741148407318.jpg\" \/>\n\t<meta property=\"og:image:width\" content=\"1280\" \/>\n\t<meta property=\"og:image:height\" content=\"720\" \/>\n\t<meta property=\"og:image:type\" content=\"image\/jpeg\" \/>\n<meta name=\"author\" content=\"Andre\u0301 Rangel\u00a0\" \/>\n<meta name=\"twitter:card\" content=\"summary_large_image\" \/>\n<meta name=\"twitter:label1\" content=\"Escrito por\" \/>\n\t<meta name=\"twitter:data1\" content=\"Andre\u0301 Rangel\u00a0\" \/>\n\t<meta name=\"twitter:label2\" content=\"Est. tempo de leitura\" \/>\n\t<meta name=\"twitter:data2\" content=\"4 minutos\" \/>\n<!-- \/ Yoast SEO plugin. -->","yoast_head_json":{"title":"Est\u00e1 em dia com o INSS? Saiba tudo sobre as novas al\u00edquotas em 2025 - Estado de Minas - Em foco","description":"Entenda como as novas regras de contribui\u00e7\u00e3o ao INSS em 2025 afetam os trabalhadores. Confira as al\u00edquotas, isen\u00e7\u00f5es e formas de pagamento.","robots":{"index":"index","follow":"follow","max-snippet":"max-snippet:-1","max-image-preview":"max-image-preview:large","max-video-preview":"max-video-preview:-1"},"canonical":"https:\/\/www.em.com.br\/emfoco\/2025\/03\/09\/esta-em-dia-com-o-inss-saiba-tudo-sobre-as-novas-aliquotas-em-2025\/","og_locale":"pt_BR","og_type":"article","og_title":"Est\u00e1 em dia com o INSS? Saiba tudo sobre as novas al\u00edquotas em 2025 - Estado de Minas - Em foco","og_description":"Entenda como as novas regras de contribui\u00e7\u00e3o ao INSS em 2025 afetam os trabalhadores. Confira as al\u00edquotas, isen\u00e7\u00f5es e formas de pagamento.","og_url":"https:\/\/www.em.com.br\/emfoco\/2025\/03\/09\/esta-em-dia-com-o-inss-saiba-tudo-sobre-as-novas-aliquotas-em-2025\/","og_site_name":"Estado de Minas - Em foco","article_published_time":"2025-03-09T23:20:00+00:00","article_modified_time":"2025-03-08T18:34:23+00:00","og_image":[{"width":1280,"height":720,"url":"https:\/\/www.em.com.br\/emfoco\/wp-content\/uploads\/2025\/03\/INSS_1741148407318.jpg","type":"image\/jpeg"}],"author":"Andre\u0301 Rangel\u00a0","twitter_card":"summary_large_image","twitter_misc":{"Escrito por":"Andre\u0301 Rangel\u00a0","Est. tempo de leitura":"4 minutos"},"schema":{"@context":"https:\/\/schema.org","@graph":[{"@type":"WebPage","@id":"https:\/\/www.em.com.br\/emfoco\/2025\/03\/09\/esta-em-dia-com-o-inss-saiba-tudo-sobre-as-novas-aliquotas-em-2025\/","url":"https:\/\/www.em.com.br\/emfoco\/2025\/03\/09\/esta-em-dia-com-o-inss-saiba-tudo-sobre-as-novas-aliquotas-em-2025\/","name":"Est\u00e1 em dia com o INSS? Saiba tudo sobre as novas al\u00edquotas em 2025 - Estado de Minas - Em foco","isPartOf":{"@id":"https:\/\/www.em.com.br\/emfoco\/#website"},"primaryImageOfPage":{"@id":"https:\/\/www.em.com.br\/emfoco\/2025\/03\/09\/esta-em-dia-com-o-inss-saiba-tudo-sobre-as-novas-aliquotas-em-2025\/#primaryimage"},"image":{"@id":"https:\/\/www.em.com.br\/emfoco\/2025\/03\/09\/esta-em-dia-com-o-inss-saiba-tudo-sobre-as-novas-aliquotas-em-2025\/#primaryimage"},"thumbnailUrl":"https:\/\/www.em.com.br\/emfoco\/wp-content\/uploads\/2025\/03\/INSS_1741148407318.jpg","datePublished":"2025-03-09T23:20:00+00:00","dateModified":"2025-03-08T18:34:23+00:00","author":{"@id":"https:\/\/www.em.com.br\/emfoco\/#\/schema\/person\/60eda09c1fedf0d6891f4cef4b60b8b8"},"description":"Entenda como as novas regras de contribui\u00e7\u00e3o ao INSS em 2025 afetam os trabalhadores. Confira as al\u00edquotas, isen\u00e7\u00f5es e formas de pagamento.","breadcrumb":{"@id":"https:\/\/www.em.com.br\/emfoco\/2025\/03\/09\/esta-em-dia-com-o-inss-saiba-tudo-sobre-as-novas-aliquotas-em-2025\/#breadcrumb"},"inLanguage":"pt-BR","potentialAction":[{"@type":"ReadAction","target":["https:\/\/www.em.com.br\/emfoco\/2025\/03\/09\/esta-em-dia-com-o-inss-saiba-tudo-sobre-as-novas-aliquotas-em-2025\/"]}]},{"@type":"ImageObject","inLanguage":"pt-BR","@id":"https:\/\/www.em.com.br\/emfoco\/2025\/03\/09\/esta-em-dia-com-o-inss-saiba-tudo-sobre-as-novas-aliquotas-em-2025\/#primaryimage","url":"https:\/\/www.em.com.br\/emfoco\/wp-content\/uploads\/2025\/03\/INSS_1741148407318.jpg","contentUrl":"https:\/\/www.em.com.br\/emfoco\/wp-content\/uploads\/2025\/03\/INSS_1741148407318.jpg","width":1280,"height":720,"caption":"A maior mudan\u00e7a do INSS - Cr\u00e9ditos: depositphotos.com \/ joasouza"},{"@type":"BreadcrumbList","@id":"https:\/\/www.em.com.br\/emfoco\/2025\/03\/09\/esta-em-dia-com-o-inss-saiba-tudo-sobre-as-novas-aliquotas-em-2025\/#breadcrumb","itemListElement":[{"@type":"ListItem","position":1,"name":"In\u00edcio","item":"https:\/\/www.em.com.br\/emfoco\/"},{"@type":"ListItem","position":2,"name":"Est\u00e1 em dia com o INSS? Saiba tudo sobre as novas al\u00edquotas em 2025"}]},{"@type":"WebSite","@id":"https:\/\/www.em.com.br\/emfoco\/#website","url":"https:\/\/www.em.com.br\/emfoco\/","name":"Estado de Minas - Em foco","description":"Acompanhe as \u00faltimas not\u00edcias e fique bem informado sobre tudo o que acontece em Minas Gerais, Brasil e no mundo.","potentialAction":[{"@type":"SearchAction","target":{"@type":"EntryPoint","urlTemplate":"https:\/\/www.em.com.br\/emfoco\/?s={search_term_string}"},"query-input":{"@type":"PropertyValueSpecification","valueRequired":true,"valueName":"search_term_string"}}],"inLanguage":"pt-BR"},{"@type":"Person","@id":"https:\/\/www.em.com.br\/emfoco\/#\/schema\/person\/60eda09c1fedf0d6891f4cef4b60b8b8","name":"Andre\u0301 Rangel\u00a0","image":{"@type":"ImageObject","inLanguage":"pt-BR","@id":"https:\/\/www.em.com.br\/emfoco\/#\/schema\/person\/image\/","url":"https:\/\/secure.gravatar.com\/avatar\/6234dc814c77c8ef6d8bba622c787efc?s=96&d=mm&r=g","contentUrl":"https:\/\/secure.gravatar.com\/avatar\/6234dc814c77c8ef6d8bba622c787efc?s=96&d=mm&r=g","caption":"Andre\u0301 Rangel\u00a0"},"url":"https:\/\/www.em.com.br\/emfoco\/author\/luizmyth\/"}]}},"_links":{"self":[{"href":"https:\/\/www.em.com.br\/emfoco\/wp-json\/wp\/v2\/posts\/26731","targetHints":{"allow":["GET"]}}],"collection":[{"href":"https:\/\/www.em.com.br\/emfoco\/wp-json\/wp\/v2\/posts"}],"about":[{"href":"https:\/\/www.em.com.br\/emfoco\/wp-json\/wp\/v2\/types\/post"}],"author":[{"embeddable":true,"href":"https:\/\/www.em.com.br\/emfoco\/wp-json\/wp\/v2\/users\/11"}],"replies":[{"embeddable":true,"href":"https:\/\/www.em.com.br\/emfoco\/wp-json\/wp\/v2\/comments?post=26731"}],"version-history":[{"count":6,"href":"https:\/\/www.em.com.br\/emfoco\/wp-json\/wp\/v2\/posts\/26731\/revisions"}],"predecessor-version":[{"id":26805,"href":"https:\/\/www.em.com.br\/emfoco\/wp-json\/wp\/v2\/posts\/26731\/revisions\/26805"}],"wp:featuredmedia":[{"embeddable":true,"href":"https:\/\/www.em.com.br\/emfoco\/wp-json\/wp\/v2\/media\/25377"}],"wp:attachment":[{"href":"https:\/\/www.em.com.br\/emfoco\/wp-json\/wp\/v2\/media?parent=26731"}],"wp:term":[{"taxonomy":"category","embeddable":true,"href":"https:\/\/www.em.com.br\/emfoco\/wp-json\/wp\/v2\/categories?post=26731"},{"taxonomy":"post_tag","embeddable":true,"href":"https:\/\/www.em.com.br\/emfoco\/wp-json\/wp\/v2\/tags?post=26731"}],"curies":[{"name":"wp","href":"https:\/\/api.w.org\/{rel}","templated":true}]}}