{"id":26665,"date":"2025-03-09T20:00:00","date_gmt":"2025-03-09T23:00:00","guid":{"rendered":"https:\/\/www.em.com.br\/emfoco\/?p=26665"},"modified":"2025-06-16T15:45:17","modified_gmt":"2025-06-16T18:45:17","slug":"a-polemica-por-tras-dos-limitadores-de-velocidade-liberdade-ou-seguranca-confira","status":"publish","type":"post","link":"https:\/\/www.em.com.br\/emfoco\/2025\/03\/09\/a-polemica-por-tras-dos-limitadores-de-velocidade-liberdade-ou-seguranca-confira\/","title":{"rendered":"A pol\u00eamica por tr\u00e1s dos limitadores de velocidade: liberdade ou seguran\u00e7a? Confira"},"content":{"rendered":"\n<p>A briga est\u00e1 armada entre quem quer seguran\u00e7a e quem quer liberdade.<a href=\"https:\/\/www.mapfre.com.br\/para-voce\/seguro-auto\/artigos\/o-que-e-limitador-de-velocidade-do-carro-e-para-que-serve\/\" target=\"_blank\" rel=\"noreferrer noopener\"> <strong>Limitadores de velocidade<\/strong> <\/a>est\u00e3o chegando nos carros novos e prometem acabar com a farra de quem gosta de pisar fundo. Esse sistema n\u00e3o deixa o carro passar de uma velocidade determinada, mesmo que voc\u00ea queira voar na estrada.<\/p>\n\n\n\n<p>A tecnologia j\u00e1 \u00e9 realidade em v\u00e1rios pa\u00edses. Os <strong>Estados Unidos<\/strong> come\u00e7aram a exigir o <strong>Sistema de Controle Autom\u00e1tico de Velocidade (ACLS)<\/strong> em todos os carros novos. Ele usa c\u00e2meras e <strong>GPS<\/strong> para vigiar se voc\u00ea est\u00e1 respeitando os limites. \u00c9 como ter um instrutor de autoescola eletr\u00f4nico que nunca te deixa em paz.<\/p>\n\n\n\n<h2 class=\"wp-block-heading\">Como esses limitadores realmente funcionam?<\/h2>\n\n\n\n<p>O sistema \u00e9 mais esperto que voc\u00ea imagina. Ele combina reconhecimento de placas de tr\u00e2nsito com mapas digitais atualizados. Quando voc\u00ea passa dos limites permitidos, come\u00e7a o show de alertas. Primeiro vem o bipe chato, depois luzes piscando no painel e, se voc\u00ea insistir, o carro literalmente trava a acelera\u00e7\u00e3o.<\/p>\n\n\n\n<p>Alguns modelos mais avan\u00e7ados fazem o pedal vibrar ou endurecer quando voc\u00ea tenta acelerar demais. \u00c9 como se o <a href=\"https:\/\/www.em.com.br\/emfoco\/2025\/01\/05\/o-carro-que-desafiou-o-mercado-veja-quem-ainda-valoriza-em-2024\/\" target=\"_blank\" rel=\"noreferrer noopener\">carro <\/a>estivesse brigando com voc\u00ea. Al\u00e9m disso, muitos sistemas conseguem reduzir automaticamente a pot\u00eancia do motor, for\u00e7ando voc\u00ea a desacelerar. \u00c9 tecnologia de ponta a servi\u00e7o da seguran\u00e7a &#8211; ou do controle, dependendo do seu ponto de vista.<\/p>\n\n\n\n<h2 class=\"wp-block-heading\">Por que nem todo mundo est\u00e1 feliz com isso?<\/h2>\n\n\n\n<p>A resist\u00eancia \u00e9 real e tem motivos. Muita gente v\u00ea esses limitadores como invas\u00e3o da privacidade e perda de liberdade. \u00c9 aquela sensa\u00e7\u00e3o de que algu\u00e9m est\u00e1 controlando como voc\u00ea dirige seu pr\u00f3prio carro. Para quem gosta de velocidade, \u00e9 quase uma ofensa pessoal.<\/p>\n\n\n\n<p>As montadoras de carros esportivos est\u00e3o em p\u00e2nico. Como vender uma <strong>Ferrari<\/strong> ou <strong>Lamborghini<\/strong> que n\u00e3o pode passar de 120 km\/h? \u00c9 como vender um viol\u00e3o sem cordas. O apelo desses carros sempre foi a possibilidade de acelerar sem limites, pelo menos em pistas fechadas. Agora isso pode virar hist\u00f3ria.<\/p>\n\n\n\n<h2 class=\"wp-block-heading\">Qual o impacto real na seguran\u00e7a das estradas?<\/h2>\n\n\n\n<p>Os n\u00fameros n\u00e3o mentem: velocidade mata. Estudos mostram que reduzir apenas 5 km\/h na velocidade m\u00e9dia pode diminuir acidentes fatais em at\u00e9 20%. Os limitadores s\u00e3o uma ferramenta poderosa para atingir esse objetivo. \u00c9 matem\u00e1tica pura: menos velocidade, menos mortes.<\/p>\n\n\n\n<p>Mas a efic\u00e1cia depende da aceita\u00e7\u00e3o dos motoristas. Se todo mundo tentar burlar o sistema ou simplesmente desligar a fun\u00e7\u00e3o, n\u00e3o adianta nada. \u00c9 como cintos de seguran\u00e7a &#8211; s\u00f3 funcionam se as pessoas usarem. A tecnologia existe, mas a mudan\u00e7a de comportamento \u00e9 o verdadeiro desafio.<\/p>\n\n\n\n<h2 class=\"wp-block-heading\">Como isso afeta o consumo de combust\u00edvel?<\/h2>\n\n\n\n<p>Aqui tem uma vantagem que pouca gente fala: economia. Dirigir em velocidades controladas faz o motor trabalhar de forma mais eficiente. O resultado \u00e9 menos combust\u00edvel queimado e menos dinheiro gasto no posto. Para carros el\u00e9tricos, significa mais autonomia.<\/p>\n\n\n\n<p>\u00c9 como andar de bicicleta: voc\u00ea chega mais longe pedalando no ritmo certo do que tentando correr o tempo todo. Os limitadores for\u00e7am essa efici\u00eancia, querendo voc\u00ea ou n\u00e3o. No final do m\u00eas, pode fazer diferen\u00e7a no or\u00e7amento &#8211; especialmente com o pre\u00e7o da gasolina nas alturas.<\/p>\n\n\n\n<h2 class=\"wp-block-heading\">Existe futuro para carros sem limitadores?<\/h2>\n\n\n\n<figure class=\"wp-block-image size-large\"><img loading=\"lazy\" decoding=\"async\" width=\"1024\" height=\"576\" src=\"https:\/\/www.em.com.br\/emfoco\/wp-content\/uploads\/2025\/03\/velocidade-carro_1741446285820-1024x576.jpg\" alt=\"\" class=\"wp-image-26709\" srcset=\"https:\/\/www.em.com.br\/emfoco\/wp-content\/uploads\/2025\/03\/velocidade-carro_1741446285820-1024x576.jpg 1024w, https:\/\/www.em.com.br\/emfoco\/wp-content\/uploads\/2025\/03\/velocidade-carro_1741446285820-300x169.jpg 300w, https:\/\/www.em.com.br\/emfoco\/wp-content\/uploads\/2025\/03\/velocidade-carro_1741446285820-768x432.jpg 768w, https:\/\/www.em.com.br\/emfoco\/wp-content\/uploads\/2025\/03\/velocidade-carro_1741446285820-750x422.jpg 750w, https:\/\/www.em.com.br\/emfoco\/wp-content\/uploads\/2025\/03\/velocidade-carro_1741446285820-1140x642.jpg 1140w, https:\/\/www.em.com.br\/emfoco\/wp-content\/uploads\/2025\/03\/velocidade-carro_1741446285820.jpg 1279w\" sizes=\"auto, (max-width: 1024px) 100vw, 1024px\" \/><figcaption class=\"wp-element-caption\">Veloc\u00edmetro &#8211; Cr\u00e9ditos: depositphotos.com \/ Olivier26<\/figcaption><\/figure>\n\n\n\n<p>A tend\u00eancia mundial aponta para um futuro onde todos os carros ter\u00e3o algum tipo de controle de velocidade. \u00c9 quest\u00e3o de tempo at\u00e9 isso chegar ao <strong>Brasil<\/strong> tamb\u00e9m. As montadoras j\u00e1 est\u00e3o se adaptando, porque sabem que \u00e9 inevit\u00e1vel.<\/p>\n\n\n\n<p>Claro que sempre vai existir mercado para carros de alta performance em pistas fechadas. Mas para uso di\u00e1rio nas ruas e estradas, a liberdade total de velocidade pode estar com os dias contados. \u00c9 evolu\u00e7\u00e3o &#8211; dolorosa para alguns, mas necess\u00e1ria para a seguran\u00e7a de todos.<\/p>\n\n\n\n<h2 class=\"wp-block-heading\">Vale a pena aceitar essa mudan\u00e7a?<\/h2>\n\n\n\n<p>Se olharmos pelos n\u00fameros de acidentes e mortes no tr\u00e2nsito, faz todo sentido. O <strong>Brasil<\/strong> tem uma das estat\u00edsticas mais tristes do mundo em acidentes de tr\u00e2nsito. Qualquer tecnologia que possa salvar vidas deveria ser bem-vinda.<\/p>\n\n\n\n<p>Por outro lado, ningu\u00e9m gosta de perder liberdade. \u00c9 natural resistir a mudan\u00e7as que limitam nossas escolhas. Mas talvez seja hora de aceitar que nossa liberdade individual n\u00e3o pode comprometer a seguran\u00e7a coletiva. \u00c9 como usar m\u00e1scara na pandemia &#8211; chato, mas necess\u00e1rio.<\/p>\n","protected":false},"excerpt":{"rendered":"<p>A briga est\u00e1 armada entre quem quer seguran\u00e7a e quem quer liberdade. Limitadores de velocidade est\u00e3o chegando nos carros novos e prometem acabar com a farra de quem gosta de pisar fundo. Esse sistema n\u00e3o deixa o carro passar de uma velocidade determinada, mesmo que voc\u00ea queira voar na estrada. A tecnologia j\u00e1 \u00e9 realidade [&hellip;]<\/p>\n","protected":false},"author":11,"featured_media":26710,"comment_status":"open","ping_status":"open","sticky":false,"template":"","format":"standard","meta":{"jnews-multi-image_gallery":[],"jnews_single_post":{"format":"standard"},"jnews_primary_category":[],"jnews_social_meta":[],"jnews_override_counter":[],"footnotes":""},"categories":[27,1],"tags":[1116,4673,3034],"class_list":["post-26665","post","type-post","status-publish","format-standard","has-post-thumbnail","hentry","category-carros","category-noticias","tag-carros","tag-icones-de-veiculos","tag-manutencao"],"yoast_head":"<!-- This site is optimized with the Yoast SEO plugin v23.8 - https:\/\/yoast.com\/wordpress\/plugins\/seo\/ -->\n<title>A pol\u00eamica por tr\u00e1s dos limitadores de velocidade: liberdade ou seguran\u00e7a? Confira - Estado de Minas - Em foco<\/title>\n<meta name=\"description\" content=\"Os limitadores de velocidade t\u00eam o potencial de salvar vidas e reduzir o impacto ambiental, mas sua implementa\u00e7\u00e3o ainda enfrenta desafios.\" \/>\n<meta name=\"robots\" content=\"index, follow, max-snippet:-1, max-image-preview:large, max-video-preview:-1\" \/>\n<link rel=\"canonical\" href=\"https:\/\/www.em.com.br\/emfoco\/2025\/03\/09\/a-polemica-por-tras-dos-limitadores-de-velocidade-liberdade-ou-seguranca-confira\/\" \/>\n<meta property=\"og:locale\" content=\"pt_BR\" \/>\n<meta property=\"og:type\" content=\"article\" \/>\n<meta property=\"og:title\" content=\"A pol\u00eamica por tr\u00e1s dos limitadores de velocidade: liberdade ou seguran\u00e7a? Confira - Estado de Minas - Em foco\" \/>\n<meta property=\"og:description\" content=\"Os limitadores de velocidade t\u00eam o potencial de salvar vidas e reduzir o impacto ambiental, mas sua implementa\u00e7\u00e3o ainda enfrenta desafios.\" \/>\n<meta property=\"og:url\" content=\"https:\/\/www.em.com.br\/emfoco\/2025\/03\/09\/a-polemica-por-tras-dos-limitadores-de-velocidade-liberdade-ou-seguranca-confira\/\" \/>\n<meta property=\"og:site_name\" content=\"Estado de Minas - Em foco\" \/>\n<meta property=\"article:published_time\" content=\"2025-03-09T23:00:00+00:00\" \/>\n<meta property=\"article:modified_time\" content=\"2025-06-16T18:45:17+00:00\" \/>\n<meta property=\"og:image\" content=\"https:\/\/www.em.com.br\/emfoco\/wp-content\/uploads\/2025\/03\/velocidade-carro_1741446346790.jpg\" \/>\n\t<meta property=\"og:image:width\" content=\"1280\" \/>\n\t<meta property=\"og:image:height\" content=\"720\" \/>\n\t<meta property=\"og:image:type\" content=\"image\/jpeg\" \/>\n<meta name=\"author\" content=\"Andre\u0301 Rangel\u00a0\" \/>\n<meta name=\"twitter:card\" content=\"summary_large_image\" \/>\n<meta name=\"twitter:label1\" content=\"Escrito por\" \/>\n\t<meta name=\"twitter:data1\" content=\"Andre\u0301 Rangel\u00a0\" \/>\n\t<meta name=\"twitter:label2\" content=\"Est. tempo de leitura\" \/>\n\t<meta name=\"twitter:data2\" content=\"5 minutos\" \/>\n<!-- \/ Yoast SEO plugin. -->","yoast_head_json":{"title":"A pol\u00eamica por tr\u00e1s dos limitadores de velocidade: liberdade ou seguran\u00e7a? Confira - Estado de Minas - Em foco","description":"Os limitadores de velocidade t\u00eam o potencial de salvar vidas e reduzir o impacto ambiental, mas sua implementa\u00e7\u00e3o ainda enfrenta desafios.","robots":{"index":"index","follow":"follow","max-snippet":"max-snippet:-1","max-image-preview":"max-image-preview:large","max-video-preview":"max-video-preview:-1"},"canonical":"https:\/\/www.em.com.br\/emfoco\/2025\/03\/09\/a-polemica-por-tras-dos-limitadores-de-velocidade-liberdade-ou-seguranca-confira\/","og_locale":"pt_BR","og_type":"article","og_title":"A pol\u00eamica por tr\u00e1s dos limitadores de velocidade: liberdade ou seguran\u00e7a? Confira - Estado de Minas - Em foco","og_description":"Os limitadores de velocidade t\u00eam o potencial de salvar vidas e reduzir o impacto ambiental, mas sua implementa\u00e7\u00e3o ainda enfrenta desafios.","og_url":"https:\/\/www.em.com.br\/emfoco\/2025\/03\/09\/a-polemica-por-tras-dos-limitadores-de-velocidade-liberdade-ou-seguranca-confira\/","og_site_name":"Estado de Minas - Em foco","article_published_time":"2025-03-09T23:00:00+00:00","article_modified_time":"2025-06-16T18:45:17+00:00","og_image":[{"width":1280,"height":720,"url":"https:\/\/www.em.com.br\/emfoco\/wp-content\/uploads\/2025\/03\/velocidade-carro_1741446346790.jpg","type":"image\/jpeg"}],"author":"Andre\u0301 Rangel\u00a0","twitter_card":"summary_large_image","twitter_misc":{"Escrito por":"Andre\u0301 Rangel\u00a0","Est. tempo de leitura":"5 minutos"},"schema":{"@context":"https:\/\/schema.org","@graph":[{"@type":"WebPage","@id":"https:\/\/www.em.com.br\/emfoco\/2025\/03\/09\/a-polemica-por-tras-dos-limitadores-de-velocidade-liberdade-ou-seguranca-confira\/","url":"https:\/\/www.em.com.br\/emfoco\/2025\/03\/09\/a-polemica-por-tras-dos-limitadores-de-velocidade-liberdade-ou-seguranca-confira\/","name":"A pol\u00eamica por tr\u00e1s dos limitadores de velocidade: liberdade ou seguran\u00e7a? Confira - Estado de Minas - Em foco","isPartOf":{"@id":"https:\/\/www.em.com.br\/emfoco\/#website"},"primaryImageOfPage":{"@id":"https:\/\/www.em.com.br\/emfoco\/2025\/03\/09\/a-polemica-por-tras-dos-limitadores-de-velocidade-liberdade-ou-seguranca-confira\/#primaryimage"},"image":{"@id":"https:\/\/www.em.com.br\/emfoco\/2025\/03\/09\/a-polemica-por-tras-dos-limitadores-de-velocidade-liberdade-ou-seguranca-confira\/#primaryimage"},"thumbnailUrl":"https:\/\/www.em.com.br\/emfoco\/wp-content\/uploads\/2025\/03\/velocidade-carro_1741446346790.jpg","datePublished":"2025-03-09T23:00:00+00:00","dateModified":"2025-06-16T18:45:17+00:00","author":{"@id":"https:\/\/www.em.com.br\/emfoco\/#\/schema\/person\/60eda09c1fedf0d6891f4cef4b60b8b8"},"description":"Os limitadores de velocidade t\u00eam o potencial de salvar vidas e reduzir o impacto ambiental, mas sua implementa\u00e7\u00e3o ainda enfrenta desafios.","breadcrumb":{"@id":"https:\/\/www.em.com.br\/emfoco\/2025\/03\/09\/a-polemica-por-tras-dos-limitadores-de-velocidade-liberdade-ou-seguranca-confira\/#breadcrumb"},"inLanguage":"pt-BR","potentialAction":[{"@type":"ReadAction","target":["https:\/\/www.em.com.br\/emfoco\/2025\/03\/09\/a-polemica-por-tras-dos-limitadores-de-velocidade-liberdade-ou-seguranca-confira\/"]}]},{"@type":"ImageObject","inLanguage":"pt-BR","@id":"https:\/\/www.em.com.br\/emfoco\/2025\/03\/09\/a-polemica-por-tras-dos-limitadores-de-velocidade-liberdade-ou-seguranca-confira\/#primaryimage","url":"https:\/\/www.em.com.br\/emfoco\/wp-content\/uploads\/2025\/03\/velocidade-carro_1741446346790.jpg","contentUrl":"https:\/\/www.em.com.br\/emfoco\/wp-content\/uploads\/2025\/03\/velocidade-carro_1741446346790.jpg","width":1280,"height":720,"caption":"velocidade carro - Cr\u00e9ditos: depositphotos.com \/ MartinBech"},{"@type":"BreadcrumbList","@id":"https:\/\/www.em.com.br\/emfoco\/2025\/03\/09\/a-polemica-por-tras-dos-limitadores-de-velocidade-liberdade-ou-seguranca-confira\/#breadcrumb","itemListElement":[{"@type":"ListItem","position":1,"name":"In\u00edcio","item":"https:\/\/www.em.com.br\/emfoco\/"},{"@type":"ListItem","position":2,"name":"A pol\u00eamica por tr\u00e1s dos limitadores de velocidade: liberdade ou seguran\u00e7a? Confira"}]},{"@type":"WebSite","@id":"https:\/\/www.em.com.br\/emfoco\/#website","url":"https:\/\/www.em.com.br\/emfoco\/","name":"Estado de Minas - Em foco","description":"Acompanhe as \u00faltimas not\u00edcias e fique bem informado sobre tudo o que acontece em Minas Gerais, Brasil e no mundo.","potentialAction":[{"@type":"SearchAction","target":{"@type":"EntryPoint","urlTemplate":"https:\/\/www.em.com.br\/emfoco\/?s={search_term_string}"},"query-input":{"@type":"PropertyValueSpecification","valueRequired":true,"valueName":"search_term_string"}}],"inLanguage":"pt-BR"},{"@type":"Person","@id":"https:\/\/www.em.com.br\/emfoco\/#\/schema\/person\/60eda09c1fedf0d6891f4cef4b60b8b8","name":"Andre\u0301 Rangel\u00a0","image":{"@type":"ImageObject","inLanguage":"pt-BR","@id":"https:\/\/www.em.com.br\/emfoco\/#\/schema\/person\/image\/","url":"https:\/\/secure.gravatar.com\/avatar\/6234dc814c77c8ef6d8bba622c787efc?s=96&d=mm&r=g","contentUrl":"https:\/\/secure.gravatar.com\/avatar\/6234dc814c77c8ef6d8bba622c787efc?s=96&d=mm&r=g","caption":"Andre\u0301 Rangel\u00a0"},"url":"https:\/\/www.em.com.br\/emfoco\/author\/luizmyth\/"}]}},"_links":{"self":[{"href":"https:\/\/www.em.com.br\/emfoco\/wp-json\/wp\/v2\/posts\/26665","targetHints":{"allow":["GET"]}}],"collection":[{"href":"https:\/\/www.em.com.br\/emfoco\/wp-json\/wp\/v2\/posts"}],"about":[{"href":"https:\/\/www.em.com.br\/emfoco\/wp-json\/wp\/v2\/types\/post"}],"author":[{"embeddable":true,"href":"https:\/\/www.em.com.br\/emfoco\/wp-json\/wp\/v2\/users\/11"}],"replies":[{"embeddable":true,"href":"https:\/\/www.em.com.br\/emfoco\/wp-json\/wp\/v2\/comments?post=26665"}],"version-history":[{"count":6,"href":"https:\/\/www.em.com.br\/emfoco\/wp-json\/wp\/v2\/posts\/26665\/revisions"}],"predecessor-version":[{"id":61742,"href":"https:\/\/www.em.com.br\/emfoco\/wp-json\/wp\/v2\/posts\/26665\/revisions\/61742"}],"wp:featuredmedia":[{"embeddable":true,"href":"https:\/\/www.em.com.br\/emfoco\/wp-json\/wp\/v2\/media\/26710"}],"wp:attachment":[{"href":"https:\/\/www.em.com.br\/emfoco\/wp-json\/wp\/v2\/media?parent=26665"}],"wp:term":[{"taxonomy":"category","embeddable":true,"href":"https:\/\/www.em.com.br\/emfoco\/wp-json\/wp\/v2\/categories?post=26665"},{"taxonomy":"post_tag","embeddable":true,"href":"https:\/\/www.em.com.br\/emfoco\/wp-json\/wp\/v2\/tags?post=26665"}],"curies":[{"name":"wp","href":"https:\/\/api.w.org\/{rel}","templated":true}]}}