{"id":26610,"date":"2025-03-09T11:20:00","date_gmt":"2025-03-09T14:20:00","guid":{"rendered":"https:\/\/www.em.com.br\/emfoco\/?p=26610"},"modified":"2025-03-08T15:30:19","modified_gmt":"2025-03-08T18:30:19","slug":"a-alta-nos-precos-e-as-demissoes-estao-pressionando-as-familias-americanas","status":"publish","type":"post","link":"https:\/\/www.em.com.br\/emfoco\/2025\/03\/09\/a-alta-nos-precos-e-as-demissoes-estao-pressionando-as-familias-americanas\/","title":{"rendered":"A alta nos pre\u00e7os e as demiss\u00f5es est\u00e3o pressionando as fam\u00edlias americanas"},"content":{"rendered":"\n<p>Na primeira semana de mar\u00e7o de 2025, os<strong> Estados Unidos<\/strong> registraram uma queda inesperada nos pedidos de <strong><a href=\"https:\/\/www.em.com.br\/emfoco\/2025\/02\/05\/voce-sabia-que-o-salario-minimo-regional-pode-ser-mais-alto-do-que-voce-imagina\/\" target=\"_blank\" rel=\"noreferrer noopener\">aux\u00edlio-desemprego<\/a><\/strong>, superando as previs\u00f5es dos economistas em rela\u00e7\u00e3o \u00e0s demiss\u00f5es. O <strong>Departamento do Trabalho<\/strong> anunciou uma redu\u00e7\u00e3o de 21.000 pedidos, totalizando 221.000, ap\u00f3s ajustes sazonais. Esse decl\u00ednio sugere que o mercado de trabalho continua robusto, apesar das incertezas econ\u00f4micas decorrentes de tarifas e cortes nos gastos governamentais.<\/p>\n\n\n\n<p>Os economistas haviam previsto um aumento nos pedidos, com estimativas de 235.000. A redu\u00e7\u00e3o, ap\u00f3s um aumento tempor\u00e1rio na semana anterior devido a tempestades de neve, mostra que, embora haja flutua\u00e7\u00f5es, o mercado de trabalho dos EUA mant\u00e9m certa estabilidade.<\/p>\n\n\n\n<h2 class=\"wp-block-heading\">Como as mudan\u00e7as nas pol\u00edticas de governo est\u00e3o afetando o mercado de trabalho?<\/h2>\n\n\n\n<p>Uma das principais raz\u00f5es para a recente volatilidade no mercado de trabalho americano s\u00e3o as demiss\u00f5es federais. O <strong>Departamento de Efici\u00eancia Governamental<\/strong>, liderado por<strong> <a href=\"https:\/\/g1.globo.com\/mundo\/noticia\/2025\/03\/07\/elon-musk-e-marco-rubio-bate-boca.ghtml\" target=\"_blank\" rel=\"noreferrer noopener\">Elon Musk<\/a><\/strong>, tem impulsionado uma s\u00e9rie de cortes em postos federais para reduzir o tamanho do governo. O impacto disso foi evidente em fevereiro, com 62.242 demiss\u00f5es no setor p\u00fablico, muitas delas concentradas em <strong>Washington D.C<\/strong>.<\/p>\n\n\n\n<p>Este movimento reflete a tentativa do governo de reduzir custos, mas tamb\u00e9m ressalta os desafios econ\u00f4micos enfrentados pelos trabalhadores afetados por essas mudan\u00e7as.<\/p>\n\n\n\n<h2 class=\"wp-block-heading\">O impacto das demiss\u00f5es no setor p\u00fablico est\u00e1 chegando ao setor privado<\/h2>\n\n\n\n<p>As demiss\u00f5es no governo tamb\u00e9m reverberaram no setor privado, especialmente em empresas que dependem de contratos p\u00fablicos. O chamado &#8220;<strong>impacto do Doge<\/strong>&#8220;, vinculado a cortes em empresas subcontratadas, resultou em mais de 63.000 demiss\u00f5es no setor privado, uma parte significativa do total de 172.000 desligamentos registrados no m\u00eas passado.<\/p>\n\n\n\n<figure class=\"wp-block-image size-large\"><img loading=\"lazy\" decoding=\"async\" width=\"1024\" height=\"576\" src=\"https:\/\/www.em.com.br\/emfoco\/wp-content\/uploads\/2025\/03\/desemprego_1741443574131-1024x576.jpg\" alt=\"\" class=\"wp-image-26643\" srcset=\"https:\/\/www.em.com.br\/emfoco\/wp-content\/uploads\/2025\/03\/desemprego_1741443574131-1024x576.jpg 1024w, https:\/\/www.em.com.br\/emfoco\/wp-content\/uploads\/2025\/03\/desemprego_1741443574131-300x169.jpg 300w, https:\/\/www.em.com.br\/emfoco\/wp-content\/uploads\/2025\/03\/desemprego_1741443574131-768x432.jpg 768w, https:\/\/www.em.com.br\/emfoco\/wp-content\/uploads\/2025\/03\/desemprego_1741443574131-750x422.jpg 750w, https:\/\/www.em.com.br\/emfoco\/wp-content\/uploads\/2025\/03\/desemprego_1741443574131-1140x641.jpg 1140w, https:\/\/www.em.com.br\/emfoco\/wp-content\/uploads\/2025\/03\/desemprego_1741443574131.jpg 1280w\" sizes=\"auto, (max-width: 1024px) 100vw, 1024px\" \/><figcaption class=\"wp-element-caption\">Imagem desemprego &#8211; Cr\u00e9ditos: depositphotos.com \/ twixx<\/figcaption><\/figure>\n\n\n\n<p>Esse efeito domin\u00f3 mostra como os cortes governamentais afetam n\u00e3o apenas os trabalhadores p\u00fablicos, mas tamb\u00e9m a economia como um todo, amplificando os desafios para empresas privadas e empreiteiras.<\/p>\n\n\n\n<h2 class=\"wp-block-heading\">Como os pre\u00e7os mais altos est\u00e3o prejudicando as fam\u00edlias mais vulner\u00e1veis?<\/h2>\n\n\n\n<p>Al\u00e9m das demiss\u00f5es, a press\u00e3o econ\u00f4mica tamb\u00e9m vem do aumento dos pre\u00e7os dos alimentos. Essa alta afeta desproporcionalmente as fam\u00edlias de baixa renda, exacerbando a desigualdade e tornando ainda mais dif\u00edcil para muitos americanos manterem suas condi\u00e7\u00f5es de vida.<\/p>\n\n\n\n<p>O cen\u00e1rio econ\u00f4mico atual exige uma an\u00e1lise cuidadosa das pol\u00edticas p\u00fablicas para mitigar esses impactos e garantir que os trabalhadores mais vulner\u00e1veis n\u00e3o sejam deixados para tr\u00e1s.<\/p>\n\n\n\n<h2 class=\"wp-block-heading\">O que podemos esperar para o futuro do mercado de trabalho nos EUA?<\/h2>\n\n\n\n<p>Embora a queda nos pedidos de aux\u00edlio-desemprego seja um sinal positivo, o mercado de trabalho dos EUA ainda enfrenta desafios. A resili\u00eancia demonstrada at\u00e9 agora \u00e9 uma boa not\u00edcia, mas as incertezas econ\u00f4micas permanecem, com pol\u00edticas de redu\u00e7\u00e3o de custos do governo e tarifas sobre importa\u00e7\u00f5es continuando a influenciar a economia.<\/p>\n\n\n\n<p>No futuro, ser\u00e1 crucial observar como essas pol\u00edticas afetar\u00e3o o emprego e como o mercado de trabalho ser\u00e1 capaz de se adaptar \u00e0s novas condi\u00e7\u00f5es econ\u00f4micas, garantindo que a estabilidade e o crescimento sustent\u00e1vel sejam preservados.<\/p>\n","protected":false},"excerpt":{"rendered":"<p>Na primeira semana de mar\u00e7o de 2025, os Estados Unidos registraram uma queda inesperada nos pedidos de aux\u00edlio-desemprego, superando as previs\u00f5es dos economistas em rela\u00e7\u00e3o \u00e0s demiss\u00f5es. O Departamento do Trabalho anunciou uma redu\u00e7\u00e3o de 21.000 pedidos, totalizando 221.000, ap\u00f3s ajustes sazonais. Esse decl\u00ednio sugere que o mercado de trabalho continua robusto, apesar das incertezas [&hellip;]<\/p>\n","protected":false},"author":11,"featured_media":26644,"comment_status":"open","ping_status":"open","sticky":false,"template":"","format":"standard","meta":{"jnews-multi-image_gallery":[],"jnews_single_post":{"format":"standard"},"jnews_primary_category":[],"jnews_social_meta":[],"jnews_override_counter":[],"footnotes":""},"categories":[28,1],"tags":[1311,259,1833],"class_list":["post-26610","post","type-post","status-publish","format-standard","has-post-thumbnail","hentry","category-economia","category-noticias","tag-auxilio","tag-beneficio","tag-desemprego"],"yoast_head":"<!-- This site is optimized with the Yoast SEO plugin v23.8 - https:\/\/yoast.com\/wordpress\/plugins\/seo\/ -->\n<title>A alta nos pre\u00e7os e as demiss\u00f5es est\u00e3o pressionando as fam\u00edlias americanas - Estado de Minas - Em foco<\/title>\n<meta name=\"description\" content=\"As demiss\u00f5es no setor p\u00fablico est\u00e3o gerando um efeito domin\u00f3 no setor privado. Veja como os cortes governamentais est\u00e3o afetando milh\u00f5es.\" \/>\n<meta name=\"robots\" content=\"index, follow, max-snippet:-1, max-image-preview:large, max-video-preview:-1\" \/>\n<link rel=\"canonical\" href=\"https:\/\/www.em.com.br\/emfoco\/2025\/03\/09\/a-alta-nos-precos-e-as-demissoes-estao-pressionando-as-familias-americanas\/\" \/>\n<meta property=\"og:locale\" content=\"pt_BR\" \/>\n<meta property=\"og:type\" content=\"article\" \/>\n<meta property=\"og:title\" content=\"A alta nos pre\u00e7os e as demiss\u00f5es est\u00e3o pressionando as fam\u00edlias americanas - Estado de Minas - Em foco\" \/>\n<meta property=\"og:description\" content=\"As demiss\u00f5es no setor p\u00fablico est\u00e3o gerando um efeito domin\u00f3 no setor privado. Veja como os cortes governamentais est\u00e3o afetando milh\u00f5es.\" \/>\n<meta property=\"og:url\" content=\"https:\/\/www.em.com.br\/emfoco\/2025\/03\/09\/a-alta-nos-precos-e-as-demissoes-estao-pressionando-as-familias-americanas\/\" \/>\n<meta property=\"og:site_name\" content=\"Estado de Minas - Em foco\" \/>\n<meta property=\"article:published_time\" content=\"2025-03-09T14:20:00+00:00\" \/>\n<meta property=\"article:modified_time\" content=\"2025-03-08T18:30:19+00:00\" \/>\n<meta property=\"og:image\" content=\"https:\/\/www.em.com.br\/emfoco\/wp-content\/uploads\/2025\/03\/elon-musk_1741443636809.jpg\" \/>\n\t<meta property=\"og:image:width\" content=\"1280\" \/>\n\t<meta property=\"og:image:height\" content=\"720\" \/>\n\t<meta property=\"og:image:type\" content=\"image\/jpeg\" \/>\n<meta name=\"author\" content=\"Andre\u0301 Rangel\u00a0\" \/>\n<meta name=\"twitter:card\" content=\"summary_large_image\" \/>\n<meta name=\"twitter:label1\" content=\"Escrito por\" \/>\n\t<meta name=\"twitter:data1\" content=\"Andre\u0301 Rangel\u00a0\" \/>\n\t<meta name=\"twitter:label2\" content=\"Est. tempo de leitura\" \/>\n\t<meta name=\"twitter:data2\" content=\"4 minutos\" \/>\n<!-- \/ Yoast SEO plugin. -->","yoast_head_json":{"title":"A alta nos pre\u00e7os e as demiss\u00f5es est\u00e3o pressionando as fam\u00edlias americanas - Estado de Minas - Em foco","description":"As demiss\u00f5es no setor p\u00fablico est\u00e3o gerando um efeito domin\u00f3 no setor privado. Veja como os cortes governamentais est\u00e3o afetando milh\u00f5es.","robots":{"index":"index","follow":"follow","max-snippet":"max-snippet:-1","max-image-preview":"max-image-preview:large","max-video-preview":"max-video-preview:-1"},"canonical":"https:\/\/www.em.com.br\/emfoco\/2025\/03\/09\/a-alta-nos-precos-e-as-demissoes-estao-pressionando-as-familias-americanas\/","og_locale":"pt_BR","og_type":"article","og_title":"A alta nos pre\u00e7os e as demiss\u00f5es est\u00e3o pressionando as fam\u00edlias americanas - Estado de Minas - Em foco","og_description":"As demiss\u00f5es no setor p\u00fablico est\u00e3o gerando um efeito domin\u00f3 no setor privado. Veja como os cortes governamentais est\u00e3o afetando milh\u00f5es.","og_url":"https:\/\/www.em.com.br\/emfoco\/2025\/03\/09\/a-alta-nos-precos-e-as-demissoes-estao-pressionando-as-familias-americanas\/","og_site_name":"Estado de Minas - Em foco","article_published_time":"2025-03-09T14:20:00+00:00","article_modified_time":"2025-03-08T18:30:19+00:00","og_image":[{"width":1280,"height":720,"url":"https:\/\/www.em.com.br\/emfoco\/wp-content\/uploads\/2025\/03\/elon-musk_1741443636809.jpg","type":"image\/jpeg"}],"author":"Andre\u0301 Rangel\u00a0","twitter_card":"summary_large_image","twitter_misc":{"Escrito por":"Andre\u0301 Rangel\u00a0","Est. tempo de leitura":"4 minutos"},"schema":{"@context":"https:\/\/schema.org","@graph":[{"@type":"WebPage","@id":"https:\/\/www.em.com.br\/emfoco\/2025\/03\/09\/a-alta-nos-precos-e-as-demissoes-estao-pressionando-as-familias-americanas\/","url":"https:\/\/www.em.com.br\/emfoco\/2025\/03\/09\/a-alta-nos-precos-e-as-demissoes-estao-pressionando-as-familias-americanas\/","name":"A alta nos pre\u00e7os e as demiss\u00f5es est\u00e3o pressionando as fam\u00edlias americanas - Estado de Minas - Em foco","isPartOf":{"@id":"https:\/\/www.em.com.br\/emfoco\/#website"},"primaryImageOfPage":{"@id":"https:\/\/www.em.com.br\/emfoco\/2025\/03\/09\/a-alta-nos-precos-e-as-demissoes-estao-pressionando-as-familias-americanas\/#primaryimage"},"image":{"@id":"https:\/\/www.em.com.br\/emfoco\/2025\/03\/09\/a-alta-nos-precos-e-as-demissoes-estao-pressionando-as-familias-americanas\/#primaryimage"},"thumbnailUrl":"https:\/\/www.em.com.br\/emfoco\/wp-content\/uploads\/2025\/03\/elon-musk_1741443636809.jpg","datePublished":"2025-03-09T14:20:00+00:00","dateModified":"2025-03-08T18:30:19+00:00","author":{"@id":"https:\/\/www.em.com.br\/emfoco\/#\/schema\/person\/60eda09c1fedf0d6891f4cef4b60b8b8"},"description":"As demiss\u00f5es no setor p\u00fablico est\u00e3o gerando um efeito domin\u00f3 no setor privado. Veja como os cortes governamentais est\u00e3o afetando milh\u00f5es.","breadcrumb":{"@id":"https:\/\/www.em.com.br\/emfoco\/2025\/03\/09\/a-alta-nos-precos-e-as-demissoes-estao-pressionando-as-familias-americanas\/#breadcrumb"},"inLanguage":"pt-BR","potentialAction":[{"@type":"ReadAction","target":["https:\/\/www.em.com.br\/emfoco\/2025\/03\/09\/a-alta-nos-precos-e-as-demissoes-estao-pressionando-as-familias-americanas\/"]}]},{"@type":"ImageObject","inLanguage":"pt-BR","@id":"https:\/\/www.em.com.br\/emfoco\/2025\/03\/09\/a-alta-nos-precos-e-as-demissoes-estao-pressionando-as-familias-americanas\/#primaryimage","url":"https:\/\/www.em.com.br\/emfoco\/wp-content\/uploads\/2025\/03\/elon-musk_1741443636809.jpg","contentUrl":"https:\/\/www.em.com.br\/emfoco\/wp-content\/uploads\/2025\/03\/elon-musk_1741443636809.jpg","width":1280,"height":720,"caption":"Elon Musk - Cr\u00e9ditos: depositphotos.com \/ imagepressagency"},{"@type":"BreadcrumbList","@id":"https:\/\/www.em.com.br\/emfoco\/2025\/03\/09\/a-alta-nos-precos-e-as-demissoes-estao-pressionando-as-familias-americanas\/#breadcrumb","itemListElement":[{"@type":"ListItem","position":1,"name":"In\u00edcio","item":"https:\/\/www.em.com.br\/emfoco\/"},{"@type":"ListItem","position":2,"name":"A alta nos pre\u00e7os e as demiss\u00f5es est\u00e3o pressionando as fam\u00edlias americanas"}]},{"@type":"WebSite","@id":"https:\/\/www.em.com.br\/emfoco\/#website","url":"https:\/\/www.em.com.br\/emfoco\/","name":"Estado de Minas - Em foco","description":"Acompanhe as \u00faltimas not\u00edcias e fique bem informado sobre tudo o que acontece em Minas Gerais, Brasil e no mundo.","potentialAction":[{"@type":"SearchAction","target":{"@type":"EntryPoint","urlTemplate":"https:\/\/www.em.com.br\/emfoco\/?s={search_term_string}"},"query-input":{"@type":"PropertyValueSpecification","valueRequired":true,"valueName":"search_term_string"}}],"inLanguage":"pt-BR"},{"@type":"Person","@id":"https:\/\/www.em.com.br\/emfoco\/#\/schema\/person\/60eda09c1fedf0d6891f4cef4b60b8b8","name":"Andre\u0301 Rangel\u00a0","image":{"@type":"ImageObject","inLanguage":"pt-BR","@id":"https:\/\/www.em.com.br\/emfoco\/#\/schema\/person\/image\/","url":"https:\/\/secure.gravatar.com\/avatar\/6234dc814c77c8ef6d8bba622c787efc?s=96&d=mm&r=g","contentUrl":"https:\/\/secure.gravatar.com\/avatar\/6234dc814c77c8ef6d8bba622c787efc?s=96&d=mm&r=g","caption":"Andre\u0301 Rangel\u00a0"},"url":"https:\/\/www.em.com.br\/emfoco\/author\/luizmyth\/"}]}},"_links":{"self":[{"href":"https:\/\/www.em.com.br\/emfoco\/wp-json\/wp\/v2\/posts\/26610","targetHints":{"allow":["GET"]}}],"collection":[{"href":"https:\/\/www.em.com.br\/emfoco\/wp-json\/wp\/v2\/posts"}],"about":[{"href":"https:\/\/www.em.com.br\/emfoco\/wp-json\/wp\/v2\/types\/post"}],"author":[{"embeddable":true,"href":"https:\/\/www.em.com.br\/emfoco\/wp-json\/wp\/v2\/users\/11"}],"replies":[{"embeddable":true,"href":"https:\/\/www.em.com.br\/emfoco\/wp-json\/wp\/v2\/comments?post=26610"}],"version-history":[{"count":6,"href":"https:\/\/www.em.com.br\/emfoco\/wp-json\/wp\/v2\/posts\/26610\/revisions"}],"predecessor-version":[{"id":26795,"href":"https:\/\/www.em.com.br\/emfoco\/wp-json\/wp\/v2\/posts\/26610\/revisions\/26795"}],"wp:featuredmedia":[{"embeddable":true,"href":"https:\/\/www.em.com.br\/emfoco\/wp-json\/wp\/v2\/media\/26644"}],"wp:attachment":[{"href":"https:\/\/www.em.com.br\/emfoco\/wp-json\/wp\/v2\/media?parent=26610"}],"wp:term":[{"taxonomy":"category","embeddable":true,"href":"https:\/\/www.em.com.br\/emfoco\/wp-json\/wp\/v2\/categories?post=26610"},{"taxonomy":"post_tag","embeddable":true,"href":"https:\/\/www.em.com.br\/emfoco\/wp-json\/wp\/v2\/tags?post=26610"}],"curies":[{"name":"wp","href":"https:\/\/api.w.org\/{rel}","templated":true}]}}