{"id":26532,"date":"2025-03-17T11:00:00","date_gmt":"2025-03-17T14:00:00","guid":{"rendered":"https:\/\/www.em.com.br\/emfoco\/?p=26532"},"modified":"2025-03-08T08:43:31","modified_gmt":"2025-03-08T11:43:31","slug":"viloes-ou-aliados-o-impacto-dos-insetos-no-seu-jardim","status":"publish","type":"post","link":"https:\/\/www.em.com.br\/emfoco\/2025\/03\/17\/viloes-ou-aliados-o-impacto-dos-insetos-no-seu-jardim\/","title":{"rendered":"Vil\u00f5es ou aliados? O impacto dos insetos no seu jardim"},"content":{"rendered":"\n<p>Os <strong>jardins<\/strong> s\u00e3o ecossistemas complexos onde uma variedade de organismos interage. Entre esses organismos, os insetos desempenham pap\u00e9is cruciais. No entanto, a percep\u00e7\u00e3o comum \u00e9 que todos os insetos s\u00e3o prejudiciais ao jardim. Essa vis\u00e3o simplista n\u00e3o leva em conta a diversidade de fun\u00e7\u00f5es que esses pequenos seres desempenham no ambiente.<\/p>\n\n\n\n<p>Enquanto alguns insetos podem causar danos significativos \u00e0s plantas, outros s\u00e3o essenciais para a <strong><a href=\"https:\/\/brasil.un.org\/pt-br\/74566-sa%C3%BAde-mental-depende-de-bem-estar-f%C3%ADsico-e-social-diz-oms-em-dia-mundial\" target=\"_blank\" rel=\"noreferrer noopener\">sa\u00fade<\/a><\/strong> e o equil\u00edbrio do jardim. Entender a diferen\u00e7a entre insetos ben\u00e9ficos e prejudiciais \u00e9 fundamental para manter um jardim saud\u00e1vel e produtivo. A seguir, exploraremos como os insetos podem ser tanto vil\u00f5es quanto aliados no ambiente do jardim.<\/p>\n\n\n\n<h2 class=\"wp-block-heading\">Quais insetos s\u00e3o prejudiciais ao jardim?<\/h2>\n\n\n\n<p>Os insetos prejudiciais, tamb\u00e9m conhecidos como pragas, s\u00e3o aqueles que causam danos diretos \u00e0s plantas. Eles podem se alimentar das folhas, caules, flores e ra\u00edzes, comprometendo o crescimento e a sa\u00fade das plantas. Entre os mais comuns est\u00e3o:<\/p>\n\n\n\n<ul class=\"wp-block-list\">\n<li><strong>Pulg\u00f5es:<\/strong> Pequenos insetos que sugam a seiva das plantas, causando deforma\u00e7\u00f5es e transmitindo doen\u00e7as.<\/li>\n\n\n\n<li><strong>Lagartas:<\/strong> As larvas de borboletas e mariposas que consomem grandes quantidades de folhas.<\/li>\n\n\n\n<li><strong>Cochonilhas:<\/strong> Insetos que se fixam nas plantas e sugam sua seiva, enfraquecendo-as.<\/li>\n<\/ul>\n\n\n\n<p>Esses insetos podem se multiplicar rapidamente e, se n\u00e3o forem controlados, podem causar danos significativos ao jardim.<\/p>\n\n\n\n<figure class=\"wp-block-image size-large\"><img loading=\"lazy\" decoding=\"async\" width=\"1024\" height=\"576\" src=\"https:\/\/www.em.com.br\/emfoco\/wp-content\/uploads\/2025\/03\/insetos_1741432491443-1024x576.jpg\" alt=\"Vil\u00f5es ou aliados? O impacto dos insetos no seu jardim\" class=\"wp-image-26544\" srcset=\"https:\/\/www.em.com.br\/emfoco\/wp-content\/uploads\/2025\/03\/insetos_1741432491443-1024x576.jpg 1024w, https:\/\/www.em.com.br\/emfoco\/wp-content\/uploads\/2025\/03\/insetos_1741432491443-300x169.jpg 300w, https:\/\/www.em.com.br\/emfoco\/wp-content\/uploads\/2025\/03\/insetos_1741432491443-768x432.jpg 768w, https:\/\/www.em.com.br\/emfoco\/wp-content\/uploads\/2025\/03\/insetos_1741432491443-750x422.jpg 750w, https:\/\/www.em.com.br\/emfoco\/wp-content\/uploads\/2025\/03\/insetos_1741432491443-1140x641.jpg 1140w, https:\/\/www.em.com.br\/emfoco\/wp-content\/uploads\/2025\/03\/insetos_1741432491443.jpg 1280w\" sizes=\"auto, (max-width: 1024px) 100vw, 1024px\" \/><figcaption class=\"wp-element-caption\">Insetos &#8211; Cr\u00e9ditos: depositphotos.com \/ MicEnin<\/figcaption><\/figure>\n\n\n\n<h2 class=\"wp-block-heading\">Como os insetos podem beneficiar o jardim?<\/h2>\n\n\n\n<p>Por outro lado, muitos insetos desempenham pap\u00e9is ben\u00e9ficos no jardim, ajudando a manter o equil\u00edbrio ecol\u00f3gico. Eles podem atuar como polinizadores, predadores de pragas ou decompositores. Alguns exemplos incluem:<\/p>\n\n\n\n<ul class=\"wp-block-list\">\n<li><strong>Abelhas:<\/strong> Essenciais para a poliniza\u00e7\u00e3o de muitas plantas, aumentando a produ\u00e7\u00e3o de frutos e sementes.<\/li>\n\n\n\n<li><strong>Joaninhas:<\/strong> Predadoras naturais de pulg\u00f5es e outros insetos pequenos, ajudando a controlar suas popula\u00e7\u00f5es.<\/li>\n\n\n\n<li><strong>Minhocas:<\/strong> Embora n\u00e3o sejam insetos, s\u00e3o fundamentais para a aera\u00e7\u00e3o do solo e a decomposi\u00e7\u00e3o de mat\u00e9ria org\u00e2nica.<\/li>\n<\/ul>\n\n\n\n<p>Esses insetos ben\u00e9ficos contribuem para a sa\u00fade geral do jardim, promovendo o crescimento das plantas e reduzindo a necessidade de interven\u00e7\u00f5es qu\u00edmicas.<\/p>\n\n\n\n<h2 class=\"wp-block-heading\">Como equilibrar a presen\u00e7a de insetos no jardim?<\/h2>\n\n\n\n<p>Manter um equil\u00edbrio entre insetos ben\u00e9ficos e prejudiciais \u00e9 essencial para um jardim saud\u00e1vel. Algumas pr\u00e1ticas podem ajudar a alcan\u00e7ar esse equil\u00edbrio:<\/p>\n\n\n\n<ol class=\"wp-block-list\">\n<li><strong>Plantar uma diversidade de esp\u00e9cies:<\/strong> Isso atrai uma variedade de insetos ben\u00e9ficos e ajuda a prevenir infesta\u00e7\u00f5es de pragas.<\/li>\n\n\n\n<li><strong>Evitar o uso excessivo de pesticidas:<\/strong> Produtos qu\u00edmicos podem eliminar insetos ben\u00e9ficos junto com as pragas.<\/li>\n\n\n\n<li><strong>Incentivar a presen\u00e7a de predadores naturais:<\/strong> Como p\u00e1ssaros e outros animais que se alimentam de insetos prejudiciais.<\/li>\n<\/ol>\n\n\n\n<p>Essas pr\u00e1ticas n\u00e3o apenas protegem as <strong><a href=\"https:\/\/www.em.com.br\/emfoco\/2025\/02\/06\/tem-plantas-em-vasos-entao-voce-precisa-ler-isso\/\" target=\"_blank\" rel=\"noreferrer noopener\">plantas<\/a><\/strong>, mas tamb\u00e9m promovem um ecossistema mais sustent\u00e1vel e resiliente.<\/p>\n\n\n\n<p>Nem todo inseto \u00e9 prejudicial ao jardim. Muitos desempenham pap\u00e9is vitais que contribuem para a sa\u00fade e o equil\u00edbrio do ecossistema. Compreender as fun\u00e7\u00f5es dos diferentes insetos e adotar pr\u00e1ticas de manejo integrado de pragas pode ajudar a maximizar os benef\u00edcios e minimizar os danos, garantindo um jardim vibrante e produtivo.<\/p>\n","protected":false},"excerpt":{"rendered":"<p>Os jardins s\u00e3o ecossistemas complexos onde uma variedade de organismos interage. Entre esses organismos, os insetos desempenham pap\u00e9is cruciais. No entanto, a percep\u00e7\u00e3o comum \u00e9 que todos os insetos s\u00e3o prejudiciais ao jardim. Essa vis\u00e3o simplista n\u00e3o leva em conta a diversidade de fun\u00e7\u00f5es que esses pequenos seres desempenham no ambiente. Enquanto alguns insetos podem [&hellip;]<\/p>\n","protected":false},"author":5,"featured_media":26542,"comment_status":"open","ping_status":"open","sticky":false,"template":"","format":"standard","meta":{"jnews-multi-image_gallery":[],"jnews_single_post":{"format":"standard"},"jnews_primary_category":[],"jnews_social_meta":[],"jnews_override_counter":[],"footnotes":""},"categories":[29,1],"tags":[6030,4898,3325,6029],"class_list":["post-26532","post","type-post","status-publish","format-standard","has-post-thumbnail","hentry","category-entretenimento","category-noticias","tag-abelhas","tag-insetos","tag-jardim","tag-pragas"],"yoast_head":"<!-- This site is optimized with the Yoast SEO plugin v23.8 - https:\/\/yoast.com\/wordpress\/plugins\/seo\/ -->\n<title>Vil\u00f5es ou aliados? O impacto dos insetos no seu jardim - Estado de Minas - Em foco<\/title>\n<meta name=\"description\" content=\"Entenda o impacto dos insetos no seu jardim e descubra quais s\u00e3o essenciais para a poliniza\u00e7\u00e3o e o controle natural de pragas.\" \/>\n<meta name=\"robots\" content=\"index, follow, max-snippet:-1, max-image-preview:large, max-video-preview:-1\" \/>\n<link rel=\"canonical\" href=\"https:\/\/www.em.com.br\/emfoco\/2025\/03\/17\/viloes-ou-aliados-o-impacto-dos-insetos-no-seu-jardim\/\" \/>\n<meta property=\"og:locale\" content=\"pt_BR\" \/>\n<meta property=\"og:type\" content=\"article\" \/>\n<meta property=\"og:title\" content=\"Vil\u00f5es ou aliados? O impacto dos insetos no seu jardim - Estado de Minas - Em foco\" \/>\n<meta property=\"og:description\" content=\"Entenda o impacto dos insetos no seu jardim e descubra quais s\u00e3o essenciais para a poliniza\u00e7\u00e3o e o controle natural de pragas.\" \/>\n<meta property=\"og:url\" content=\"https:\/\/www.em.com.br\/emfoco\/2025\/03\/17\/viloes-ou-aliados-o-impacto-dos-insetos-no-seu-jardim\/\" \/>\n<meta property=\"og:site_name\" content=\"Estado de Minas - Em foco\" \/>\n<meta property=\"article:published_time\" content=\"2025-03-17T14:00:00+00:00\" \/>\n<meta property=\"article:modified_time\" content=\"2025-03-08T11:43:31+00:00\" \/>\n<meta property=\"og:image\" content=\"https:\/\/www.em.com.br\/emfoco\/wp-content\/uploads\/2025\/03\/horta_1741432354984.jpg\" \/>\n\t<meta property=\"og:image:width\" content=\"1280\" \/>\n\t<meta property=\"og:image:height\" content=\"720\" \/>\n\t<meta property=\"og:image:type\" content=\"image\/jpeg\" \/>\n<meta name=\"author\" content=\"N\u00fabia Rangel\" \/>\n<meta name=\"twitter:card\" content=\"summary_large_image\" \/>\n<meta name=\"twitter:label1\" content=\"Escrito por\" \/>\n\t<meta name=\"twitter:data1\" content=\"N\u00fabia Rangel\" \/>\n\t<meta name=\"twitter:label2\" content=\"Est. tempo de leitura\" \/>\n\t<meta name=\"twitter:data2\" content=\"3 minutos\" \/>\n<!-- \/ Yoast SEO plugin. -->","yoast_head_json":{"title":"Vil\u00f5es ou aliados? O impacto dos insetos no seu jardim - Estado de Minas - Em foco","description":"Entenda o impacto dos insetos no seu jardim e descubra quais s\u00e3o essenciais para a poliniza\u00e7\u00e3o e o controle natural de pragas.","robots":{"index":"index","follow":"follow","max-snippet":"max-snippet:-1","max-image-preview":"max-image-preview:large","max-video-preview":"max-video-preview:-1"},"canonical":"https:\/\/www.em.com.br\/emfoco\/2025\/03\/17\/viloes-ou-aliados-o-impacto-dos-insetos-no-seu-jardim\/","og_locale":"pt_BR","og_type":"article","og_title":"Vil\u00f5es ou aliados? O impacto dos insetos no seu jardim - Estado de Minas - Em foco","og_description":"Entenda o impacto dos insetos no seu jardim e descubra quais s\u00e3o essenciais para a poliniza\u00e7\u00e3o e o controle natural de pragas.","og_url":"https:\/\/www.em.com.br\/emfoco\/2025\/03\/17\/viloes-ou-aliados-o-impacto-dos-insetos-no-seu-jardim\/","og_site_name":"Estado de Minas - Em foco","article_published_time":"2025-03-17T14:00:00+00:00","article_modified_time":"2025-03-08T11:43:31+00:00","og_image":[{"width":1280,"height":720,"url":"https:\/\/www.em.com.br\/emfoco\/wp-content\/uploads\/2025\/03\/horta_1741432354984.jpg","type":"image\/jpeg"}],"author":"N\u00fabia Rangel","twitter_card":"summary_large_image","twitter_misc":{"Escrito por":"N\u00fabia Rangel","Est. tempo de leitura":"3 minutos"},"schema":{"@context":"https:\/\/schema.org","@graph":[{"@type":"WebPage","@id":"https:\/\/www.em.com.br\/emfoco\/2025\/03\/17\/viloes-ou-aliados-o-impacto-dos-insetos-no-seu-jardim\/","url":"https:\/\/www.em.com.br\/emfoco\/2025\/03\/17\/viloes-ou-aliados-o-impacto-dos-insetos-no-seu-jardim\/","name":"Vil\u00f5es ou aliados? O impacto dos insetos no seu jardim - Estado de Minas - Em foco","isPartOf":{"@id":"https:\/\/www.em.com.br\/emfoco\/#website"},"primaryImageOfPage":{"@id":"https:\/\/www.em.com.br\/emfoco\/2025\/03\/17\/viloes-ou-aliados-o-impacto-dos-insetos-no-seu-jardim\/#primaryimage"},"image":{"@id":"https:\/\/www.em.com.br\/emfoco\/2025\/03\/17\/viloes-ou-aliados-o-impacto-dos-insetos-no-seu-jardim\/#primaryimage"},"thumbnailUrl":"https:\/\/www.em.com.br\/emfoco\/wp-content\/uploads\/2025\/03\/horta_1741432354984.jpg","datePublished":"2025-03-17T14:00:00+00:00","dateModified":"2025-03-08T11:43:31+00:00","author":{"@id":"https:\/\/www.em.com.br\/emfoco\/#\/schema\/person\/524437ef54f8a5d32591b143307f2e20"},"description":"Entenda o impacto dos insetos no seu jardim e descubra quais s\u00e3o essenciais para a poliniza\u00e7\u00e3o e o controle natural de pragas.","breadcrumb":{"@id":"https:\/\/www.em.com.br\/emfoco\/2025\/03\/17\/viloes-ou-aliados-o-impacto-dos-insetos-no-seu-jardim\/#breadcrumb"},"inLanguage":"pt-BR","potentialAction":[{"@type":"ReadAction","target":["https:\/\/www.em.com.br\/emfoco\/2025\/03\/17\/viloes-ou-aliados-o-impacto-dos-insetos-no-seu-jardim\/"]}]},{"@type":"ImageObject","inLanguage":"pt-BR","@id":"https:\/\/www.em.com.br\/emfoco\/2025\/03\/17\/viloes-ou-aliados-o-impacto-dos-insetos-no-seu-jardim\/#primaryimage","url":"https:\/\/www.em.com.br\/emfoco\/wp-content\/uploads\/2025\/03\/horta_1741432354984.jpg","contentUrl":"https:\/\/www.em.com.br\/emfoco\/wp-content\/uploads\/2025\/03\/horta_1741432354984.jpg","width":1280,"height":720,"caption":"Horta - Cr\u00e9ditos: depositphotos.com \/ alexeys"},{"@type":"BreadcrumbList","@id":"https:\/\/www.em.com.br\/emfoco\/2025\/03\/17\/viloes-ou-aliados-o-impacto-dos-insetos-no-seu-jardim\/#breadcrumb","itemListElement":[{"@type":"ListItem","position":1,"name":"In\u00edcio","item":"https:\/\/www.em.com.br\/emfoco\/"},{"@type":"ListItem","position":2,"name":"Vil\u00f5es ou aliados? O impacto dos insetos no seu jardim"}]},{"@type":"WebSite","@id":"https:\/\/www.em.com.br\/emfoco\/#website","url":"https:\/\/www.em.com.br\/emfoco\/","name":"Estado de Minas - Em foco","description":"Acompanhe as \u00faltimas not\u00edcias e fique bem informado sobre tudo o que acontece em Minas Gerais, Brasil e no mundo.","potentialAction":[{"@type":"SearchAction","target":{"@type":"EntryPoint","urlTemplate":"https:\/\/www.em.com.br\/emfoco\/?s={search_term_string}"},"query-input":{"@type":"PropertyValueSpecification","valueRequired":true,"valueName":"search_term_string"}}],"inLanguage":"pt-BR"},{"@type":"Person","@id":"https:\/\/www.em.com.br\/emfoco\/#\/schema\/person\/524437ef54f8a5d32591b143307f2e20","name":"N\u00fabia Rangel","image":{"@type":"ImageObject","inLanguage":"pt-BR","@id":"https:\/\/www.em.com.br\/emfoco\/#\/schema\/person\/image\/","url":"https:\/\/secure.gravatar.com\/avatar\/47cff2827a5ba23c37e8068c86817ea4?s=96&d=mm&r=g","contentUrl":"https:\/\/secure.gravatar.com\/avatar\/47cff2827a5ba23c37e8068c86817ea4?s=96&d=mm&r=g","caption":"N\u00fabia Rangel"},"sameAs":["https:\/\/www.em.com.br\/emfoco\/"],"url":"https:\/\/www.em.com.br\/emfoco\/author\/nubiamyth\/"}]}},"_links":{"self":[{"href":"https:\/\/www.em.com.br\/emfoco\/wp-json\/wp\/v2\/posts\/26532","targetHints":{"allow":["GET"]}}],"collection":[{"href":"https:\/\/www.em.com.br\/emfoco\/wp-json\/wp\/v2\/posts"}],"about":[{"href":"https:\/\/www.em.com.br\/emfoco\/wp-json\/wp\/v2\/types\/post"}],"author":[{"embeddable":true,"href":"https:\/\/www.em.com.br\/emfoco\/wp-json\/wp\/v2\/users\/5"}],"replies":[{"embeddable":true,"href":"https:\/\/www.em.com.br\/emfoco\/wp-json\/wp\/v2\/comments?post=26532"}],"version-history":[{"count":2,"href":"https:\/\/www.em.com.br\/emfoco\/wp-json\/wp\/v2\/posts\/26532\/revisions"}],"predecessor-version":[{"id":26551,"href":"https:\/\/www.em.com.br\/emfoco\/wp-json\/wp\/v2\/posts\/26532\/revisions\/26551"}],"wp:featuredmedia":[{"embeddable":true,"href":"https:\/\/www.em.com.br\/emfoco\/wp-json\/wp\/v2\/media\/26542"}],"wp:attachment":[{"href":"https:\/\/www.em.com.br\/emfoco\/wp-json\/wp\/v2\/media?parent=26532"}],"wp:term":[{"taxonomy":"category","embeddable":true,"href":"https:\/\/www.em.com.br\/emfoco\/wp-json\/wp\/v2\/categories?post=26532"},{"taxonomy":"post_tag","embeddable":true,"href":"https:\/\/www.em.com.br\/emfoco\/wp-json\/wp\/v2\/tags?post=26532"}],"curies":[{"name":"wp","href":"https:\/\/api.w.org\/{rel}","templated":true}]}}