{"id":2650,"date":"2024-12-03T12:40:00","date_gmt":"2024-12-03T15:40:00","guid":{"rendered":"https:\/\/www.em.com.br\/emfoco\/?p=2650"},"modified":"2024-12-02T18:03:44","modified_gmt":"2024-12-02T21:03:44","slug":"localizado-na-regiao-de-capitolio-passeio-e-cercado-pela-natureza-exuberante","status":"publish","type":"post","link":"https:\/\/www.em.com.br\/emfoco\/2024\/12\/03\/localizado-na-regiao-de-capitolio-passeio-e-cercado-pela-natureza-exuberante\/","title":{"rendered":"Localizado na regi\u00e3o de Capit\u00f3lio, passeio \u00e9 cercado pela natureza exuberante"},"content":{"rendered":"\n<p>O&nbsp;<strong><a href=\"https:\/\/www.em.com.br\/emfoco\/categoria\/cidades\/\" target=\"_blank\" rel=\"noreferrer noopener\">C\u00e2nion de Furnas<\/a><\/strong>, Capit\u00f3lio,&nbsp;\u00e9 um dos tesouros naturais mais impressionantes do <a href=\"https:\/\/www.em.com.br\/emfoco\/2024\/12\/01\/a-melhor-cidade-para-viver-esta-escondida-em-minas-gerais-voce-ja-viu\/\" target=\"_blank\" rel=\"noreferrer noopener\"><strong>Brasil<\/strong><\/a>, localizado na regi\u00e3o de Capit\u00f3lio, em<a href=\"https:\/\/pt.wikipedia.org\/wiki\/Capit%C3%B3lio_(Minas_Gerais)#:~:text=O%20C%C3%A2nion%20de%20Furnas%20%C3%A9,da%20Usina%20Hidrel%C3%A9trica%20de%20Furnas.\"> <\/a><strong><a href=\"https:\/\/pt.wikipedia.org\/wiki\/Capit%C3%B3lio_(Minas_Gerais)#:~:text=O%20C%C3%A2nion%20de%20Furnas%20%C3%A9,da%20Usina%20Hidrel%C3%A9trica%20de%20Furnas.\" target=\"_blank\" rel=\"noreferrer noopener\">Minas Gerais<\/a>. <\/strong>Esta \u00e1rea n\u00e3o \u00e9 apenas famosa por seu lago da Represa de Furnas, mas tamb\u00e9m por suas deslumbrantes forma\u00e7\u00f5es rochosas e cachoeiras. Com paredes que se erguem a mais de vinte metros de altura, o c\u00e2nion oferece uma experi\u00eancia visual de tirar o f\u00f4lego, atraindo turistas e amantes da natureza de todo o pa\u00eds.<\/p>\n\n\n\n<h2 class=\"wp-block-heading\">A Natureza Exuberante de Furnas<\/h2>\n\n\n\n<p>O lago da Represa de Furnas, em si, \u00e9 uma atra\u00e7\u00e3o que j\u00e1 impressiona de maneira singular. No entanto, o que realmente faz do C\u00e2nion de Furnas um destino imperd\u00edvel \u00e9 a combina\u00e7\u00e3o de suas \u00e1guas cristalinas com as imponentes forma\u00e7\u00f5es rochosas e as cachoeiras que se precipitam por suas paredes, criando um cen\u00e1rio espetacular. A intera\u00e7\u00e3o entre a \u00e1gua e os altos pared\u00f5es rochosos proporciona um espet\u00e1culo natural que encanta a todos que o visitam.<\/p>\n\n\n\n<p>As cachoeiras que caem nas \u00e1guas da represa s\u00e3o um dos principais pontos de interesse do local. Embora o mergulho sob as quedas d\u2019\u00e1gua j\u00e1 tenha sido uma pr\u00e1tica comum nos passeios, com o aumento do tr\u00e1fego de embarca\u00e7\u00f5es, esse momento agora \u00e9 restrito, permitindo que os visitantes apreciem a for\u00e7a da \u00e1gua e a beleza que a natureza proporciona de forma segura. Mesmo sem a possibilidade do mergulho, estar pr\u00f3ximo \u00e0s cachoeiras e sentir o frescor e a for\u00e7a das quedas \u00e9 uma experi\u00eancia inesquec\u00edvel.<\/p>\n\n\n\n<h2 class=\"wp-block-heading\">Passeios pelo C\u00e2nion<\/h2>\n\n\n\n<figure class=\"wp-block-image size-large\"><img loading=\"lazy\" decoding=\"async\" width=\"1024\" height=\"576\" src=\"https:\/\/www.em.com.br\/emfoco\/wp-content\/uploads\/2024\/12\/Canion-de-Furnas-Creditos-depositphotos.com-Cristian_Lourenco-2-1024x576.jpg\" alt=\"Capit\u00f3lio - C\u00e2nion de Furnas - Cr\u00e9ditos depositphotos.com Cristian_Lourenco (2)\" class=\"wp-image-2829\" srcset=\"https:\/\/www.em.com.br\/emfoco\/wp-content\/uploads\/2024\/12\/Canion-de-Furnas-Creditos-depositphotos.com-Cristian_Lourenco-2-1024x576.jpg 1024w, https:\/\/www.em.com.br\/emfoco\/wp-content\/uploads\/2024\/12\/Canion-de-Furnas-Creditos-depositphotos.com-Cristian_Lourenco-2-300x169.jpg 300w, https:\/\/www.em.com.br\/emfoco\/wp-content\/uploads\/2024\/12\/Canion-de-Furnas-Creditos-depositphotos.com-Cristian_Lourenco-2-768x432.jpg 768w, https:\/\/www.em.com.br\/emfoco\/wp-content\/uploads\/2024\/12\/Canion-de-Furnas-Creditos-depositphotos.com-Cristian_Lourenco-2-750x422.jpg 750w, https:\/\/www.em.com.br\/emfoco\/wp-content\/uploads\/2024\/12\/Canion-de-Furnas-Creditos-depositphotos.com-Cristian_Lourenco-2-1140x641.jpg 1140w, https:\/\/www.em.com.br\/emfoco\/wp-content\/uploads\/2024\/12\/Canion-de-Furnas-Creditos-depositphotos.com-Cristian_Lourenco-2.jpg 1280w\" sizes=\"auto, (max-width: 1024px) 100vw, 1024px\" \/><figcaption class=\"wp-element-caption\">Capit\u00f3lio &#8211; C\u00e2nion de Furnas &#8211; Cr\u00e9ditos depositphotos.com Cristian_Lourenco (2)<\/figcaption><\/figure>\n\n\n\n<p>Existem duas maneiras principais de explorar o C\u00e2nion de Furnas: por \u00e1gua e por terra, e ambas oferecem perspectivas \u00fanicas sobre o local. O passeio de lancha ou chalana pelo lago \u00e9 uma das op\u00e7\u00f5es mais populares. Durante esse trajeto, os visitantes podem explorarinhas mais de perto as cachoeiras e as forma\u00e7\u00f5es rochosas impressionantes que comp\u00f5em o c\u00e2nion. Este tour, que geralmente inclui paradas em outros pontos de interesse ao longo do lago, culmina em uma visita a duas das cachoeiras mais bonitas da regi\u00e3o. A emo\u00e7\u00e3o de navegar pelas \u00e1guas calmas e, ao mesmo tempo, se deparar com as imponentes paredes do c\u00e2nion deixa uma marca indel\u00e9vel na mem\u00f3ria dos visitantes.<\/p>\n\n\n\n<p>Para aqueles que preferem explorar o c\u00e2nion por terra, o&nbsp;<strong>Mirante do C\u00e2nion de Furnas<\/strong>&nbsp;\u00e9 uma parada essencial. Localizado \u00e0 beira da rodovia MG-050, o mirante oferece um acesso f\u00e1cil e uma vista deslumbrante dos pared\u00f5es rochosos de diferentes \u00e2ngulos. Com um espa\u00e7o cuidadosamente preparado pela administra\u00e7\u00e3o local, os visitantes podem desfrutar de diversas plataformas de observa\u00e7\u00e3o. Em breve, novas \u00e1reas de acesso proporcionar\u00e3o vistas ainda melhores das cachoeiras principais, tornando a visita ainda mais gratificante.<\/p>\n\n\n\n<h2 class=\"wp-block-heading\">Dicas para uma Visita Inesquec\u00edvel<\/h2>\n\n\n\n<p>\u00c9 importante considerar a log\u00edstica da visita ao C\u00e2nion de Furnas, especialmente em per\u00edodos de grande movimento tur\u00edstico, como feriados prolongados. Durante a alta temporada, o fluxo de visitantes tanto no passeio de lancha quanto no mirante pode ser bastante intenso. Para uma experi\u00eancia mais tranquila, recomenda-se visitar a regi\u00e3o em dias menos movimentados.<\/p>\n\n\n\n<p>Al\u00e9m disso, o Mirante do C\u00e2nion de Furnas, que anteriormente era gratuito, agora possui um ingresso de R$ 20, que pode ser pago no local. \u00c9 essencial planejar a visita com anteced\u00eancia, especialmente considerando a limita\u00e7\u00e3o de vagas para estacionamento na regi\u00e3o. Afinal, o acesso ao mirante \u00e9 bastante procurado, e em dias de grande movimento, os carros ocupam espa\u00e7o na rodovia, o que pode levar a multas e potenciais acidentes.<\/p>\n\n\n\n<h2 class=\"wp-block-heading\">A Cultura e Gastronomia de Serran\u00f3polis de Minas<\/h2>\n\n\n\n<figure class=\"wp-block-gallery has-nested-images columns-default is-cropped wp-block-gallery-1 is-layout-flex wp-block-gallery-is-layout-flex\">\n<figure class=\"wp-block-image size-large\"><img loading=\"lazy\" decoding=\"async\" width=\"1024\" height=\"576\" data-id=\"2828\" src=\"https:\/\/www.em.com.br\/emfoco\/wp-content\/uploads\/2024\/12\/Canion-de-Furnas-Creditos-depositphotos.com-sidneydealmeida-1024x576.jpg\" alt=\"Capitolio Minas Gerais - View of Furnas Canyon - Trilha do Sol - depositphotos.com  sidneydealmeida\" class=\"wp-image-2828\" srcset=\"https:\/\/www.em.com.br\/emfoco\/wp-content\/uploads\/2024\/12\/Canion-de-Furnas-Creditos-depositphotos.com-sidneydealmeida-1024x576.jpg 1024w, https:\/\/www.em.com.br\/emfoco\/wp-content\/uploads\/2024\/12\/Canion-de-Furnas-Creditos-depositphotos.com-sidneydealmeida-300x169.jpg 300w, https:\/\/www.em.com.br\/emfoco\/wp-content\/uploads\/2024\/12\/Canion-de-Furnas-Creditos-depositphotos.com-sidneydealmeida-768x432.jpg 768w, https:\/\/www.em.com.br\/emfoco\/wp-content\/uploads\/2024\/12\/Canion-de-Furnas-Creditos-depositphotos.com-sidneydealmeida-750x422.jpg 750w, https:\/\/www.em.com.br\/emfoco\/wp-content\/uploads\/2024\/12\/Canion-de-Furnas-Creditos-depositphotos.com-sidneydealmeida-1140x641.jpg 1140w, https:\/\/www.em.com.br\/emfoco\/wp-content\/uploads\/2024\/12\/Canion-de-Furnas-Creditos-depositphotos.com-sidneydealmeida.jpg 1280w\" sizes=\"auto, (max-width: 1024px) 100vw, 1024px\" \/><figcaption class=\"wp-element-caption\">Capitolio Minas Gerais &#8211; View of Furnas Canyon &#8211; Trilha do Sol &#8211; depositphotos.com  sidneydealmeida<\/figcaption><\/figure>\n<\/figure>\n\n\n\n<p>Para complementar a visita ao C\u00e2nion de Furnas, o munic\u00edpio de&nbsp;<strong>Serran\u00f3polis de Minas<\/strong>, nas proximidades, tamb\u00e9m \u00e9 uma boa escolha. Al\u00e9m do feriado de emancipa\u00e7\u00e3o, celebrado anualmente, a cidade oferece uma rica cultura local e uma gastronomia diversificada, com pratos t\u00edpicos da regi\u00e3o que podem ser apreciados em seus restaurantes. Participar de eventos culturais que ocorrem na cidade e nas redondezas pode enriquecer ainda mais a experi\u00eancia dos visitantes, proporcionando um mergulho na cultura mineira.<\/p>\n\n\n\n<p>O C\u00e2nion de Furnas \u00e9, sem d\u00favida, um dos cart\u00f5es-postais de Capit\u00f3lio. Com sua beleza natural incompar\u00e1vel e a diversidade de atividades que oferece, \u00e9 um destino que deve estar no roteiro de todos que visitam Minas Gerais. Seja navegando nas \u00e1guas tranquilas do lago ou apreciando a vista deslumbrante do Mirante do C\u00e2nion, a combina\u00e7\u00e3o de natureza e oportunidades de lazer torna essa regi\u00e3o verdadeiramente especial. Prepare-se para uma experi\u00eancia memor\u00e1vel ao descobrir um dos segredos mais bem guardados do Brasil.<\/p>\n","protected":false},"excerpt":{"rendered":"<p>O C\u00e2nion de Furnas, em Capit\u00f3lio, Minas Gerais, destaca-se por suas impressionantes cachoeiras e pared\u00f5es rochosos, oferecendo passeios de lancha e vistas deslumbrantes do mirante.<\/p>\n","protected":false},"author":3,"featured_media":2830,"comment_status":"open","ping_status":"open","sticky":false,"template":"","format":"standard","meta":{"jnews-multi-image_gallery":[],"jnews_single_post":{"format":"standard"},"jnews_primary_category":[],"jnews_social_meta":[],"jnews_override_counter":[],"footnotes":""},"categories":[26],"tags":[458,1362,1080,1363,1364,1365],"class_list":["post-2650","post","type-post","status-publish","format-standard","has-post-thumbnail","hentry","category-cidades","tag-cachoeiras","tag-canion-de-furnas","tag-capitolio","tag-mirante","tag-paredoes-rochosos","tag-passeios"],"yoast_head":"<!-- This site is optimized with the Yoast SEO plugin v23.8 - https:\/\/yoast.com\/wordpress\/plugins\/seo\/ -->\n<title>Localizado na regi\u00e3o de Capit\u00f3lio, passeio \u00e9 cercado pela natureza exuberante - Estado de Minas - Em foco<\/title>\n<meta name=\"description\" content=\"Passeio em Capit\u00f3lio, Minas Gerais, destaca-se por suas impressionantes cachoeiras e pared\u00f5es rochosos, oferecendo vistas\" \/>\n<meta name=\"robots\" content=\"index, follow, max-snippet:-1, max-image-preview:large, max-video-preview:-1\" \/>\n<link rel=\"canonical\" href=\"https:\/\/www.em.com.br\/emfoco\/2024\/12\/03\/localizado-na-regiao-de-capitolio-passeio-e-cercado-pela-natureza-exuberante\/\" \/>\n<meta property=\"og:locale\" content=\"pt_BR\" \/>\n<meta property=\"og:type\" content=\"article\" \/>\n<meta property=\"og:title\" content=\"Localizado na regi\u00e3o de Capit\u00f3lio, passeio \u00e9 cercado pela natureza exuberante - Estado de Minas - Em foco\" \/>\n<meta property=\"og:description\" content=\"Passeio em Capit\u00f3lio, Minas Gerais, destaca-se por suas impressionantes cachoeiras e pared\u00f5es rochosos, oferecendo vistas\" \/>\n<meta property=\"og:url\" content=\"https:\/\/www.em.com.br\/emfoco\/2024\/12\/03\/localizado-na-regiao-de-capitolio-passeio-e-cercado-pela-natureza-exuberante\/\" \/>\n<meta property=\"og:site_name\" content=\"Estado de Minas - Em foco\" \/>\n<meta property=\"article:published_time\" content=\"2024-12-03T15:40:00+00:00\" \/>\n<meta property=\"article:modified_time\" content=\"2024-12-02T21:03:44+00:00\" \/>\n<meta property=\"og:image\" content=\"https:\/\/www.em.com.br\/emfoco\/wp-content\/uploads\/2024\/12\/Canion-de-Furnas-Creditos-depositphotos.com-Cristian_Lourenco.jpg\" \/>\n\t<meta property=\"og:image:width\" content=\"1280\" \/>\n\t<meta property=\"og:image:height\" content=\"720\" \/>\n\t<meta property=\"og:image:type\" content=\"image\/jpeg\" \/>\n<meta name=\"author\" content=\"Helen Palma\" \/>\n<meta name=\"twitter:card\" content=\"summary_large_image\" \/>\n<meta name=\"twitter:label1\" content=\"Escrito por\" \/>\n\t<meta name=\"twitter:data1\" content=\"Helen Palma\" \/>\n\t<meta name=\"twitter:label2\" content=\"Est. tempo de leitura\" \/>\n\t<meta name=\"twitter:data2\" content=\"5 minutos\" \/>\n<!-- \/ Yoast SEO plugin. -->","yoast_head_json":{"title":"Localizado na regi\u00e3o de Capit\u00f3lio, passeio \u00e9 cercado pela natureza exuberante - Estado de Minas - Em foco","description":"Passeio em Capit\u00f3lio, Minas Gerais, destaca-se por suas impressionantes cachoeiras e pared\u00f5es rochosos, oferecendo vistas","robots":{"index":"index","follow":"follow","max-snippet":"max-snippet:-1","max-image-preview":"max-image-preview:large","max-video-preview":"max-video-preview:-1"},"canonical":"https:\/\/www.em.com.br\/emfoco\/2024\/12\/03\/localizado-na-regiao-de-capitolio-passeio-e-cercado-pela-natureza-exuberante\/","og_locale":"pt_BR","og_type":"article","og_title":"Localizado na regi\u00e3o de Capit\u00f3lio, passeio \u00e9 cercado pela natureza exuberante - Estado de Minas - Em foco","og_description":"Passeio em Capit\u00f3lio, Minas Gerais, destaca-se por suas impressionantes cachoeiras e pared\u00f5es rochosos, oferecendo vistas","og_url":"https:\/\/www.em.com.br\/emfoco\/2024\/12\/03\/localizado-na-regiao-de-capitolio-passeio-e-cercado-pela-natureza-exuberante\/","og_site_name":"Estado de Minas - Em foco","article_published_time":"2024-12-03T15:40:00+00:00","article_modified_time":"2024-12-02T21:03:44+00:00","og_image":[{"width":1280,"height":720,"url":"https:\/\/www.em.com.br\/emfoco\/wp-content\/uploads\/2024\/12\/Canion-de-Furnas-Creditos-depositphotos.com-Cristian_Lourenco.jpg","type":"image\/jpeg"}],"author":"Helen Palma","twitter_card":"summary_large_image","twitter_misc":{"Escrito por":"Helen Palma","Est. tempo de leitura":"5 minutos"},"schema":{"@context":"https:\/\/schema.org","@graph":[{"@type":"WebPage","@id":"https:\/\/www.em.com.br\/emfoco\/2024\/12\/03\/localizado-na-regiao-de-capitolio-passeio-e-cercado-pela-natureza-exuberante\/","url":"https:\/\/www.em.com.br\/emfoco\/2024\/12\/03\/localizado-na-regiao-de-capitolio-passeio-e-cercado-pela-natureza-exuberante\/","name":"Localizado na regi\u00e3o de Capit\u00f3lio, passeio \u00e9 cercado pela natureza exuberante - Estado de Minas - Em foco","isPartOf":{"@id":"https:\/\/www.em.com.br\/emfoco\/#website"},"primaryImageOfPage":{"@id":"https:\/\/www.em.com.br\/emfoco\/2024\/12\/03\/localizado-na-regiao-de-capitolio-passeio-e-cercado-pela-natureza-exuberante\/#primaryimage"},"image":{"@id":"https:\/\/www.em.com.br\/emfoco\/2024\/12\/03\/localizado-na-regiao-de-capitolio-passeio-e-cercado-pela-natureza-exuberante\/#primaryimage"},"thumbnailUrl":"https:\/\/www.em.com.br\/emfoco\/wp-content\/uploads\/2024\/12\/Canion-de-Furnas-Creditos-depositphotos.com-Cristian_Lourenco.jpg","datePublished":"2024-12-03T15:40:00+00:00","dateModified":"2024-12-02T21:03:44+00:00","author":{"@id":"https:\/\/www.em.com.br\/emfoco\/#\/schema\/person\/d79d5c83ee37ab7ca6781d92bd406eac"},"description":"Passeio em Capit\u00f3lio, Minas Gerais, destaca-se por suas impressionantes cachoeiras e pared\u00f5es rochosos, oferecendo vistas","breadcrumb":{"@id":"https:\/\/www.em.com.br\/emfoco\/2024\/12\/03\/localizado-na-regiao-de-capitolio-passeio-e-cercado-pela-natureza-exuberante\/#breadcrumb"},"inLanguage":"pt-BR","potentialAction":[{"@type":"ReadAction","target":["https:\/\/www.em.com.br\/emfoco\/2024\/12\/03\/localizado-na-regiao-de-capitolio-passeio-e-cercado-pela-natureza-exuberante\/"]}]},{"@type":"ImageObject","inLanguage":"pt-BR","@id":"https:\/\/www.em.com.br\/emfoco\/2024\/12\/03\/localizado-na-regiao-de-capitolio-passeio-e-cercado-pela-natureza-exuberante\/#primaryimage","url":"https:\/\/www.em.com.br\/emfoco\/wp-content\/uploads\/2024\/12\/Canion-de-Furnas-Creditos-depositphotos.com-Cristian_Lourenco.jpg","contentUrl":"https:\/\/www.em.com.br\/emfoco\/wp-content\/uploads\/2024\/12\/Canion-de-Furnas-Creditos-depositphotos.com-Cristian_Lourenco.jpg","width":1280,"height":720,"caption":"Capit\u00f3lio - C\u00e2nion de Furnas - Cr\u00e9ditos depositphotos.com Cristian_Lourenco"},{"@type":"BreadcrumbList","@id":"https:\/\/www.em.com.br\/emfoco\/2024\/12\/03\/localizado-na-regiao-de-capitolio-passeio-e-cercado-pela-natureza-exuberante\/#breadcrumb","itemListElement":[{"@type":"ListItem","position":1,"name":"In\u00edcio","item":"https:\/\/www.em.com.br\/emfoco\/"},{"@type":"ListItem","position":2,"name":"Localizado na regi\u00e3o de Capit\u00f3lio, passeio \u00e9 cercado pela natureza exuberante"}]},{"@type":"WebSite","@id":"https:\/\/www.em.com.br\/emfoco\/#website","url":"https:\/\/www.em.com.br\/emfoco\/","name":"Estado de Minas - Em foco","description":"Acompanhe as \u00faltimas not\u00edcias e fique bem informado sobre tudo o que acontece em Minas Gerais, Brasil e no mundo.","potentialAction":[{"@type":"SearchAction","target":{"@type":"EntryPoint","urlTemplate":"https:\/\/www.em.com.br\/emfoco\/?s={search_term_string}"},"query-input":{"@type":"PropertyValueSpecification","valueRequired":true,"valueName":"search_term_string"}}],"inLanguage":"pt-BR"},{"@type":"Person","@id":"https:\/\/www.em.com.br\/emfoco\/#\/schema\/person\/d79d5c83ee37ab7ca6781d92bd406eac","name":"Helen Palma","image":{"@type":"ImageObject","inLanguage":"pt-BR","@id":"https:\/\/www.em.com.br\/emfoco\/#\/schema\/person\/image\/","url":"https:\/\/secure.gravatar.com\/avatar\/c657d9266c25fd5b35a8a6274fb730cd?s=96&d=mm&r=g","contentUrl":"https:\/\/secure.gravatar.com\/avatar\/c657d9266c25fd5b35a8a6274fb730cd?s=96&d=mm&r=g","caption":"Helen Palma"},"url":"https:\/\/www.em.com.br\/emfoco\/author\/helenmyth\/"}]}},"_links":{"self":[{"href":"https:\/\/www.em.com.br\/emfoco\/wp-json\/wp\/v2\/posts\/2650","targetHints":{"allow":["GET"]}}],"collection":[{"href":"https:\/\/www.em.com.br\/emfoco\/wp-json\/wp\/v2\/posts"}],"about":[{"href":"https:\/\/www.em.com.br\/emfoco\/wp-json\/wp\/v2\/types\/post"}],"author":[{"embeddable":true,"href":"https:\/\/www.em.com.br\/emfoco\/wp-json\/wp\/v2\/users\/3"}],"replies":[{"embeddable":true,"href":"https:\/\/www.em.com.br\/emfoco\/wp-json\/wp\/v2\/comments?post=2650"}],"version-history":[{"count":2,"href":"https:\/\/www.em.com.br\/emfoco\/wp-json\/wp\/v2\/posts\/2650\/revisions"}],"predecessor-version":[{"id":2832,"href":"https:\/\/www.em.com.br\/emfoco\/wp-json\/wp\/v2\/posts\/2650\/revisions\/2832"}],"wp:featuredmedia":[{"embeddable":true,"href":"https:\/\/www.em.com.br\/emfoco\/wp-json\/wp\/v2\/media\/2830"}],"wp:attachment":[{"href":"https:\/\/www.em.com.br\/emfoco\/wp-json\/wp\/v2\/media?parent=2650"}],"wp:term":[{"taxonomy":"category","embeddable":true,"href":"https:\/\/www.em.com.br\/emfoco\/wp-json\/wp\/v2\/categories?post=2650"},{"taxonomy":"post_tag","embeddable":true,"href":"https:\/\/www.em.com.br\/emfoco\/wp-json\/wp\/v2\/tags?post=2650"}],"curies":[{"name":"wp","href":"https:\/\/api.w.org\/{rel}","templated":true}]}}