{"id":26453,"date":"2025-03-14T12:20:00","date_gmt":"2025-03-14T15:20:00","guid":{"rendered":"https:\/\/www.em.com.br\/emfoco\/?p=26453"},"modified":"2025-03-07T15:41:09","modified_gmt":"2025-03-07T18:41:09","slug":"as-tendencias-de-cortes-de-cabelo-para-a-primavera-verao-2025","status":"publish","type":"post","link":"https:\/\/www.em.com.br\/emfoco\/2025\/03\/14\/as-tendencias-de-cortes-de-cabelo-para-a-primavera-verao-2025\/","title":{"rendered":"As tend\u00eancias de cortes de cabelo para a primavera-ver\u00e3o 2025"},"content":{"rendered":"\n<p>Com a chegada da primavera-ver\u00e3o de 2025, novas <strong><a href=\"https:\/\/www.em.com.br\/emfoco\/2025\/03\/07\/o-que-esta-bombando-nos-acessorios-de-moda-em-2025\/\" target=\"_blank\" rel=\"noreferrer noopener\">tend\u00eancias<\/a><\/strong> de cortes de cabelo est\u00e3o emergindo, trazendo uma fus\u00e3o de estilos vintage com toques modernos. Segundo especialistas, a fluidez e a leveza s\u00e3o as palavras de ordem para esta temporada. Os cortes de cabelo que est\u00e3o em alta refletem uma busca por refer\u00eancias do passado, com um toque contempor\u00e2neo que promete agradar a todos os gostos.<\/p>\n\n\n\n<p>Os cortes mullet e bob com pontas modeladas s\u00e3o alguns dos destaques, trazendo de volta estilos que j\u00e1 foram sucesso em d\u00e9cadas passadas. A combina\u00e7\u00e3o de elementos cl\u00e1ssicos com uma abordagem moderna oferece uma nova perspectiva para quem deseja renovar o visual sem perder a personalidade.<\/p>\n\n\n\n<h2 class=\"wp-block-heading\">Quais s\u00e3o os cortes de cabelo em alta para o ver\u00e3o 2025?<\/h2>\n\n\n\n<p>Entre as tend\u00eancias mais marcantes para o ver\u00e3o de 2025, o corte mullet se destaca por suas camadas assim\u00e9tricas e laterais mais curtas. Este estilo, que j\u00e1 foi um \u00edcone de rebeldia, retorna com uma abordagem mais descontra\u00edda e moderna, ideal para quem busca ousadia no visual. Outro corte que ganha destaque \u00e9 o bob com pontas modeladas, perfeito para quem deseja um look cl\u00e1ssico com um toque de modernidade.<\/p>\n\n\n\n<h2 class=\"wp-block-heading\">O que \u00e9 o Butterfly Cut e por que ele \u00e9 popular?<\/h2>\n\n\n\n<p>O Butterfly Cut \u00e9 um dos cortes que mais tem ganhado popularidade nos \u00faltimos tempos. Caracterizado por suas camadas bem distribu\u00eddas, este corte proporciona um movimento natural aos fios, sendo uma excelente op\u00e7\u00e3o para quem busca volume e leveza. A popularidade do<strong><a href=\"https:\/\/www.belezanaweb.com.br\/loucas-por-beleza\/butterfly-haircut-10-inspiracoes-para-copiar-ja\/\" target=\"_blank\" rel=\"noreferrer noopener\"> Butterfly Cut<\/a><\/strong> se deve \u00e0 sua capacidade de adaptar-se a diferentes tipos de cabelo, oferecendo um visual sofisticado e ao mesmo tempo descomplicado.<\/p>\n\n\n\n<blockquote class=\"instagram-media\" data-instgrm-permalink=\"https:\/\/www.instagram.com\/p\/DEhV4MiOluD\/?utm_source=ig_embed&amp;utm_campaign=loading\" data-instgrm-version=\"14\" style=\" background:#FFF; border:0; border-radius:3px; box-shadow:0 0 1px 0 rgba(0,0,0,0.5),0 1px 10px 0 rgba(0,0,0,0.15); margin: 1px; max-width:540px; min-width:326px; padding:0; width:99.375%; width:-webkit-calc(100% - 2px); width:calc(100% - 2px);\"><div style=\"padding:16px;\"> <a href=\"https:\/\/www.instagram.com\/p\/DEhV4MiOluD\/?utm_source=ig_embed&amp;utm_campaign=loading\" style=\" background:#FFFFFF; line-height:0; padding:0 0; text-align:center; text-decoration:none; width:100%;\" target=\"_blank\"> <div style=\" display: flex; flex-direction: row; align-items: center;\"> <div style=\"background-color: #F4F4F4; border-radius: 50%; flex-grow: 0; height: 40px; margin-right: 14px; width: 40px;\"><\/div> <div style=\"display: flex; flex-direction: column; flex-grow: 1; justify-content: center;\"> <div style=\" background-color: #F4F4F4; border-radius: 4px; flex-grow: 0; height: 14px; margin-bottom: 6px; width: 100px;\"><\/div> <div style=\" background-color: #F4F4F4; border-radius: 4px; flex-grow: 0; height: 14px; width: 60px;\"><\/div><\/div><\/div><div style=\"padding: 19% 0;\"><\/div> <div style=\"display:block; height:50px; margin:0 auto 12px; width:50px;\"><svg width=\"50px\" height=\"50px\" viewBox=\"0 0 60 60\" version=\"1.1\" xmlns=\"https:\/\/www.w3.org\/2000\/svg\" xmlns:xlink=\"https:\/\/www.w3.org\/1999\/xlink\"><g stroke=\"none\" stroke-width=\"1\" fill=\"none\" fill-rule=\"evenodd\"><g transform=\"translate(-511.000000, -20.000000)\" fill=\"#000000\"><g><path d=\"M556.869,30.41 C554.814,30.41 553.148,32.076 553.148,34.131 C553.148,36.186 554.814,37.852 556.869,37.852 C558.924,37.852 560.59,36.186 560.59,34.131 C560.59,32.076 558.924,30.41 556.869,30.41 M541,60.657 C535.114,60.657 530.342,55.887 530.342,50 C530.342,44.114 535.114,39.342 541,39.342 C546.887,39.342 551.658,44.114 551.658,50 C551.658,55.887 546.887,60.657 541,60.657 M541,33.886 C532.1,33.886 524.886,41.1 524.886,50 C524.886,58.899 532.1,66.113 541,66.113 C549.9,66.113 557.115,58.899 557.115,50 C557.115,41.1 549.9,33.886 541,33.886 M565.378,62.101 C565.244,65.022 564.756,66.606 564.346,67.663 C563.803,69.06 563.154,70.057 562.106,71.106 C561.058,72.155 560.06,72.803 558.662,73.347 C557.607,73.757 556.021,74.244 553.102,74.378 C549.944,74.521 548.997,74.552 541,74.552 C533.003,74.552 532.056,74.521 528.898,74.378 C525.979,74.244 524.393,73.757 523.338,73.347 C521.94,72.803 520.942,72.155 519.894,71.106 C518.846,70.057 518.197,69.06 517.654,67.663 C517.244,66.606 516.755,65.022 516.623,62.101 C516.479,58.943 516.448,57.996 516.448,50 C516.448,42.003 516.479,41.056 516.623,37.899 C516.755,34.978 517.244,33.391 517.654,32.338 C518.197,30.938 518.846,29.942 519.894,28.894 C520.942,27.846 521.94,27.196 523.338,26.654 C524.393,26.244 525.979,25.756 528.898,25.623 C532.057,25.479 533.004,25.448 541,25.448 C548.997,25.448 549.943,25.479 553.102,25.623 C556.021,25.756 557.607,26.244 558.662,26.654 C560.06,27.196 561.058,27.846 562.106,28.894 C563.154,29.942 563.803,30.938 564.346,32.338 C564.756,33.391 565.244,34.978 565.378,37.899 C565.522,41.056 565.552,42.003 565.552,50 C565.552,57.996 565.522,58.943 565.378,62.101 M570.82,37.631 C570.674,34.438 570.167,32.258 569.425,30.349 C568.659,28.377 567.633,26.702 565.965,25.035 C564.297,23.368 562.623,22.342 560.652,21.575 C558.743,20.834 556.562,20.326 553.369,20.18 C550.169,20.033 549.148,20 541,20 C532.853,20 531.831,20.033 528.631,20.18 C525.438,20.326 523.257,20.834 521.349,21.575 C519.376,22.342 517.703,23.368 516.035,25.035 C514.368,26.702 513.342,28.377 512.574,30.349 C511.834,32.258 511.326,34.438 511.181,37.631 C511.035,40.831 511,41.851 511,50 C511,58.147 511.035,59.17 511.181,62.369 C511.326,65.562 511.834,67.743 512.574,69.651 C513.342,71.625 514.368,73.296 516.035,74.965 C517.703,76.634 519.376,77.658 521.349,78.425 C523.257,79.167 525.438,79.673 528.631,79.82 C531.831,79.965 532.853,80.001 541,80.001 C549.148,80.001 550.169,79.965 553.369,79.82 C556.562,79.673 558.743,79.167 560.652,78.425 C562.623,77.658 564.297,76.634 565.965,74.965 C567.633,73.296 568.659,71.625 569.425,69.651 C570.167,67.743 570.674,65.562 570.82,62.369 C570.966,59.17 571,58.147 571,50 C571,41.851 570.966,40.831 570.82,37.631\"><\/path><\/g><\/g><\/g><\/svg><\/div><div style=\"padding-top: 8px;\"> <div style=\" color:#3897f0; font-family:Arial,sans-serif; font-size:14px; font-style:normal; font-weight:550; line-height:18px;\">Ver essa foto no Instagram<\/div><\/div><div style=\"padding: 12.5% 0;\"><\/div> <div style=\"display: flex; flex-direction: row; margin-bottom: 14px; align-items: center;\"><div> <div style=\"background-color: #F4F4F4; border-radius: 50%; height: 12.5px; width: 12.5px; transform: translateX(0px) translateY(7px);\"><\/div> <div style=\"background-color: #F4F4F4; height: 12.5px; transform: rotate(-45deg) translateX(3px) translateY(1px); width: 12.5px; flex-grow: 0; margin-right: 14px; margin-left: 2px;\"><\/div> <div style=\"background-color: #F4F4F4; border-radius: 50%; height: 12.5px; width: 12.5px; transform: translateX(9px) translateY(-18px);\"><\/div><\/div><div style=\"margin-left: 8px;\"> <div style=\" background-color: #F4F4F4; border-radius: 50%; flex-grow: 0; height: 20px; width: 20px;\"><\/div> <div style=\" width: 0; height: 0; border-top: 2px solid transparent; border-left: 6px solid #f4f4f4; border-bottom: 2px solid transparent; transform: translateX(16px) translateY(-4px) rotate(30deg)\"><\/div><\/div><div style=\"margin-left: auto;\"> <div style=\" width: 0px; border-top: 8px solid #F4F4F4; border-right: 8px solid transparent; transform: translateY(16px);\"><\/div> <div style=\" background-color: #F4F4F4; flex-grow: 0; height: 12px; width: 16px; transform: translateY(-4px);\"><\/div> <div style=\" width: 0; height: 0; border-top: 8px solid #F4F4F4; border-left: 8px solid transparent; transform: translateY(-4px) translateX(8px);\"><\/div><\/div><\/div> <div style=\"display: flex; flex-direction: column; flex-grow: 1; justify-content: center; margin-bottom: 24px;\"> <div style=\" background-color: #F4F4F4; border-radius: 4px; flex-grow: 0; height: 14px; margin-bottom: 6px; width: 224px;\"><\/div> <div style=\" background-color: #F4F4F4; border-radius: 4px; flex-grow: 0; height: 14px; width: 144px;\"><\/div><\/div><\/a><p style=\" color:#c9c8cd; font-family:Arial,sans-serif; font-size:14px; line-height:17px; margin-bottom:0; margin-top:8px; overflow:hidden; padding:8px 0 7px; text-align:center; text-overflow:ellipsis; white-space:nowrap;\"><a href=\"https:\/\/www.instagram.com\/p\/DEhV4MiOluD\/?utm_source=ig_embed&amp;utm_campaign=loading\" style=\" color:#c9c8cd; font-family:Arial,sans-serif; font-size:14px; font-style:normal; font-weight:normal; line-height:17px; text-decoration:none;\" target=\"_blank\">Uma publica\u00e7\u00e3o compartilhada por Patricia Sangalli Vian (@patty_salao_de_beleza)<\/a><\/p><\/div><\/blockquote>\n<script async src=\"\/\/www.instagram.com\/embed.js\"><\/script>\n\n\n\n<h2 class=\"wp-block-heading\">Como as franjas est\u00e3o sendo usadas em 2025?<\/h2>\n\n\n\n<p>As franjas continuam a ser uma grande tend\u00eancia em 2025, com destaque para o estilo curtain bangs. Este tipo de franja, suave e bem distribu\u00eddo ao redor do rosto, proporciona um look moderno e sofisticado. A curtain bangs \u00e9 ideal para quem deseja adicionar movimento e leveza ao cabelo, sem comprometer a versatilidade do penteado.<\/p>\n\n\n\n<h2 class=\"wp-block-heading\">Quais penteados complementam os cortes da temporada?<\/h2>\n\n\n\n<p>Al\u00e9m dos cortes, os penteados tamb\u00e9m ganham destaque na primavera-ver\u00e3o de 2025. Penteados mais fluidos, com camadas soltas e franjas, s\u00e3o a aposta dos especialistas. O babyliss, com ondas perfeitamente encaixadas, traz um toque vintage que complementa os cortes da temporada. J\u00e1 o sleek bun, um coque com efeito de penteado molhado, aparece de forma mais fluida, mantendo a eleg\u00e2ncia sem a rigidez tradicional.<\/p>\n\n\n\n<p>Com essas tend\u00eancias, a primavera-ver\u00e3o de 2025 promete ser uma temporada de renova\u00e7\u00e3o e estilo, onde a mistura do antigo com o novo cria possibilidades infinitas para quem deseja expressar sua personalidade atrav\u00e9s do cabelo.<\/p>\n","protected":false},"excerpt":{"rendered":"<p>Com a chegada da primavera-ver\u00e3o de 2025, novas tend\u00eancias de cortes de cabelo est\u00e3o emergindo, trazendo uma fus\u00e3o de estilos vintage com toques modernos. Segundo especialistas, a fluidez e a leveza s\u00e3o as palavras de ordem para esta temporada. Os cortes de cabelo que est\u00e3o em alta refletem uma busca por refer\u00eancias do passado, com [&hellip;]<\/p>\n","protected":false},"author":5,"featured_media":26459,"comment_status":"open","ping_status":"open","sticky":false,"template":"","format":"standard","meta":{"jnews-multi-image_gallery":[],"jnews_single_post":{"format":"standard"},"jnews_primary_category":[],"jnews_social_meta":[],"jnews_override_counter":[],"footnotes":""},"categories":[29,1],"tags":[2616,4905,4977,1920],"class_list":["post-26453","post","type-post","status-publish","format-standard","has-post-thumbnail","hentry","category-entretenimento","category-noticias","tag-beleza","tag-cabelo","tag-moda","tag-tendencia"],"yoast_head":"<!-- This site is optimized with the Yoast SEO plugin v23.8 - https:\/\/yoast.com\/wordpress\/plugins\/seo\/ -->\n<title>As tend\u00eancias de cortes de cabelo para a primavera-ver\u00e3o 2025 - Estado de Minas - Em foco<\/title>\n<meta name=\"description\" content=\"Em 2025, os cortes de cabelo ganham frescor com o retorno do mullet e bob, e novos estilos como o butterfly cut. Veja as principais apostas!\" \/>\n<meta name=\"robots\" content=\"index, follow, max-snippet:-1, max-image-preview:large, max-video-preview:-1\" \/>\n<link rel=\"canonical\" href=\"https:\/\/www.em.com.br\/emfoco\/2025\/03\/14\/as-tendencias-de-cortes-de-cabelo-para-a-primavera-verao-2025\/\" \/>\n<meta property=\"og:locale\" content=\"pt_BR\" \/>\n<meta property=\"og:type\" content=\"article\" \/>\n<meta property=\"og:title\" content=\"As tend\u00eancias de cortes de cabelo para a primavera-ver\u00e3o 2025 - Estado de Minas - Em foco\" \/>\n<meta property=\"og:description\" content=\"Em 2025, os cortes de cabelo ganham frescor com o retorno do mullet e bob, e novos estilos como o butterfly cut. Veja as principais apostas!\" \/>\n<meta property=\"og:url\" content=\"https:\/\/www.em.com.br\/emfoco\/2025\/03\/14\/as-tendencias-de-cortes-de-cabelo-para-a-primavera-verao-2025\/\" \/>\n<meta property=\"og:site_name\" content=\"Estado de Minas - Em foco\" \/>\n<meta property=\"article:published_time\" content=\"2025-03-14T15:20:00+00:00\" \/>\n<meta property=\"article:modified_time\" content=\"2025-03-07T18:41:09+00:00\" \/>\n<meta property=\"og:image\" content=\"https:\/\/www.em.com.br\/emfoco\/wp-content\/uploads\/2025\/03\/esse-18.jpg\" \/>\n\t<meta property=\"og:image:width\" content=\"1280\" \/>\n\t<meta property=\"og:image:height\" content=\"720\" \/>\n\t<meta property=\"og:image:type\" content=\"image\/jpeg\" \/>\n<meta name=\"author\" content=\"N\u00fabia Rangel\" \/>\n<meta name=\"twitter:card\" content=\"summary_large_image\" \/>\n<meta name=\"twitter:label1\" content=\"Escrito por\" \/>\n\t<meta name=\"twitter:data1\" content=\"N\u00fabia Rangel\" \/>\n\t<meta name=\"twitter:label2\" content=\"Est. tempo de leitura\" \/>\n\t<meta name=\"twitter:data2\" content=\"3 minutos\" \/>\n<!-- \/ Yoast SEO plugin. -->","yoast_head_json":{"title":"As tend\u00eancias de cortes de cabelo para a primavera-ver\u00e3o 2025 - Estado de Minas - Em foco","description":"Em 2025, os cortes de cabelo ganham frescor com o retorno do mullet e bob, e novos estilos como o butterfly cut. Veja as principais apostas!","robots":{"index":"index","follow":"follow","max-snippet":"max-snippet:-1","max-image-preview":"max-image-preview:large","max-video-preview":"max-video-preview:-1"},"canonical":"https:\/\/www.em.com.br\/emfoco\/2025\/03\/14\/as-tendencias-de-cortes-de-cabelo-para-a-primavera-verao-2025\/","og_locale":"pt_BR","og_type":"article","og_title":"As tend\u00eancias de cortes de cabelo para a primavera-ver\u00e3o 2025 - Estado de Minas - Em foco","og_description":"Em 2025, os cortes de cabelo ganham frescor com o retorno do mullet e bob, e novos estilos como o butterfly cut. Veja as principais apostas!","og_url":"https:\/\/www.em.com.br\/emfoco\/2025\/03\/14\/as-tendencias-de-cortes-de-cabelo-para-a-primavera-verao-2025\/","og_site_name":"Estado de Minas - Em foco","article_published_time":"2025-03-14T15:20:00+00:00","article_modified_time":"2025-03-07T18:41:09+00:00","og_image":[{"width":1280,"height":720,"url":"https:\/\/www.em.com.br\/emfoco\/wp-content\/uploads\/2025\/03\/esse-18.jpg","type":"image\/jpeg"}],"author":"N\u00fabia Rangel","twitter_card":"summary_large_image","twitter_misc":{"Escrito por":"N\u00fabia Rangel","Est. tempo de leitura":"3 minutos"},"schema":{"@context":"https:\/\/schema.org","@graph":[{"@type":"WebPage","@id":"https:\/\/www.em.com.br\/emfoco\/2025\/03\/14\/as-tendencias-de-cortes-de-cabelo-para-a-primavera-verao-2025\/","url":"https:\/\/www.em.com.br\/emfoco\/2025\/03\/14\/as-tendencias-de-cortes-de-cabelo-para-a-primavera-verao-2025\/","name":"As tend\u00eancias de cortes de cabelo para a primavera-ver\u00e3o 2025 - Estado de Minas - Em foco","isPartOf":{"@id":"https:\/\/www.em.com.br\/emfoco\/#website"},"primaryImageOfPage":{"@id":"https:\/\/www.em.com.br\/emfoco\/2025\/03\/14\/as-tendencias-de-cortes-de-cabelo-para-a-primavera-verao-2025\/#primaryimage"},"image":{"@id":"https:\/\/www.em.com.br\/emfoco\/2025\/03\/14\/as-tendencias-de-cortes-de-cabelo-para-a-primavera-verao-2025\/#primaryimage"},"thumbnailUrl":"https:\/\/www.em.com.br\/emfoco\/wp-content\/uploads\/2025\/03\/esse-18.jpg","datePublished":"2025-03-14T15:20:00+00:00","dateModified":"2025-03-07T18:41:09+00:00","author":{"@id":"https:\/\/www.em.com.br\/emfoco\/#\/schema\/person\/524437ef54f8a5d32591b143307f2e20"},"description":"Em 2025, os cortes de cabelo ganham frescor com o retorno do mullet e bob, e novos estilos como o butterfly cut. Veja as principais apostas!","breadcrumb":{"@id":"https:\/\/www.em.com.br\/emfoco\/2025\/03\/14\/as-tendencias-de-cortes-de-cabelo-para-a-primavera-verao-2025\/#breadcrumb"},"inLanguage":"pt-BR","potentialAction":[{"@type":"ReadAction","target":["https:\/\/www.em.com.br\/emfoco\/2025\/03\/14\/as-tendencias-de-cortes-de-cabelo-para-a-primavera-verao-2025\/"]}]},{"@type":"ImageObject","inLanguage":"pt-BR","@id":"https:\/\/www.em.com.br\/emfoco\/2025\/03\/14\/as-tendencias-de-cortes-de-cabelo-para-a-primavera-verao-2025\/#primaryimage","url":"https:\/\/www.em.com.br\/emfoco\/wp-content\/uploads\/2025\/03\/esse-18.jpg","contentUrl":"https:\/\/www.em.com.br\/emfoco\/wp-content\/uploads\/2025\/03\/esse-18.jpg","width":1280,"height":720,"caption":"Sabrina Carpenter - Cr\u00e9ditos: Imagem Instagram @sabrinacarpenter"},{"@type":"BreadcrumbList","@id":"https:\/\/www.em.com.br\/emfoco\/2025\/03\/14\/as-tendencias-de-cortes-de-cabelo-para-a-primavera-verao-2025\/#breadcrumb","itemListElement":[{"@type":"ListItem","position":1,"name":"In\u00edcio","item":"https:\/\/www.em.com.br\/emfoco\/"},{"@type":"ListItem","position":2,"name":"As tend\u00eancias de cortes de cabelo para a primavera-ver\u00e3o 2025"}]},{"@type":"WebSite","@id":"https:\/\/www.em.com.br\/emfoco\/#website","url":"https:\/\/www.em.com.br\/emfoco\/","name":"Estado de Minas - Em foco","description":"Acompanhe as \u00faltimas not\u00edcias e fique bem informado sobre tudo o que acontece em Minas Gerais, Brasil e no mundo.","potentialAction":[{"@type":"SearchAction","target":{"@type":"EntryPoint","urlTemplate":"https:\/\/www.em.com.br\/emfoco\/?s={search_term_string}"},"query-input":{"@type":"PropertyValueSpecification","valueRequired":true,"valueName":"search_term_string"}}],"inLanguage":"pt-BR"},{"@type":"Person","@id":"https:\/\/www.em.com.br\/emfoco\/#\/schema\/person\/524437ef54f8a5d32591b143307f2e20","name":"N\u00fabia Rangel","image":{"@type":"ImageObject","inLanguage":"pt-BR","@id":"https:\/\/www.em.com.br\/emfoco\/#\/schema\/person\/image\/","url":"https:\/\/secure.gravatar.com\/avatar\/47cff2827a5ba23c37e8068c86817ea4?s=96&d=mm&r=g","contentUrl":"https:\/\/secure.gravatar.com\/avatar\/47cff2827a5ba23c37e8068c86817ea4?s=96&d=mm&r=g","caption":"N\u00fabia Rangel"},"sameAs":["https:\/\/www.em.com.br\/emfoco\/"],"url":"https:\/\/www.em.com.br\/emfoco\/author\/nubiamyth\/"}]}},"_links":{"self":[{"href":"https:\/\/www.em.com.br\/emfoco\/wp-json\/wp\/v2\/posts\/26453","targetHints":{"allow":["GET"]}}],"collection":[{"href":"https:\/\/www.em.com.br\/emfoco\/wp-json\/wp\/v2\/posts"}],"about":[{"href":"https:\/\/www.em.com.br\/emfoco\/wp-json\/wp\/v2\/types\/post"}],"author":[{"embeddable":true,"href":"https:\/\/www.em.com.br\/emfoco\/wp-json\/wp\/v2\/users\/5"}],"replies":[{"embeddable":true,"href":"https:\/\/www.em.com.br\/emfoco\/wp-json\/wp\/v2\/comments?post=26453"}],"version-history":[{"count":2,"href":"https:\/\/www.em.com.br\/emfoco\/wp-json\/wp\/v2\/posts\/26453\/revisions"}],"predecessor-version":[{"id":26461,"href":"https:\/\/www.em.com.br\/emfoco\/wp-json\/wp\/v2\/posts\/26453\/revisions\/26461"}],"wp:featuredmedia":[{"embeddable":true,"href":"https:\/\/www.em.com.br\/emfoco\/wp-json\/wp\/v2\/media\/26459"}],"wp:attachment":[{"href":"https:\/\/www.em.com.br\/emfoco\/wp-json\/wp\/v2\/media?parent=26453"}],"wp:term":[{"taxonomy":"category","embeddable":true,"href":"https:\/\/www.em.com.br\/emfoco\/wp-json\/wp\/v2\/categories?post=26453"},{"taxonomy":"post_tag","embeddable":true,"href":"https:\/\/www.em.com.br\/emfoco\/wp-json\/wp\/v2\/tags?post=26453"}],"curies":[{"name":"wp","href":"https:\/\/api.w.org\/{rel}","templated":true}]}}