{"id":2632,"date":"2024-12-03T09:20:00","date_gmt":"2024-12-03T12:20:00","guid":{"rendered":"https:\/\/www.em.com.br\/emfoco\/?p=2632"},"modified":"2024-12-02T18:04:08","modified_gmt":"2024-12-02T21:04:08","slug":"idosos-tem-direito-a-desconto-em-carros-veja-o-que-diz-a-nova-lei","status":"publish","type":"post","link":"https:\/\/www.em.com.br\/emfoco\/2024\/12\/03\/idosos-tem-direito-a-desconto-em-carros-veja-o-que-diz-a-nova-lei\/","title":{"rendered":"Idosos T\u00eam Direito a Desconto em Carros? Veja o Que Diz a Nova Lei"},"content":{"rendered":"\n<p>Recentemente, uma proposta tem gerado discuss\u00f5es significativas no <a href=\"https:\/\/www.em.com.br\/emfoco\/categoria\/economia\/\" target=\"_blank\" rel=\"noreferrer noopener\"><strong>Brasil<\/strong><\/a>, visando facilitar a aquisi\u00e7\u00e3o de ve\u00edculos novos por idosos. A ideia gira em torno da <a href=\"https:\/\/www.em.com.br\/emfoco\/2024\/12\/01\/lula-tarcisio-e-ricardo-nunes-anunciam-investimentos-bilionarios-para-beneficio-da-populacao\/\"><strong>isen\u00e7\u00e3o <\/strong><\/a>do<a href=\"https:\/\/www.gov.br\/receitafederal\/pt-br\/assuntos\/orientacao-tributaria\/tributos\/ipi\"><strong> Imposto sobre Produtos Industrializados<\/strong><\/a> (IPI) para pessoas com 60 anos ou mais. Essa medida, se aprovada, n\u00e3o s\u00f3 ajudar\u00e1 os idosos a renovarem seus autom\u00f3veis de maneira mais acess\u00edvel, mas tamb\u00e9m pode impactar positivamente o mercado automotivo e a economia do pa\u00eds.<\/p>\n\n\n\n<h3 class=\"wp-block-heading\">O Projeto de Lei<\/h3>\n\n\n\n<p>A proposta original, apresentada pelo ex-deputado Alexandre Frota sob o n\u00famero PL 2937\/2020, foi aprovada pela Comiss\u00e3o dos Direitos da Pessoa Idosa em 2021 e est\u00e1 atualmente aguardando delibera\u00e7\u00e3o na C\u00e2mara dos Deputados. A inten\u00e7\u00e3o \u00e9 que a isen\u00e7\u00e3o do IPI seja aplicada a cada cinco anos, permitindo que os idosos realizem a compra de ve\u00edculos novos de forma mais econ\u00f4mica.<\/p>\n\n\n\n<p>Essa legisla\u00e7\u00e3o foi motivada pela necessidade de reconhecer e valorizar a contribui\u00e7\u00e3o dos idosos na sociedade brasileira. Ao facilitar o acesso a novos autom\u00f3veis, a proposta busca n\u00e3o apenas ajudar na mobilidade dos mais velhos, mas tamb\u00e9m oferecer um incentivo para a compra de carros novos, algo que pode estimular a atividade econ\u00f4mica no setor automotivo.<\/p>\n\n\n\n<h3 class=\"wp-block-heading\">Impacto no Setor Automotivo<\/h3>\n\n\n\n<p>A aprova\u00e7\u00e3o da isen\u00e7\u00e3o do IPI pode ter diversas repercuss\u00f5es positivas, tanto para os idosos quanto para o setor automotivo como um todo. O Brasil possui um dos maiores mercados automotivos da Am\u00e9rica Latina, e a movimenta\u00e7\u00e3o na venda de ve\u00edculos \u00e9 uma pe\u00e7a-chave na economia do pa\u00eds. Estima-se que, ao facilitar a aquisi\u00e7\u00e3o de carros novos por idosos, haja um aumento significativo nas vendas, o que pode gerar mais empregos e impulsionar a cadeia produtiva.<\/p>\n\n\n\n<p>Atualmente, as isen\u00e7\u00f5es do IPI est\u00e3o concentradas em pessoas com defici\u00eancia e em situa\u00e7\u00f5es de sa\u00fade espec\u00edficas, como artrite, Hepatite C, Parkinson e outras condi\u00e7\u00f5es incapacitantes. A inclus\u00e3o dos idosos nessa lista ampliar\u00e1 o alcance das pol\u00edticas p\u00fablicas voltadas para a mobilidade e a qualidade de vida desse grupo, promovendo uma maior circula\u00e7\u00e3o de autom\u00f3veis novos no mercado.<\/p>\n\n\n\n<h3 class=\"wp-block-heading\">Vantagens da Isen\u00e7\u00e3o de IPI<\/h3>\n\n\n\n<figure class=\"wp-block-image size-large\"><img loading=\"lazy\" decoding=\"async\" width=\"1024\" height=\"576\" src=\"https:\/\/www.em.com.br\/emfoco\/wp-content\/uploads\/2024\/12\/idoso-beneficio-Creditos-depositphotos.com-lucidwaters-1024x576.jpg\" alt=\"idoso - benef\u00edcio - Cr\u00e9ditos depositphotos.com lucidwaters\" class=\"wp-image-2810\" srcset=\"https:\/\/www.em.com.br\/emfoco\/wp-content\/uploads\/2024\/12\/idoso-beneficio-Creditos-depositphotos.com-lucidwaters-1024x576.jpg 1024w, https:\/\/www.em.com.br\/emfoco\/wp-content\/uploads\/2024\/12\/idoso-beneficio-Creditos-depositphotos.com-lucidwaters-300x169.jpg 300w, https:\/\/www.em.com.br\/emfoco\/wp-content\/uploads\/2024\/12\/idoso-beneficio-Creditos-depositphotos.com-lucidwaters-768x432.jpg 768w, https:\/\/www.em.com.br\/emfoco\/wp-content\/uploads\/2024\/12\/idoso-beneficio-Creditos-depositphotos.com-lucidwaters-750x422.jpg 750w, https:\/\/www.em.com.br\/emfoco\/wp-content\/uploads\/2024\/12\/idoso-beneficio-Creditos-depositphotos.com-lucidwaters-1140x641.jpg 1140w, https:\/\/www.em.com.br\/emfoco\/wp-content\/uploads\/2024\/12\/idoso-beneficio-Creditos-depositphotos.com-lucidwaters.jpg 1280w\" sizes=\"auto, (max-width: 1024px) 100vw, 1024px\" \/><figcaption class=\"wp-element-caption\">idoso &#8211; benef\u00edcio &#8211; Cr\u00e9ditos depositphotos.com lucidwaters<\/figcaption><\/figure>\n\n\n\n<p>A isen\u00e7\u00e3o do IPI pode proporcionar uma s\u00e9rie de benef\u00edcios diretos e indiretos. Entre os principais pontos positivos, podemos destacar:<\/p>\n\n\n\n<ol class=\"wp-block-list\">\n<li><strong>Acessibilidade<\/strong>: Com a isen\u00e7\u00e3o, os idosos podem adquirir ve\u00edculos novos com pre\u00e7os mais acess\u00edveis, reduzindo o impacto financeiro da compra e, consequentemente, melhorando sua autonomia.<\/li>\n\n\n\n<li><strong>Mobilidade<\/strong>: A facilidade em adquirir um carro novo pode melhorar a qualidade de vida dos idosos, permitindo que eles tenham mais liberdade e independ\u00eancia para se deslocar.<\/li>\n\n\n\n<li><strong>Fortalecimento Econ\u00f4mico<\/strong>: O aumento das vendas de ve\u00edculos novos pode contribuir para a recupera\u00e7\u00e3o do setor automotivo, que \u00e9 um dos pilares da economia brasileira.<\/li>\n\n\n\n<li><strong>Inclus\u00e3o Social<\/strong>: A medida simboliza um progresso nas pol\u00edticas de inclus\u00e3o, reconhecendo a import\u00e2ncia dos idosos na sociedade e proporcionando condi\u00e7\u00f5es que garantam sua mobilidade.<\/li>\n<\/ol>\n\n\n\n<h3 class=\"wp-block-heading\">Acompanhamento do Projeto<\/h3>\n\n\n\n<p>Para aqueles que desejam acompanhar o progresso desse projeto de lei, \u00e9 essencial utilizar os canais oficiais da C\u00e2mara dos Deputados. A transpar\u00eancia nas discuss\u00f5es e delibera\u00e7\u00f5es \u00e9 fundamental para que os cidad\u00e3os possam se manter informados sobre as decis\u00f5es que afetam suas vidas.<\/p>\n\n\n\n<p>A participa\u00e7\u00e3o popular e o suporte \u00e0 proposta tamb\u00e9m s\u00e3o importantes. Mobiliza\u00e7\u00f5es e conscientiza\u00e7\u00e3o podem ajudar a acelerar a aprova\u00e7\u00e3o do projeto, assegurando que os idosos tenham acesso facilitado a ve\u00edculos novos.<\/p>\n\n\n\n<h3 class=\"wp-block-heading\">Conclus\u00e3o: Um Passo em Dire\u00e7\u00e3o \u00e0 Autonomia<\/h3>\n\n\n\n<p>A proposta de isen\u00e7\u00e3o do IPI para idosos representa um avan\u00e7o nas pol\u00edticas p\u00fablicas voltadas para a popula\u00e7\u00e3o mais velha, destacando a import\u00e2ncia de garantir direitos que promovam sua autonomia e qualidade de vida. Ao facilitar a aquisi\u00e7\u00e3o de ve\u00edculos novos, essa iniciativa n\u00e3o s\u00f3 beneficia os idosos, mas tamb\u00e9m colabora para o fortalecimento do mercado automotivo brasileiro, gerando empregos e impulsionando a economia.<\/p>\n\n\n\n<p>A discuss\u00e3o em torno do projeto 2937\/2020 \u00e9 um reflexo da necessidade de se pensar em pol\u00edticas que respeitem e reconhe\u00e7am o papel dos idosos na sociedade. Com uma popula\u00e7\u00e3o envelhecendo rapidamente, \u00e9 fundamental que o pa\u00eds se prepare para atender \u00e0s demandas e necessidades desse grupo, promovendo inclus\u00e3o e bem-estar em todos os aspectos da vida cotidiana. Com isso, espera-se que a proposta avance e que, em breve, os idosos possam desfrutar de mais liberdade e seguran\u00e7a ao adquirir seus ve\u00edculos.<\/p>\n","protected":false},"excerpt":{"rendered":"<p>Idosos poder\u00e3o adquirir ve\u00edculos novos com desconto ap\u00f3s a aprova\u00e7\u00e3o de uma nova lei que isenta o Imposto sobre Produtos Industrializados (IPI) para pessoas com 60 anos ou mais.<\/p>\n","protected":false},"author":3,"featured_media":2811,"comment_status":"open","ping_status":"open","sticky":false,"template":"","format":"standard","meta":{"jnews-multi-image_gallery":[],"jnews_single_post":{"format":"standard"},"jnews_primary_category":[],"jnews_social_meta":[],"jnews_override_counter":[],"footnotes":""},"categories":[28],"tags":[1349,590,260,1348,1347,534],"class_list":["post-2632","post","type-post","status-publish","format-standard","has-post-thumbnail","hentry","category-economia","tag-aquisicao","tag-desconto","tag-idosos","tag-ipi","tag-nova-lei","tag-veiculos"],"yoast_head":"<!-- This site is optimized with the Yoast SEO plugin v23.8 - https:\/\/yoast.com\/wordpress\/plugins\/seo\/ -->\n<title>Idosos T\u00eam Direito a Desconto em Carros? Veja o Que Diz a Nova Lei - Estado de Minas - Em foco<\/title>\n<meta name=\"description\" content=\"Idosos poder\u00e3o adquirir ve\u00edculos novos com desconto ap\u00f3s a aprova\u00e7\u00e3o de uma nova lei que isenta o Imposto sobre Produtos Industrializados\" \/>\n<meta name=\"robots\" content=\"index, follow, max-snippet:-1, max-image-preview:large, max-video-preview:-1\" \/>\n<link rel=\"canonical\" href=\"https:\/\/www.em.com.br\/emfoco\/2024\/12\/03\/idosos-tem-direito-a-desconto-em-carros-veja-o-que-diz-a-nova-lei\/\" \/>\n<meta property=\"og:locale\" content=\"pt_BR\" \/>\n<meta property=\"og:type\" content=\"article\" \/>\n<meta property=\"og:title\" content=\"Idosos T\u00eam Direito a Desconto em Carros? Veja o Que Diz a Nova Lei - Estado de Minas - Em foco\" \/>\n<meta property=\"og:description\" content=\"Idosos poder\u00e3o adquirir ve\u00edculos novos com desconto ap\u00f3s a aprova\u00e7\u00e3o de uma nova lei que isenta o Imposto sobre Produtos Industrializados\" \/>\n<meta property=\"og:url\" content=\"https:\/\/www.em.com.br\/emfoco\/2024\/12\/03\/idosos-tem-direito-a-desconto-em-carros-veja-o-que-diz-a-nova-lei\/\" \/>\n<meta property=\"og:site_name\" content=\"Estado de Minas - Em foco\" \/>\n<meta property=\"article:published_time\" content=\"2024-12-03T12:20:00+00:00\" \/>\n<meta property=\"article:modified_time\" content=\"2024-12-02T21:04:08+00:00\" \/>\n<meta property=\"og:image\" content=\"https:\/\/www.em.com.br\/emfoco\/wp-content\/uploads\/2024\/12\/idoso-beneficio-Creditos-depositphotos.com-ViewApart.jpg\" \/>\n\t<meta property=\"og:image:width\" content=\"1280\" \/>\n\t<meta property=\"og:image:height\" content=\"720\" \/>\n\t<meta property=\"og:image:type\" content=\"image\/jpeg\" \/>\n<meta name=\"author\" content=\"Helen Palma\" \/>\n<meta name=\"twitter:card\" content=\"summary_large_image\" \/>\n<meta name=\"twitter:label1\" content=\"Escrito por\" \/>\n\t<meta name=\"twitter:data1\" content=\"Helen Palma\" \/>\n\t<meta name=\"twitter:label2\" content=\"Est. tempo de leitura\" \/>\n\t<meta name=\"twitter:data2\" content=\"5 minutos\" \/>\n<!-- \/ Yoast SEO plugin. -->","yoast_head_json":{"title":"Idosos T\u00eam Direito a Desconto em Carros? Veja o Que Diz a Nova Lei - Estado de Minas - Em foco","description":"Idosos poder\u00e3o adquirir ve\u00edculos novos com desconto ap\u00f3s a aprova\u00e7\u00e3o de uma nova lei que isenta o Imposto sobre Produtos Industrializados","robots":{"index":"index","follow":"follow","max-snippet":"max-snippet:-1","max-image-preview":"max-image-preview:large","max-video-preview":"max-video-preview:-1"},"canonical":"https:\/\/www.em.com.br\/emfoco\/2024\/12\/03\/idosos-tem-direito-a-desconto-em-carros-veja-o-que-diz-a-nova-lei\/","og_locale":"pt_BR","og_type":"article","og_title":"Idosos T\u00eam Direito a Desconto em Carros? Veja o Que Diz a Nova Lei - Estado de Minas - Em foco","og_description":"Idosos poder\u00e3o adquirir ve\u00edculos novos com desconto ap\u00f3s a aprova\u00e7\u00e3o de uma nova lei que isenta o Imposto sobre Produtos Industrializados","og_url":"https:\/\/www.em.com.br\/emfoco\/2024\/12\/03\/idosos-tem-direito-a-desconto-em-carros-veja-o-que-diz-a-nova-lei\/","og_site_name":"Estado de Minas - Em foco","article_published_time":"2024-12-03T12:20:00+00:00","article_modified_time":"2024-12-02T21:04:08+00:00","og_image":[{"width":1280,"height":720,"url":"https:\/\/www.em.com.br\/emfoco\/wp-content\/uploads\/2024\/12\/idoso-beneficio-Creditos-depositphotos.com-ViewApart.jpg","type":"image\/jpeg"}],"author":"Helen Palma","twitter_card":"summary_large_image","twitter_misc":{"Escrito por":"Helen Palma","Est. tempo de leitura":"5 minutos"},"schema":{"@context":"https:\/\/schema.org","@graph":[{"@type":"WebPage","@id":"https:\/\/www.em.com.br\/emfoco\/2024\/12\/03\/idosos-tem-direito-a-desconto-em-carros-veja-o-que-diz-a-nova-lei\/","url":"https:\/\/www.em.com.br\/emfoco\/2024\/12\/03\/idosos-tem-direito-a-desconto-em-carros-veja-o-que-diz-a-nova-lei\/","name":"Idosos T\u00eam Direito a Desconto em Carros? Veja o Que Diz a Nova Lei - Estado de Minas - Em foco","isPartOf":{"@id":"https:\/\/www.em.com.br\/emfoco\/#website"},"primaryImageOfPage":{"@id":"https:\/\/www.em.com.br\/emfoco\/2024\/12\/03\/idosos-tem-direito-a-desconto-em-carros-veja-o-que-diz-a-nova-lei\/#primaryimage"},"image":{"@id":"https:\/\/www.em.com.br\/emfoco\/2024\/12\/03\/idosos-tem-direito-a-desconto-em-carros-veja-o-que-diz-a-nova-lei\/#primaryimage"},"thumbnailUrl":"https:\/\/www.em.com.br\/emfoco\/wp-content\/uploads\/2024\/12\/idoso-beneficio-Creditos-depositphotos.com-ViewApart.jpg","datePublished":"2024-12-03T12:20:00+00:00","dateModified":"2024-12-02T21:04:08+00:00","author":{"@id":"https:\/\/www.em.com.br\/emfoco\/#\/schema\/person\/d79d5c83ee37ab7ca6781d92bd406eac"},"description":"Idosos poder\u00e3o adquirir ve\u00edculos novos com desconto ap\u00f3s a aprova\u00e7\u00e3o de uma nova lei que isenta o Imposto sobre Produtos Industrializados","breadcrumb":{"@id":"https:\/\/www.em.com.br\/emfoco\/2024\/12\/03\/idosos-tem-direito-a-desconto-em-carros-veja-o-que-diz-a-nova-lei\/#breadcrumb"},"inLanguage":"pt-BR","potentialAction":[{"@type":"ReadAction","target":["https:\/\/www.em.com.br\/emfoco\/2024\/12\/03\/idosos-tem-direito-a-desconto-em-carros-veja-o-que-diz-a-nova-lei\/"]}]},{"@type":"ImageObject","inLanguage":"pt-BR","@id":"https:\/\/www.em.com.br\/emfoco\/2024\/12\/03\/idosos-tem-direito-a-desconto-em-carros-veja-o-que-diz-a-nova-lei\/#primaryimage","url":"https:\/\/www.em.com.br\/emfoco\/wp-content\/uploads\/2024\/12\/idoso-beneficio-Creditos-depositphotos.com-ViewApart.jpg","contentUrl":"https:\/\/www.em.com.br\/emfoco\/wp-content\/uploads\/2024\/12\/idoso-beneficio-Creditos-depositphotos.com-ViewApart.jpg","width":1280,"height":720,"caption":"idoso - benef\u00edcio - Cr\u00e9ditos depositphotos.com ViewApart"},{"@type":"BreadcrumbList","@id":"https:\/\/www.em.com.br\/emfoco\/2024\/12\/03\/idosos-tem-direito-a-desconto-em-carros-veja-o-que-diz-a-nova-lei\/#breadcrumb","itemListElement":[{"@type":"ListItem","position":1,"name":"In\u00edcio","item":"https:\/\/www.em.com.br\/emfoco\/"},{"@type":"ListItem","position":2,"name":"Idosos T\u00eam Direito a Desconto em Carros? Veja o Que Diz a Nova Lei"}]},{"@type":"WebSite","@id":"https:\/\/www.em.com.br\/emfoco\/#website","url":"https:\/\/www.em.com.br\/emfoco\/","name":"Estado de Minas - Em foco","description":"Acompanhe as \u00faltimas not\u00edcias e fique bem informado sobre tudo o que acontece em Minas Gerais, Brasil e no mundo.","potentialAction":[{"@type":"SearchAction","target":{"@type":"EntryPoint","urlTemplate":"https:\/\/www.em.com.br\/emfoco\/?s={search_term_string}"},"query-input":{"@type":"PropertyValueSpecification","valueRequired":true,"valueName":"search_term_string"}}],"inLanguage":"pt-BR"},{"@type":"Person","@id":"https:\/\/www.em.com.br\/emfoco\/#\/schema\/person\/d79d5c83ee37ab7ca6781d92bd406eac","name":"Helen Palma","image":{"@type":"ImageObject","inLanguage":"pt-BR","@id":"https:\/\/www.em.com.br\/emfoco\/#\/schema\/person\/image\/","url":"https:\/\/secure.gravatar.com\/avatar\/c657d9266c25fd5b35a8a6274fb730cd?s=96&d=mm&r=g","contentUrl":"https:\/\/secure.gravatar.com\/avatar\/c657d9266c25fd5b35a8a6274fb730cd?s=96&d=mm&r=g","caption":"Helen Palma"},"url":"https:\/\/www.em.com.br\/emfoco\/author\/helenmyth\/"}]}},"_links":{"self":[{"href":"https:\/\/www.em.com.br\/emfoco\/wp-json\/wp\/v2\/posts\/2632","targetHints":{"allow":["GET"]}}],"collection":[{"href":"https:\/\/www.em.com.br\/emfoco\/wp-json\/wp\/v2\/posts"}],"about":[{"href":"https:\/\/www.em.com.br\/emfoco\/wp-json\/wp\/v2\/types\/post"}],"author":[{"embeddable":true,"href":"https:\/\/www.em.com.br\/emfoco\/wp-json\/wp\/v2\/users\/3"}],"replies":[{"embeddable":true,"href":"https:\/\/www.em.com.br\/emfoco\/wp-json\/wp\/v2\/comments?post=2632"}],"version-history":[{"count":2,"href":"https:\/\/www.em.com.br\/emfoco\/wp-json\/wp\/v2\/posts\/2632\/revisions"}],"predecessor-version":[{"id":2812,"href":"https:\/\/www.em.com.br\/emfoco\/wp-json\/wp\/v2\/posts\/2632\/revisions\/2812"}],"wp:featuredmedia":[{"embeddable":true,"href":"https:\/\/www.em.com.br\/emfoco\/wp-json\/wp\/v2\/media\/2811"}],"wp:attachment":[{"href":"https:\/\/www.em.com.br\/emfoco\/wp-json\/wp\/v2\/media?parent=2632"}],"wp:term":[{"taxonomy":"category","embeddable":true,"href":"https:\/\/www.em.com.br\/emfoco\/wp-json\/wp\/v2\/categories?post=2632"},{"taxonomy":"post_tag","embeddable":true,"href":"https:\/\/www.em.com.br\/emfoco\/wp-json\/wp\/v2\/tags?post=2632"}],"curies":[{"name":"wp","href":"https:\/\/api.w.org\/{rel}","templated":true}]}}