{"id":262984,"date":"2026-09-06T10:59:00","date_gmt":"2026-09-06T13:59:00","guid":{"rendered":"https:\/\/www.em.com.br\/emfoco\/?p=262984"},"modified":"2026-09-05T16:17:38","modified_gmt":"2026-09-05T19:17:38","slug":"a-humanidade-bateu-de-proposito-em-um-asteroide-mudou-sua-orbita-pela-primeira-vez-e-agora-uma-nave-europeia-viaja-milhoes-de-quilometros-para-descobrir-exatamente-o-que-aconteceu-depois-da-colisao","status":"publish","type":"post","link":"https:\/\/www.em.com.br\/emfoco\/2026\/09\/06\/a-humanidade-bateu-de-proposito-em-um-asteroide-mudou-sua-orbita-pela-primeira-vez-e-agora-uma-nave-europeia-viaja-milhoes-de-quilometros-para-descobrir-exatamente-o-que-aconteceu-depois-da-colisao\/","title":{"rendered":"A humanidade bateu de prop\u00f3sito em um asteroide, mudou sua \u00f3rbita pela primeira vez e agora uma nave europeia viaja milh\u00f5es de quil\u00f4metros para descobrir exatamente o que aconteceu depois da colis\u00e3o"},"content":{"rendered":"\n<p class=\"wp-block-paragraph\">Em 2022, uma nave atingiu de prop\u00f3sito um <strong>asteroide<\/strong> e a humanidade alterou pela primeira vez a \u00f3rbita de um corpo celeste. Agora, a <strong>miss\u00e3o Hera<\/strong> viaja at\u00e9 <strong>Dimorphos<\/strong> para medir com precis\u00e3o o que a colis\u00e3o da DART realmente fez, transformando um teste hist\u00f3rico em dados \u00fateis para a defesa planet\u00e1ria.<\/p>\n\n\n\n<h2 class=\"wp-block-heading\">Por que a \u00f3rbita de Dimorphos mudou depois da colis\u00e3o?<\/h2>\n\n\n\n<p class=\"wp-block-paragraph\">Dimorphos \u00e9 a pequena lua do sistema <a href=\"https:\/\/pt.wikipedia.org\/wiki\/65803_Didymos\" target=\"_blank\" rel=\"noopener\"><strong>Didymos<\/strong><\/a>. Antes do impacto, ela completava uma volta em aproximadamente 11 horas e 55 minutos. A colis\u00e3o transferiu movimento para o corpo e lan\u00e7ou material para o espa\u00e7o, alterando o per\u00edodo orbital.<\/p>\n\n\n\n<p class=\"wp-block-paragraph\">As medi\u00e7\u00f5es posteriores mostraram uma redu\u00e7\u00e3o de cerca de <strong>33 minutos<\/strong>. Isso transformou a miss\u00e3o em uma demonstra\u00e7\u00e3o real de que um impacto cin\u00e9tico pode modificar de maneira mensur\u00e1vel o movimento de um pequeno corpo sem o uso de explosivos.<\/p>\n\n\n<div class=\"wp-block-image\">\n<figure class=\"aligncenter size-large\"><img decoding=\"async\" width=\"1024\" height=\"572\" src=\"https:\/\/www.em.com.br\/emfoco\/wp-content\/uploads\/2026\/09\/Hera_inspecting_Dimorphos_asteroid_202609051613-1024x572.jpeg\" alt=\"Como Hera vai investigar o asteroide atingido pela DART\" class=\"wp-image-262986\" srcset=\"https:\/\/www.em.com.br\/emfoco\/wp-content\/uploads\/2026\/09\/Hera_inspecting_Dimorphos_asteroid_202609051613-1024x572.jpeg 1024w, https:\/\/www.em.com.br\/emfoco\/wp-content\/uploads\/2026\/09\/Hera_inspecting_Dimorphos_asteroid_202609051613-300x167.jpeg 300w, https:\/\/www.em.com.br\/emfoco\/wp-content\/uploads\/2026\/09\/Hera_inspecting_Dimorphos_asteroid_202609051613-768x429.jpeg 768w, https:\/\/www.em.com.br\/emfoco\/wp-content\/uploads\/2026\/09\/Hera_inspecting_Dimorphos_asteroid_202609051613-750x419.jpeg 750w, https:\/\/www.em.com.br\/emfoco\/wp-content\/uploads\/2026\/09\/Hera_inspecting_Dimorphos_asteroid_202609051613-1140x636.jpeg 1140w, https:\/\/www.em.com.br\/emfoco\/wp-content\/uploads\/2026\/09\/Hera_inspecting_Dimorphos_asteroid_202609051613.jpeg 1376w\" sizes=\"(max-width: 1024px) 100vw, 1024px\" \/><figcaption class=\"wp-element-caption\">Como Hera vai investigar o asteroide atingido pela DART<\/figcaption><\/figure>\n<\/div>\n\n\n<h2 class=\"wp-block-heading\">O que tornou esse impacto diferente de tudo que j\u00e1 havia sido feito?<\/h2>\n\n\n\n<p class=\"wp-block-paragraph\">A DART n\u00e3o tinha como objetivo destruir Dimorphos. Ela foi enviada para acert\u00e1-lo deliberadamente e testar uma t\u00e9cnica de desvio. A <a href=\"https:\/\/www.nasa.gov\/news-release\/nasa-confirms-dart-mission-impact-changed-asteroids-motion-in-space\/\" target=\"_blank\" rel=\"noopener\"><strong>mudan\u00e7a mensur\u00e1vel da \u00f3rbita<\/strong><\/a> marcou a primeira vez que a humanidade alterou propositalmente o movimento de um corpo celeste.<\/p>\n\n\n\n<p class=\"wp-block-paragraph\">O resultado confirmou que o m\u00e9todo funciona, mas deixou perguntas abertas. A efici\u00eancia depende da <strong>massa de Dimorphos<\/strong>, da estrutura interna e da quantidade de detritos ejetados. Sem essas medidas, ainda n\u00e3o \u00e9 poss\u00edvel reconstruir com precis\u00e3o toda a transfer\u00eancia de momento ocorrida.<\/p>\n\n\n\n<h2 class=\"wp-block-heading\">Quais respostas a Hera vai procurar quando chegar ao sistema?<\/h2>\n\n\n\n<p class=\"wp-block-paragraph\">A <strong>miss\u00e3o europeia<\/strong> foi desenhada justamente para transformar essas incertezas em medidas diretas. Suas c\u00e2meras, instrumentos e dois pequenos CubeSats examinar\u00e3o o sistema de perto, permitindo comparar o corpo atual com as observa\u00e7\u00f5es feitas antes e logo depois da colis\u00e3o.<\/p>\n\n\n\n<p class=\"wp-block-paragraph\"><strong>Entre as medi\u00e7\u00f5es previstas est\u00e3o:<\/strong><\/p>\n\n\n\n<ul class=\"wp-block-list\">\n<li><strong>Massa de Dimorphos:<\/strong> necess\u00e1ria para calcular a efici\u00eancia real do impacto.<\/li>\n\n\n\n<li><strong>Estrutura interna:<\/strong> ajuda a revelar se o corpo \u00e9 compacto ou formado por detritos pouco unidos.<\/li>\n\n\n\n<li><strong>Forma atual:<\/strong> mostrar\u00e1 se surgiu uma cratera ou se o objeto inteiro foi remodelado.<\/li>\n\n\n\n<li><strong>Estado orbital:<\/strong> permitir\u00e1 mapear com precis\u00e3o como o sistema se reorganizou ap\u00f3s a DART.<\/li>\n<\/ul>\n\n\n<div class=\"wp-block-image\">\n<figure class=\"aligncenter size-large\"><img decoding=\"async\" width=\"1024\" height=\"572\" src=\"https:\/\/www.em.com.br\/emfoco\/wp-content\/uploads\/2026\/09\/Asteroids_orbiting_in_space_202609051613-1024x572.jpeg\" alt=\"Como Hera vai investigar o asteroide atingido pela DART\" class=\"wp-image-262987\" srcset=\"https:\/\/www.em.com.br\/emfoco\/wp-content\/uploads\/2026\/09\/Asteroids_orbiting_in_space_202609051613-1024x572.jpeg 1024w, https:\/\/www.em.com.br\/emfoco\/wp-content\/uploads\/2026\/09\/Asteroids_orbiting_in_space_202609051613-300x167.jpeg 300w, https:\/\/www.em.com.br\/emfoco\/wp-content\/uploads\/2026\/09\/Asteroids_orbiting_in_space_202609051613-768x429.jpeg 768w, https:\/\/www.em.com.br\/emfoco\/wp-content\/uploads\/2026\/09\/Asteroids_orbiting_in_space_202609051613-750x419.jpeg 750w, https:\/\/www.em.com.br\/emfoco\/wp-content\/uploads\/2026\/09\/Asteroids_orbiting_in_space_202609051613-1140x636.jpeg 1140w, https:\/\/www.em.com.br\/emfoco\/wp-content\/uploads\/2026\/09\/Asteroids_orbiting_in_space_202609051613.jpeg 1376w\" sizes=\"(max-width: 1024px) 100vw, 1024px\" \/><figcaption class=\"wp-element-caption\">Como Hera vai investigar o asteroide atingido pela DART<\/figcaption><\/figure>\n<\/div>\n\n\n<h2 class=\"wp-block-heading\">Quando a nave europeia finalmente ficar\u00e1 perto de Dimorphos?<\/h2>\n\n\n\n<p class=\"wp-block-paragraph\">As manobras de encontro est\u00e3o previstas para come\u00e7ar em <strong>outubro de 2026<\/strong>. A cronologia atual da ag\u00eancia europeia aponta o rendezvous com o sistema em novembro, depois de uma viagem iniciada em 2024 e de uma assist\u00eancia gravitacional realizada junto a Marte em 2025.<\/p>\n\n\n\n<p class=\"wp-block-paragraph\">Uma vez nas proximidades, a <a href=\"https:\/\/www.esa.int\/Space_Safety\/Hera\/Hera_s_Science\" target=\"_blank\" rel=\"noopener\"><strong>miss\u00e3o Hera<\/strong><\/a> far\u00e1 levantamentos da superf\u00edcie, medir\u00e1 propriedades f\u00edsicas e usar\u00e1 r\u00e1dio e navega\u00e7\u00e3o de alta precis\u00e3o para estimar a massa. O objetivo \u00e9 reconstruir o impacto como uma investiga\u00e7\u00e3o t\u00e9cnica do local.<\/p>\n\n\n\n<h2 class=\"wp-block-heading\">Por que medir a colis\u00e3o importa para a prote\u00e7\u00e3o da Terra?<\/h2>\n\n\n\n<p class=\"wp-block-paragraph\">Um teste bem-sucedido mostra que \u00e9 poss\u00edvel alterar uma trajet\u00f3ria, mas uma futura defesa exigiria prever o efeito antes do lan\u00e7amento. Para isso, cientistas precisam saber como <strong>diferentes estruturas respondem ao impacto<\/strong>, porque dois corpos do mesmo tamanho podem reagir de maneiras bastante diferentes.<\/p>\n\n\n\n<p class=\"wp-block-paragraph\">DART mostrou que a \u00f3rbita podia ser modificada. Hera dever\u00e1 explicar <strong>quanto movimento foi transferido e por qu\u00ea<\/strong>. Juntas, as duas miss\u00f5es transformam uma colis\u00e3o deliberada em um experimento completo, capaz de melhorar modelos usados para planejar desvios de objetos que algum dia possam representar risco.<\/p>\n\n\n\n<p class=\"wp-block-paragraph\"><\/p>\n","protected":false},"excerpt":{"rendered":"<p>Em 2022, uma nave atingiu de prop\u00f3sito um asteroide e a humanidade alterou pela primeira vez a \u00f3rbita de um corpo celeste. Agora, a miss\u00e3o Hera viaja at\u00e9 Dimorphos para medir com precis\u00e3o o que a colis\u00e3o da DART realmente fez, transformando um teste hist\u00f3rico em dados \u00fateis para a defesa planet\u00e1ria. Por que a [&hellip;]<\/p>\n","protected":false},"author":36,"featured_media":262985,"comment_status":"open","ping_status":"open","sticky":false,"template":"","format":"standard","meta":{"jnews-multi-image_gallery":[],"jnews_single_post":{"format":"standard"},"jnews_primary_category":[],"jnews_social_meta":[],"jnews_override_counter":[],"footnotes":""},"categories":[8819],"tags":[7546,36036,1706,36035],"class_list":["post-262984","post","type-post","status-publish","format-standard","has-post-thumbnail","hentry","category-curiosidades","tag-asteroide","tag-dart","tag-espaco","tag-hera"],"yoast_head":"<!-- This site is optimized with the Yoast SEO plugin v28.3 - https:\/\/yoast.com\/product\/yoast-seo-wordpress\/ -->\n<title>A humanidade bateu de prop\u00f3sito em um asteroide, mudou sua \u00f3rbita pela primeira vez e agora uma nave europeia viaja milh\u00f5es de quil\u00f4metros para descobrir exatamente o que aconteceu depois da colis\u00e3o - Estado de Minas - Em foco<\/title>\n<meta name=\"description\" content=\"Um impacto mudou a \u00f3rbita de um asteroide. Agora uma nave europeia vai medir exatamente o que a colis\u00e3o provocou.\" \/>\n<meta name=\"robots\" content=\"index, follow, max-snippet:-1, max-image-preview:large, max-video-preview:-1\" \/>\n<link rel=\"canonical\" href=\"https:\/\/www.em.com.br\/emfoco\/2026\/09\/06\/a-humanidade-bateu-de-proposito-em-um-asteroide-mudou-sua-orbita-pela-primeira-vez-e-agora-uma-nave-europeia-viaja-milhoes-de-quilometros-para-descobrir-exatamente-o-que-aconteceu-depois-da-colisao\/\" \/>\n<meta property=\"og:locale\" content=\"pt_BR\" \/>\n<meta property=\"og:type\" content=\"article\" \/>\n<meta property=\"og:title\" content=\"A humanidade bateu de prop\u00f3sito em um asteroide, mudou sua \u00f3rbita pela primeira vez e agora uma nave europeia viaja milh\u00f5es de quil\u00f4metros para descobrir exatamente o que aconteceu depois da colis\u00e3o - Estado de Minas - Em foco\" \/>\n<meta property=\"og:description\" content=\"Um impacto mudou a \u00f3rbita de um asteroide. Agora uma nave europeia vai medir exatamente o que a colis\u00e3o provocou.\" \/>\n<meta property=\"og:url\" content=\"https:\/\/www.em.com.br\/emfoco\/2026\/09\/06\/a-humanidade-bateu-de-proposito-em-um-asteroide-mudou-sua-orbita-pela-primeira-vez-e-agora-uma-nave-europeia-viaja-milhoes-de-quilometros-para-descobrir-exatamente-o-que-aconteceu-depois-da-colisao\/\" \/>\n<meta property=\"og:site_name\" content=\"Estado de Minas - Em foco\" \/>\n<meta property=\"article:published_time\" content=\"2026-09-06T13:59:00+00:00\" \/>\n<meta property=\"og:image\" content=\"https:\/\/www.em.com.br\/emfoco\/wp-content\/uploads\/2026\/09\/Spacecraft_approaches_Didymos_as\u2026_202609051613.jpeg\" \/>\n\t<meta property=\"og:image:width\" content=\"1376\" \/>\n\t<meta property=\"og:image:height\" content=\"768\" \/>\n\t<meta property=\"og:image:type\" content=\"image\/jpeg\" \/>\n<meta name=\"author\" content=\"Paulo\" \/>\n<meta name=\"twitter:card\" content=\"summary_large_image\" \/>\n<meta name=\"twitter:label1\" content=\"Escrito por\" \/>\n\t<meta name=\"twitter:data1\" content=\"Paulo\" \/>\n\t<meta name=\"twitter:label2\" content=\"Est. tempo de leitura\" \/>\n\t<meta name=\"twitter:data2\" content=\"4 minutos\" \/>\n<!-- \/ Yoast SEO plugin. -->","yoast_head_json":{"title":"A humanidade bateu de prop\u00f3sito em um asteroide, mudou sua \u00f3rbita pela primeira vez e agora uma nave europeia viaja milh\u00f5es de quil\u00f4metros para descobrir exatamente o que aconteceu depois da colis\u00e3o - Estado de Minas - Em foco","description":"Um impacto mudou a \u00f3rbita de um asteroide. Agora uma nave europeia vai medir exatamente o que a colis\u00e3o provocou.","robots":{"index":"index","follow":"follow","max-snippet":"max-snippet:-1","max-image-preview":"max-image-preview:large","max-video-preview":"max-video-preview:-1"},"canonical":"https:\/\/www.em.com.br\/emfoco\/2026\/09\/06\/a-humanidade-bateu-de-proposito-em-um-asteroide-mudou-sua-orbita-pela-primeira-vez-e-agora-uma-nave-europeia-viaja-milhoes-de-quilometros-para-descobrir-exatamente-o-que-aconteceu-depois-da-colisao\/","og_locale":"pt_BR","og_type":"article","og_title":"A humanidade bateu de prop\u00f3sito em um asteroide, mudou sua \u00f3rbita pela primeira vez e agora uma nave europeia viaja milh\u00f5es de quil\u00f4metros para descobrir exatamente o que aconteceu depois da colis\u00e3o - Estado de Minas - Em foco","og_description":"Um impacto mudou a \u00f3rbita de um asteroide. Agora uma nave europeia vai medir exatamente o que a colis\u00e3o provocou.","og_url":"https:\/\/www.em.com.br\/emfoco\/2026\/09\/06\/a-humanidade-bateu-de-proposito-em-um-asteroide-mudou-sua-orbita-pela-primeira-vez-e-agora-uma-nave-europeia-viaja-milhoes-de-quilometros-para-descobrir-exatamente-o-que-aconteceu-depois-da-colisao\/","og_site_name":"Estado de Minas - Em foco","article_published_time":"2026-09-06T13:59:00+00:00","og_image":[{"width":1376,"height":768,"url":"https:\/\/www.em.com.br\/emfoco\/wp-content\/uploads\/2026\/09\/Spacecraft_approaches_Didymos_as\u2026_202609051613.jpeg","type":"image\/jpeg"}],"author":"Paulo","twitter_card":"summary_large_image","twitter_misc":{"Escrito por":"Paulo","Est. tempo de leitura":"4 minutos"},"schema":{"@context":"https:\/\/schema.org","@graph":[{"@type":"Article","@id":"https:\/\/www.em.com.br\/emfoco\/2026\/09\/06\/a-humanidade-bateu-de-proposito-em-um-asteroide-mudou-sua-orbita-pela-primeira-vez-e-agora-uma-nave-europeia-viaja-milhoes-de-quilometros-para-descobrir-exatamente-o-que-aconteceu-depois-da-colisao\/#article","isPartOf":{"@id":"https:\/\/www.em.com.br\/emfoco\/2026\/09\/06\/a-humanidade-bateu-de-proposito-em-um-asteroide-mudou-sua-orbita-pela-primeira-vez-e-agora-uma-nave-europeia-viaja-milhoes-de-quilometros-para-descobrir-exatamente-o-que-aconteceu-depois-da-colisao\/"},"author":{"name":"Paulo","@id":"https:\/\/www.em.com.br\/emfoco\/#\/schema\/person\/a40efdfe89a3c3c02a66e4188f4757f9"},"headline":"A humanidade bateu de prop\u00f3sito em um asteroide, mudou sua \u00f3rbita pela primeira vez e agora uma nave europeia viaja milh\u00f5es de quil\u00f4metros para descobrir exatamente o que aconteceu depois da colis\u00e3o","datePublished":"2026-09-06T13:59:00+00:00","mainEntityOfPage":{"@id":"https:\/\/www.em.com.br\/emfoco\/2026\/09\/06\/a-humanidade-bateu-de-proposito-em-um-asteroide-mudou-sua-orbita-pela-primeira-vez-e-agora-uma-nave-europeia-viaja-milhoes-de-quilometros-para-descobrir-exatamente-o-que-aconteceu-depois-da-colisao\/"},"wordCount":639,"commentCount":0,"image":{"@id":"https:\/\/www.em.com.br\/emfoco\/2026\/09\/06\/a-humanidade-bateu-de-proposito-em-um-asteroide-mudou-sua-orbita-pela-primeira-vez-e-agora-uma-nave-europeia-viaja-milhoes-de-quilometros-para-descobrir-exatamente-o-que-aconteceu-depois-da-colisao\/#primaryimage"},"thumbnailUrl":"https:\/\/www.em.com.br\/emfoco\/wp-content\/uploads\/2026\/09\/Spacecraft_approaches_Didymos_as\u2026_202609051613.jpeg","keywords":["asteroide","DART","espa\u00e7o","Hera"],"articleSection":["Curiosidades"],"inLanguage":"pt-BR","potentialAction":[{"@type":"CommentAction","name":"Comment","target":["https:\/\/www.em.com.br\/emfoco\/2026\/09\/06\/a-humanidade-bateu-de-proposito-em-um-asteroide-mudou-sua-orbita-pela-primeira-vez-e-agora-uma-nave-europeia-viaja-milhoes-de-quilometros-para-descobrir-exatamente-o-que-aconteceu-depois-da-colisao\/#respond"]}]},{"@type":"WebPage","@id":"https:\/\/www.em.com.br\/emfoco\/2026\/09\/06\/a-humanidade-bateu-de-proposito-em-um-asteroide-mudou-sua-orbita-pela-primeira-vez-e-agora-uma-nave-europeia-viaja-milhoes-de-quilometros-para-descobrir-exatamente-o-que-aconteceu-depois-da-colisao\/","url":"https:\/\/www.em.com.br\/emfoco\/2026\/09\/06\/a-humanidade-bateu-de-proposito-em-um-asteroide-mudou-sua-orbita-pela-primeira-vez-e-agora-uma-nave-europeia-viaja-milhoes-de-quilometros-para-descobrir-exatamente-o-que-aconteceu-depois-da-colisao\/","name":"A humanidade bateu de prop\u00f3sito em um asteroide, mudou sua \u00f3rbita pela primeira vez e agora uma nave europeia viaja milh\u00f5es de quil\u00f4metros para descobrir exatamente o que aconteceu depois da colis\u00e3o - Estado de Minas - Em foco","isPartOf":{"@id":"https:\/\/www.em.com.br\/emfoco\/#website"},"primaryImageOfPage":{"@id":"https:\/\/www.em.com.br\/emfoco\/2026\/09\/06\/a-humanidade-bateu-de-proposito-em-um-asteroide-mudou-sua-orbita-pela-primeira-vez-e-agora-uma-nave-europeia-viaja-milhoes-de-quilometros-para-descobrir-exatamente-o-que-aconteceu-depois-da-colisao\/#primaryimage"},"image":{"@id":"https:\/\/www.em.com.br\/emfoco\/2026\/09\/06\/a-humanidade-bateu-de-proposito-em-um-asteroide-mudou-sua-orbita-pela-primeira-vez-e-agora-uma-nave-europeia-viaja-milhoes-de-quilometros-para-descobrir-exatamente-o-que-aconteceu-depois-da-colisao\/#primaryimage"},"thumbnailUrl":"https:\/\/www.em.com.br\/emfoco\/wp-content\/uploads\/2026\/09\/Spacecraft_approaches_Didymos_as\u2026_202609051613.jpeg","datePublished":"2026-09-06T13:59:00+00:00","author":{"@id":"https:\/\/www.em.com.br\/emfoco\/#\/schema\/person\/a40efdfe89a3c3c02a66e4188f4757f9"},"description":"Um impacto mudou a \u00f3rbita de um asteroide. Agora uma nave europeia vai medir exatamente o que a colis\u00e3o provocou.","breadcrumb":{"@id":"https:\/\/www.em.com.br\/emfoco\/2026\/09\/06\/a-humanidade-bateu-de-proposito-em-um-asteroide-mudou-sua-orbita-pela-primeira-vez-e-agora-uma-nave-europeia-viaja-milhoes-de-quilometros-para-descobrir-exatamente-o-que-aconteceu-depois-da-colisao\/#breadcrumb"},"inLanguage":"pt-BR","potentialAction":[{"@type":"ReadAction","target":["https:\/\/www.em.com.br\/emfoco\/2026\/09\/06\/a-humanidade-bateu-de-proposito-em-um-asteroide-mudou-sua-orbita-pela-primeira-vez-e-agora-uma-nave-europeia-viaja-milhoes-de-quilometros-para-descobrir-exatamente-o-que-aconteceu-depois-da-colisao\/"]}]},{"@type":"ImageObject","inLanguage":"pt-BR","@id":"https:\/\/www.em.com.br\/emfoco\/2026\/09\/06\/a-humanidade-bateu-de-proposito-em-um-asteroide-mudou-sua-orbita-pela-primeira-vez-e-agora-uma-nave-europeia-viaja-milhoes-de-quilometros-para-descobrir-exatamente-o-que-aconteceu-depois-da-colisao\/#primaryimage","url":"https:\/\/www.em.com.br\/emfoco\/wp-content\/uploads\/2026\/09\/Spacecraft_approaches_Didymos_as\u2026_202609051613.jpeg","contentUrl":"https:\/\/www.em.com.br\/emfoco\/wp-content\/uploads\/2026\/09\/Spacecraft_approaches_Didymos_as\u2026_202609051613.jpeg","width":1376,"height":768,"caption":"Como Hera vai investigar o asteroide atingido pela DART"},{"@type":"BreadcrumbList","@id":"https:\/\/www.em.com.br\/emfoco\/2026\/09\/06\/a-humanidade-bateu-de-proposito-em-um-asteroide-mudou-sua-orbita-pela-primeira-vez-e-agora-uma-nave-europeia-viaja-milhoes-de-quilometros-para-descobrir-exatamente-o-que-aconteceu-depois-da-colisao\/#breadcrumb","itemListElement":[{"@type":"ListItem","position":1,"name":"In\u00edcio","item":"https:\/\/www.em.com.br\/emfoco\/"},{"@type":"ListItem","position":2,"name":"A humanidade bateu de prop\u00f3sito em um asteroide, mudou sua \u00f3rbita pela primeira vez e agora uma nave europeia viaja milh\u00f5es de quil\u00f4metros para descobrir exatamente o que aconteceu depois da colis\u00e3o"}]},{"@type":"WebSite","@id":"https:\/\/www.em.com.br\/emfoco\/#website","url":"https:\/\/www.em.com.br\/emfoco\/","name":"Estado de Minas - Em foco","description":"Acompanhe as \u00faltimas not\u00edcias e fique bem informado sobre tudo o que acontece em Minas Gerais, Brasil e no mundo.","potentialAction":[{"@type":"SearchAction","target":{"@type":"EntryPoint","urlTemplate":"https:\/\/www.em.com.br\/emfoco\/?s={search_term_string}"},"query-input":{"@type":"PropertyValueSpecification","valueRequired":true,"valueName":"search_term_string"}}],"inLanguage":"pt-BR"},{"@type":"Person","@id":"https:\/\/www.em.com.br\/emfoco\/#\/schema\/person\/a40efdfe89a3c3c02a66e4188f4757f9","name":"Paulo","image":{"@type":"ImageObject","inLanguage":"pt-BR","@id":"https:\/\/secure.gravatar.com\/avatar\/e97035e905aa7c91d0d43cb122ce3d29e6f75e431f9c5f20d3d2e46f1e2f5af4?s=96&d=mm&r=g","url":"https:\/\/secure.gravatar.com\/avatar\/e97035e905aa7c91d0d43cb122ce3d29e6f75e431f9c5f20d3d2e46f1e2f5af4?s=96&d=mm&r=g","contentUrl":"https:\/\/secure.gravatar.com\/avatar\/e97035e905aa7c91d0d43cb122ce3d29e6f75e431f9c5f20d3d2e46f1e2f5af4?s=96&d=mm&r=g","caption":"Paulo"},"sameAs":["https:\/\/www.em.com.br\/emfoco"],"url":"https:\/\/www.em.com.br\/emfoco\/author\/paulomyth\/"}]}},"_links":{"self":[{"href":"https:\/\/www.em.com.br\/emfoco\/wp-json\/wp\/v2\/posts\/262984","targetHints":{"allow":["GET"]}}],"collection":[{"href":"https:\/\/www.em.com.br\/emfoco\/wp-json\/wp\/v2\/posts"}],"about":[{"href":"https:\/\/www.em.com.br\/emfoco\/wp-json\/wp\/v2\/types\/post"}],"author":[{"embeddable":true,"href":"https:\/\/www.em.com.br\/emfoco\/wp-json\/wp\/v2\/users\/36"}],"replies":[{"embeddable":true,"href":"https:\/\/www.em.com.br\/emfoco\/wp-json\/wp\/v2\/comments?post=262984"}],"version-history":[{"count":1,"href":"https:\/\/www.em.com.br\/emfoco\/wp-json\/wp\/v2\/posts\/262984\/revisions"}],"predecessor-version":[{"id":262988,"href":"https:\/\/www.em.com.br\/emfoco\/wp-json\/wp\/v2\/posts\/262984\/revisions\/262988"}],"wp:featuredmedia":[{"embeddable":true,"href":"https:\/\/www.em.com.br\/emfoco\/wp-json\/wp\/v2\/media\/262985"}],"wp:attachment":[{"href":"https:\/\/www.em.com.br\/emfoco\/wp-json\/wp\/v2\/media?parent=262984"}],"wp:term":[{"taxonomy":"category","embeddable":true,"href":"https:\/\/www.em.com.br\/emfoco\/wp-json\/wp\/v2\/categories?post=262984"},{"taxonomy":"post_tag","embeddable":true,"href":"https:\/\/www.em.com.br\/emfoco\/wp-json\/wp\/v2\/tags?post=262984"}],"curies":[{"name":"wp","href":"https:\/\/api.w.org\/{rel}","templated":true}]}}