{"id":262978,"date":"2026-09-06T08:29:00","date_gmt":"2026-09-06T11:29:00","guid":{"rendered":"https:\/\/www.em.com.br\/emfoco\/?p=262978"},"modified":"2026-09-05T15:54:35","modified_gmt":"2026-09-05T18:54:35","slug":"uma-planta-que-permaneceu-identificada-de-forma-errada-por-177-anos-dentro-de-um-herbario-acabou-reconhecida-como-uma-nova-especie-produz-folhas-de-ate-32-metros-e-hoje-detem-o-recorde-de-maior-vito","status":"publish","type":"post","link":"https:\/\/www.em.com.br\/emfoco\/2026\/09\/06\/uma-planta-que-permaneceu-identificada-de-forma-errada-por-177-anos-dentro-de-um-herbario-acabou-reconhecida-como-uma-nova-especie-produz-folhas-de-ate-32-metros-e-hoje-detem-o-recorde-de-maior-vito\/","title":{"rendered":"Uma planta que permaneceu identificada de forma errada por 177 anos dentro de um herb\u00e1rio acabou reconhecida como uma nova esp\u00e9cie, produz folhas de at\u00e9 3,2 metros e hoje det\u00e9m o recorde de maior vit\u00f3ria-r\u00e9gia conhecida no mundo"},"content":{"rendered":"\n<p class=\"wp-block-paragraph\">Durante 177 anos, um exemplar da <strong>vit\u00f3ria-r\u00e9gia<\/strong> hoje reconhecida como <strong>Victoria boliviana<\/strong> permaneceu com a identifica\u00e7\u00e3o errada em herb\u00e1rio. A esp\u00e9cie foi formalmente descrita em 2022 e ganhou destaque por folhas gigantes, com um registro documentado de 3,2 metros de largura em uma planta cultivada na Bol\u00edvia.<\/p>\n\n\n\n<h2 class=\"wp-block-heading\">Como uma vit\u00f3ria-r\u00e9gia conseguiu passar 177 anos com o nome errado?<\/h2>\n\n\n\n<p class=\"wp-block-paragraph\">A <a href=\"https:\/\/en.wikipedia.org\/wiki\/Victoria_boliviana\" target=\"_blank\" rel=\"noopener\"><strong>Victoria boliviana<\/strong><\/a> j\u00e1 estava representada em cole\u00e7\u00f5es bot\u00e2nicas antigas, mas seus exemplares eram tratados como pertencentes a outra esp\u00e9cie do mesmo g\u00eanero. A semelhan\u00e7a entre plantas gigantes e a falta de compara\u00e7\u00e3o detalhada ajudaram a manter essa classifica\u00e7\u00e3o por muitas d\u00e9cadas.<\/p>\n\n\n\n<p class=\"wp-block-paragraph\">O erro come\u00e7ou a ser revisto quando especialistas compararam <strong>folhas, flores, sementes e estruturas espinhosas<\/strong> de diferentes exemplares. Diferen\u00e7as consistentes indicaram que aquela planta n\u00e3o era apenas uma varia\u00e7\u00e3o de uma esp\u00e9cie conhecida, mas um grupo com caracter\u00edsticas pr\u00f3prias.<\/p>\n\n\n<div class=\"wp-block-image\">\n<figure class=\"aligncenter size-large\"><img decoding=\"async\" width=\"1024\" height=\"572\" src=\"https:\/\/www.em.com.br\/emfoco\/wp-content\/uploads\/2026\/09\/Botanist_observing_giant_water_lily_202609051550-1024x572.jpeg\" alt=\"Como a Victoria boliviana foi reconhecida ap\u00f3s 177 anos\" class=\"wp-image-262980\" srcset=\"https:\/\/www.em.com.br\/emfoco\/wp-content\/uploads\/2026\/09\/Botanist_observing_giant_water_lily_202609051550-1024x572.jpeg 1024w, https:\/\/www.em.com.br\/emfoco\/wp-content\/uploads\/2026\/09\/Botanist_observing_giant_water_lily_202609051550-300x167.jpeg 300w, https:\/\/www.em.com.br\/emfoco\/wp-content\/uploads\/2026\/09\/Botanist_observing_giant_water_lily_202609051550-768x429.jpeg 768w, https:\/\/www.em.com.br\/emfoco\/wp-content\/uploads\/2026\/09\/Botanist_observing_giant_water_lily_202609051550-750x419.jpeg 750w, https:\/\/www.em.com.br\/emfoco\/wp-content\/uploads\/2026\/09\/Botanist_observing_giant_water_lily_202609051550-1140x636.jpeg 1140w, https:\/\/www.em.com.br\/emfoco\/wp-content\/uploads\/2026\/09\/Botanist_observing_giant_water_lily_202609051550.jpeg 1376w\" sizes=\"(max-width: 1024px) 100vw, 1024px\" \/><figcaption class=\"wp-element-caption\">Como a Victoria boliviana foi reconhecida ap\u00f3s 177 anos<\/figcaption><\/figure>\n<\/div>\n\n\n<h2 class=\"wp-block-heading\">O que permitiu reconhecer a planta como uma esp\u00e9cie distinta?<\/h2>\n\n\n\n<p class=\"wp-block-paragraph\">A revis\u00e3o n\u00e3o dependeu de uma \u00fanica caracter\u00edstica. Os pesquisadores combinaram registros antigos, plantas vivas, materiais preservados e an\u00e1lise de DNA. Esse conjunto mostrou <strong>diferen\u00e7as morfol\u00f3gicas e gen\u00e9ticas<\/strong> suficientes para separar a planta das outras duas esp\u00e9cies reconhecidas no mesmo g\u00eanero.<\/p>\n\n\n\n<p class=\"wp-block-paragraph\">O trabalho resultou na descri\u00e7\u00e3o formal de uma <a href=\"https:\/\/www.frontiersin.org\/journals\/plant-science\/articles\/10.3389\/fpls.2022.883151\/full\" target=\"_blank\" rel=\"noopener\"><strong>nova esp\u00e9cie em 2022<\/strong><\/a>. A compara\u00e7\u00e3o tamb\u00e9m ajudou a definir caracter\u00edsticas pr\u00f3prias das folhas, flores e sementes, al\u00e9m de diferen\u00e7as encontradas no material gen\u00e9tico analisado.<\/p>\n\n\n\n<h2 class=\"wp-block-heading\">Quais caracter\u00edsticas ajudam a separar essa vit\u00f3ria-r\u00e9gia das demais?<\/h2>\n\n\n\n<p class=\"wp-block-paragraph\">Depois da confirma\u00e7\u00e3o gen\u00e9tica, a identifica\u00e7\u00e3o pode ser apoiada por tra\u00e7os vis\u00edveis. A esp\u00e9cie apresenta <strong>folhas de dimens\u00f5es excepcionais<\/strong>, bordas elevadas e particularidades em estruturas florais e sementes. Esses detalhes s\u00e3o importantes porque esp\u00e9cies pr\u00f3ximas podem parecer quase iguais \u00e0 primeira vista.<\/p>\n\n\n\n<p class=\"wp-block-paragraph\"><strong>Entre os sinais usados na separa\u00e7\u00e3o est\u00e3o:<\/strong><\/p>\n\n\n\n<ul class=\"wp-block-list\">\n<li><strong>Formato da borda:<\/strong> a margem elevada apresenta propor\u00e7\u00f5es e curvaturas pr\u00f3prias.<\/li>\n\n\n\n<li><strong>Bot\u00f5es florais:<\/strong> o formato ajuda a distinguir esp\u00e9cies pr\u00f3ximas.<\/li>\n\n\n\n<li><strong>Sementes maiores:<\/strong> entram na compara\u00e7\u00e3o morfol\u00f3gica entre os grupos.<\/li>\n\n\n\n<li><strong>DNA distinto:<\/strong> diferen\u00e7as moleculares refor\u00e7am a separa\u00e7\u00e3o taxon\u00f4mica.<\/li>\n<\/ul>\n\n\n<div class=\"wp-block-image\">\n<figure class=\"aligncenter size-large\"><img decoding=\"async\" width=\"1024\" height=\"572\" src=\"https:\/\/www.em.com.br\/emfoco\/wp-content\/uploads\/2026\/09\/Botanical_specimens_arranged_for\u2026_202609051551-1024x572.jpeg\" alt=\"Como a Victoria boliviana foi reconhecida ap\u00f3s 177 anos\" class=\"wp-image-262981\" srcset=\"https:\/\/www.em.com.br\/emfoco\/wp-content\/uploads\/2026\/09\/Botanical_specimens_arranged_for\u2026_202609051551-1024x572.jpeg 1024w, https:\/\/www.em.com.br\/emfoco\/wp-content\/uploads\/2026\/09\/Botanical_specimens_arranged_for\u2026_202609051551-300x167.jpeg 300w, https:\/\/www.em.com.br\/emfoco\/wp-content\/uploads\/2026\/09\/Botanical_specimens_arranged_for\u2026_202609051551-768x429.jpeg 768w, https:\/\/www.em.com.br\/emfoco\/wp-content\/uploads\/2026\/09\/Botanical_specimens_arranged_for\u2026_202609051551-750x419.jpeg 750w, https:\/\/www.em.com.br\/emfoco\/wp-content\/uploads\/2026\/09\/Botanical_specimens_arranged_for\u2026_202609051551-1140x636.jpeg 1140w, https:\/\/www.em.com.br\/emfoco\/wp-content\/uploads\/2026\/09\/Botanical_specimens_arranged_for\u2026_202609051551.jpeg 1376w\" sizes=\"(max-width: 1024px) 100vw, 1024px\" \/><figcaption class=\"wp-element-caption\">Como a Victoria boliviana foi reconhecida ap\u00f3s 177 anos<\/figcaption><\/figure>\n<\/div>\n\n\n<h2 class=\"wp-block-heading\">Como as folhas chegaram ao recorde de 3,2 metros?<\/h2>\n\n\n\n<p class=\"wp-block-paragraph\">O tamanho extremo apareceu em plantas cultivadas a partir de material da esp\u00e9cie. Um exemplar registrado atingiu <a href=\"https:\/\/www.kew.org\/plants\/victoria-boliviana\" target=\"_blank\" rel=\"noopener\"><strong>3,2 metros de largura<\/strong><\/a>, medida que colocou a esp\u00e9cie no topo entre as vit\u00f3rias-r\u00e9gias conhecidas por dimens\u00e3o de folha.<\/p>\n\n\n\n<p class=\"wp-block-paragraph\">Esse n\u00famero n\u00e3o significa que todas as plantas atinjam o mesmo tamanho. Ele representa um <strong>registro m\u00e1ximo documentado<\/strong> sob condi\u00e7\u00f5es favor\u00e1veis. Ainda assim, a capacidade de ultrapassar tr\u00eas metros refor\u00e7a uma das diferen\u00e7as mais marcantes da esp\u00e9cie em rela\u00e7\u00e3o \u00e0s parentes pr\u00f3ximas.<\/p>\n\n\n\n<h2 class=\"wp-block-heading\">Por que essa identifica\u00e7\u00e3o demorou tanto apesar do tamanho da planta?<\/h2>\n\n\n\n<p class=\"wp-block-paragraph\">Tamanho chamativo n\u00e3o garante classifica\u00e7\u00e3o simples. Esp\u00e9cies pr\u00f3ximas podem compartilhar apar\u00eancia geral, e materiais preservados nem sempre mostram todos os detalhes de uma planta viva. A <strong>identifica\u00e7\u00e3o bot\u00e2nica depende de v\u00e1rias caracter\u00edsticas<\/strong>, comparadas em conjunto e apoiadas por evid\u00eancias adicionais quando dispon\u00edveis.<\/p>\n\n\n\n<p class=\"wp-block-paragraph\">Por isso, o caso dessa planta mostra como cole\u00e7\u00f5es antigas podem guardar esp\u00e9cies ainda mal compreendidas. Um exemplar pode permanecer conhecido por d\u00e9cadas e, mesmo assim, receber outro nome quando <strong>novos dados morfol\u00f3gicos e gen\u00e9ticos<\/strong> revelam diferen\u00e7as que antes passaram despercebidas.<\/p>\n\n\n\n<p class=\"wp-block-paragraph\"><\/p>\n","protected":false},"excerpt":{"rendered":"<p>Durante 177 anos, um exemplar da vit\u00f3ria-r\u00e9gia hoje reconhecida como Victoria boliviana permaneceu com a identifica\u00e7\u00e3o errada em herb\u00e1rio. A esp\u00e9cie foi formalmente descrita em 2022 e ganhou destaque por folhas gigantes, com um registro documentado de 3,2 metros de largura em uma planta cultivada na Bol\u00edvia. Como uma vit\u00f3ria-r\u00e9gia conseguiu passar 177 anos com [&hellip;]<\/p>\n","protected":false},"author":36,"featured_media":262979,"comment_status":"open","ping_status":"open","sticky":false,"template":"","format":"standard","meta":{"jnews-multi-image_gallery":[],"jnews_single_post":{"format":"standard"},"jnews_primary_category":[],"jnews_social_meta":[],"jnews_override_counter":[],"footnotes":""},"categories":[8819],"tags":[8319,6181,884,3324],"class_list":["post-262978","post","type-post","status-publish","format-standard","has-post-thumbnail","hentry","category-curiosidades","tag-bolivia","tag-botanica","tag-ciencia","tag-plantas"],"yoast_head":"<!-- This site is optimized with the Yoast SEO plugin v28.3 - https:\/\/yoast.com\/product\/yoast-seo-wordpress\/ -->\n<title>Uma planta que permaneceu identificada de forma errada por 177 anos dentro de um herb\u00e1rio acabou reconhecida como uma nova esp\u00e9cie, produz folhas de at\u00e9 3,2 metros e hoje det\u00e9m o recorde de maior vit\u00f3ria-r\u00e9gia conhecida no mundo - Estado de Minas - Em foco<\/title>\n<meta name=\"description\" content=\"Como uma planta guardada por 177 anos com o nome errado acabou reconhecida como a maior vit\u00f3ria-r\u00e9gia conhecida?\" \/>\n<meta name=\"robots\" content=\"index, follow, max-snippet:-1, max-image-preview:large, max-video-preview:-1\" \/>\n<link rel=\"canonical\" href=\"https:\/\/www.em.com.br\/emfoco\/2026\/09\/06\/uma-planta-que-permaneceu-identificada-de-forma-errada-por-177-anos-dentro-de-um-herbario-acabou-reconhecida-como-uma-nova-especie-produz-folhas-de-ate-32-metros-e-hoje-detem-o-recorde-de-maior-vito\/\" \/>\n<meta property=\"og:locale\" content=\"pt_BR\" \/>\n<meta property=\"og:type\" content=\"article\" \/>\n<meta property=\"og:title\" content=\"Uma planta que permaneceu identificada de forma errada por 177 anos dentro de um herb\u00e1rio acabou reconhecida como uma nova esp\u00e9cie, produz folhas de at\u00e9 3,2 metros e hoje det\u00e9m o recorde de maior vit\u00f3ria-r\u00e9gia conhecida no mundo - Estado de Minas - Em foco\" \/>\n<meta property=\"og:description\" content=\"Como uma planta guardada por 177 anos com o nome errado acabou reconhecida como a maior vit\u00f3ria-r\u00e9gia conhecida?\" \/>\n<meta property=\"og:url\" content=\"https:\/\/www.em.com.br\/emfoco\/2026\/09\/06\/uma-planta-que-permaneceu-identificada-de-forma-errada-por-177-anos-dentro-de-um-herbario-acabou-reconhecida-como-uma-nova-especie-produz-folhas-de-ate-32-metros-e-hoje-detem-o-recorde-de-maior-vito\/\" \/>\n<meta property=\"og:site_name\" content=\"Estado de Minas - Em foco\" \/>\n<meta property=\"article:published_time\" content=\"2026-09-06T11:29:00+00:00\" \/>\n<meta property=\"og:image\" content=\"https:\/\/www.em.com.br\/emfoco\/wp-content\/uploads\/2026\/09\/Botanical_photograph_of_giant_wa\u2026_202609051550.jpeg\" \/>\n\t<meta property=\"og:image:width\" content=\"1376\" \/>\n\t<meta property=\"og:image:height\" content=\"768\" \/>\n\t<meta property=\"og:image:type\" content=\"image\/jpeg\" \/>\n<meta name=\"author\" content=\"Paulo\" \/>\n<meta name=\"twitter:card\" content=\"summary_large_image\" \/>\n<meta name=\"twitter:label1\" content=\"Escrito por\" \/>\n\t<meta name=\"twitter:data1\" content=\"Paulo\" \/>\n\t<meta name=\"twitter:label2\" content=\"Est. tempo de leitura\" \/>\n\t<meta name=\"twitter:data2\" content=\"4 minutos\" \/>\n<!-- \/ Yoast SEO plugin. -->","yoast_head_json":{"title":"Uma planta que permaneceu identificada de forma errada por 177 anos dentro de um herb\u00e1rio acabou reconhecida como uma nova esp\u00e9cie, produz folhas de at\u00e9 3,2 metros e hoje det\u00e9m o recorde de maior vit\u00f3ria-r\u00e9gia conhecida no mundo - Estado de Minas - Em foco","description":"Como uma planta guardada por 177 anos com o nome errado acabou reconhecida como a maior vit\u00f3ria-r\u00e9gia conhecida?","robots":{"index":"index","follow":"follow","max-snippet":"max-snippet:-1","max-image-preview":"max-image-preview:large","max-video-preview":"max-video-preview:-1"},"canonical":"https:\/\/www.em.com.br\/emfoco\/2026\/09\/06\/uma-planta-que-permaneceu-identificada-de-forma-errada-por-177-anos-dentro-de-um-herbario-acabou-reconhecida-como-uma-nova-especie-produz-folhas-de-ate-32-metros-e-hoje-detem-o-recorde-de-maior-vito\/","og_locale":"pt_BR","og_type":"article","og_title":"Uma planta que permaneceu identificada de forma errada por 177 anos dentro de um herb\u00e1rio acabou reconhecida como uma nova esp\u00e9cie, produz folhas de at\u00e9 3,2 metros e hoje det\u00e9m o recorde de maior vit\u00f3ria-r\u00e9gia conhecida no mundo - Estado de Minas - Em foco","og_description":"Como uma planta guardada por 177 anos com o nome errado acabou reconhecida como a maior vit\u00f3ria-r\u00e9gia conhecida?","og_url":"https:\/\/www.em.com.br\/emfoco\/2026\/09\/06\/uma-planta-que-permaneceu-identificada-de-forma-errada-por-177-anos-dentro-de-um-herbario-acabou-reconhecida-como-uma-nova-especie-produz-folhas-de-ate-32-metros-e-hoje-detem-o-recorde-de-maior-vito\/","og_site_name":"Estado de Minas - Em foco","article_published_time":"2026-09-06T11:29:00+00:00","og_image":[{"width":1376,"height":768,"url":"https:\/\/www.em.com.br\/emfoco\/wp-content\/uploads\/2026\/09\/Botanical_photograph_of_giant_wa\u2026_202609051550.jpeg","type":"image\/jpeg"}],"author":"Paulo","twitter_card":"summary_large_image","twitter_misc":{"Escrito por":"Paulo","Est. tempo de leitura":"4 minutos"},"schema":{"@context":"https:\/\/schema.org","@graph":[{"@type":"Article","@id":"https:\/\/www.em.com.br\/emfoco\/2026\/09\/06\/uma-planta-que-permaneceu-identificada-de-forma-errada-por-177-anos-dentro-de-um-herbario-acabou-reconhecida-como-uma-nova-especie-produz-folhas-de-ate-32-metros-e-hoje-detem-o-recorde-de-maior-vito\/#article","isPartOf":{"@id":"https:\/\/www.em.com.br\/emfoco\/2026\/09\/06\/uma-planta-que-permaneceu-identificada-de-forma-errada-por-177-anos-dentro-de-um-herbario-acabou-reconhecida-como-uma-nova-especie-produz-folhas-de-ate-32-metros-e-hoje-detem-o-recorde-de-maior-vito\/"},"author":{"name":"Paulo","@id":"https:\/\/www.em.com.br\/emfoco\/#\/schema\/person\/a40efdfe89a3c3c02a66e4188f4757f9"},"headline":"Uma planta que permaneceu identificada de forma errada por 177 anos dentro de um herb\u00e1rio acabou reconhecida como uma nova esp\u00e9cie, produz folhas de at\u00e9 3,2 metros e hoje det\u00e9m o recorde de maior vit\u00f3ria-r\u00e9gia conhecida no mundo","datePublished":"2026-09-06T11:29:00+00:00","mainEntityOfPage":{"@id":"https:\/\/www.em.com.br\/emfoco\/2026\/09\/06\/uma-planta-que-permaneceu-identificada-de-forma-errada-por-177-anos-dentro-de-um-herbario-acabou-reconhecida-como-uma-nova-especie-produz-folhas-de-ate-32-metros-e-hoje-detem-o-recorde-de-maior-vito\/"},"wordCount":652,"commentCount":0,"image":{"@id":"https:\/\/www.em.com.br\/emfoco\/2026\/09\/06\/uma-planta-que-permaneceu-identificada-de-forma-errada-por-177-anos-dentro-de-um-herbario-acabou-reconhecida-como-uma-nova-especie-produz-folhas-de-ate-32-metros-e-hoje-detem-o-recorde-de-maior-vito\/#primaryimage"},"thumbnailUrl":"https:\/\/www.em.com.br\/emfoco\/wp-content\/uploads\/2026\/09\/Botanical_photograph_of_giant_wa\u2026_202609051550.jpeg","keywords":["Bol\u00edvia","bot\u00e2nica","ci\u00eancia","plantas"],"articleSection":["Curiosidades"],"inLanguage":"pt-BR","potentialAction":[{"@type":"CommentAction","name":"Comment","target":["https:\/\/www.em.com.br\/emfoco\/2026\/09\/06\/uma-planta-que-permaneceu-identificada-de-forma-errada-por-177-anos-dentro-de-um-herbario-acabou-reconhecida-como-uma-nova-especie-produz-folhas-de-ate-32-metros-e-hoje-detem-o-recorde-de-maior-vito\/#respond"]}]},{"@type":"WebPage","@id":"https:\/\/www.em.com.br\/emfoco\/2026\/09\/06\/uma-planta-que-permaneceu-identificada-de-forma-errada-por-177-anos-dentro-de-um-herbario-acabou-reconhecida-como-uma-nova-especie-produz-folhas-de-ate-32-metros-e-hoje-detem-o-recorde-de-maior-vito\/","url":"https:\/\/www.em.com.br\/emfoco\/2026\/09\/06\/uma-planta-que-permaneceu-identificada-de-forma-errada-por-177-anos-dentro-de-um-herbario-acabou-reconhecida-como-uma-nova-especie-produz-folhas-de-ate-32-metros-e-hoje-detem-o-recorde-de-maior-vito\/","name":"Uma planta que permaneceu identificada de forma errada por 177 anos dentro de um herb\u00e1rio acabou reconhecida como uma nova esp\u00e9cie, produz folhas de at\u00e9 3,2 metros e hoje det\u00e9m o recorde de maior vit\u00f3ria-r\u00e9gia conhecida no mundo - Estado de Minas - Em foco","isPartOf":{"@id":"https:\/\/www.em.com.br\/emfoco\/#website"},"primaryImageOfPage":{"@id":"https:\/\/www.em.com.br\/emfoco\/2026\/09\/06\/uma-planta-que-permaneceu-identificada-de-forma-errada-por-177-anos-dentro-de-um-herbario-acabou-reconhecida-como-uma-nova-especie-produz-folhas-de-ate-32-metros-e-hoje-detem-o-recorde-de-maior-vito\/#primaryimage"},"image":{"@id":"https:\/\/www.em.com.br\/emfoco\/2026\/09\/06\/uma-planta-que-permaneceu-identificada-de-forma-errada-por-177-anos-dentro-de-um-herbario-acabou-reconhecida-como-uma-nova-especie-produz-folhas-de-ate-32-metros-e-hoje-detem-o-recorde-de-maior-vito\/#primaryimage"},"thumbnailUrl":"https:\/\/www.em.com.br\/emfoco\/wp-content\/uploads\/2026\/09\/Botanical_photograph_of_giant_wa\u2026_202609051550.jpeg","datePublished":"2026-09-06T11:29:00+00:00","author":{"@id":"https:\/\/www.em.com.br\/emfoco\/#\/schema\/person\/a40efdfe89a3c3c02a66e4188f4757f9"},"description":"Como uma planta guardada por 177 anos com o nome errado acabou reconhecida como a maior vit\u00f3ria-r\u00e9gia conhecida?","breadcrumb":{"@id":"https:\/\/www.em.com.br\/emfoco\/2026\/09\/06\/uma-planta-que-permaneceu-identificada-de-forma-errada-por-177-anos-dentro-de-um-herbario-acabou-reconhecida-como-uma-nova-especie-produz-folhas-de-ate-32-metros-e-hoje-detem-o-recorde-de-maior-vito\/#breadcrumb"},"inLanguage":"pt-BR","potentialAction":[{"@type":"ReadAction","target":["https:\/\/www.em.com.br\/emfoco\/2026\/09\/06\/uma-planta-que-permaneceu-identificada-de-forma-errada-por-177-anos-dentro-de-um-herbario-acabou-reconhecida-como-uma-nova-especie-produz-folhas-de-ate-32-metros-e-hoje-detem-o-recorde-de-maior-vito\/"]}]},{"@type":"ImageObject","inLanguage":"pt-BR","@id":"https:\/\/www.em.com.br\/emfoco\/2026\/09\/06\/uma-planta-que-permaneceu-identificada-de-forma-errada-por-177-anos-dentro-de-um-herbario-acabou-reconhecida-como-uma-nova-especie-produz-folhas-de-ate-32-metros-e-hoje-detem-o-recorde-de-maior-vito\/#primaryimage","url":"https:\/\/www.em.com.br\/emfoco\/wp-content\/uploads\/2026\/09\/Botanical_photograph_of_giant_wa\u2026_202609051550.jpeg","contentUrl":"https:\/\/www.em.com.br\/emfoco\/wp-content\/uploads\/2026\/09\/Botanical_photograph_of_giant_wa\u2026_202609051550.jpeg","width":1376,"height":768,"caption":"Como a Victoria boliviana foi reconhecida ap\u00f3s 177 anos"},{"@type":"BreadcrumbList","@id":"https:\/\/www.em.com.br\/emfoco\/2026\/09\/06\/uma-planta-que-permaneceu-identificada-de-forma-errada-por-177-anos-dentro-de-um-herbario-acabou-reconhecida-como-uma-nova-especie-produz-folhas-de-ate-32-metros-e-hoje-detem-o-recorde-de-maior-vito\/#breadcrumb","itemListElement":[{"@type":"ListItem","position":1,"name":"In\u00edcio","item":"https:\/\/www.em.com.br\/emfoco\/"},{"@type":"ListItem","position":2,"name":"Uma planta que permaneceu identificada de forma errada por 177 anos dentro de um herb\u00e1rio acabou reconhecida como uma nova esp\u00e9cie, produz folhas de at\u00e9 3,2 metros e hoje det\u00e9m o recorde de maior vit\u00f3ria-r\u00e9gia conhecida no mundo"}]},{"@type":"WebSite","@id":"https:\/\/www.em.com.br\/emfoco\/#website","url":"https:\/\/www.em.com.br\/emfoco\/","name":"Estado de Minas - Em foco","description":"Acompanhe as \u00faltimas not\u00edcias e fique bem informado sobre tudo o que acontece em Minas Gerais, Brasil e no mundo.","potentialAction":[{"@type":"SearchAction","target":{"@type":"EntryPoint","urlTemplate":"https:\/\/www.em.com.br\/emfoco\/?s={search_term_string}"},"query-input":{"@type":"PropertyValueSpecification","valueRequired":true,"valueName":"search_term_string"}}],"inLanguage":"pt-BR"},{"@type":"Person","@id":"https:\/\/www.em.com.br\/emfoco\/#\/schema\/person\/a40efdfe89a3c3c02a66e4188f4757f9","name":"Paulo","image":{"@type":"ImageObject","inLanguage":"pt-BR","@id":"https:\/\/secure.gravatar.com\/avatar\/e97035e905aa7c91d0d43cb122ce3d29e6f75e431f9c5f20d3d2e46f1e2f5af4?s=96&d=mm&r=g","url":"https:\/\/secure.gravatar.com\/avatar\/e97035e905aa7c91d0d43cb122ce3d29e6f75e431f9c5f20d3d2e46f1e2f5af4?s=96&d=mm&r=g","contentUrl":"https:\/\/secure.gravatar.com\/avatar\/e97035e905aa7c91d0d43cb122ce3d29e6f75e431f9c5f20d3d2e46f1e2f5af4?s=96&d=mm&r=g","caption":"Paulo"},"sameAs":["https:\/\/www.em.com.br\/emfoco"],"url":"https:\/\/www.em.com.br\/emfoco\/author\/paulomyth\/"}]}},"_links":{"self":[{"href":"https:\/\/www.em.com.br\/emfoco\/wp-json\/wp\/v2\/posts\/262978","targetHints":{"allow":["GET"]}}],"collection":[{"href":"https:\/\/www.em.com.br\/emfoco\/wp-json\/wp\/v2\/posts"}],"about":[{"href":"https:\/\/www.em.com.br\/emfoco\/wp-json\/wp\/v2\/types\/post"}],"author":[{"embeddable":true,"href":"https:\/\/www.em.com.br\/emfoco\/wp-json\/wp\/v2\/users\/36"}],"replies":[{"embeddable":true,"href":"https:\/\/www.em.com.br\/emfoco\/wp-json\/wp\/v2\/comments?post=262978"}],"version-history":[{"count":1,"href":"https:\/\/www.em.com.br\/emfoco\/wp-json\/wp\/v2\/posts\/262978\/revisions"}],"predecessor-version":[{"id":262982,"href":"https:\/\/www.em.com.br\/emfoco\/wp-json\/wp\/v2\/posts\/262978\/revisions\/262982"}],"wp:featuredmedia":[{"embeddable":true,"href":"https:\/\/www.em.com.br\/emfoco\/wp-json\/wp\/v2\/media\/262979"}],"wp:attachment":[{"href":"https:\/\/www.em.com.br\/emfoco\/wp-json\/wp\/v2\/media?parent=262978"}],"wp:term":[{"taxonomy":"category","embeddable":true,"href":"https:\/\/www.em.com.br\/emfoco\/wp-json\/wp\/v2\/categories?post=262978"},{"taxonomy":"post_tag","embeddable":true,"href":"https:\/\/www.em.com.br\/emfoco\/wp-json\/wp\/v2\/tags?post=262978"}],"curies":[{"name":"wp","href":"https:\/\/api.w.org\/{rel}","templated":true}]}}