{"id":262947,"date":"2026-09-06T16:37:00","date_gmt":"2026-09-06T19:37:00","guid":{"rendered":"https:\/\/www.em.com.br\/emfoco\/?p=262947"},"modified":"2026-09-05T13:45:44","modified_gmt":"2026-09-05T16:45:44","slug":"a-cidade-mineira-que-acendeu-a-primeira-grande-hidreletrica-da-america-do-sul-em-1889-e-recebeu-uma-estrada-de-144-km-que-virou-marco-da-pavimentacao-no-brasil","status":"publish","type":"post","link":"https:\/\/www.em.com.br\/emfoco\/2026\/09\/06\/a-cidade-mineira-que-acendeu-a-primeira-grande-hidreletrica-da-america-do-sul-em-1889-e-recebeu-uma-estrada-de-144-km-que-virou-marco-da-pavimentacao-no-brasil\/","title":{"rendered":"A cidade mineira que acendeu a primeira grande hidrel\u00e9trica da Am\u00e9rica do Sul em 1889 e recebeu uma estrada de 144 km que virou marco da pavimenta\u00e7\u00e3o no Brasil"},"content":{"rendered":"\n<div class=\"emf-summary google-auto-ads-ignore\">\n  <style>\n    .emf-summary {\n      --emf-navy:#00245a;\n      --emf-navy-soft:#0b3b70;\n      --emf-ink:#1d2731;\n      --emf-muted:#66727e;\n      --emf-line:#d7dde5;\n      --emf-paper:#ffffff;\n      --emf-wash:#f4f6f8;\n      box-sizing:border-box!important;\n      inline-size:min(1100px,100%)!important;\n      max-inline-size:100%!important;\n      margin-inline:auto!important;\n      overflow:hidden!important;\n      color:var(--emf-ink);\n      background:var(--emf-paper);\n      border:1px solid var(--emf-line);\n      border-block-start:5px solid var(--emf-navy);\n      border-radius:6px!important;\n      box-shadow:0 8px 24px rgba(0,36,90,.08);\n      font-family:Arial,Helvetica,sans-serif;\n    }\n\n    .emf-summary *,\n    .emf-summary *::before,\n    .emf-summary *::after {\n      box-sizing:border-box!important;\n    }\n\n    .emf-summary-brand {\n      display:flex;\n      align-items:center;\n      gap:14px;\n      padding:16px 20px;\n      color:#fff;\n      background:linear-gradient(105deg,var(--emf-navy) 0%,var(--emf-navy-soft) 100%);\n      border-block-end:1px solid rgba(255,255,255,.18);\n    }\n\n    .emf-summary-logo {\n      display:grid;\n      place-items:center;\n      inline-size:58px;\n      block-size:58px;\n      flex:0 0 58px;\n      background:rgba(255,255,255,.08);\n      border:1px solid rgba(255,255,255,.35);\n      border-radius:3px!important;\n    }\n\n    .emf-summary-logo img {\n      display:block;\n      inline-size:46px;\n      block-size:46px;\n      max-inline-size:46px;\n      max-block-size:46px;\n      object-fit:contain;\n    }\n\n    .emf-summary-eyebrow {\n      margin:0 0 3px;\n      font-size:11px;\n      font-weight:700;\n      letter-spacing:.18em;\n      line-height:1.2;\n      text-transform:uppercase;\n      opacity:.78;\n    }\n\n    .emf-summary-title {\n      margin:0;\n      font-family:Georgia,\"Times New Roman\",serif;\n      font-size:25px;\n      font-weight:700;\n      line-height:1.15;\n    }\n\n    .emf-summary-grid {\n      display:grid;\n      grid-template-columns:repeat(3,minmax(0,1fr));\n      gap:0;\n      background:var(--emf-wash);\n    }\n\n    .emf-summary-card {\n      position:relative;\n      min-block-size:190px;\n      padding:24px 20px 20px;\n      overflow:hidden!important;\n      background:#fff;\n      border-inline-end:1px solid var(--emf-line);\n    }\n\n    .emf-summary-card:last-child {\n      border-inline-end:0;\n    }\n\n    .emf-summary-number {\n      position:absolute;\n      inset-block-start:13px;\n      inset-inline-end:15px;\n      color:rgba(0,36,90,.10);\n      font-family:Georgia,\"Times New Roman\",serif;\n      font-size:46px;\n      font-weight:700;\n      line-height:1;\n      pointer-events:none;\n    }\n\n    .emf-summary-card-title {\n      position:relative;\n      z-index:1;\n      margin:0 0 11px;\n      padding-block-end:10px;\n      color:var(--emf-navy);\n      border-block-end:2px solid var(--emf-navy);\n      font-family:Georgia,\"Times New Roman\",serif;\n      font-size:18px;\n      font-weight:700;\n      line-height:1.3;\n      overflow-wrap:anywhere;\n    }\n\n    .emf-summary-card-text {\n      position:relative;\n      z-index:1;\n      color:#485560;\n      font-size:13px;\n      line-height:1.6;\n      overflow-wrap:anywhere;\n    }\n\n    .emf-summary-card-meta {\n      position:relative;\n      z-index:1;\n      display:inline-flex;\n      margin-block-start:16px;\n      padding:5px 8px;\n      color:var(--emf-navy);\n      background:#edf1f5;\n      border:1px solid #d9e0e7;\n      border-radius:2px!important;\n      font-size:10px;\n      font-weight:700;\n      letter-spacing:.08em;\n      line-height:1.2;\n      text-transform:uppercase;\n    }\n\n    @media(max-width:760px) {\n      .emf-summary-grid {\n        grid-template-columns:1fr;\n      }\n\n      .emf-summary-card {\n        min-block-size:0;\n        border-inline-end:0;\n        border-block-end:1px solid var(--emf-line);\n      }\n\n      .emf-summary-card:last-child {\n        border-block-end:0;\n      }\n    }\n\n    @media(max-width:480px) {\n      .emf-summary-brand {\n        padding:14px 15px;\n      }\n\n      .emf-summary-logo {\n        inline-size:52px;\n        block-size:52px;\n        flex-basis:52px;\n      }\n\n      .emf-summary-logo img {\n        inline-size:41px;\n        block-size:41px;\n        max-inline-size:41px;\n        max-block-size:41px;\n      }\n\n      .emf-summary-title {\n        font-size:22px;\n      }\n\n      .emf-summary-card {\n        padding:21px 16px 18px;\n      }\n    }\n  <\/style>\n\n  <div class=\"emf-summary-brand\">\n    <div class=\"emf-summary-logo\">\n      <img\n        alt=\"Logo EM Foco\"\n        decoding=\"async\"\n        fetchpriority=\"high\"\n        height=\"46\"\n        loading=\"eager\"\n        referrerpolicy=\"no-referrer\"\n        src=\"https:\/\/www.em.com.br\/emfoco\/wp-content\/uploads\/2026\/08\/em_transparente_3000px-scaled.png\"\n        width=\"46\"\n      >\n    <\/div>\n\n    <div>\n      <div class=\"emf-summary-eyebrow\">EM FOCO<\/div>\n      <div class=\"emf-summary-title\">Resumo da mat\u00e9ria<\/div>\n    <\/div>\n  <\/div>\n\n  <div class=\"emf-summary-grid\">\n    <div class=\"emf-summary-card\">\n      <span aria-hidden=\"true\" class=\"emf-summary-number\">01<\/span>\n      <div aria-level=\"3\" class=\"emf-summary-card-title\" role=\"heading\">\n        Estrada abriu caminho\n      <\/div>\n      <div class=\"emf-summary-card-text\">\n        A Uni\u00e3o e Ind\u00fastria foi inaugurada em 1861, ligando Petr\u00f3polis a Juiz de Fora por 144 quil\u00f4metros constru\u00eddos com t\u00e9cnicas avan\u00e7adas para a \u00e9poca.\n      <\/div>\n      <div class=\"emf-summary-card-meta\">\n        144 km\n      <\/div>\n    <\/div>\n    <div class=\"emf-summary-card\">\n      <span aria-hidden=\"true\" class=\"emf-summary-number\">02<\/span>\n      <div aria-level=\"3\" class=\"emf-summary-card-title\" role=\"heading\">\n        Marmelos acendeu a cidade\n      <\/div>\n      <div class=\"emf-summary-card-text\">\n        A usina come\u00e7ou a operar em 1889 e abasteceu ilumina\u00e7\u00e3o p\u00fablica, usos particulares e atividades industriais com gera\u00e7\u00e3o hidrel\u00e9trica.\n      <\/div>\n      <div class=\"emf-summary-card-meta\">\n        energia pioneira\n      <\/div>\n    <\/div>\n    <div class=\"emf-summary-card\">\n      <span aria-hidden=\"true\" class=\"emf-summary-number\">03<\/span>\n      <div aria-level=\"3\" class=\"emf-summary-card-title\" role=\"heading\">\n        Obras impulsionaram ind\u00fastria\n      <\/div>\n      <div class=\"emf-summary-card-text\">\n        Estrada, eletricidade e posi\u00e7\u00e3o regional ajudaram Juiz de Fora a ampliar com\u00e9rcio e manufaturas no fim do Imp\u00e9rio.\n      <\/div>\n      <div class=\"emf-summary-card-meta\">\n        moderniza\u00e7\u00e3o urbana\n      <\/div>\n    <\/div>\n  <\/div>\n<\/div>\n\n\n\n<p class=\"wp-block-paragraph\">Em <strong>Juiz de Fora<\/strong>, duas obras do s\u00e9culo XIX aceleraram a moderniza\u00e7\u00e3o regionalmente: a Estrada Uni\u00e3o e Ind\u00fastria, inaugurada em 1861 com 144 km at\u00e9 Petr\u00f3polis, e a Usina de Marmelos, aberta em 1889. Uma melhorou o escoamento cafeeiro; a outra levou eletricidade \u00e0 ilumina\u00e7\u00e3o p\u00fablica e \u00e0s ind\u00fastrias locais.<\/p>\n\n\n\n<h2 class=\"wp-block-heading\">Por que a Estrada Uni\u00e3o e Ind\u00fastria foi t\u00e3o importante para Juiz de Fora?<\/h2>\n\n\n\n<p class=\"wp-block-paragraph\">A <a href=\"https:\/\/www.gov.br\/transportes\/pt-br\/assuntos\/transportes-no-brasil-sintese-historica\" target=\"_blank\" rel=\"noopener noreferrer\"><strong>Estrada Uni\u00e3o e Ind\u00fastria<\/strong><\/a> foi inaugurada em 23 de junho de 1861 e ligava Petr\u00f3polis a Juiz de Fora. Seus 144 quil\u00f4metros criaram uma liga\u00e7\u00e3o rodovi\u00e1ria mais eficiente entre a Zona da Mata, grande produtora de caf\u00e9, e o caminho para a Corte.<\/p>\n\n\n\n<p class=\"wp-block-paragraph\">O Minist\u00e9rio dos Transportes registra que a via nasceu de concess\u00e3o a Mariano Proc\u00f3pio Ferreira Lage. A obra melhorou o escoamento de mercadorias e o transporte de passageiros, ajudando <strong>Juiz de Fora a se consolidar como entreposto regional<\/strong> antes que a expans\u00e3o ferrovi\u00e1ria assumisse parte desse papel.<\/p>\n\n\n<div class=\"wp-block-image\">\n<figure class=\"aligncenter size-large\"><img decoding=\"async\" width=\"1024\" height=\"576\" src=\"https:\/\/www.em.com.br\/emfoco\/wp-content\/uploads\/2025\/12\/juiz-de-fora-1024x576.jpg\" alt=\"\" class=\"wp-image-140848\" srcset=\"https:\/\/www.em.com.br\/emfoco\/wp-content\/uploads\/2025\/12\/juiz-de-fora-1024x576.jpg 1024w, https:\/\/www.em.com.br\/emfoco\/wp-content\/uploads\/2025\/12\/juiz-de-fora-300x169.jpg 300w, https:\/\/www.em.com.br\/emfoco\/wp-content\/uploads\/2025\/12\/juiz-de-fora-768x432.jpg 768w, https:\/\/www.em.com.br\/emfoco\/wp-content\/uploads\/2025\/12\/juiz-de-fora-750x422.jpg 750w, https:\/\/www.em.com.br\/emfoco\/wp-content\/uploads\/2025\/12\/juiz-de-fora-1140x641.jpg 1140w, https:\/\/www.em.com.br\/emfoco\/wp-content\/uploads\/2025\/12\/juiz-de-fora.jpg 1280w\" sizes=\"(max-width: 1024px) 100vw, 1024px\" \/><figcaption class=\"wp-element-caption\">Juiz de Fora conquista brasileiros que buscam viver bem no interior de Minas Gerais \/\/ Cr\u00e9ditos: Wikimedia Commons<\/figcaption><\/figure>\n<\/div>\n\n\n<h2 class=\"wp-block-heading\">Como era pavimentada essa estrada de 144 quil\u00f4metros?<\/h2>\n\n\n\n<p class=\"wp-block-paragraph\">O DER-MG descreve uma estrada constru\u00edda com <strong>pedra britada, saibro e compacta\u00e7\u00e3o por cilindro<\/strong>, solu\u00e7\u00e3o associada \u00e0s t\u00e9cnicas de macadamiza\u00e7\u00e3o que se difundiam no s\u00e9culo XIX. O objetivo era criar uma superf\u00edcie mais firme e drenada do que os caminhos de terra usados anteriormente.<\/p>\n\n\n\n<p class=\"wp-block-paragraph\">A import\u00e2ncia hist\u00f3rica est\u00e1 no padr\u00e3o t\u00e9cnico e na escala. Dilig\u00eancias podiam percorrer a rota a cerca de 20 km\/h, velocidade expressiva para aquele per\u00edodo. Por isso, a Uni\u00e3o e Ind\u00fastria permanece como <strong>marco da engenharia rodovi\u00e1ria brasileira<\/strong>, lembrada pelo m\u00e9todo construtivo e pela dimens\u00e3o da liga\u00e7\u00e3o.<\/p>\n\n\n\n<h2 class=\"wp-block-heading\">Como Juiz de Fora ganhou a primeira grande hidrel\u00e9trica da Am\u00e9rica do Sul?<\/h2>\n\n\n\n<p class=\"wp-block-paragraph\">O industrial Bernardo Mascarenhas fundou a Companhia Mineira de Eletricidade e aproveitou a Cachoeira dos Marmelos, no rio Paraibuna. A <strong>Usina de Marmelos<\/strong> foi inaugurada em 5 de setembro de 1889, poucos meses antes da Proclama\u00e7\u00e3o da Rep\u00fablica, com equipamentos importados da norte-americana Westinghouse.<\/p>\n\n\n\n<p class=\"wp-block-paragraph\">A instala\u00e7\u00e3o come\u00e7ou com <strong>dois geradores de 125 kW cada<\/strong>. A energia atendia ilumina\u00e7\u00e3o p\u00fablica e particular e tamb\u00e9m podia movimentar m\u00e1quinas industriais. A combina\u00e7\u00e3o entre eletricidade e atividade fabril ajudou a refor\u00e7ar a imagem de Juiz de Fora como um dos centros urbanos mais industrializados de Minas naquele per\u00edodo.<\/p>\n\n\n\n<p class=\"myth-list-bridge wp-block-paragraph\">A seguir listamos <strong>4 marcos da Usina de Marmelos<\/strong> que mostram por que o empreendimento ganhou import\u00e2ncia na hist\u00f3ria da eletrifica\u00e7\u00e3o brasileira:<\/p>\n\n\n\n<ul class=\"wp-block-list myth-bullet-list\">\n<li><strong>1888: <\/strong>\u00e9 fundada a Companhia Mineira de Eletricidade, respons\u00e1vel pelo projeto.<\/li>\n\n\n\n<li><strong>1889: <\/strong>Marmelos entra em opera\u00e7\u00e3o e \u00e9 inaugurada oficialmente em setembro.<\/li>\n\n\n\n<li><strong>250 kW: <\/strong>a pot\u00eancia inicial vinha de dois geradores de 125 kW.<\/li>\n\n\n\n<li><strong>Ilumina\u00e7\u00e3o p\u00fablica: <\/strong>a eletricidade passou a atender ruas e outros consumidores da cidade.<\/li>\n<\/ul>\n\n\n\n<p class=\"wp-block-paragraph\">Quem quer descobrir as melhores atra\u00e7\u00f5es de <strong>Juiz de Fora<\/strong>, vai curtir esse v\u00eddeo especialmente selecionado do canal <strong>De fora em Juiz de Fora<\/strong>, que conta com mais de <strong>151 mil<\/strong> visualiza\u00e7\u00f5es, onde <strong>Tati Marm\u00e3o<\/strong> mostra 10 atra\u00e7\u00f5es imperd\u00edveis na <strong>zona da Mata Mineira<\/strong>:<\/p>\n\n\n\n<figure class=\"wp-block-embed is-type-video is-provider-youtube wp-block-embed-youtube wp-embed-aspect-16-9 wp-has-aspect-ratio\"><div class=\"wp-block-embed__wrapper\">\n<div class=\"jeg_video_container jeg_video_content\"><iframe loading=\"lazy\" title=\"JUIZ DE FORA MG: Top 10 atra\u00e7\u00f5es de uma das maiores cidades de Minas Gerais\" width=\"500\" height=\"281\" src=\"https:\/\/www.youtube.com\/embed\/zmSca0RbyHA?feature=oembed\" frameborder=\"0\" allow=\"accelerometer; autoplay; clipboard-write; encrypted-media; gyroscope; picture-in-picture; web-share\" referrerpolicy=\"strict-origin-when-cross-origin\" allowfullscreen><\/iframe><\/div>\n<\/div><\/figure>\n\n\n\n<p class=\"wp-block-paragraph\"><strong>Leia tamb\u00e9m: <a href=\"https:\/\/www.em.com.br\/emfoco\/2026\/09\/05\/com-2-comportas-moveis-de-210-metros-e-dobradicas-esfericas-de-680-toneladas-esta-barreira-fecha-automaticamente-quando-o-mar-sobe-afunda-suas-portas-em-ate-2-horas-e-ajuda-a-proteger-milhoes-de-pes\/\" target=\"_blank\" rel=\"noreferrer noopener\">Com 2 comportas m\u00f3veis de 210 metros e dobradi\u00e7as esf\u00e9ricas de 680 toneladas, esta barreira fecha automaticamente quando o mar sobe, afunda suas portas em at\u00e9 2 horas e ajuda a proteger milh\u00f5es de pessoas na Holanda<\/a><\/strong><\/p>\n\n\n\n<h2 class=\"wp-block-heading\">O que estrada e hidrel\u00e9trica mudaram na economia da cidade?<\/h2>\n\n\n\n<p class=\"wp-block-paragraph\">A estrada melhorou a circula\u00e7\u00e3o do caf\u00e9 e de pessoas; a eletricidade ofereceu nova infraestrutura para f\u00e1bricas e servi\u00e7os. Em conjunto, essas obras ampliaram <strong>conectividade e capacidade produtiva<\/strong>. Juiz de Fora deixou de depender apenas dos caminhos tradicionais e passou a integrar tecnologias que estavam mudando transporte e ind\u00fastria.<\/p>\n\n\n\n<p class=\"wp-block-paragraph\">A localiza\u00e7\u00e3o entre Minas e Rio de Janeiro tamb\u00e9m favorecia esse movimento. Com estrada, ferrovias posteriores, energia el\u00e9trica e capital ligado ao caf\u00e9, a cidade ganhou condi\u00e7\u00f5es para diversificar atividades. O apelido hist\u00f3rico de <strong>Manchester Mineira<\/strong> surgiu justamente da for\u00e7a que a industrializa\u00e7\u00e3o alcan\u00e7ou no munic\u00edpio.<\/p>\n\n\n\n<p class=\"myth-html-bridge wp-block-paragraph\">A seguir listamos <strong>3 efeitos dessas obras<\/strong> que ajudam a entender como transporte e energia se refor\u00e7aram durante a moderniza\u00e7\u00e3o de Juiz de Fora:<\/p>\n\n\n\n<div class=\"emf-data-table google-auto-ads-ignore\">\n  <style>\n    .emf-data-table {\n      --emf-navy:#00245a;\n      --emf-navy-soft:#0b3b70;\n      --emf-ink:#1d2731;\n      --emf-muted:#66727e;\n      --emf-line:#d7dde5;\n      --emf-wash:#f4f6f8;\n      box-sizing:border-box!important;\n      inline-size:min(1100px,100%)!important;\n      max-inline-size:100%!important;\n      margin-inline:auto!important;\n      overflow:hidden!important;\n      color:var(--emf-ink);\n      background:#fff;\n      border:1px solid var(--emf-line);\n      border-radius:6px!important;\n      box-shadow:0 8px 24px rgba(0,36,90,.08);\n      font-family:Arial,Helvetica,sans-serif;\n    }\n\n    .emf-data-table *,\n    .emf-data-table *::before,\n    .emf-data-table *::after {\n      box-sizing:border-box!important;\n    }\n\n    .emf-data-table-brand {\n      display:flex;\n      align-items:center;\n      gap:13px;\n      min-block-size:72px;\n      padding:10px 17px;\n      color:#fff;\n      background:linear-gradient(105deg,var(--emf-navy) 0%,var(--emf-navy-soft) 100%);\n      border-block-end:4px solid #c5ced8;\n    }\n\n    .emf-data-table-logo {\n      display:grid;\n      place-items:center;\n      inline-size:52px;\n      block-size:52px;\n      flex:0 0 52px;\n      background:rgba(255,255,255,.08);\n      border:1px solid rgba(255,255,255,.35);\n      border-radius:3px!important;\n    }\n\n    .emf-data-table-logo img {\n      display:block;\n      inline-size:41px;\n      block-size:41px;\n      max-inline-size:41px;\n      max-block-size:41px;\n      object-fit:contain;\n    }\n\n    .emf-data-table-kicker {\n      margin:0 0 2px;\n      font-size:10px;\n      font-weight:700;\n      letter-spacing:.16em;\n      line-height:1.2;\n      text-transform:uppercase;\n      opacity:.78;\n    }\n\n    .emf-data-table-title {\n      margin:0;\n      font-family:Georgia,\"Times New Roman\",serif;\n      font-size:21px;\n      font-weight:700;\n      line-height:1.2;\n    }\n\n    .emf-data-table-scroll {\n      display:block!important;\n      inline-size:100%!important;\n      max-inline-size:100%!important;\n      overflow-x:auto!important;\n      overflow-y:hidden!important;\n      -webkit-overflow-scrolling:touch;\n      overscroll-behavior-inline:contain;\n      scrollbar-width:thin;\n      scrollbar-color:#8798aa #edf1f5;\n    }\n\n    .emf-data-table-scroll:focus-visible {\n      outline:3px solid rgba(0,36,90,.35);\n      outline-offset:-3px;\n    }\n\n    .emf-data-table table {\n      display:table!important;\n      inline-size:100%!important;\n      min-inline-size:680px!important;\n      max-inline-size:none!important;\n      margin:0!important;\n      border:0!important;\n      border-collapse:separate!important;\n      border-spacing:0!important;\n      table-layout:auto!important;\n      background:#fff!important;\n    }\n\n    .emf-data-table caption {\n      position:absolute!important;\n      inline-size:1px!important;\n      block-size:1px!important;\n      padding:0!important;\n      margin:-1px!important;\n      overflow:hidden!important;\n      clip:rect(0,0,0,0)!important;\n      white-space:nowrap!important;\n      border:0!important;\n    }\n\n    .emf-data-table thead {\n      display:table-header-group!important;\n    }\n\n    .emf-data-table tbody {\n      display:table-row-group!important;\n    }\n\n    .emf-data-table tr {\n      display:table-row!important;\n    }\n\n    .emf-data-table th,\n    .emf-data-table td {\n      display:table-cell!important;\n      float:none!important;\n      inline-size:auto!important;\n      max-inline-size:none!important;\n      margin:0!important;\n      border-radius:0!important;\n      text-align:left!important;\n      vertical-align:middle!important;\n    }\n\n    .emf-data-table th {\n      padding:14px 17px!important;\n      color:#fff!important;\n      background:var(--emf-navy)!important;\n      border-block-end:1px solid rgba(255,255,255,.22)!important;\n      border-inline-end:1px solid rgba(255,255,255,.12)!important;\n      font-family:Georgia,\"Times New Roman\",serif;\n      font-size:14px!important;\n      font-weight:700!important;\n      line-height:1.35!important;\n      white-space:nowrap!important;\n    }\n\n    .emf-data-table th:last-child {\n      border-inline-end:0!important;\n    }\n\n    .emf-data-table td {\n      padding:14px 17px!important;\n      color:#43515e!important;\n      background:#fff!important;\n      border-block-end:1px solid var(--emf-line)!important;\n      font-size:14px!important;\n      font-weight:400!important;\n      line-height:1.5!important;\n      overflow-wrap:anywhere;\n    }\n\n    .emf-data-table tbody tr:nth-child(even) td {\n      background:var(--emf-wash)!important;\n    }\n\n    .emf-data-table tbody tr:hover td {\n      background:#eaf0f5!important;\n    }\n\n    .emf-data-table tbody tr:last-child td {\n      border-block-end:0!important;\n    }\n\n    .emf-data-table td:first-child {\n      color:var(--emf-navy)!important;\n      font-weight:700!important;\n    }\n\n    @media(max-width:560px) {\n      .emf-data-table-brand {\n        min-block-size:68px;\n        padding:9px 13px;\n      }\n\n      .emf-data-table-title {\n        font-size:19px;\n      }\n\n      .emf-data-table-scroll {\n        overflow:visible!important;\n      }\n\n      .emf-data-table table,\n      .emf-data-table thead,\n      .emf-data-table tbody,\n      .emf-data-table tr,\n      .emf-data-table th,\n      .emf-data-table td {\n        display:block!important;\n        inline-size:100%!important;\n        min-inline-size:0!important;\n        max-inline-size:100%!important;\n      }\n\n      .emf-data-table table {\n        padding:13px!important;\n      }\n\n      .emf-data-table thead {\n        position:absolute!important;\n        inline-size:1px!important;\n        block-size:1px!important;\n        padding:0!important;\n        margin:-1px!important;\n        overflow:hidden!important;\n        clip:rect(0,0,0,0)!important;\n        white-space:nowrap!important;\n      }\n\n      .emf-data-table tbody {\n        display:grid!important;\n        gap:11px;\n      }\n\n      .emf-data-table tr {\n        overflow:hidden!important;\n        background:#fff!important;\n        border:1px solid var(--emf-line)!important;\n        border-block-start:4px solid var(--emf-navy)!important;\n        border-radius:4px!important;\n        box-shadow:0 4px 12px rgba(0,36,90,.06);\n      }\n\n      .emf-data-table td,\n      .emf-data-table tbody tr:nth-child(even) td,\n      .emf-data-table tbody tr:hover td {\n        display:grid!important;\n        grid-template-columns:minmax(105px,38%) minmax(0,1fr)!important;\n        align-items:start;\n        gap:11px;\n        padding:11px 12px!important;\n        background:#fff!important;\n        border-block-end:1px solid #e2e7ec!important;\n      }\n\n      .emf-data-table td::before {\n        content:attr(data-label);\n        color:var(--emf-muted);\n        font-size:10px;\n        font-weight:700;\n        letter-spacing:.06em;\n        line-height:1.35;\n        text-transform:uppercase;\n      }\n\n      .emf-data-table td:first-child {\n        color:var(--emf-navy)!important;\n        background:#edf1f5!important;\n      }\n\n      .emf-data-table td:last-child {\n        border-block-end:0!important;\n      }\n    }\n  <\/style>\n\n  <div class=\"emf-data-table-brand\">\n    <div class=\"emf-data-table-logo\">\n      <img\n        alt=\"Logo EM Foco\"\n        decoding=\"async\"\n        height=\"41\"\n        loading=\"lazy\"\n        referrerpolicy=\"no-referrer\"\n        src=\"https:\/\/www.em.com.br\/emfoco\/wp-content\/uploads\/2026\/08\/em_transparente_3000px-scaled.png\"\n        width=\"41\"\n      >\n    <\/div>\n\n    <div>\n      <div class=\"emf-data-table-kicker\">DADOS EM FOCO<\/div>\n      <div class=\"emf-data-table-title\">Dois marcos da moderniza\u00e7\u00e3o de Juiz de Fora<\/div>\n    <\/div>\n  <\/div>\n\n  <div aria-label=\"Tabela com obra, data e impacto hist\u00f3rico em Juiz de Fora\" class=\"emf-data-table-scroll\" role=\"region\" tabindex=\"0\">\n    <table>\n      <caption>Resumo da Estrada Uni\u00e3o e Ind\u00fastria e da Usina de Marmelos<\/caption>\n      <thead>\n        <tr>\n          <th scope=\"col\">Obra<\/th>\n          <th scope=\"col\">Data<\/th>\n          <th scope=\"col\">Impacto<\/th>\n        <\/tr>\n      <\/thead>\n      <tbody>\n        <tr>\n          <td data-label=\"Obra\">Estrada Uni\u00e3o e Ind\u00fastria<\/td>\n          <td data-label=\"Data\">1861<\/td>\n          <td data-label=\"Impacto\">Liga\u00e7\u00e3o de 144 km com Petr\u00f3polis<\/td>\n        <\/tr>\n        <tr>\n          <td data-label=\"Obra\">Usina de Marmelos<\/td>\n          <td data-label=\"Data\">1889<\/td>\n          <td data-label=\"Impacto\">Energia para ilumina\u00e7\u00e3o e ind\u00fastria<\/td>\n        <\/tr>\n        <tr>\n          <td data-label=\"Obra\">Expans\u00e3o urbana<\/td>\n          <td data-label=\"Data\">S\u00e9culo XIX<\/td>\n          <td data-label=\"Impacto\">Com\u00e9rcio e manufaturas ganharam escala<\/td>\n        <\/tr>\n      <\/tbody>\n    <\/table>\n  <\/div>\n<\/div>\n\n\n\n<h2 class=\"wp-block-heading\">Por que esses dois marcos ainda ajudam a contar a hist\u00f3ria de Juiz de Fora?<\/h2>\n\n\n\n<p class=\"wp-block-paragraph\">Porque eles mostram duas etapas da transforma\u00e7\u00e3o urbana no mesmo s\u00e9culo. A estrada de 1861 representa a busca por <strong>circula\u00e7\u00e3o mais r\u00e1pida de mercadorias<\/strong>; Marmelos, em 1889, representa a entrada da eletricidade em servi\u00e7os p\u00fablicos e ind\u00fastrias. S\u00e3o obras diferentes, mas ligadas ao mesmo processo de moderniza\u00e7\u00e3o.<\/p>\n\n\n\n<p class=\"wp-block-paragraph\">A trajet\u00f3ria de <a href=\"https:\/\/pt.wikipedia.org\/wiki\/Juiz_de_Fora\" target=\"_blank\" rel=\"noopener noreferrer\"><strong>Juiz de Fora<\/strong><\/a> fica mais clara quando esses marcos aparecem juntos: uma estrada de 144 quil\u00f4metros aproximou mercados e uma hidrel\u00e9trica pioneira acendeu a cidade. No fim do s\u00e9culo XIX, transporte e energia ajudaram a consolidar o munic\u00edpio como centro econ\u00f4mico e industrial da Zona da Mata.<\/p>\n","protected":false},"excerpt":{"rendered":"<p>EM FOCO Resumo da mat\u00e9ria 01 Estrada abriu caminho A Uni\u00e3o e Ind\u00fastria foi inaugurada em 1861, ligando Petr\u00f3polis a Juiz de Fora por 144 quil\u00f4metros constru\u00eddos com t\u00e9cnicas avan\u00e7adas para a \u00e9poca. 144 km 02 Marmelos acendeu a cidade A usina come\u00e7ou a operar em 1889 e abasteceu ilumina\u00e7\u00e3o p\u00fablica, usos particulares e atividades [&hellip;]<\/p>\n","protected":false},"author":30,"featured_media":262956,"comment_status":"open","ping_status":"open","sticky":false,"template":"","format":"standard","meta":{"jnews-multi-image_gallery":[],"jnews_single_post":{"format":"standard"},"jnews_primary_category":[],"jnews_social_meta":[],"jnews_override_counter":[],"footnotes":""},"categories":[26],"tags":[237,613,36034,7567],"class_list":["post-262947","post","type-post","status-publish","format-standard","has-post-thumbnail","hentry","category-cidades","tag-historia","tag-juiz-de-fora","tag-marmelos","tag-rodovias"],"yoast_head":"<!-- This site is optimized with the Yoast SEO plugin v28.3 - https:\/\/yoast.com\/product\/yoast-seo-wordpress\/ -->\n<title>A cidade mineira que acendeu a primeira grande hidrel\u00e9trica da Am\u00e9rica do Sul em 1889 e recebeu uma estrada de 144 km que virou marco da pavimenta\u00e7\u00e3o no Brasil - Estado de Minas - Em foco<\/title>\n<meta name=\"description\" content=\"Uma hidrel\u00e9trica de 1889 e uma estrada que virou refer\u00eancia nacional colocaram esta cidade entre os marcos da infraestrutura brasileira.\" \/>\n<meta name=\"robots\" content=\"index, follow, max-snippet:-1, max-image-preview:large, max-video-preview:-1\" \/>\n<link rel=\"canonical\" href=\"https:\/\/www.em.com.br\/emfoco\/2026\/09\/06\/a-cidade-mineira-que-acendeu-a-primeira-grande-hidreletrica-da-america-do-sul-em-1889-e-recebeu-uma-estrada-de-144-km-que-virou-marco-da-pavimentacao-no-brasil\/\" \/>\n<meta property=\"og:locale\" content=\"pt_BR\" \/>\n<meta property=\"og:type\" content=\"article\" \/>\n<meta property=\"og:title\" content=\"A cidade mineira que acendeu a primeira grande hidrel\u00e9trica da Am\u00e9rica do Sul em 1889 e recebeu uma estrada de 144 km que virou marco da pavimenta\u00e7\u00e3o no Brasil - Estado de Minas - Em foco\" \/>\n<meta property=\"og:description\" content=\"Uma hidrel\u00e9trica de 1889 e uma estrada que virou refer\u00eancia nacional colocaram esta cidade entre os marcos da infraestrutura brasileira.\" \/>\n<meta property=\"og:url\" content=\"https:\/\/www.em.com.br\/emfoco\/2026\/09\/06\/a-cidade-mineira-que-acendeu-a-primeira-grande-hidreletrica-da-america-do-sul-em-1889-e-recebeu-uma-estrada-de-144-km-que-virou-marco-da-pavimentacao-no-brasil\/\" \/>\n<meta property=\"og:site_name\" content=\"Estado de Minas - Em foco\" \/>\n<meta property=\"article:published_time\" content=\"2026-09-06T19:37:00+00:00\" \/>\n<meta property=\"og:image\" content=\"https:\/\/www.em.com.br\/emfoco\/wp-content\/uploads\/2026\/09\/cidade.jpg\" \/>\n\t<meta property=\"og:image:width\" content=\"1280\" \/>\n\t<meta property=\"og:image:height\" content=\"720\" \/>\n\t<meta property=\"og:image:type\" content=\"image\/jpeg\" \/>\n<meta name=\"author\" content=\"Guilherme Ara\u00fajo\" \/>\n<meta name=\"twitter:card\" content=\"summary_large_image\" \/>\n<meta name=\"twitter:label1\" content=\"Escrito por\" \/>\n\t<meta name=\"twitter:data1\" content=\"Guilherme Ara\u00fajo\" \/>\n\t<meta name=\"twitter:label2\" content=\"Est. tempo de leitura\" \/>\n\t<meta name=\"twitter:data2\" content=\"6 minutos\" \/>\n<!-- \/ Yoast SEO plugin. -->","yoast_head_json":{"title":"A cidade mineira que acendeu a primeira grande hidrel\u00e9trica da Am\u00e9rica do Sul em 1889 e recebeu uma estrada de 144 km que virou marco da pavimenta\u00e7\u00e3o no Brasil - Estado de Minas - Em foco","description":"Uma hidrel\u00e9trica de 1889 e uma estrada que virou refer\u00eancia nacional colocaram esta cidade entre os marcos da infraestrutura brasileira.","robots":{"index":"index","follow":"follow","max-snippet":"max-snippet:-1","max-image-preview":"max-image-preview:large","max-video-preview":"max-video-preview:-1"},"canonical":"https:\/\/www.em.com.br\/emfoco\/2026\/09\/06\/a-cidade-mineira-que-acendeu-a-primeira-grande-hidreletrica-da-america-do-sul-em-1889-e-recebeu-uma-estrada-de-144-km-que-virou-marco-da-pavimentacao-no-brasil\/","og_locale":"pt_BR","og_type":"article","og_title":"A cidade mineira que acendeu a primeira grande hidrel\u00e9trica da Am\u00e9rica do Sul em 1889 e recebeu uma estrada de 144 km que virou marco da pavimenta\u00e7\u00e3o no Brasil - Estado de Minas - Em foco","og_description":"Uma hidrel\u00e9trica de 1889 e uma estrada que virou refer\u00eancia nacional colocaram esta cidade entre os marcos da infraestrutura brasileira.","og_url":"https:\/\/www.em.com.br\/emfoco\/2026\/09\/06\/a-cidade-mineira-que-acendeu-a-primeira-grande-hidreletrica-da-america-do-sul-em-1889-e-recebeu-uma-estrada-de-144-km-que-virou-marco-da-pavimentacao-no-brasil\/","og_site_name":"Estado de Minas - Em foco","article_published_time":"2026-09-06T19:37:00+00:00","og_image":[{"width":1280,"height":720,"url":"https:\/\/www.em.com.br\/emfoco\/wp-content\/uploads\/2026\/09\/cidade.jpg","type":"image\/jpeg"}],"author":"Guilherme Ara\u00fajo","twitter_card":"summary_large_image","twitter_misc":{"Escrito por":"Guilherme Ara\u00fajo","Est. tempo de leitura":"6 minutos"},"schema":{"@context":"https:\/\/schema.org","@graph":[{"@type":"Article","@id":"https:\/\/www.em.com.br\/emfoco\/2026\/09\/06\/a-cidade-mineira-que-acendeu-a-primeira-grande-hidreletrica-da-america-do-sul-em-1889-e-recebeu-uma-estrada-de-144-km-que-virou-marco-da-pavimentacao-no-brasil\/#article","isPartOf":{"@id":"https:\/\/www.em.com.br\/emfoco\/2026\/09\/06\/a-cidade-mineira-que-acendeu-a-primeira-grande-hidreletrica-da-america-do-sul-em-1889-e-recebeu-uma-estrada-de-144-km-que-virou-marco-da-pavimentacao-no-brasil\/"},"author":{"name":"Guilherme Ara\u00fajo","@id":"https:\/\/www.em.com.br\/emfoco\/#\/schema\/person\/5379e929a4b966c775d121e23f9bb421"},"headline":"A cidade mineira que acendeu a primeira grande hidrel\u00e9trica da Am\u00e9rica do Sul em 1889 e recebeu uma estrada de 144 km que virou marco da pavimenta\u00e7\u00e3o no Brasil","datePublished":"2026-09-06T19:37:00+00:00","mainEntityOfPage":{"@id":"https:\/\/www.em.com.br\/emfoco\/2026\/09\/06\/a-cidade-mineira-que-acendeu-a-primeira-grande-hidreletrica-da-america-do-sul-em-1889-e-recebeu-uma-estrada-de-144-km-que-virou-marco-da-pavimentacao-no-brasil\/"},"wordCount":1047,"commentCount":0,"image":{"@id":"https:\/\/www.em.com.br\/emfoco\/2026\/09\/06\/a-cidade-mineira-que-acendeu-a-primeira-grande-hidreletrica-da-america-do-sul-em-1889-e-recebeu-uma-estrada-de-144-km-que-virou-marco-da-pavimentacao-no-brasil\/#primaryimage"},"thumbnailUrl":"https:\/\/www.em.com.br\/emfoco\/wp-content\/uploads\/2026\/09\/cidade.jpg","keywords":["hist\u00f3ria","Juiz de Fora","Marmelos","rodovias"],"articleSection":["Cidades"],"inLanguage":"pt-BR","potentialAction":[{"@type":"CommentAction","name":"Comment","target":["https:\/\/www.em.com.br\/emfoco\/2026\/09\/06\/a-cidade-mineira-que-acendeu-a-primeira-grande-hidreletrica-da-america-do-sul-em-1889-e-recebeu-uma-estrada-de-144-km-que-virou-marco-da-pavimentacao-no-brasil\/#respond"]}]},{"@type":"WebPage","@id":"https:\/\/www.em.com.br\/emfoco\/2026\/09\/06\/a-cidade-mineira-que-acendeu-a-primeira-grande-hidreletrica-da-america-do-sul-em-1889-e-recebeu-uma-estrada-de-144-km-que-virou-marco-da-pavimentacao-no-brasil\/","url":"https:\/\/www.em.com.br\/emfoco\/2026\/09\/06\/a-cidade-mineira-que-acendeu-a-primeira-grande-hidreletrica-da-america-do-sul-em-1889-e-recebeu-uma-estrada-de-144-km-que-virou-marco-da-pavimentacao-no-brasil\/","name":"A cidade mineira que acendeu a primeira grande hidrel\u00e9trica da Am\u00e9rica do Sul em 1889 e recebeu uma estrada de 144 km que virou marco da pavimenta\u00e7\u00e3o no Brasil - Estado de Minas - Em foco","isPartOf":{"@id":"https:\/\/www.em.com.br\/emfoco\/#website"},"primaryImageOfPage":{"@id":"https:\/\/www.em.com.br\/emfoco\/2026\/09\/06\/a-cidade-mineira-que-acendeu-a-primeira-grande-hidreletrica-da-america-do-sul-em-1889-e-recebeu-uma-estrada-de-144-km-que-virou-marco-da-pavimentacao-no-brasil\/#primaryimage"},"image":{"@id":"https:\/\/www.em.com.br\/emfoco\/2026\/09\/06\/a-cidade-mineira-que-acendeu-a-primeira-grande-hidreletrica-da-america-do-sul-em-1889-e-recebeu-uma-estrada-de-144-km-que-virou-marco-da-pavimentacao-no-brasil\/#primaryimage"},"thumbnailUrl":"https:\/\/www.em.com.br\/emfoco\/wp-content\/uploads\/2026\/09\/cidade.jpg","datePublished":"2026-09-06T19:37:00+00:00","author":{"@id":"https:\/\/www.em.com.br\/emfoco\/#\/schema\/person\/5379e929a4b966c775d121e23f9bb421"},"description":"Uma hidrel\u00e9trica de 1889 e uma estrada que virou refer\u00eancia nacional colocaram esta cidade entre os marcos da infraestrutura brasileira.","breadcrumb":{"@id":"https:\/\/www.em.com.br\/emfoco\/2026\/09\/06\/a-cidade-mineira-que-acendeu-a-primeira-grande-hidreletrica-da-america-do-sul-em-1889-e-recebeu-uma-estrada-de-144-km-que-virou-marco-da-pavimentacao-no-brasil\/#breadcrumb"},"inLanguage":"pt-BR","potentialAction":[{"@type":"ReadAction","target":["https:\/\/www.em.com.br\/emfoco\/2026\/09\/06\/a-cidade-mineira-que-acendeu-a-primeira-grande-hidreletrica-da-america-do-sul-em-1889-e-recebeu-uma-estrada-de-144-km-que-virou-marco-da-pavimentacao-no-brasil\/"]}]},{"@type":"ImageObject","inLanguage":"pt-BR","@id":"https:\/\/www.em.com.br\/emfoco\/2026\/09\/06\/a-cidade-mineira-que-acendeu-a-primeira-grande-hidreletrica-da-america-do-sul-em-1889-e-recebeu-uma-estrada-de-144-km-que-virou-marco-da-pavimentacao-no-brasil\/#primaryimage","url":"https:\/\/www.em.com.br\/emfoco\/wp-content\/uploads\/2026\/09\/cidade.jpg","contentUrl":"https:\/\/www.em.com.br\/emfoco\/wp-content\/uploads\/2026\/09\/cidade.jpg","width":1280,"height":720,"caption":"Energia el\u00e9trica e novas liga\u00e7\u00f5es rodovi\u00e1rias colocaram o munic\u00edpio no centro de mudan\u00e7as importantes para a \u00e9poca"},{"@type":"BreadcrumbList","@id":"https:\/\/www.em.com.br\/emfoco\/2026\/09\/06\/a-cidade-mineira-que-acendeu-a-primeira-grande-hidreletrica-da-america-do-sul-em-1889-e-recebeu-uma-estrada-de-144-km-que-virou-marco-da-pavimentacao-no-brasil\/#breadcrumb","itemListElement":[{"@type":"ListItem","position":1,"name":"In\u00edcio","item":"https:\/\/www.em.com.br\/emfoco\/"},{"@type":"ListItem","position":2,"name":"A cidade mineira que acendeu a primeira grande hidrel\u00e9trica da Am\u00e9rica do Sul em 1889 e recebeu uma estrada de 144 km que virou marco da pavimenta\u00e7\u00e3o no Brasil"}]},{"@type":"WebSite","@id":"https:\/\/www.em.com.br\/emfoco\/#website","url":"https:\/\/www.em.com.br\/emfoco\/","name":"Estado de Minas - Em foco","description":"Acompanhe as \u00faltimas not\u00edcias e fique bem informado sobre tudo o que acontece em Minas Gerais, Brasil e no mundo.","potentialAction":[{"@type":"SearchAction","target":{"@type":"EntryPoint","urlTemplate":"https:\/\/www.em.com.br\/emfoco\/?s={search_term_string}"},"query-input":{"@type":"PropertyValueSpecification","valueRequired":true,"valueName":"search_term_string"}}],"inLanguage":"pt-BR"},{"@type":"Person","@id":"https:\/\/www.em.com.br\/emfoco\/#\/schema\/person\/5379e929a4b966c775d121e23f9bb421","name":"Guilherme Ara\u00fajo","image":{"@type":"ImageObject","inLanguage":"pt-BR","@id":"https:\/\/secure.gravatar.com\/avatar\/063bc96e5a2afd1844386c45bd1360efc771eff011a9fab8cd399e2a104c3ecd?s=96&d=mm&r=g","url":"https:\/\/secure.gravatar.com\/avatar\/063bc96e5a2afd1844386c45bd1360efc771eff011a9fab8cd399e2a104c3ecd?s=96&d=mm&r=g","contentUrl":"https:\/\/secure.gravatar.com\/avatar\/063bc96e5a2afd1844386c45bd1360efc771eff011a9fab8cd399e2a104c3ecd?s=96&d=mm&r=g","caption":"Guilherme Ara\u00fajo"},"sameAs":["https:\/\/www.em.com.br\/emfoco"],"url":"https:\/\/www.em.com.br\/emfoco\/author\/guilhermeamyth\/"}]}},"_links":{"self":[{"href":"https:\/\/www.em.com.br\/emfoco\/wp-json\/wp\/v2\/posts\/262947","targetHints":{"allow":["GET"]}}],"collection":[{"href":"https:\/\/www.em.com.br\/emfoco\/wp-json\/wp\/v2\/posts"}],"about":[{"href":"https:\/\/www.em.com.br\/emfoco\/wp-json\/wp\/v2\/types\/post"}],"author":[{"embeddable":true,"href":"https:\/\/www.em.com.br\/emfoco\/wp-json\/wp\/v2\/users\/30"}],"replies":[{"embeddable":true,"href":"https:\/\/www.em.com.br\/emfoco\/wp-json\/wp\/v2\/comments?post=262947"}],"version-history":[{"count":7,"href":"https:\/\/www.em.com.br\/emfoco\/wp-json\/wp\/v2\/posts\/262947\/revisions"}],"predecessor-version":[{"id":262975,"href":"https:\/\/www.em.com.br\/emfoco\/wp-json\/wp\/v2\/posts\/262947\/revisions\/262975"}],"wp:attachment":[{"href":"https:\/\/www.em.com.br\/emfoco\/wp-json\/wp\/v2\/media?parent=262947"}],"wp:term":[{"taxonomy":"category","embeddable":true,"href":"https:\/\/www.em.com.br\/emfoco\/wp-json\/wp\/v2\/categories?post=262947"},{"taxonomy":"post_tag","embeddable":true,"href":"https:\/\/www.em.com.br\/emfoco\/wp-json\/wp\/v2\/tags?post=262947"}],"curies":[{"name":"wp","href":"https:\/\/api.w.org\/{rel}","templated":true}]}}