{"id":262946,"date":"2026-09-06T14:07:00","date_gmt":"2026-09-06T17:07:00","guid":{"rendered":"https:\/\/www.em.com.br\/emfoco\/?p=262946"},"modified":"2026-09-05T13:45:43","modified_gmt":"2026-09-05T16:45:43","slug":"terra-natal-de-drummond-e-origem-da-vale-a-cidade-mineira-que-transformou-44-poemas-em-um-museu-pelas-ruas","status":"publish","type":"post","link":"https:\/\/www.em.com.br\/emfoco\/2026\/09\/06\/terra-natal-de-drummond-e-origem-da-vale-a-cidade-mineira-que-transformou-44-poemas-em-um-museu-pelas-ruas\/","title":{"rendered":"Terra natal de Drummond e origem da Vale: a cidade mineira que transformou 44 poemas em um museu pelas ruas"},"content":{"rendered":"\n<div class=\"emf-summary google-auto-ads-ignore\">\n  <style>\n    .emf-summary {\n      --emf-navy:#00245a;\n      --emf-navy-soft:#0b3b70;\n      --emf-ink:#1d2731;\n      --emf-muted:#66727e;\n      --emf-line:#d7dde5;\n      --emf-paper:#ffffff;\n      --emf-wash:#f4f6f8;\n      box-sizing:border-box!important;\n      inline-size:min(1100px,100%)!important;\n      max-inline-size:100%!important;\n      margin-inline:auto!important;\n      overflow:hidden!important;\n      color:var(--emf-ink);\n      background:var(--emf-paper);\n      border:1px solid var(--emf-line);\n      border-block-start:5px solid var(--emf-navy);\n      border-radius:6px!important;\n      box-shadow:0 8px 24px rgba(0,36,90,.08);\n      font-family:Arial,Helvetica,sans-serif;\n    }\n\n    .emf-summary *,\n    .emf-summary *::before,\n    .emf-summary *::after {\n      box-sizing:border-box!important;\n    }\n\n    .emf-summary-brand {\n      display:flex;\n      align-items:center;\n      gap:14px;\n      padding:16px 20px;\n      color:#fff;\n      background:linear-gradient(105deg,var(--emf-navy) 0%,var(--emf-navy-soft) 100%);\n      border-block-end:1px solid rgba(255,255,255,.18);\n    }\n\n    .emf-summary-logo {\n      display:grid;\n      place-items:center;\n      inline-size:58px;\n      block-size:58px;\n      flex:0 0 58px;\n      background:rgba(255,255,255,.08);\n      border:1px solid rgba(255,255,255,.35);\n      border-radius:3px!important;\n    }\n\n    .emf-summary-logo img {\n      display:block;\n      inline-size:46px;\n      block-size:46px;\n      max-inline-size:46px;\n      max-block-size:46px;\n      object-fit:contain;\n    }\n\n    .emf-summary-eyebrow {\n      margin:0 0 3px;\n      font-size:11px;\n      font-weight:700;\n      letter-spacing:.18em;\n      line-height:1.2;\n      text-transform:uppercase;\n      opacity:.78;\n    }\n\n    .emf-summary-title {\n      margin:0;\n      font-family:Georgia,\"Times New Roman\",serif;\n      font-size:25px;\n      font-weight:700;\n      line-height:1.15;\n    }\n\n    .emf-summary-grid {\n      display:grid;\n      grid-template-columns:repeat(3,minmax(0,1fr));\n      gap:0;\n      background:var(--emf-wash);\n    }\n\n    .emf-summary-card {\n      position:relative;\n      min-block-size:190px;\n      padding:24px 20px 20px;\n      overflow:hidden!important;\n      background:#fff;\n      border-inline-end:1px solid var(--emf-line);\n    }\n\n    .emf-summary-card:last-child {\n      border-inline-end:0;\n    }\n\n    .emf-summary-number {\n      position:absolute;\n      inset-block-start:13px;\n      inset-inline-end:15px;\n      color:rgba(0,36,90,.10);\n      font-family:Georgia,\"Times New Roman\",serif;\n      font-size:46px;\n      font-weight:700;\n      line-height:1;\n      pointer-events:none;\n    }\n\n    .emf-summary-card-title {\n      position:relative;\n      z-index:1;\n      margin:0 0 11px;\n      padding-block-end:10px;\n      color:var(--emf-navy);\n      border-block-end:2px solid var(--emf-navy);\n      font-family:Georgia,\"Times New Roman\",serif;\n      font-size:18px;\n      font-weight:700;\n      line-height:1.3;\n      overflow-wrap:anywhere;\n    }\n\n    .emf-summary-card-text {\n      position:relative;\n      z-index:1;\n      color:#485560;\n      font-size:13px;\n      line-height:1.6;\n      overflow-wrap:anywhere;\n    }\n\n    .emf-summary-card-meta {\n      position:relative;\n      z-index:1;\n      display:inline-flex;\n      margin-block-start:16px;\n      padding:5px 8px;\n      color:var(--emf-navy);\n      background:#edf1f5;\n      border:1px solid #d9e0e7;\n      border-radius:2px!important;\n      font-size:10px;\n      font-weight:700;\n      letter-spacing:.08em;\n      line-height:1.2;\n      text-transform:uppercase;\n    }\n\n    @media(max-width:760px) {\n      .emf-summary-grid {\n        grid-template-columns:1fr;\n      }\n\n      .emf-summary-card {\n        min-block-size:0;\n        border-inline-end:0;\n        border-block-end:1px solid var(--emf-line);\n      }\n\n      .emf-summary-card:last-child {\n        border-block-end:0;\n      }\n    }\n\n    @media(max-width:480px) {\n      .emf-summary-brand {\n        padding:14px 15px;\n      }\n\n      .emf-summary-logo {\n        inline-size:52px;\n        block-size:52px;\n        flex-basis:52px;\n      }\n\n      .emf-summary-logo img {\n        inline-size:41px;\n        block-size:41px;\n        max-inline-size:41px;\n        max-block-size:41px;\n      }\n\n      .emf-summary-title {\n        font-size:22px;\n      }\n\n      .emf-summary-card {\n        padding:21px 16px 18px;\n      }\n    }\n  <\/style>\n\n  <div class=\"emf-summary-brand\">\n    <div class=\"emf-summary-logo\">\n      <img\n        alt=\"Logo EM Foco\"\n        decoding=\"async\"\n        fetchpriority=\"high\"\n        height=\"46\"\n        loading=\"eager\"\n        referrerpolicy=\"no-referrer\"\n        src=\"https:\/\/www.em.com.br\/emfoco\/wp-content\/uploads\/2026\/08\/em_transparente_3000px-scaled.png\"\n        width=\"46\"\n      >\n    <\/div>\n\n    <div>\n      <div class=\"emf-summary-eyebrow\">EM FOCO<\/div>\n      <div class=\"emf-summary-title\">Resumo da mat\u00e9ria<\/div>\n    <\/div>\n  <\/div>\n\n  <div class=\"emf-summary-grid\">\n    <div class=\"emf-summary-card\">\n      <span aria-hidden=\"true\" class=\"emf-summary-number\">01<\/span>\n      <div aria-level=\"3\" class=\"emf-summary-card-title\" role=\"heading\">\n        Drummond nasceu aqui\n      <\/div>\n      <div class=\"emf-summary-card-text\">\n        Carlos Drummond de Andrade nasceu em Itabira em 31 de outubro de 1902, e lembran\u00e7as da cidade aparecem repetidamente em sua obra.\n      <\/div>\n      <div class=\"emf-summary-card-meta\">\n        desde 1902\n      <\/div>\n    <\/div>\n    <div class=\"emf-summary-card\">\n      <span aria-hidden=\"true\" class=\"emf-summary-number\">02<\/span>\n      <div aria-level=\"3\" class=\"emf-summary-card-title\" role=\"heading\">\n        Quarenta e quatro poemas\n      <\/div>\n      <div class=\"emf-summary-card-text\">\n        O Museu de Territ\u00f3rio Caminhos Drummondianos re\u00fane 44 placas distribu\u00eddas pela cidade, cada uma ligada a fatos, personagens e lugares lembrados pelo poeta.\n      <\/div>\n      <div class=\"emf-summary-card-meta\">\n        poesia nas ruas\n      <\/div>\n    <\/div>\n    <div class=\"emf-summary-card\">\n      <span aria-hidden=\"true\" class=\"emf-summary-number\">03<\/span>\n      <div aria-level=\"3\" class=\"emf-summary-card-title\" role=\"heading\">\n        Vale nasceu em 1942\n      <\/div>\n      <div class=\"emf-summary-card-text\">\n        A atual Vale surgiu em Itabira como Companhia Vale do Rio Doce e expandiu-se at\u00e9 se tornar uma das maiores mineradoras do mundo.\n      <\/div>\n      <div class=\"emf-summary-card-meta\">\n        origem mineral\n      <\/div>\n    <\/div>\n  <\/div>\n<\/div>\n\n\n\n<p class=\"wp-block-paragraph\">Em <strong>Itabira<\/strong>, literatura e minera\u00e7\u00e3o dividem a mesma paisagem. Carlos Drummond de Andrade nasceu ali em 1902, a Vale liga sua hist\u00f3ria ao min\u00e9rio extra\u00eddo na cidade e os Caminhos Drummondianos espalham 44 placas com poemas pelas ruas. A mem\u00f3ria do poeta e a minera\u00e7\u00e3o continuam vis\u00edveis no espa\u00e7o urbano.<\/p>\n\n\n\n<h2 class=\"wp-block-heading\">Por que Itabira aparece tanto na hist\u00f3ria de Carlos Drummond?<\/h2>\n\n\n\n<p class=\"wp-block-paragraph\">Carlos Drummond de Andrade nasceu em <a href=\"https:\/\/pt.wikipedia.org\/wiki\/Itabira\" target=\"_blank\" rel=\"noopener noreferrer\"><strong>Itabira<\/strong><\/a> em 31 de outubro de 1902. A cidade da inf\u00e2ncia permaneceu como refer\u00eancia em poemas, cr\u00f4nicas e lembran\u00e7as, com casas, personagens, igrejas, ruas e a pr\u00f3pria paisagem mineral reaparecendo na constru\u00e7\u00e3o de sua mem\u00f3ria liter\u00e1ria.<\/p>\n\n\n\n<p class=\"wp-block-paragraph\">Essa liga\u00e7\u00e3o \u00e9 t\u00e3o forte que a cidade preserva espa\u00e7os associados ao escritor, como a Casa de Drummond, a Fazenda do Pontal e o <strong>Memorial Carlos Drummond de Andrade<\/strong>. O memorial foi projetado por Oscar Niemeyer e re\u00fane livros, cartas, fotografias, documentos e objetos ligados \u00e0 trajet\u00f3ria do autor.<\/p>\n\n\n<div class=\"wp-block-image\">\n<figure class=\"aligncenter size-large\"><img decoding=\"async\" width=\"1024\" height=\"576\" src=\"https:\/\/www.em.com.br\/emfoco\/wp-content\/uploads\/2026\/01\/Itabira4-1024x576.jpg\" alt=\"Itabira - A cidade mineira onde uma montanha de 1.385 metros desapareceu e nasceu o maior poeta do Brasil\" class=\"wp-image-153373\" srcset=\"https:\/\/www.em.com.br\/emfoco\/wp-content\/uploads\/2026\/01\/Itabira4-1024x576.jpg 1024w, https:\/\/www.em.com.br\/emfoco\/wp-content\/uploads\/2026\/01\/Itabira4-300x169.jpg 300w, https:\/\/www.em.com.br\/emfoco\/wp-content\/uploads\/2026\/01\/Itabira4-768x432.jpg 768w, https:\/\/www.em.com.br\/emfoco\/wp-content\/uploads\/2026\/01\/Itabira4-750x422.jpg 750w, https:\/\/www.em.com.br\/emfoco\/wp-content\/uploads\/2026\/01\/Itabira4-1140x641.jpg 1140w, https:\/\/www.em.com.br\/emfoco\/wp-content\/uploads\/2026\/01\/Itabira4.jpg 1280w\" sizes=\"(max-width: 1024px) 100vw, 1024px\" \/><figcaption class=\"wp-element-caption\">Itabira oferece cultura, natureza e cen\u00e1rios do interior mineiro \/\/ Cr\u00e9ditos: Wikipedia \/ Wikimedia Commons<\/figcaption><\/figure>\n<\/div>\n\n\n<h2 class=\"wp-block-heading\">Como 44 poemas viraram um museu espalhado pelas ruas?<\/h2>\n\n\n\n<p class=\"wp-block-paragraph\">O <a href=\"https:\/\/turismo.itabira.mg.gov.br\/atrativos\/sede\/museuterritorial\" target=\"_blank\" rel=\"noopener noreferrer\"><strong>Museu de Territ\u00f3rio Caminhos Drummondianos<\/strong><\/a> \u00e9 formado por 44 placas com poemas distribu\u00eddas em diferentes pontos da cidade. Cada texto se relaciona a um fato, personagem ou lugar do per\u00edodo em que Drummond viveu em Itabira.<\/p>\n\n\n\n<p class=\"wp-block-paragraph\">O percurso transforma o centro urbano em <strong>museu a c\u00e9u aberto<\/strong>. Em vez de concentrar a obra numa \u00fanica sala, o visitante caminha entre endere\u00e7os reais enquanto l\u00ea poemas ligados \u00e0quela paisagem. T\u00edtulos como \u201cJos\u00e9\u201d, \u201cO Ingl\u00eas da Mina\u201d e \u201cO Maior Trem do Mundo\u201d aparecem na lista oficial.<\/p>\n\n\n\n<h2 class=\"wp-block-heading\">Quais lugares ajudam a acompanhar a mem\u00f3ria de Drummond?<\/h2>\n\n\n\n<p class=\"wp-block-paragraph\">Al\u00e9m das placas, o roteiro cultural conecta im\u00f3veis e paisagens ligados \u00e0 fam\u00edlia e \u00e0 obra do poeta. A <strong>Casa de Drummond<\/strong> preserva refer\u00eancias da inf\u00e2ncia, enquanto a Fazenda do Pontal remete \u00e0 propriedade de seu pai, Carlos de Paula Andrade, onde o escritor passou parte dos primeiros anos.<\/p>\n\n\n\n<p class=\"wp-block-paragraph\">O Memorial amplia essa leitura com acervo documental e projeto arquitet\u00f4nico pr\u00f3prio. A combina\u00e7\u00e3o permite observar <strong>poesia, biografia e cidade no mesmo percurso<\/strong>. Itabira n\u00e3o aparece apenas como lugar de nascimento, mas como cen\u00e1rio que continuou reaparecendo na produ\u00e7\u00e3o liter\u00e1ria mesmo depois de Drummond deixar o munic\u00edpio.<\/p>\n\n\n\n<p class=\"myth-list-bridge wp-block-paragraph\">A seguir listamos <strong>4 pontos ligados a Carlos Drummond<\/strong> que ajudam a transformar a visita em um percurso pela mem\u00f3ria liter\u00e1ria da cidade:<\/p>\n\n\n\n<ul class=\"wp-block-list myth-bullet-list\">\n<li><strong>Caminhos Drummondianos: <\/strong>44 placas distribuem poemas por locais associados \u00e0 obra e \u00e0 mem\u00f3ria do escritor.<\/li>\n\n\n\n<li><strong>Casa de Drummond: <\/strong>o sobrado preserva refer\u00eancias da inf\u00e2ncia e da fam\u00edlia do poeta.<\/li>\n\n\n\n<li><strong>Memorial Drummond: <\/strong>o espa\u00e7o projetado por Oscar Niemeyer re\u00fane documentos, livros, cartas e objetos.<\/li>\n\n\n\n<li><strong>Fazenda do Pontal: <\/strong>a antiga propriedade familiar mant\u00e9m outra liga\u00e7\u00e3o direta com os primeiros anos do autor.<\/li>\n<\/ul>\n\n\n\n<p class=\"wp-block-paragraph\">Quem quer descobrir os encantos de <strong>Minas Gerais<\/strong>, vai curtir esse v\u00eddeo especialmente selecionado do canal <strong>Cidades do meu Brasil<\/strong>, que conta com mais de <strong>4,9 mil<\/strong> visualiza\u00e7\u00f5es, onde revela a rica hist\u00f3ria e as belezas de <strong>Itabira<\/strong>:<\/p>\n\n\n\n<figure class=\"wp-block-embed is-type-video is-provider-youtube wp-block-embed-youtube wp-embed-aspect-16-9 wp-has-aspect-ratio\"><div class=\"wp-block-embed__wrapper\">\n<div class=\"jeg_video_container jeg_video_content\"><iframe loading=\"lazy\" title=\"Itabira - MG: Descubra Tudo Sobre a Cidade\" width=\"500\" height=\"281\" src=\"https:\/\/www.youtube.com\/embed\/7ZbfMsWbXJU?feature=oembed\" frameborder=\"0\" allow=\"accelerometer; autoplay; clipboard-write; encrypted-media; gyroscope; picture-in-picture; web-share\" referrerpolicy=\"strict-origin-when-cross-origin\" allowfullscreen><\/iframe><\/div>\n<\/div><\/figure>\n\n\n\n<p class=\"wp-block-paragraph\"><strong>Leia tamb\u00e9m: <a href=\"https:\/\/www.em.com.br\/emfoco\/2026\/09\/05\/com-2-comportas-moveis-de-210-metros-e-dobradicas-esfericas-de-680-toneladas-esta-barreira-fecha-automaticamente-quando-o-mar-sobe-afunda-suas-portas-em-ate-2-horas-e-ajuda-a-proteger-milhoes-de-pes\/\" target=\"_blank\" rel=\"noreferrer noopener\">Com 2 comportas m\u00f3veis de 210 metros e dobradi\u00e7as esf\u00e9ricas de 680 toneladas, esta barreira fecha automaticamente quando o mar sobe, afunda suas portas em at\u00e9 2 horas e ajuda a proteger milh\u00f5es de pessoas na Holanda<\/a><\/strong><\/p>\n\n\n\n<h2 class=\"wp-block-heading\">Por que a minera\u00e7\u00e3o tamb\u00e9m ocupa um lugar central na hist\u00f3ria local?<\/h2>\n\n\n\n<p class=\"wp-block-paragraph\">Itabira cresceu sobre uma \u00e1rea marcada por grandes reservas de min\u00e9rio de ferro. Essa atividade alterou profundamente trabalho, transporte e paisagem no s\u00e9culo XX. Em 1942, a <strong>Companhia Vale do Rio Doce<\/strong> nasceu na cidade, reunindo estruturas que colocariam a minera\u00e7\u00e3o itabirana numa rede nacional de produ\u00e7\u00e3o e log\u00edstica.<\/p>\n\n\n\n<p class=\"wp-block-paragraph\">A empresa expandiu-se muito al\u00e9m de Minas Gerais e hoje se apresenta como uma das maiores mineradoras do mundo e <strong>l\u00edder global na produ\u00e7\u00e3o de min\u00e9rio de ferro<\/strong>. Mesmo com opera\u00e7\u00f5es internacionais, a companhia mant\u00e9m Itabira no centro de sua narrativa hist\u00f3rica, partindo da cidade para explicar sua pr\u00f3pria forma\u00e7\u00e3o.<\/p>\n\n\n\n<p class=\"myth-html-bridge wp-block-paragraph\">A seguir listamos <strong>3 marcos que unem cidade e minera\u00e7\u00e3o<\/strong> e ajudam a entender como a atividade industrial passou a dividir espa\u00e7o com a mem\u00f3ria liter\u00e1ria:<\/p>\n\n\n\n<div class=\"emf-data-table google-auto-ads-ignore\">\n  <style>\n    .emf-data-table {\n      --emf-navy:#00245a;\n      --emf-navy-soft:#0b3b70;\n      --emf-ink:#1d2731;\n      --emf-muted:#66727e;\n      --emf-line:#d7dde5;\n      --emf-wash:#f4f6f8;\n      box-sizing:border-box!important;\n      inline-size:min(1100px,100%)!important;\n      max-inline-size:100%!important;\n      margin-inline:auto!important;\n      overflow:hidden!important;\n      color:var(--emf-ink);\n      background:#fff;\n      border:1px solid var(--emf-line);\n      border-radius:6px!important;\n      box-shadow:0 8px 24px rgba(0,36,90,.08);\n      font-family:Arial,Helvetica,sans-serif;\n    }\n\n    .emf-data-table *,\n    .emf-data-table *::before,\n    .emf-data-table *::after {\n      box-sizing:border-box!important;\n    }\n\n    .emf-data-table-brand {\n      display:flex;\n      align-items:center;\n      gap:13px;\n      min-block-size:72px;\n      padding:10px 17px;\n      color:#fff;\n      background:linear-gradient(105deg,var(--emf-navy) 0%,var(--emf-navy-soft) 100%);\n      border-block-end:4px solid #c5ced8;\n    }\n\n    .emf-data-table-logo {\n      display:grid;\n      place-items:center;\n      inline-size:52px;\n      block-size:52px;\n      flex:0 0 52px;\n      background:rgba(255,255,255,.08);\n      border:1px solid rgba(255,255,255,.35);\n      border-radius:3px!important;\n    }\n\n    .emf-data-table-logo img {\n      display:block;\n      inline-size:41px;\n      block-size:41px;\n      max-inline-size:41px;\n      max-block-size:41px;\n      object-fit:contain;\n    }\n\n    .emf-data-table-kicker {\n      margin:0 0 2px;\n      font-size:10px;\n      font-weight:700;\n      letter-spacing:.16em;\n      line-height:1.2;\n      text-transform:uppercase;\n      opacity:.78;\n    }\n\n    .emf-data-table-title {\n      margin:0;\n      font-family:Georgia,\"Times New Roman\",serif;\n      font-size:21px;\n      font-weight:700;\n      line-height:1.2;\n    }\n\n    .emf-data-table-scroll {\n      display:block!important;\n      inline-size:100%!important;\n      max-inline-size:100%!important;\n      overflow-x:auto!important;\n      overflow-y:hidden!important;\n      -webkit-overflow-scrolling:touch;\n      overscroll-behavior-inline:contain;\n      scrollbar-width:thin;\n      scrollbar-color:#8798aa #edf1f5;\n    }\n\n    .emf-data-table-scroll:focus-visible {\n      outline:3px solid rgba(0,36,90,.35);\n      outline-offset:-3px;\n    }\n\n    .emf-data-table table {\n      display:table!important;\n      inline-size:100%!important;\n      min-inline-size:680px!important;\n      max-inline-size:none!important;\n      margin:0!important;\n      border:0!important;\n      border-collapse:separate!important;\n      border-spacing:0!important;\n      table-layout:auto!important;\n      background:#fff!important;\n    }\n\n    .emf-data-table caption {\n      position:absolute!important;\n      inline-size:1px!important;\n      block-size:1px!important;\n      padding:0!important;\n      margin:-1px!important;\n      overflow:hidden!important;\n      clip:rect(0,0,0,0)!important;\n      white-space:nowrap!important;\n      border:0!important;\n    }\n\n    .emf-data-table thead {\n      display:table-header-group!important;\n    }\n\n    .emf-data-table tbody {\n      display:table-row-group!important;\n    }\n\n    .emf-data-table tr {\n      display:table-row!important;\n    }\n\n    .emf-data-table th,\n    .emf-data-table td {\n      display:table-cell!important;\n      float:none!important;\n      inline-size:auto!important;\n      max-inline-size:none!important;\n      margin:0!important;\n      border-radius:0!important;\n      text-align:left!important;\n      vertical-align:middle!important;\n    }\n\n    .emf-data-table th {\n      padding:14px 17px!important;\n      color:#fff!important;\n      background:var(--emf-navy)!important;\n      border-block-end:1px solid rgba(255,255,255,.22)!important;\n      border-inline-end:1px solid rgba(255,255,255,.12)!important;\n      font-family:Georgia,\"Times New Roman\",serif;\n      font-size:14px!important;\n      font-weight:700!important;\n      line-height:1.35!important;\n      white-space:nowrap!important;\n    }\n\n    .emf-data-table th:last-child {\n      border-inline-end:0!important;\n    }\n\n    .emf-data-table td {\n      padding:14px 17px!important;\n      color:#43515e!important;\n      background:#fff!important;\n      border-block-end:1px solid var(--emf-line)!important;\n      font-size:14px!important;\n      font-weight:400!important;\n      line-height:1.5!important;\n      overflow-wrap:anywhere;\n    }\n\n    .emf-data-table tbody tr:nth-child(even) td {\n      background:var(--emf-wash)!important;\n    }\n\n    .emf-data-table tbody tr:hover td {\n      background:#eaf0f5!important;\n    }\n\n    .emf-data-table tbody tr:last-child td {\n      border-block-end:0!important;\n    }\n\n    .emf-data-table td:first-child {\n      color:var(--emf-navy)!important;\n      font-weight:700!important;\n    }\n\n    @media(max-width:560px) {\n      .emf-data-table-brand {\n        min-block-size:68px;\n        padding:9px 13px;\n      }\n\n      .emf-data-table-title {\n        font-size:19px;\n      }\n\n      .emf-data-table-scroll {\n        overflow:visible!important;\n      }\n\n      .emf-data-table table,\n      .emf-data-table thead,\n      .emf-data-table tbody,\n      .emf-data-table tr,\n      .emf-data-table th,\n      .emf-data-table td {\n        display:block!important;\n        inline-size:100%!important;\n        min-inline-size:0!important;\n        max-inline-size:100%!important;\n      }\n\n      .emf-data-table table {\n        padding:13px!important;\n      }\n\n      .emf-data-table thead {\n        position:absolute!important;\n        inline-size:1px!important;\n        block-size:1px!important;\n        padding:0!important;\n        margin:-1px!important;\n        overflow:hidden!important;\n        clip:rect(0,0,0,0)!important;\n        white-space:nowrap!important;\n      }\n\n      .emf-data-table tbody {\n        display:grid!important;\n        gap:11px;\n      }\n\n      .emf-data-table tr {\n        overflow:hidden!important;\n        background:#fff!important;\n        border:1px solid var(--emf-line)!important;\n        border-block-start:4px solid var(--emf-navy)!important;\n        border-radius:4px!important;\n        box-shadow:0 4px 12px rgba(0,36,90,.06);\n      }\n\n      .emf-data-table td,\n      .emf-data-table tbody tr:nth-child(even) td,\n      .emf-data-table tbody tr:hover td {\n        display:grid!important;\n        grid-template-columns:minmax(105px,38%) minmax(0,1fr)!important;\n        align-items:start;\n        gap:11px;\n        padding:11px 12px!important;\n        background:#fff!important;\n        border-block-end:1px solid #e2e7ec!important;\n      }\n\n      .emf-data-table td::before {\n        content:attr(data-label);\n        color:var(--emf-muted);\n        font-size:10px;\n        font-weight:700;\n        letter-spacing:.06em;\n        line-height:1.35;\n        text-transform:uppercase;\n      }\n\n      .emf-data-table td:first-child {\n        color:var(--emf-navy)!important;\n        background:#edf1f5!important;\n      }\n\n      .emf-data-table td:last-child {\n        border-block-end:0!important;\n      }\n    }\n  <\/style>\n\n  <div class=\"emf-data-table-brand\">\n    <div class=\"emf-data-table-logo\">\n      <img\n        alt=\"Logo EM Foco\"\n        decoding=\"async\"\n        height=\"41\"\n        loading=\"lazy\"\n        referrerpolicy=\"no-referrer\"\n        src=\"https:\/\/www.em.com.br\/emfoco\/wp-content\/uploads\/2026\/08\/em_transparente_3000px-scaled.png\"\n        width=\"41\"\n      >\n    <\/div>\n\n    <div>\n      <div class=\"emf-data-table-kicker\">DADOS EM FOCO<\/div>\n      <div class=\"emf-data-table-title\">Como poesia e minera\u00e7\u00e3o atravessam Itabira<\/div>\n    <\/div>\n  <\/div>\n\n  <div aria-label=\"Tabela com marco, data ou n\u00famero e rela\u00e7\u00e3o com a hist\u00f3ria de Itabira\" class=\"emf-data-table-scroll\" role=\"region\" tabindex=\"0\">\n    <table>\n      <caption>Resumo dos principais marcos culturais e minerais de Itabira<\/caption>\n      <thead>\n        <tr>\n          <th scope=\"col\">Marco<\/th>\n          <th scope=\"col\">Data ou n\u00famero<\/th>\n          <th scope=\"col\">Rela\u00e7\u00e3o com a cidade<\/th>\n        <\/tr>\n      <\/thead>\n      <tbody>\n        <tr>\n          <td data-label=\"Marco\">Nascimento de Drummond<\/td>\n          <td data-label=\"Data ou n\u00famero\">1902<\/td>\n          <td data-label=\"Rela\u00e7\u00e3o com a cidade\">Origem da mem\u00f3ria liter\u00e1ria<\/td>\n        <\/tr>\n        <tr>\n          <td data-label=\"Marco\">Caminhos Drummondianos<\/td>\n          <td data-label=\"Data ou n\u00famero\">44 placas<\/td>\n          <td data-label=\"Rela\u00e7\u00e3o com a cidade\">Poesia espalhada pelo espa\u00e7o urbano<\/td>\n        <\/tr>\n        <tr>\n          <td data-label=\"Marco\">Nascimento da Vale<\/td>\n          <td data-label=\"Data ou n\u00famero\">1942<\/td>\n          <td data-label=\"Rela\u00e7\u00e3o com a cidade\">Origem da grande minera\u00e7\u00e3o moderna<\/td>\n        <\/tr>\n      <\/tbody>\n    <\/table>\n  <\/div>\n<\/div>\n\n\n\n<h2 class=\"wp-block-heading\">Por que Itabira re\u00fane poesia e minera\u00e7\u00e3o de um jeito t\u00e3o particular?<\/h2>\n\n\n\n<p class=\"wp-block-paragraph\">Porque as duas hist\u00f3rias ocupam os mesmos lugares. Drummond transformou montanhas, pessoas e ruas em mat\u00e9ria liter\u00e1ria, enquanto a minera\u00e7\u00e3o reorganizou a economia e a paisagem. O resultado \u00e9 uma cidade em que <strong>mem\u00f3ria cultural e atividade mineral<\/strong> n\u00e3o aparecem como temas separados, mas como partes de uma mesma trajet\u00f3ria.<\/p>\n\n\n\n<p class=\"wp-block-paragraph\">Em <strong>Itabira<\/strong>, as 44 placas deixam essa conex\u00e3o vis\u00edvel nas ruas. A cidade \u00e9 terra natal de Carlos Drummond de Andrade e ponto de origem da Vale. Entre poemas, casas hist\u00f3ricas, memorial e passado mineral, o munic\u00edpio reuniu duas heran\u00e7as nacionais em um roteiro que s\u00f3 poderia existir ali.<\/p>\n","protected":false},"excerpt":{"rendered":"<p>EM FOCO Resumo da mat\u00e9ria 01 Drummond nasceu aqui Carlos Drummond de Andrade nasceu em Itabira em 31 de outubro de 1902, e lembran\u00e7as da cidade aparecem repetidamente em sua obra. desde 1902 02 Quarenta e quatro poemas O Museu de Territ\u00f3rio Caminhos Drummondianos re\u00fane 44 placas distribu\u00eddas pela cidade, cada uma ligada a fatos, [&hellip;]<\/p>\n","protected":false},"author":30,"featured_media":262955,"comment_status":"open","ping_status":"open","sticky":false,"template":"","format":"standard","meta":{"jnews-multi-image_gallery":[],"jnews_single_post":{"format":"standard"},"jnews_primary_category":[],"jnews_social_meta":[],"jnews_override_counter":[],"footnotes":""},"categories":[26],"tags":[36031,1762,5407,10843],"class_list":["post-262946","post","type-post","status-publish","format-standard","has-post-thumbnail","hentry","category-cidades","tag-drummond","tag-itabira","tag-poesia","tag-vale"],"yoast_head":"<!-- This site is optimized with the Yoast SEO plugin v28.3 - https:\/\/yoast.com\/product\/yoast-seo-wordpress\/ -->\n<title>Terra natal de Drummond e origem da Vale: a cidade mineira que transformou 44 poemas em um museu pelas ruas - Estado de Minas - Em foco<\/title>\n<meta name=\"description\" content=\"Terra natal de Drummond e ber\u00e7o da Vale, esta cidade transformou poemas em um museu aberto. Veja por que suas ruas contam tanta hist\u00f3ria.\" \/>\n<meta name=\"robots\" content=\"index, follow, max-snippet:-1, max-image-preview:large, max-video-preview:-1\" \/>\n<link rel=\"canonical\" href=\"https:\/\/www.em.com.br\/emfoco\/2026\/09\/06\/terra-natal-de-drummond-e-origem-da-vale-a-cidade-mineira-que-transformou-44-poemas-em-um-museu-pelas-ruas\/\" \/>\n<meta property=\"og:locale\" content=\"pt_BR\" \/>\n<meta property=\"og:type\" content=\"article\" \/>\n<meta property=\"og:title\" content=\"Terra natal de Drummond e origem da Vale: a cidade mineira que transformou 44 poemas em um museu pelas ruas - Estado de Minas - Em foco\" \/>\n<meta property=\"og:description\" content=\"Terra natal de Drummond e ber\u00e7o da Vale, esta cidade transformou poemas em um museu aberto. Veja por que suas ruas contam tanta hist\u00f3ria.\" \/>\n<meta property=\"og:url\" content=\"https:\/\/www.em.com.br\/emfoco\/2026\/09\/06\/terra-natal-de-drummond-e-origem-da-vale-a-cidade-mineira-que-transformou-44-poemas-em-um-museu-pelas-ruas\/\" \/>\n<meta property=\"og:site_name\" content=\"Estado de Minas - Em foco\" \/>\n<meta property=\"article:published_time\" content=\"2026-09-06T17:07:00+00:00\" \/>\n<meta property=\"og:image\" content=\"https:\/\/www.em.com.br\/emfoco\/wp-content\/uploads\/2026\/09\/image-15.png\" \/>\n\t<meta property=\"og:image:width\" content=\"1280\" \/>\n\t<meta property=\"og:image:height\" content=\"720\" \/>\n\t<meta property=\"og:image:type\" content=\"image\/png\" \/>\n<meta name=\"author\" content=\"Guilherme Ara\u00fajo\" \/>\n<meta name=\"twitter:card\" content=\"summary_large_image\" \/>\n<meta name=\"twitter:label1\" content=\"Escrito por\" \/>\n\t<meta name=\"twitter:data1\" content=\"Guilherme Ara\u00fajo\" \/>\n\t<meta name=\"twitter:label2\" content=\"Est. tempo de leitura\" \/>\n\t<meta name=\"twitter:data2\" content=\"6 minutos\" \/>\n<!-- \/ Yoast SEO plugin. -->","yoast_head_json":{"title":"Terra natal de Drummond e origem da Vale: a cidade mineira que transformou 44 poemas em um museu pelas ruas - Estado de Minas - Em foco","description":"Terra natal de Drummond e ber\u00e7o da Vale, esta cidade transformou poemas em um museu aberto. Veja por que suas ruas contam tanta hist\u00f3ria.","robots":{"index":"index","follow":"follow","max-snippet":"max-snippet:-1","max-image-preview":"max-image-preview:large","max-video-preview":"max-video-preview:-1"},"canonical":"https:\/\/www.em.com.br\/emfoco\/2026\/09\/06\/terra-natal-de-drummond-e-origem-da-vale-a-cidade-mineira-que-transformou-44-poemas-em-um-museu-pelas-ruas\/","og_locale":"pt_BR","og_type":"article","og_title":"Terra natal de Drummond e origem da Vale: a cidade mineira que transformou 44 poemas em um museu pelas ruas - Estado de Minas - Em foco","og_description":"Terra natal de Drummond e ber\u00e7o da Vale, esta cidade transformou poemas em um museu aberto. Veja por que suas ruas contam tanta hist\u00f3ria.","og_url":"https:\/\/www.em.com.br\/emfoco\/2026\/09\/06\/terra-natal-de-drummond-e-origem-da-vale-a-cidade-mineira-que-transformou-44-poemas-em-um-museu-pelas-ruas\/","og_site_name":"Estado de Minas - Em foco","article_published_time":"2026-09-06T17:07:00+00:00","og_image":[{"width":1280,"height":720,"url":"https:\/\/www.em.com.br\/emfoco\/wp-content\/uploads\/2026\/09\/image-15.png","type":"image\/png"}],"author":"Guilherme Ara\u00fajo","twitter_card":"summary_large_image","twitter_misc":{"Escrito por":"Guilherme Ara\u00fajo","Est. tempo de leitura":"6 minutos"},"schema":{"@context":"https:\/\/schema.org","@graph":[{"@type":"Article","@id":"https:\/\/www.em.com.br\/emfoco\/2026\/09\/06\/terra-natal-de-drummond-e-origem-da-vale-a-cidade-mineira-que-transformou-44-poemas-em-um-museu-pelas-ruas\/#article","isPartOf":{"@id":"https:\/\/www.em.com.br\/emfoco\/2026\/09\/06\/terra-natal-de-drummond-e-origem-da-vale-a-cidade-mineira-que-transformou-44-poemas-em-um-museu-pelas-ruas\/"},"author":{"name":"Guilherme Ara\u00fajo","@id":"https:\/\/www.em.com.br\/emfoco\/#\/schema\/person\/5379e929a4b966c775d121e23f9bb421"},"headline":"Terra natal de Drummond e origem da Vale: a cidade mineira que transformou 44 poemas em um museu pelas ruas","datePublished":"2026-09-06T17:07:00+00:00","mainEntityOfPage":{"@id":"https:\/\/www.em.com.br\/emfoco\/2026\/09\/06\/terra-natal-de-drummond-e-origem-da-vale-a-cidade-mineira-que-transformou-44-poemas-em-um-museu-pelas-ruas\/"},"wordCount":1019,"commentCount":0,"image":{"@id":"https:\/\/www.em.com.br\/emfoco\/2026\/09\/06\/terra-natal-de-drummond-e-origem-da-vale-a-cidade-mineira-que-transformou-44-poemas-em-um-museu-pelas-ruas\/#primaryimage"},"thumbnailUrl":"https:\/\/www.em.com.br\/emfoco\/wp-content\/uploads\/2026\/09\/image-15.png","keywords":["Drummond","Itabira","poesia","Vale"],"articleSection":["Cidades"],"inLanguage":"pt-BR","potentialAction":[{"@type":"CommentAction","name":"Comment","target":["https:\/\/www.em.com.br\/emfoco\/2026\/09\/06\/terra-natal-de-drummond-e-origem-da-vale-a-cidade-mineira-que-transformou-44-poemas-em-um-museu-pelas-ruas\/#respond"]}]},{"@type":"WebPage","@id":"https:\/\/www.em.com.br\/emfoco\/2026\/09\/06\/terra-natal-de-drummond-e-origem-da-vale-a-cidade-mineira-que-transformou-44-poemas-em-um-museu-pelas-ruas\/","url":"https:\/\/www.em.com.br\/emfoco\/2026\/09\/06\/terra-natal-de-drummond-e-origem-da-vale-a-cidade-mineira-que-transformou-44-poemas-em-um-museu-pelas-ruas\/","name":"Terra natal de Drummond e origem da Vale: a cidade mineira que transformou 44 poemas em um museu pelas ruas - Estado de Minas - Em foco","isPartOf":{"@id":"https:\/\/www.em.com.br\/emfoco\/#website"},"primaryImageOfPage":{"@id":"https:\/\/www.em.com.br\/emfoco\/2026\/09\/06\/terra-natal-de-drummond-e-origem-da-vale-a-cidade-mineira-que-transformou-44-poemas-em-um-museu-pelas-ruas\/#primaryimage"},"image":{"@id":"https:\/\/www.em.com.br\/emfoco\/2026\/09\/06\/terra-natal-de-drummond-e-origem-da-vale-a-cidade-mineira-que-transformou-44-poemas-em-um-museu-pelas-ruas\/#primaryimage"},"thumbnailUrl":"https:\/\/www.em.com.br\/emfoco\/wp-content\/uploads\/2026\/09\/image-15.png","datePublished":"2026-09-06T17:07:00+00:00","author":{"@id":"https:\/\/www.em.com.br\/emfoco\/#\/schema\/person\/5379e929a4b966c775d121e23f9bb421"},"description":"Terra natal de Drummond e ber\u00e7o da Vale, esta cidade transformou poemas em um museu aberto. Veja por que suas ruas contam tanta hist\u00f3ria.","breadcrumb":{"@id":"https:\/\/www.em.com.br\/emfoco\/2026\/09\/06\/terra-natal-de-drummond-e-origem-da-vale-a-cidade-mineira-que-transformou-44-poemas-em-um-museu-pelas-ruas\/#breadcrumb"},"inLanguage":"pt-BR","potentialAction":[{"@type":"ReadAction","target":["https:\/\/www.em.com.br\/emfoco\/2026\/09\/06\/terra-natal-de-drummond-e-origem-da-vale-a-cidade-mineira-que-transformou-44-poemas-em-um-museu-pelas-ruas\/"]}]},{"@type":"ImageObject","inLanguage":"pt-BR","@id":"https:\/\/www.em.com.br\/emfoco\/2026\/09\/06\/terra-natal-de-drummond-e-origem-da-vale-a-cidade-mineira-que-transformou-44-poemas-em-um-museu-pelas-ruas\/#primaryimage","url":"https:\/\/www.em.com.br\/emfoco\/wp-content\/uploads\/2026\/09\/image-15.png","contentUrl":"https:\/\/www.em.com.br\/emfoco\/wp-content\/uploads\/2026\/09\/image-15.png","width":1280,"height":720,"caption":"Versos espalhados pelo espa\u00e7o urbano transformaram a mem\u00f3ria do poeta em parte do passeio pela cidade"},{"@type":"BreadcrumbList","@id":"https:\/\/www.em.com.br\/emfoco\/2026\/09\/06\/terra-natal-de-drummond-e-origem-da-vale-a-cidade-mineira-que-transformou-44-poemas-em-um-museu-pelas-ruas\/#breadcrumb","itemListElement":[{"@type":"ListItem","position":1,"name":"In\u00edcio","item":"https:\/\/www.em.com.br\/emfoco\/"},{"@type":"ListItem","position":2,"name":"Terra natal de Drummond e origem da Vale: a cidade mineira que transformou 44 poemas em um museu pelas ruas"}]},{"@type":"WebSite","@id":"https:\/\/www.em.com.br\/emfoco\/#website","url":"https:\/\/www.em.com.br\/emfoco\/","name":"Estado de Minas - Em foco","description":"Acompanhe as \u00faltimas not\u00edcias e fique bem informado sobre tudo o que acontece em Minas Gerais, Brasil e no mundo.","potentialAction":[{"@type":"SearchAction","target":{"@type":"EntryPoint","urlTemplate":"https:\/\/www.em.com.br\/emfoco\/?s={search_term_string}"},"query-input":{"@type":"PropertyValueSpecification","valueRequired":true,"valueName":"search_term_string"}}],"inLanguage":"pt-BR"},{"@type":"Person","@id":"https:\/\/www.em.com.br\/emfoco\/#\/schema\/person\/5379e929a4b966c775d121e23f9bb421","name":"Guilherme Ara\u00fajo","image":{"@type":"ImageObject","inLanguage":"pt-BR","@id":"https:\/\/secure.gravatar.com\/avatar\/063bc96e5a2afd1844386c45bd1360efc771eff011a9fab8cd399e2a104c3ecd?s=96&d=mm&r=g","url":"https:\/\/secure.gravatar.com\/avatar\/063bc96e5a2afd1844386c45bd1360efc771eff011a9fab8cd399e2a104c3ecd?s=96&d=mm&r=g","contentUrl":"https:\/\/secure.gravatar.com\/avatar\/063bc96e5a2afd1844386c45bd1360efc771eff011a9fab8cd399e2a104c3ecd?s=96&d=mm&r=g","caption":"Guilherme Ara\u00fajo"},"sameAs":["https:\/\/www.em.com.br\/emfoco"],"url":"https:\/\/www.em.com.br\/emfoco\/author\/guilhermeamyth\/"}]}},"_links":{"self":[{"href":"https:\/\/www.em.com.br\/emfoco\/wp-json\/wp\/v2\/posts\/262946","targetHints":{"allow":["GET"]}}],"collection":[{"href":"https:\/\/www.em.com.br\/emfoco\/wp-json\/wp\/v2\/posts"}],"about":[{"href":"https:\/\/www.em.com.br\/emfoco\/wp-json\/wp\/v2\/types\/post"}],"author":[{"embeddable":true,"href":"https:\/\/www.em.com.br\/emfoco\/wp-json\/wp\/v2\/users\/30"}],"replies":[{"embeddable":true,"href":"https:\/\/www.em.com.br\/emfoco\/wp-json\/wp\/v2\/comments?post=262946"}],"version-history":[{"count":9,"href":"https:\/\/www.em.com.br\/emfoco\/wp-json\/wp\/v2\/posts\/262946\/revisions"}],"predecessor-version":[{"id":262974,"href":"https:\/\/www.em.com.br\/emfoco\/wp-json\/wp\/v2\/posts\/262946\/revisions\/262974"}],"wp:featuredmedia":[{"embeddable":true,"href":"https:\/\/www.em.com.br\/emfoco\/wp-json\/wp\/v2\/media\/262955"}],"wp:attachment":[{"href":"https:\/\/www.em.com.br\/emfoco\/wp-json\/wp\/v2\/media?parent=262946"}],"wp:term":[{"taxonomy":"category","embeddable":true,"href":"https:\/\/www.em.com.br\/emfoco\/wp-json\/wp\/v2\/categories?post=262946"},{"taxonomy":"post_tag","embeddable":true,"href":"https:\/\/www.em.com.br\/emfoco\/wp-json\/wp\/v2\/tags?post=262946"}],"curies":[{"name":"wp","href":"https:\/\/api.w.org\/{rel}","templated":true}]}}