{"id":262812,"date":"2026-09-06T18:57:00","date_gmt":"2026-09-06T21:57:00","guid":{"rendered":"https:\/\/www.em.com.br\/emfoco\/?p=262812"},"modified":"2026-09-05T12:35:54","modified_gmt":"2026-09-05T15:35:54","slug":"cafeicultor-deixa-240-sacas-em-um-armazem-tenta-retirar-o-lote-na-alta-do-preco-e-descobre-que-seus-graos-foram-misturados-com-cafe-de-qualidade-inferior","status":"publish","type":"post","link":"https:\/\/www.em.com.br\/emfoco\/2026\/09\/06\/cafeicultor-deixa-240-sacas-em-um-armazem-tenta-retirar-o-lote-na-alta-do-preco-e-descobre-que-seus-graos-foram-misturados-com-cafe-de-qualidade-inferior\/","title":{"rendered":"Cafeicultor deixa 240 sacas em um armaz\u00e9m, tenta retirar o lote na alta do pre\u00e7o e descobre que seus gr\u00e3os foram misturados com caf\u00e9 de qualidade inferior"},"content":{"rendered":"\n<div class=\"emf-summary google-auto-ads-ignore\">\n  <style>\n    .emf-summary {\n      --emf-navy:#00245a;\n      --emf-navy-soft:#0b3b70;\n      --emf-ink:#1d2731;\n      --emf-muted:#66727e;\n      --emf-line:#d7dde5;\n      --emf-paper:#ffffff;\n      --emf-wash:#f4f6f8;\n      box-sizing:border-box!important;\n      inline-size:min(1100px,100%)!important;\n      max-inline-size:100%!important;\n      margin-inline:auto!important;\n      overflow:hidden!important;\n      color:var(--emf-ink);\n      background:var(--emf-paper);\n      border:1px solid var(--emf-line);\n      border-block-start:5px solid var(--emf-navy);\n      border-radius:6px!important;\n      box-shadow:0 8px 24px rgba(0,36,90,.08);\n      font-family:Arial,Helvetica,sans-serif;\n    }\n\n    .emf-summary *,\n    .emf-summary *::before,\n    .emf-summary *::after {\n      box-sizing:border-box!important;\n    }\n\n    .emf-summary-brand {\n      display:flex;\n      align-items:center;\n      gap:14px;\n      padding:16px 20px;\n      color:#fff;\n      background:linear-gradient(105deg,var(--emf-navy) 0%,var(--emf-navy-soft) 100%);\n      border-block-end:1px solid rgba(255,255,255,.18);\n    }\n\n    .emf-summary-logo {\n      display:grid;\n      place-items:center;\n      inline-size:58px;\n      block-size:58px;\n      flex:0 0 58px;\n      background:rgba(255,255,255,.08);\n      border:1px solid rgba(255,255,255,.35);\n      border-radius:3px!important;\n    }\n\n    .emf-summary-logo img {\n      display:block;\n      inline-size:46px;\n      block-size:46px;\n      max-inline-size:46px;\n      max-block-size:46px;\n      object-fit:contain;\n    }\n\n    .emf-summary-eyebrow {\n      margin:0 0 3px;\n      font-size:11px;\n      font-weight:700;\n      letter-spacing:.18em;\n      line-height:1.2;\n      text-transform:uppercase;\n      opacity:.78;\n    }\n\n    .emf-summary-title {\n      margin:0;\n      font-family:Georgia,\"Times New Roman\",serif;\n      font-size:25px;\n      font-weight:700;\n      line-height:1.15;\n    }\n\n    .emf-summary-grid {\n      display:grid;\n      grid-template-columns:repeat(3,minmax(0,1fr));\n      gap:0;\n      background:var(--emf-wash);\n    }\n\n    .emf-summary-card {\n      position:relative;\n      min-block-size:190px;\n      padding:24px 20px 20px;\n      overflow:hidden!important;\n      background:#fff;\n      border-inline-end:1px solid var(--emf-line);\n    }\n\n    .emf-summary-card:last-child {\n      border-inline-end:0;\n    }\n\n    .emf-summary-number {\n      position:absolute;\n      inset-block-start:13px;\n      inset-inline-end:15px;\n      color:rgba(0,36,90,.10);\n      font-family:Georgia,\"Times New Roman\",serif;\n      font-size:46px;\n      font-weight:700;\n      line-height:1;\n      pointer-events:none;\n    }\n\n    .emf-summary-card-title {\n      position:relative;\n      z-index:1;\n      margin:0 0 11px;\n      padding-block-end:10px;\n      color:var(--emf-navy);\n      border-block-end:2px solid var(--emf-navy);\n      font-family:Georgia,\"Times New Roman\",serif;\n      font-size:18px;\n      font-weight:700;\n      line-height:1.3;\n      overflow-wrap:anywhere;\n    }\n\n    .emf-summary-card-text {\n      position:relative;\n      z-index:1;\n      color:#485560;\n      font-size:13px;\n      line-height:1.6;\n      overflow-wrap:anywhere;\n    }\n\n    .emf-summary-card-meta {\n      position:relative;\n      z-index:1;\n      display:inline-flex;\n      margin-block-start:16px;\n      padding:5px 8px;\n      color:var(--emf-navy);\n      background:#edf1f5;\n      border:1px solid #d9e0e7;\n      border-radius:2px!important;\n      font-size:10px;\n      font-weight:700;\n      letter-spacing:.08em;\n      line-height:1.2;\n      text-transform:uppercase;\n    }\n\n    @media(max-width:760px) {\n      .emf-summary-grid {\n        grid-template-columns:1fr;\n      }\n\n      .emf-summary-card {\n        min-block-size:0;\n        border-inline-end:0;\n        border-block-end:1px solid var(--emf-line);\n      }\n\n      .emf-summary-card:last-child {\n        border-block-end:0;\n      }\n    }\n\n    @media(max-width:480px) {\n      .emf-summary-brand {\n        padding:14px 15px;\n      }\n\n      .emf-summary-logo {\n        inline-size:52px;\n        block-size:52px;\n        flex-basis:52px;\n      }\n\n      .emf-summary-logo img {\n        inline-size:41px;\n        block-size:41px;\n        max-inline-size:41px;\n        max-block-size:41px;\n      }\n\n      .emf-summary-title {\n        font-size:22px;\n      }\n\n      .emf-summary-card {\n        padding:21px 16px 18px;\n      }\n    }\n  <\/style>\n\n  <div class=\"emf-summary-brand\">\n    <div class=\"emf-summary-logo\">\n      <img\n        alt=\"Logo EM Foco\"\n        decoding=\"async\"\n        fetchpriority=\"high\"\n        height=\"46\"\n        loading=\"eager\"\n        referrerpolicy=\"no-referrer\"\n        src=\"https:\/\/www.em.com.br\/emfoco\/wp-content\/uploads\/2026\/08\/em_transparente_3000px-scaled.png\"\n        width=\"46\"\n      >\n    <\/div>\n\n    <div>\n      <div class=\"emf-summary-eyebrow\">EM FOCO<\/div>\n      <div class=\"emf-summary-title\">Resumo da mat\u00e9ria<\/div>\n    <\/div>\n  <\/div>\n\n  <div class=\"emf-summary-grid\">\n    <div class=\"emf-summary-card\">\n      <span aria-hidden=\"true\" class=\"emf-summary-number\">01<\/span>\n      <div aria-level=\"3\" class=\"emf-summary-card-title\" role=\"heading\">\n        Caso totalmente fict\u00edcio\n      <\/div>\n      <div class=\"emf-summary-card-text\">\n        Cafeicultor, armaz\u00e9m, 240 sacas, alta de pre\u00e7o e mistura com caf\u00e9 inferior foram inventados para ilustrar uma disputa de armazenagem.\n      <\/div>\n      <div class=\"emf-summary-card-meta\">\n        fic\u00e7\u00e3o declarada\n      <\/div>\n    <\/div>\n    <div class=\"emf-summary-card\">\n      <span aria-hidden=\"true\" class=\"emf-summary-number\">02<\/span>\n      <div aria-level=\"3\" class=\"emf-summary-card-title\" role=\"heading\">\n        Mistura tem limite legal\n      <\/div>\n      <div class=\"emf-summary-card-text\">\n        Produtos de diferentes depositantes podem ficar juntos apenas quando s\u00e3o da mesma esp\u00e9cie, classe comercial e qualidade, conforme a Lei 9.973.\n      <\/div>\n      <div class=\"emf-summary-card-meta\">\n        qualidade preservada\n      <\/div>\n    <\/div>\n    <div class=\"emf-summary-card\">\n      <span aria-hidden=\"true\" class=\"emf-summary-number\">03<\/span>\n      <div aria-level=\"3\" class=\"emf-summary-card-title\" role=\"heading\">\n        Classifica\u00e7\u00e3o vira prova\n      <\/div>\n      <div class=\"emf-summary-card-text\">\n        Romaneios, certificados, amostras e registros de entrada e sa\u00edda ajudam a comparar o caf\u00e9 depositado com o produto oferecido na retirada.\n      <\/div>\n      <div class=\"emf-summary-card-meta\">\n        rastreabilidade\n      <\/div>\n    <\/div>\n  <\/div>\n<\/div>\n\n\n\n<p class=\"wp-block-paragraph\">Em relato fict\u00edcio, um cafeicultor deposita <strong>240 sacas de caf\u00e9 em um armaz\u00e9m<\/strong> e depois recebe gr\u00e3os de qualidade inferior. Produtor, armaz\u00e9m, quantidade e lote s\u00e3o inventados. Num caso real, contrato de dep\u00f3sito, classifica\u00e7\u00e3o, amostras e identifica\u00e7\u00e3o do lote seriam essenciais para medir diferen\u00e7a de qualidade e pre\u00e7o.<\/p>\n\n\n\n<h2 class=\"wp-block-heading\">O que teria acontecido com as 240 sacas nesse relato fict\u00edcio?<\/h2>\n\n\n\n<p class=\"wp-block-paragraph\">Na situa\u00e7\u00e3o inventada, o produtor entrega um lote selecionado e recebe documentos com <strong>classifica\u00e7\u00e3o e quantidade na entrada<\/strong>. Meses depois, ao pedir retirada durante uma alta de pre\u00e7os, encontra sacas sem identifica\u00e7\u00e3o original e uma an\u00e1lise preliminar aponta qualidade inferior \u00e0 registrada.<\/p>\n\n\n\n<p class=\"wp-block-paragraph\">A <a href=\"https:\/\/pt.wikipedia.org\/wiki\/Armazenagem_agr%C3%ADcola_no_Brasil\" target=\"_blank\" rel=\"noopener noreferrer\"><strong>armazenagem agr\u00edcola<\/strong><\/a> permite conservar produtos enquanto o produtor aguarda outro momento de comercializa\u00e7\u00e3o. Quando h\u00e1 dep\u00f3sito profissional, documentos de entrada e condi\u00e7\u00f5es contratuais s\u00e3o essenciais para distinguir simples armazenamento de opera\u00e7\u00f5es que autorizem mistura ou padroniza\u00e7\u00e3o.<\/p>\n\n\n<div class=\"wp-block-image\">\n<figure class=\"aligncenter size-large\"><img decoding=\"async\" width=\"1024\" height=\"576\" src=\"https:\/\/www.em.com.br\/emfoco\/wp-content\/uploads\/2026\/09\/cafe-1024x576.jpg\" alt=\"\" class=\"wp-image-262869\" srcset=\"https:\/\/www.em.com.br\/emfoco\/wp-content\/uploads\/2026\/09\/cafe-1024x576.jpg 1024w, https:\/\/www.em.com.br\/emfoco\/wp-content\/uploads\/2026\/09\/cafe-300x169.jpg 300w, https:\/\/www.em.com.br\/emfoco\/wp-content\/uploads\/2026\/09\/cafe-768x432.jpg 768w, https:\/\/www.em.com.br\/emfoco\/wp-content\/uploads\/2026\/09\/cafe-750x421.jpg 750w, https:\/\/www.em.com.br\/emfoco\/wp-content\/uploads\/2026\/09\/cafe-1140x641.jpg 1140w, https:\/\/www.em.com.br\/emfoco\/wp-content\/uploads\/2026\/09\/cafe.jpg 1280w\" sizes=\"(max-width: 1024px) 100vw, 1024px\" \/><figcaption class=\"wp-element-caption\">Amostras preservadas ajudam a comparar a qualidade original com aquela encontrada no momento da retirada<\/figcaption><\/figure>\n<\/div>\n\n\n<h2 class=\"wp-block-heading\">O armaz\u00e9m pode misturar caf\u00e9 de produtores diferentes?<\/h2>\n\n\n\n<p class=\"wp-block-paragraph\">A <a href=\"https:\/\/www.planalto.gov.br\/ccivil_03\/leis\/l9973.htm\" target=\"_blank\" rel=\"noopener noreferrer\"><strong>Lei n\u00ba 9.973\/2000<\/strong><\/a> permite armazenar a granel produtos de depositantes diferentes no mesmo silo ou c\u00e9lula quando forem da mesma esp\u00e9cie, classe comercial e qualidade. Na restitui\u00e7\u00e3o, as especifica\u00e7\u00f5es precisam ser respeitadas.<\/p>\n\n\n\n<p class=\"wp-block-paragraph\">A mesma lei estabelece que o contrato de dep\u00f3sito deve tratar de <strong>compensa\u00e7\u00e3o por diferen\u00e7a de qualidade e quantidade<\/strong>. Assim, se o caf\u00e9 devolvido n\u00e3o corresponder \u00e0 classifica\u00e7\u00e3o contratada, a discuss\u00e3o n\u00e3o depende apenas de provar que os mesmos gr\u00e3os f\u00edsicos desapareceram, mas de comparar as caracter\u00edsticas prometidas e entregues.<\/p>\n\n\n\n<h2 class=\"wp-block-heading\">Quais documentos mostrariam a qualidade original do caf\u00e9?<\/h2>\n\n\n\n<p class=\"wp-block-paragraph\">O primeiro conjunto \u00e9 formado por <strong>romaneio, recibo de dep\u00f3sito e documento de classifica\u00e7\u00e3o<\/strong>. Eles podem registrar tipo, umidade, defeitos e outras caracter\u00edsticas avaliadas na entrada. Amostras lacradas, quando existentes, s\u00e3o especialmente \u00fateis porque permitem nova an\u00e1lise sobre material preservado do lote original.<\/p>\n\n\n\n<p class=\"wp-block-paragraph\">O <a href=\"https:\/\/www.gov.br\/agricultura\/pt-br\/assuntos\/politica-agricola\/infraestrutura-e-logistica\/armazenagem\" target=\"_blank\" rel=\"noopener noreferrer\"><strong>Minist\u00e9rio da Agricultura e Pecu\u00e1ria<\/strong><\/a> mant\u00e9m regras e programas para qualifica\u00e7\u00e3o de unidades armazenadoras. Controle operacional, documenta\u00e7\u00e3o e preserva\u00e7\u00e3o da qualidade fazem parte da l\u00f3gica desses sistemas, reduzindo perdas e permitindo auditoria sobre o produto armazenado.<\/p>\n\n\n\n<p class=\"myth-list-bridge wp-block-paragraph\">A seguir listamos <strong>5 provas do lote de caf\u00e9<\/strong> que ajudariam a comparar aquilo que entrou no armaz\u00e9m com o produto oferecido na retirada:<\/p>\n\n\n\n<ul class=\"wp-block-list myth-bullet-list\">\n<li><strong>Recibo de dep\u00f3sito: <\/strong>registre quantidade, data e condi\u00e7\u00f5es de entrada.<\/li>\n\n\n\n<li><strong>Classifica\u00e7\u00e3o inicial: <\/strong>preserve par\u00e2metros de qualidade atribu\u00eddos ao caf\u00e9 recebido.<\/li>\n\n\n\n<li><strong>Amostra lacrada: <\/strong>permita uma compara\u00e7\u00e3o posterior com o lote devolvido.<\/li>\n\n\n\n<li><strong>Romaneios de movimenta\u00e7\u00e3o: <\/strong>identifique secagem, transfer\u00eancia, mistura ou expedi\u00e7\u00e3o.<\/li>\n\n\n\n<li><strong>Classifica\u00e7\u00e3o de sa\u00edda: <\/strong>me\u00e7a objetivamente a qualidade do caf\u00e9 entregue ao produtor.<\/li>\n<\/ul>\n\n\n\n<p class=\"wp-block-paragraph\"><strong>Leia tamb\u00e9m: <a href=\"https:\/\/www.em.com.br\/emfoco\/2026\/09\/05\/familia-muda-de-cidade-e-recebe-sofa-armarios-e-eletrodomesticos-quebrados-mas-transportadora-afirma-que-o-seguro-cobria-apenas-roubo\/\" target=\"_blank\" rel=\"noreferrer noopener\">Fam\u00edlia muda de cidade e recebe sof\u00e1, arm\u00e1rios e eletrodom\u00e9sticos quebrados, mas transportadora afirma que o seguro cobria apenas roubo<\/a><\/strong><\/p>\n\n\n<div class=\"wp-block-image\">\n<figure class=\"aligncenter size-large\"><img decoding=\"async\" width=\"1024\" height=\"576\" src=\"https:\/\/www.em.com.br\/emfoco\/wp-content\/uploads\/2026\/09\/graos-cafe-1-1024x576.jpg\" alt=\"\" class=\"wp-image-262871\" srcset=\"https:\/\/www.em.com.br\/emfoco\/wp-content\/uploads\/2026\/09\/graos-cafe-1-1024x576.jpg 1024w, https:\/\/www.em.com.br\/emfoco\/wp-content\/uploads\/2026\/09\/graos-cafe-1-300x169.jpg 300w, https:\/\/www.em.com.br\/emfoco\/wp-content\/uploads\/2026\/09\/graos-cafe-1-768x432.jpg 768w, https:\/\/www.em.com.br\/emfoco\/wp-content\/uploads\/2026\/09\/graos-cafe-1-750x421.jpg 750w, https:\/\/www.em.com.br\/emfoco\/wp-content\/uploads\/2026\/09\/graos-cafe-1-1140x641.jpg 1140w, https:\/\/www.em.com.br\/emfoco\/wp-content\/uploads\/2026\/09\/graos-cafe-1.jpg 1280w\" sizes=\"(max-width: 1024px) 100vw, 1024px\" \/><figcaption class=\"wp-element-caption\">A mistura pode afetar diretamente o valor comercial justamente quando o produtor decide vender o lote<\/figcaption><\/figure>\n<\/div>\n\n\n<h2 class=\"wp-block-heading\">Como calcular a diferen\u00e7a de pre\u00e7o entre os caf\u00e9s?<\/h2>\n\n\n\n<p class=\"wp-block-paragraph\">Primeiro, seria necess\u00e1rio comparar <strong>duas classifica\u00e7\u00f5es feitas de forma equivalente<\/strong>: a do produto depositado e a do produto restitu\u00eddo. Depois, valores de mercado na data relevante podem mostrar quanto cada padr\u00e3o comercial valia. Misturar pre\u00e7o, qualidade e quantidade sem separar esses fatores pode distorcer o c\u00e1lculo.<\/p>\n\n\n\n<p class=\"wp-block-paragraph\">A alta do mercado n\u00e3o transforma automaticamente toda diferen\u00e7a em indeniza\u00e7\u00e3o naquele pico. O contrato, a data do pedido de retirada e a disponibilidade do lote precisam ser analisados. O c\u00e1lculo deve demonstrar <strong>qual perda decorreu da qualidade inferior<\/strong> e qual veio apenas da varia\u00e7\u00e3o normal do mercado.<\/p>\n\n\n\n<p class=\"myth-html-bridge wp-block-paragraph\">A seguir listamos <strong>3 etapas do c\u00e1lculo<\/strong> que ajudam a separar diferen\u00e7a de qualidade, quantidade e oscila\u00e7\u00e3o de pre\u00e7o na comercializa\u00e7\u00e3o:<\/p>\n\n\n\n<div class=\"emf-data-table google-auto-ads-ignore\">\n  <style>\n    .emf-data-table {\n      --emf-navy:#00245a;\n      --emf-navy-soft:#0b3b70;\n      --emf-ink:#1d2731;\n      --emf-muted:#66727e;\n      --emf-line:#d7dde5;\n      --emf-wash:#f4f6f8;\n      box-sizing:border-box!important;\n      inline-size:min(1100px,100%)!important;\n      max-inline-size:100%!important;\n      margin-inline:auto!important;\n      overflow:hidden!important;\n      color:var(--emf-ink);\n      background:#fff;\n      border:1px solid var(--emf-line);\n      border-radius:6px!important;\n      box-shadow:0 8px 24px rgba(0,36,90,.08);\n      font-family:Arial,Helvetica,sans-serif;\n    }\n\n    .emf-data-table *,\n    .emf-data-table *::before,\n    .emf-data-table *::after {\n      box-sizing:border-box!important;\n    }\n\n    .emf-data-table-brand {\n      display:flex;\n      align-items:center;\n      gap:13px;\n      min-block-size:72px;\n      padding:10px 17px;\n      color:#fff;\n      background:linear-gradient(105deg,var(--emf-navy) 0%,var(--emf-navy-soft) 100%);\n      border-block-end:4px solid #c5ced8;\n    }\n\n    .emf-data-table-logo {\n      display:grid;\n      place-items:center;\n      inline-size:52px;\n      block-size:52px;\n      flex:0 0 52px;\n      background:rgba(255,255,255,.08);\n      border:1px solid rgba(255,255,255,.35);\n      border-radius:3px!important;\n    }\n\n    .emf-data-table-logo img {\n      display:block;\n      inline-size:41px;\n      block-size:41px;\n      max-inline-size:41px;\n      max-block-size:41px;\n      object-fit:contain;\n    }\n\n    .emf-data-table-kicker {\n      margin:0 0 2px;\n      font-size:10px;\n      font-weight:700;\n      letter-spacing:.16em;\n      line-height:1.2;\n      text-transform:uppercase;\n      opacity:.78;\n    }\n\n    .emf-data-table-title {\n      margin:0;\n      font-family:Georgia,\"Times New Roman\",serif;\n      font-size:21px;\n      font-weight:700;\n      line-height:1.2;\n    }\n\n    .emf-data-table-scroll {\n      display:block!important;\n      inline-size:100%!important;\n      max-inline-size:100%!important;\n      overflow-x:auto!important;\n      overflow-y:hidden!important;\n      -webkit-overflow-scrolling:touch;\n      overscroll-behavior-inline:contain;\n      scrollbar-width:thin;\n      scrollbar-color:#8798aa #edf1f5;\n    }\n\n    .emf-data-table-scroll:focus-visible {\n      outline:3px solid rgba(0,36,90,.35);\n      outline-offset:-3px;\n    }\n\n    .emf-data-table table {\n      display:table!important;\n      inline-size:100%!important;\n      min-inline-size:680px!important;\n      max-inline-size:none!important;\n      margin:0!important;\n      border:0!important;\n      border-collapse:separate!important;\n      border-spacing:0!important;\n      table-layout:auto!important;\n      background:#fff!important;\n    }\n\n    .emf-data-table caption {\n      position:absolute!important;\n      inline-size:1px!important;\n      block-size:1px!important;\n      padding:0!important;\n      margin:-1px!important;\n      overflow:hidden!important;\n      clip:rect(0,0,0,0)!important;\n      white-space:nowrap!important;\n      border:0!important;\n    }\n\n    .emf-data-table thead {\n      display:table-header-group!important;\n    }\n\n    .emf-data-table tbody {\n      display:table-row-group!important;\n    }\n\n    .emf-data-table tr {\n      display:table-row!important;\n    }\n\n    .emf-data-table th,\n    .emf-data-table td {\n      display:table-cell!important;\n      float:none!important;\n      inline-size:auto!important;\n      max-inline-size:none!important;\n      margin:0!important;\n      border-radius:0!important;\n      text-align:left!important;\n      vertical-align:middle!important;\n    }\n\n    .emf-data-table th {\n      padding:14px 17px!important;\n      color:#fff!important;\n      background:var(--emf-navy)!important;\n      border-block-end:1px solid rgba(255,255,255,.22)!important;\n      border-inline-end:1px solid rgba(255,255,255,.12)!important;\n      font-family:Georgia,\"Times New Roman\",serif;\n      font-size:14px!important;\n      font-weight:700!important;\n      line-height:1.35!important;\n      white-space:nowrap!important;\n    }\n\n    .emf-data-table th:last-child {\n      border-inline-end:0!important;\n    }\n\n    .emf-data-table td {\n      padding:14px 17px!important;\n      color:#43515e!important;\n      background:#fff!important;\n      border-block-end:1px solid var(--emf-line)!important;\n      font-size:14px!important;\n      font-weight:400!important;\n      line-height:1.5!important;\n      overflow-wrap:anywhere;\n    }\n\n    .emf-data-table tbody tr:nth-child(even) td {\n      background:var(--emf-wash)!important;\n    }\n\n    .emf-data-table tbody tr:hover td {\n      background:#eaf0f5!important;\n    }\n\n    .emf-data-table tbody tr:last-child td {\n      border-block-end:0!important;\n    }\n\n    .emf-data-table td:first-child {\n      color:var(--emf-navy)!important;\n      font-weight:700!important;\n    }\n\n    @media(max-width:560px) {\n      .emf-data-table-brand {\n        min-block-size:68px;\n        padding:9px 13px;\n      }\n\n      .emf-data-table-title {\n        font-size:19px;\n      }\n\n      .emf-data-table-scroll {\n        overflow:visible!important;\n      }\n\n      .emf-data-table table,\n      .emf-data-table thead,\n      .emf-data-table tbody,\n      .emf-data-table tr,\n      .emf-data-table th,\n      .emf-data-table td {\n        display:block!important;\n        inline-size:100%!important;\n        min-inline-size:0!important;\n        max-inline-size:100%!important;\n      }\n\n      .emf-data-table table {\n        padding:13px!important;\n      }\n\n      .emf-data-table thead {\n        position:absolute!important;\n        inline-size:1px!important;\n        block-size:1px!important;\n        padding:0!important;\n        margin:-1px!important;\n        overflow:hidden!important;\n        clip:rect(0,0,0,0)!important;\n        white-space:nowrap!important;\n      }\n\n      .emf-data-table tbody {\n        display:grid!important;\n        gap:11px;\n      }\n\n      .emf-data-table tr {\n        overflow:hidden!important;\n        background:#fff!important;\n        border:1px solid var(--emf-line)!important;\n        border-block-start:4px solid var(--emf-navy)!important;\n        border-radius:4px!important;\n        box-shadow:0 4px 12px rgba(0,36,90,.06);\n      }\n\n      .emf-data-table td,\n      .emf-data-table tbody tr:nth-child(even) td,\n      .emf-data-table tbody tr:hover td {\n        display:grid!important;\n        grid-template-columns:minmax(105px,38%) minmax(0,1fr)!important;\n        align-items:start;\n        gap:11px;\n        padding:11px 12px!important;\n        background:#fff!important;\n        border-block-end:1px solid #e2e7ec!important;\n      }\n\n      .emf-data-table td::before {\n        content:attr(data-label);\n        color:var(--emf-muted);\n        font-size:10px;\n        font-weight:700;\n        letter-spacing:.06em;\n        line-height:1.35;\n        text-transform:uppercase;\n      }\n\n      .emf-data-table td:first-child {\n        color:var(--emf-navy)!important;\n        background:#edf1f5!important;\n      }\n\n      .emf-data-table td:last-child {\n        border-block-end:0!important;\n      }\n    }\n  <\/style>\n\n  <div class=\"emf-data-table-brand\">\n    <div class=\"emf-data-table-logo\">\n      <img\n        alt=\"Logo EM Foco\"\n        decoding=\"async\"\n        height=\"41\"\n        loading=\"lazy\"\n        referrerpolicy=\"no-referrer\"\n        src=\"https:\/\/www.em.com.br\/emfoco\/wp-content\/uploads\/2026\/08\/em_transparente_3000px-scaled.png\"\n        width=\"41\"\n      >\n    <\/div>\n\n    <div>\n      <div class=\"emf-data-table-kicker\">DADOS EM FOCO<\/div>\n      <div class=\"emf-data-table-title\">Como comparar o caf\u00e9 depositado e devolvido<\/div>\n    <\/div>\n  <\/div>\n\n  <div aria-label=\"Tabela com etapa, prova e objetivo na an\u00e1lise fict\u00edcia do lote de caf\u00e9\" class=\"emf-data-table-scroll\" role=\"region\" tabindex=\"0\">\n    <table>\n      <caption>Resumo dos registros \u00fateis em disputa sobre qualidade de caf\u00e9 armazenado<\/caption>\n      <thead>\n        <tr>\n          <th scope=\"col\">Etapa<\/th>\n          <th scope=\"col\">Prova<\/th>\n          <th scope=\"col\">Objetivo<\/th>\n        <\/tr>\n      <\/thead>\n      <tbody>\n        <tr>\n          <td data-label=\"Etapa\">Entrada<\/td>\n          <td data-label=\"Prova\">Classifica\u00e7\u00e3o e recibo<\/td>\n          <td data-label=\"Objetivo\">Fixar qualidade e quantidade originais<\/td>\n        <\/tr>\n        <tr>\n          <td data-label=\"Etapa\">Armazenagem<\/td>\n          <td data-label=\"Prova\">Romaneios e registros<\/td>\n          <td data-label=\"Objetivo\">Rastrear movimenta\u00e7\u00f5es do lote<\/td>\n        <\/tr>\n        <tr>\n          <td data-label=\"Etapa\">Sa\u00edda<\/td>\n          <td data-label=\"Prova\">Nova classifica\u00e7\u00e3o<\/td>\n          <td data-label=\"Objetivo\">Medir eventual diferen\u00e7a comercial<\/td>\n        <\/tr>\n      <\/tbody>\n    <\/table>\n  <\/div>\n<\/div>\n\n\n\n<h2 class=\"wp-block-heading\">O que o cafeicultor deveria fazer antes de retirar o lote questionado?<\/h2>\n\n\n\n<p class=\"wp-block-paragraph\">Ele deveria registrar a diverg\u00eancia por escrito e solicitar <strong>amostragem e classifica\u00e7\u00e3o independente<\/strong> antes que o caf\u00e9 seja movimentado novamente. Tamb\u00e9m vale pedir hist\u00f3rico do lote, documentos de armazenagem e explica\u00e7\u00e3o sobre eventuais misturas. Alterar o produto antes da coleta de prova pode dificultar a compara\u00e7\u00e3o posterior.<\/p>\n\n\n\n<p class=\"wp-block-paragraph\">Neste relato, <strong>cafeicultor, 240 sacas e armaz\u00e9m s\u00e3o fict\u00edcios<\/strong>. A lei admite mistura em determinadas condi\u00e7\u00f5es, mas preserva esp\u00e9cie, classe comercial e qualidade. Por isso, a discuss\u00e3o n\u00e3o \u00e9 apenas \u201cmisturaram ou n\u00e3o\u201d: o ponto decisivo \u00e9 saber se o produto devolvido corresponde \u00e0s especifica\u00e7\u00f5es que o dep\u00f3sito deveria conservar.<\/p>\n","protected":false},"excerpt":{"rendered":"<p>EM FOCO Resumo da mat\u00e9ria 01 Caso totalmente fict\u00edcio Cafeicultor, armaz\u00e9m, 240 sacas, alta de pre\u00e7o e mistura com caf\u00e9 inferior foram inventados para ilustrar uma disputa de armazenagem. fic\u00e7\u00e3o declarada 02 Mistura tem limite legal Produtos de diferentes depositantes podem ficar juntos apenas quando s\u00e3o da mesma esp\u00e9cie, classe comercial e qualidade, conforme a [&hellip;]<\/p>\n","protected":false},"author":30,"featured_media":262868,"comment_status":"open","ping_status":"open","sticky":false,"template":"","format":"standard","meta":{"jnews-multi-image_gallery":[],"jnews_single_post":{"format":"standard"},"jnews_primary_category":[],"jnews_social_meta":[],"jnews_override_counter":[],"footnotes":""},"categories":[29],"tags":[36029,1579,774,11747],"class_list":["post-262812","post","type-post","status-publish","format-standard","has-post-thumbnail","hentry","category-entretenimento","tag-armazenagem","tag-cafe","tag-produtor","tag-qualidade"],"yoast_head":"<!-- This site is optimized with the Yoast SEO plugin v28.3 - https:\/\/yoast.com\/product\/yoast-seo-wordpress\/ -->\n<title>Cafeicultor deixa 240 sacas em um armaz\u00e9m, tenta retirar o lote na alta do pre\u00e7o e descobre que seus gr\u00e3os foram misturados com caf\u00e9 de qualidade inferior - Estado de Minas - Em foco<\/title>\n<meta name=\"description\" content=\"O produtor tenta retirar 240 sacas e encontra caf\u00e9 inferior ao depositado. Classifica\u00e7\u00e3o e amostras podem revelar o tamanho da diferen\u00e7a.\" \/>\n<meta name=\"robots\" content=\"index, follow, max-snippet:-1, max-image-preview:large, max-video-preview:-1\" \/>\n<link rel=\"canonical\" href=\"https:\/\/www.em.com.br\/emfoco\/2026\/09\/06\/cafeicultor-deixa-240-sacas-em-um-armazem-tenta-retirar-o-lote-na-alta-do-preco-e-descobre-que-seus-graos-foram-misturados-com-cafe-de-qualidade-inferior\/\" \/>\n<meta property=\"og:locale\" content=\"pt_BR\" \/>\n<meta property=\"og:type\" content=\"article\" \/>\n<meta property=\"og:title\" content=\"Cafeicultor deixa 240 sacas em um armaz\u00e9m, tenta retirar o lote na alta do pre\u00e7o e descobre que seus gr\u00e3os foram misturados com caf\u00e9 de qualidade inferior - Estado de Minas - Em foco\" \/>\n<meta property=\"og:description\" content=\"O produtor tenta retirar 240 sacas e encontra caf\u00e9 inferior ao depositado. Classifica\u00e7\u00e3o e amostras podem revelar o tamanho da diferen\u00e7a.\" \/>\n<meta property=\"og:url\" content=\"https:\/\/www.em.com.br\/emfoco\/2026\/09\/06\/cafeicultor-deixa-240-sacas-em-um-armazem-tenta-retirar-o-lote-na-alta-do-preco-e-descobre-que-seus-graos-foram-misturados-com-cafe-de-qualidade-inferior\/\" \/>\n<meta property=\"og:site_name\" content=\"Estado de Minas - Em foco\" \/>\n<meta property=\"article:published_time\" content=\"2026-09-06T21:57:00+00:00\" \/>\n<meta property=\"og:image\" content=\"https:\/\/www.em.com.br\/emfoco\/wp-content\/uploads\/2026\/09\/feijao1.jpg\" \/>\n\t<meta property=\"og:image:width\" content=\"1280\" \/>\n\t<meta property=\"og:image:height\" content=\"720\" \/>\n\t<meta property=\"og:image:type\" content=\"image\/jpeg\" \/>\n<meta name=\"author\" content=\"Guilherme Ara\u00fajo\" \/>\n<meta name=\"twitter:card\" content=\"summary_large_image\" \/>\n<meta name=\"twitter:label1\" content=\"Escrito por\" \/>\n\t<meta name=\"twitter:data1\" content=\"Guilherme Ara\u00fajo\" \/>\n\t<meta name=\"twitter:label2\" content=\"Est. tempo de leitura\" \/>\n\t<meta name=\"twitter:data2\" content=\"6 minutos\" \/>\n<!-- \/ Yoast SEO plugin. -->","yoast_head_json":{"title":"Cafeicultor deixa 240 sacas em um armaz\u00e9m, tenta retirar o lote na alta do pre\u00e7o e descobre que seus gr\u00e3os foram misturados com caf\u00e9 de qualidade inferior - Estado de Minas - Em foco","description":"O produtor tenta retirar 240 sacas e encontra caf\u00e9 inferior ao depositado. Classifica\u00e7\u00e3o e amostras podem revelar o tamanho da diferen\u00e7a.","robots":{"index":"index","follow":"follow","max-snippet":"max-snippet:-1","max-image-preview":"max-image-preview:large","max-video-preview":"max-video-preview:-1"},"canonical":"https:\/\/www.em.com.br\/emfoco\/2026\/09\/06\/cafeicultor-deixa-240-sacas-em-um-armazem-tenta-retirar-o-lote-na-alta-do-preco-e-descobre-que-seus-graos-foram-misturados-com-cafe-de-qualidade-inferior\/","og_locale":"pt_BR","og_type":"article","og_title":"Cafeicultor deixa 240 sacas em um armaz\u00e9m, tenta retirar o lote na alta do pre\u00e7o e descobre que seus gr\u00e3os foram misturados com caf\u00e9 de qualidade inferior - Estado de Minas - Em foco","og_description":"O produtor tenta retirar 240 sacas e encontra caf\u00e9 inferior ao depositado. Classifica\u00e7\u00e3o e amostras podem revelar o tamanho da diferen\u00e7a.","og_url":"https:\/\/www.em.com.br\/emfoco\/2026\/09\/06\/cafeicultor-deixa-240-sacas-em-um-armazem-tenta-retirar-o-lote-na-alta-do-preco-e-descobre-que-seus-graos-foram-misturados-com-cafe-de-qualidade-inferior\/","og_site_name":"Estado de Minas - Em foco","article_published_time":"2026-09-06T21:57:00+00:00","og_image":[{"width":1280,"height":720,"url":"https:\/\/www.em.com.br\/emfoco\/wp-content\/uploads\/2026\/09\/feijao1.jpg","type":"image\/jpeg"}],"author":"Guilherme Ara\u00fajo","twitter_card":"summary_large_image","twitter_misc":{"Escrito por":"Guilherme Ara\u00fajo","Est. tempo de leitura":"6 minutos"},"schema":{"@context":"https:\/\/schema.org","@graph":[{"@type":"Article","@id":"https:\/\/www.em.com.br\/emfoco\/2026\/09\/06\/cafeicultor-deixa-240-sacas-em-um-armazem-tenta-retirar-o-lote-na-alta-do-preco-e-descobre-que-seus-graos-foram-misturados-com-cafe-de-qualidade-inferior\/#article","isPartOf":{"@id":"https:\/\/www.em.com.br\/emfoco\/2026\/09\/06\/cafeicultor-deixa-240-sacas-em-um-armazem-tenta-retirar-o-lote-na-alta-do-preco-e-descobre-que-seus-graos-foram-misturados-com-cafe-de-qualidade-inferior\/"},"author":{"name":"Guilherme Ara\u00fajo","@id":"https:\/\/www.em.com.br\/emfoco\/#\/schema\/person\/5379e929a4b966c775d121e23f9bb421"},"headline":"Cafeicultor deixa 240 sacas em um armaz\u00e9m, tenta retirar o lote na alta do pre\u00e7o e descobre que seus gr\u00e3os foram misturados com caf\u00e9 de qualidade inferior","datePublished":"2026-09-06T21:57:00+00:00","mainEntityOfPage":{"@id":"https:\/\/www.em.com.br\/emfoco\/2026\/09\/06\/cafeicultor-deixa-240-sacas-em-um-armazem-tenta-retirar-o-lote-na-alta-do-preco-e-descobre-que-seus-graos-foram-misturados-com-cafe-de-qualidade-inferior\/"},"wordCount":940,"commentCount":0,"image":{"@id":"https:\/\/www.em.com.br\/emfoco\/2026\/09\/06\/cafeicultor-deixa-240-sacas-em-um-armazem-tenta-retirar-o-lote-na-alta-do-preco-e-descobre-que-seus-graos-foram-misturados-com-cafe-de-qualidade-inferior\/#primaryimage"},"thumbnailUrl":"https:\/\/www.em.com.br\/emfoco\/wp-content\/uploads\/2026\/09\/feijao1.jpg","keywords":["armazenagem","caf\u00e9","produtor","Qualidade"],"articleSection":["Entretenimento"],"inLanguage":"pt-BR","potentialAction":[{"@type":"CommentAction","name":"Comment","target":["https:\/\/www.em.com.br\/emfoco\/2026\/09\/06\/cafeicultor-deixa-240-sacas-em-um-armazem-tenta-retirar-o-lote-na-alta-do-preco-e-descobre-que-seus-graos-foram-misturados-com-cafe-de-qualidade-inferior\/#respond"]}]},{"@type":"WebPage","@id":"https:\/\/www.em.com.br\/emfoco\/2026\/09\/06\/cafeicultor-deixa-240-sacas-em-um-armazem-tenta-retirar-o-lote-na-alta-do-preco-e-descobre-que-seus-graos-foram-misturados-com-cafe-de-qualidade-inferior\/","url":"https:\/\/www.em.com.br\/emfoco\/2026\/09\/06\/cafeicultor-deixa-240-sacas-em-um-armazem-tenta-retirar-o-lote-na-alta-do-preco-e-descobre-que-seus-graos-foram-misturados-com-cafe-de-qualidade-inferior\/","name":"Cafeicultor deixa 240 sacas em um armaz\u00e9m, tenta retirar o lote na alta do pre\u00e7o e descobre que seus gr\u00e3os foram misturados com caf\u00e9 de qualidade inferior - Estado de Minas - Em foco","isPartOf":{"@id":"https:\/\/www.em.com.br\/emfoco\/#website"},"primaryImageOfPage":{"@id":"https:\/\/www.em.com.br\/emfoco\/2026\/09\/06\/cafeicultor-deixa-240-sacas-em-um-armazem-tenta-retirar-o-lote-na-alta-do-preco-e-descobre-que-seus-graos-foram-misturados-com-cafe-de-qualidade-inferior\/#primaryimage"},"image":{"@id":"https:\/\/www.em.com.br\/emfoco\/2026\/09\/06\/cafeicultor-deixa-240-sacas-em-um-armazem-tenta-retirar-o-lote-na-alta-do-preco-e-descobre-que-seus-graos-foram-misturados-com-cafe-de-qualidade-inferior\/#primaryimage"},"thumbnailUrl":"https:\/\/www.em.com.br\/emfoco\/wp-content\/uploads\/2026\/09\/feijao1.jpg","datePublished":"2026-09-06T21:57:00+00:00","author":{"@id":"https:\/\/www.em.com.br\/emfoco\/#\/schema\/person\/5379e929a4b966c775d121e23f9bb421"},"description":"O produtor tenta retirar 240 sacas e encontra caf\u00e9 inferior ao depositado. Classifica\u00e7\u00e3o e amostras podem revelar o tamanho da diferen\u00e7a.","breadcrumb":{"@id":"https:\/\/www.em.com.br\/emfoco\/2026\/09\/06\/cafeicultor-deixa-240-sacas-em-um-armazem-tenta-retirar-o-lote-na-alta-do-preco-e-descobre-que-seus-graos-foram-misturados-com-cafe-de-qualidade-inferior\/#breadcrumb"},"inLanguage":"pt-BR","potentialAction":[{"@type":"ReadAction","target":["https:\/\/www.em.com.br\/emfoco\/2026\/09\/06\/cafeicultor-deixa-240-sacas-em-um-armazem-tenta-retirar-o-lote-na-alta-do-preco-e-descobre-que-seus-graos-foram-misturados-com-cafe-de-qualidade-inferior\/"]}]},{"@type":"ImageObject","inLanguage":"pt-BR","@id":"https:\/\/www.em.com.br\/emfoco\/2026\/09\/06\/cafeicultor-deixa-240-sacas-em-um-armazem-tenta-retirar-o-lote-na-alta-do-preco-e-descobre-que-seus-graos-foram-misturados-com-cafe-de-qualidade-inferior\/#primaryimage","url":"https:\/\/www.em.com.br\/emfoco\/wp-content\/uploads\/2026\/09\/feijao1.jpg","contentUrl":"https:\/\/www.em.com.br\/emfoco\/wp-content\/uploads\/2026\/09\/feijao1.jpg","width":1280,"height":720,"caption":"Recibos de entrada e classifica\u00e7\u00e3o dos gr\u00e3os podem mostrar as condi\u00e7\u00f5es em que o caf\u00e9 foi entregue ao armaz\u00e9m"},{"@type":"BreadcrumbList","@id":"https:\/\/www.em.com.br\/emfoco\/2026\/09\/06\/cafeicultor-deixa-240-sacas-em-um-armazem-tenta-retirar-o-lote-na-alta-do-preco-e-descobre-que-seus-graos-foram-misturados-com-cafe-de-qualidade-inferior\/#breadcrumb","itemListElement":[{"@type":"ListItem","position":1,"name":"In\u00edcio","item":"https:\/\/www.em.com.br\/emfoco\/"},{"@type":"ListItem","position":2,"name":"Cafeicultor deixa 240 sacas em um armaz\u00e9m, tenta retirar o lote na alta do pre\u00e7o e descobre que seus gr\u00e3os foram misturados com caf\u00e9 de qualidade inferior"}]},{"@type":"WebSite","@id":"https:\/\/www.em.com.br\/emfoco\/#website","url":"https:\/\/www.em.com.br\/emfoco\/","name":"Estado de Minas - Em foco","description":"Acompanhe as \u00faltimas not\u00edcias e fique bem informado sobre tudo o que acontece em Minas Gerais, Brasil e no mundo.","potentialAction":[{"@type":"SearchAction","target":{"@type":"EntryPoint","urlTemplate":"https:\/\/www.em.com.br\/emfoco\/?s={search_term_string}"},"query-input":{"@type":"PropertyValueSpecification","valueRequired":true,"valueName":"search_term_string"}}],"inLanguage":"pt-BR"},{"@type":"Person","@id":"https:\/\/www.em.com.br\/emfoco\/#\/schema\/person\/5379e929a4b966c775d121e23f9bb421","name":"Guilherme Ara\u00fajo","image":{"@type":"ImageObject","inLanguage":"pt-BR","@id":"https:\/\/secure.gravatar.com\/avatar\/063bc96e5a2afd1844386c45bd1360efc771eff011a9fab8cd399e2a104c3ecd?s=96&d=mm&r=g","url":"https:\/\/secure.gravatar.com\/avatar\/063bc96e5a2afd1844386c45bd1360efc771eff011a9fab8cd399e2a104c3ecd?s=96&d=mm&r=g","contentUrl":"https:\/\/secure.gravatar.com\/avatar\/063bc96e5a2afd1844386c45bd1360efc771eff011a9fab8cd399e2a104c3ecd?s=96&d=mm&r=g","caption":"Guilherme Ara\u00fajo"},"sameAs":["https:\/\/www.em.com.br\/emfoco"],"url":"https:\/\/www.em.com.br\/emfoco\/author\/guilhermeamyth\/"}]}},"_links":{"self":[{"href":"https:\/\/www.em.com.br\/emfoco\/wp-json\/wp\/v2\/posts\/262812","targetHints":{"allow":["GET"]}}],"collection":[{"href":"https:\/\/www.em.com.br\/emfoco\/wp-json\/wp\/v2\/posts"}],"about":[{"href":"https:\/\/www.em.com.br\/emfoco\/wp-json\/wp\/v2\/types\/post"}],"author":[{"embeddable":true,"href":"https:\/\/www.em.com.br\/emfoco\/wp-json\/wp\/v2\/users\/30"}],"replies":[{"embeddable":true,"href":"https:\/\/www.em.com.br\/emfoco\/wp-json\/wp\/v2\/comments?post=262812"}],"version-history":[{"count":4,"href":"https:\/\/www.em.com.br\/emfoco\/wp-json\/wp\/v2\/posts\/262812\/revisions"}],"predecessor-version":[{"id":262940,"href":"https:\/\/www.em.com.br\/emfoco\/wp-json\/wp\/v2\/posts\/262812\/revisions\/262940"}],"wp:featuredmedia":[{"embeddable":true,"href":"https:\/\/www.em.com.br\/emfoco\/wp-json\/wp\/v2\/media\/262868"}],"wp:attachment":[{"href":"https:\/\/www.em.com.br\/emfoco\/wp-json\/wp\/v2\/media?parent=262812"}],"wp:term":[{"taxonomy":"category","embeddable":true,"href":"https:\/\/www.em.com.br\/emfoco\/wp-json\/wp\/v2\/categories?post=262812"},{"taxonomy":"post_tag","embeddable":true,"href":"https:\/\/www.em.com.br\/emfoco\/wp-json\/wp\/v2\/tags?post=262812"}],"curies":[{"name":"wp","href":"https:\/\/api.w.org\/{rel}","templated":true}]}}