{"id":262811,"date":"2026-09-06T17:37:00","date_gmt":"2026-09-06T20:37:00","guid":{"rendered":"https:\/\/www.em.com.br\/emfoco\/?p=262811"},"modified":"2026-09-05T12:35:53","modified_gmt":"2026-09-05T15:35:53","slug":"familia-paga-r-7-200-por-uma-mudanca-com-embalagem-completa-mas-os-moveis-chegam-molhados-e-empresa-culpa-uma-tempestade-no-caminho","status":"publish","type":"post","link":"https:\/\/www.em.com.br\/emfoco\/2026\/09\/06\/familia-paga-r-7-200-por-uma-mudanca-com-embalagem-completa-mas-os-moveis-chegam-molhados-e-empresa-culpa-uma-tempestade-no-caminho\/","title":{"rendered":"Fam\u00edlia paga R$ 7.200 por uma mudan\u00e7a com embalagem completa, mas os m\u00f3veis chegam molhados e empresa culpa uma tempestade no caminho"},"content":{"rendered":"\n<div class=\"emf-summary google-auto-ads-ignore\">\n  <style>\n    .emf-summary {\n      --emf-navy:#00245a;\n      --emf-navy-soft:#0b3b70;\n      --emf-ink:#1d2731;\n      --emf-muted:#66727e;\n      --emf-line:#d7dde5;\n      --emf-paper:#ffffff;\n      --emf-wash:#f4f6f8;\n      box-sizing:border-box!important;\n      inline-size:min(1100px,100%)!important;\n      max-inline-size:100%!important;\n      margin-inline:auto!important;\n      overflow:hidden!important;\n      color:var(--emf-ink);\n      background:var(--emf-paper);\n      border:1px solid var(--emf-line);\n      border-block-start:5px solid var(--emf-navy);\n      border-radius:6px!important;\n      box-shadow:0 8px 24px rgba(0,36,90,.08);\n      font-family:Arial,Helvetica,sans-serif;\n    }\n\n    .emf-summary *,\n    .emf-summary *::before,\n    .emf-summary *::after {\n      box-sizing:border-box!important;\n    }\n\n    .emf-summary-brand {\n      display:flex;\n      align-items:center;\n      gap:14px;\n      padding:16px 20px;\n      color:#fff;\n      background:linear-gradient(105deg,var(--emf-navy) 0%,var(--emf-navy-soft) 100%);\n      border-block-end:1px solid rgba(255,255,255,.18);\n    }\n\n    .emf-summary-logo {\n      display:grid;\n      place-items:center;\n      inline-size:58px;\n      block-size:58px;\n      flex:0 0 58px;\n      background:rgba(255,255,255,.08);\n      border:1px solid rgba(255,255,255,.35);\n      border-radius:3px!important;\n    }\n\n    .emf-summary-logo img {\n      display:block;\n      inline-size:46px;\n      block-size:46px;\n      max-inline-size:46px;\n      max-block-size:46px;\n      object-fit:contain;\n    }\n\n    .emf-summary-eyebrow {\n      margin:0 0 3px;\n      font-size:11px;\n      font-weight:700;\n      letter-spacing:.18em;\n      line-height:1.2;\n      text-transform:uppercase;\n      opacity:.78;\n    }\n\n    .emf-summary-title {\n      margin:0;\n      font-family:Georgia,\"Times New Roman\",serif;\n      font-size:25px;\n      font-weight:700;\n      line-height:1.15;\n    }\n\n    .emf-summary-grid {\n      display:grid;\n      grid-template-columns:repeat(3,minmax(0,1fr));\n      gap:0;\n      background:var(--emf-wash);\n    }\n\n    .emf-summary-card {\n      position:relative;\n      min-block-size:190px;\n      padding:24px 20px 20px;\n      overflow:hidden!important;\n      background:#fff;\n      border-inline-end:1px solid var(--emf-line);\n    }\n\n    .emf-summary-card:last-child {\n      border-inline-end:0;\n    }\n\n    .emf-summary-number {\n      position:absolute;\n      inset-block-start:13px;\n      inset-inline-end:15px;\n      color:rgba(0,36,90,.10);\n      font-family:Georgia,\"Times New Roman\",serif;\n      font-size:46px;\n      font-weight:700;\n      line-height:1;\n      pointer-events:none;\n    }\n\n    .emf-summary-card-title {\n      position:relative;\n      z-index:1;\n      margin:0 0 11px;\n      padding-block-end:10px;\n      color:var(--emf-navy);\n      border-block-end:2px solid var(--emf-navy);\n      font-family:Georgia,\"Times New Roman\",serif;\n      font-size:18px;\n      font-weight:700;\n      line-height:1.3;\n      overflow-wrap:anywhere;\n    }\n\n    .emf-summary-card-text {\n      position:relative;\n      z-index:1;\n      color:#485560;\n      font-size:13px;\n      line-height:1.6;\n      overflow-wrap:anywhere;\n    }\n\n    .emf-summary-card-meta {\n      position:relative;\n      z-index:1;\n      display:inline-flex;\n      margin-block-start:16px;\n      padding:5px 8px;\n      color:var(--emf-navy);\n      background:#edf1f5;\n      border:1px solid #d9e0e7;\n      border-radius:2px!important;\n      font-size:10px;\n      font-weight:700;\n      letter-spacing:.08em;\n      line-height:1.2;\n      text-transform:uppercase;\n    }\n\n    @media(max-width:760px) {\n      .emf-summary-grid {\n        grid-template-columns:1fr;\n      }\n\n      .emf-summary-card {\n        min-block-size:0;\n        border-inline-end:0;\n        border-block-end:1px solid var(--emf-line);\n      }\n\n      .emf-summary-card:last-child {\n        border-block-end:0;\n      }\n    }\n\n    @media(max-width:480px) {\n      .emf-summary-brand {\n        padding:14px 15px;\n      }\n\n      .emf-summary-logo {\n        inline-size:52px;\n        block-size:52px;\n        flex-basis:52px;\n      }\n\n      .emf-summary-logo img {\n        inline-size:41px;\n        block-size:41px;\n        max-inline-size:41px;\n        max-block-size:41px;\n      }\n\n      .emf-summary-title {\n        font-size:22px;\n      }\n\n      .emf-summary-card {\n        padding:21px 16px 18px;\n      }\n    }\n  <\/style>\n\n  <div class=\"emf-summary-brand\">\n    <div class=\"emf-summary-logo\">\n      <img\n        alt=\"Logo EM Foco\"\n        decoding=\"async\"\n        fetchpriority=\"high\"\n        height=\"46\"\n        loading=\"eager\"\n        referrerpolicy=\"no-referrer\"\n        src=\"https:\/\/www.em.com.br\/emfoco\/wp-content\/uploads\/2026\/08\/em_transparente_3000px-scaled.png\"\n        width=\"46\"\n      >\n    <\/div>\n\n    <div>\n      <div class=\"emf-summary-eyebrow\">EM FOCO<\/div>\n      <div class=\"emf-summary-title\">Resumo da mat\u00e9ria<\/div>\n    <\/div>\n  <\/div>\n\n  <div class=\"emf-summary-grid\">\n    <div class=\"emf-summary-card\">\n      <span aria-hidden=\"true\" class=\"emf-summary-number\">01<\/span>\n      <div aria-level=\"3\" class=\"emf-summary-card-title\" role=\"heading\">\n        Relato totalmente fict\u00edcio\n      <\/div>\n      <div class=\"emf-summary-card-text\">\n        Fam\u00edlia, transportadora, pre\u00e7o, tempestade e m\u00f3veis molhados foram criados para ilustrar uma disputa sobre transporte e conserva\u00e7\u00e3o dos bens.\n      <\/div>\n      <div class=\"emf-summary-card-meta\">\n        fic\u00e7\u00e3o declarada\n      <\/div>\n    <\/div>\n    <div class=\"emf-summary-card\">\n      <span aria-hidden=\"true\" class=\"emf-summary-number\">02<\/span>\n      <div aria-level=\"3\" class=\"emf-summary-card-title\" role=\"heading\">\n        Chuva n\u00e3o encerra a an\u00e1lise\n      <\/div>\n      <div class=\"emf-summary-card-text\">\n        A exist\u00eancia de tempestade precisa ser comparada com embalagem, ve\u00edculo, rota, cautelas adotadas e condi\u00e7\u00e3o dos m\u00f3veis antes da entrega.\n      <\/div>\n      <div class=\"emf-summary-card-meta\">\n        causa comprovada\n      <\/div>\n    <\/div>\n    <div class=\"emf-summary-card\">\n      <span aria-hidden=\"true\" class=\"emf-summary-number\">03<\/span>\n      <div aria-level=\"3\" class=\"emf-summary-card-title\" role=\"heading\">\n        Invent\u00e1rio fortalece a prova\n      <\/div>\n      <div class=\"emf-summary-card-text\">\n        Lista dos objetos, fotos anteriores e notas permitem comparar o estado dos bens e calcular eventual perda de valor ou reparo.\n      <\/div>\n      <div class=\"emf-summary-card-meta\">\n        documenta\u00e7\u00e3o\n      <\/div>\n    <\/div>\n  <\/div>\n<\/div>\n\n\n\n<p class=\"wp-block-paragraph\">Em relato fict\u00edcio, uma fam\u00edlia paga <strong>R$ 7.200 por uma mudan\u00e7a<\/strong> com embalagem completa e recebe m\u00f3veis molhados ap\u00f3s uma tempestade. Fam\u00edlia, transportadora, valor e danos s\u00e3o inventados. Num caso real, contrato, invent\u00e1rio, fotos e acondicionamento seriam decisivos para avaliar a responsabilidade pelo preju\u00edzo.<\/p>\n\n\n\n<h2 class=\"wp-block-heading\">O que teria acontecido durante a mudan\u00e7a fict\u00edcia?<\/h2>\n\n\n\n<p class=\"wp-block-paragraph\">Na situa\u00e7\u00e3o inventada, a fam\u00edlia contrata embalagem completa e transporte fechado. Depois de uma tempestade, sof\u00e1, arm\u00e1rios e caixas chegam <strong>molhados e com sinais de infiltra\u00e7\u00e3o<\/strong>. A empresa afirma que o clima foi imprevis\u00edvel e que, por isso, n\u00e3o poderia responder pelos danos.<\/p>\n\n\n\n<p class=\"wp-block-paragraph\">O ponto n\u00e3o seria apenas confirmar que choveu. Num <a href=\"https:\/\/pt.wikipedia.org\/wiki\/Transporte_%28contrato%29\" target=\"_blank\" rel=\"noopener noreferrer\"><strong>contrato de transporte<\/strong><\/a>, importa saber como a carga foi recebida, protegida e entregue. A tempestade precisaria ser relacionada ao dano e \u00e0s cautelas que eram razoavelmente esperadas durante o trajeto.<\/p>\n\n\n<div class=\"wp-block-image\">\n<figure class=\"aligncenter size-large\"><img decoding=\"async\" width=\"1024\" height=\"576\" src=\"https:\/\/www.em.com.br\/emfoco\/wp-content\/uploads\/2026\/09\/mudanca-1-1024x576.jpg\" alt=\"\" class=\"wp-image-262865\" srcset=\"https:\/\/www.em.com.br\/emfoco\/wp-content\/uploads\/2026\/09\/mudanca-1-1024x576.jpg 1024w, https:\/\/www.em.com.br\/emfoco\/wp-content\/uploads\/2026\/09\/mudanca-1-300x169.jpg 300w, https:\/\/www.em.com.br\/emfoco\/wp-content\/uploads\/2026\/09\/mudanca-1-768x432.jpg 768w, https:\/\/www.em.com.br\/emfoco\/wp-content\/uploads\/2026\/09\/mudanca-1-750x421.jpg 750w, https:\/\/www.em.com.br\/emfoco\/wp-content\/uploads\/2026\/09\/mudanca-1-1140x641.jpg 1140w, https:\/\/www.em.com.br\/emfoco\/wp-content\/uploads\/2026\/09\/mudanca-1.jpg 1280w\" sizes=\"(max-width: 1024px) 100vw, 1024px\" \/><figcaption class=\"wp-element-caption\">Chuva no trajeto n\u00e3o encerra a an\u00e1lise sobre os cuidados que deveriam proteger os m\u00f3veis<\/figcaption><\/figure>\n<\/div>\n\n\n<h2 class=\"wp-block-heading\">Que deveres o transportador assume sobre os m\u00f3veis?<\/h2>\n\n\n\n<p class=\"wp-block-paragraph\">O <a href=\"https:\/\/www.planalto.gov.br\/ccivil_03\/leis\/2002\/l10406compilada.htm?sck=direto\" target=\"_blank\" rel=\"noopener noreferrer\"><strong>C\u00f3digo Civil<\/strong><\/a> determina que o transportador leve a coisa ao destino tomando as cautelas necess\u00e1rias para mant\u00ea-la em bom estado. A responsabilidade come\u00e7a com o recebimento e, em regra, termina com a entrega ao destinat\u00e1rio.<\/p>\n\n\n\n<p class=\"wp-block-paragraph\">A lei tamb\u00e9m permite descrever natureza, valor, peso e quantidade dos objetos e incorporar uma <strong>rela\u00e7\u00e3o discriminada da carga<\/strong> ao conhecimento do transporte. Em uma mudan\u00e7a residencial, invent\u00e1rio e fotos cumprem fun\u00e7\u00e3o semelhante: deixam documentado o que entrou no ve\u00edculo e em que condi\u00e7\u00e3o.<\/p>\n\n\n\n<h2 class=\"wp-block-heading\">Uma tempestade seria suficiente para afastar responsabilidade?<\/h2>\n\n\n\n<p class=\"wp-block-paragraph\">N\u00e3o automaticamente. O evento precisa ser analisado como poss\u00edvel for\u00e7a maior e comparado com <strong>embalagem, veda\u00e7\u00e3o e medidas preventivas<\/strong>. Se a empresa prometeu acondicionamento resistente \u00e0 chuva, o simples fato de ter chovido n\u00e3o responde por que a \u00e1gua alcan\u00e7ou os bens.<\/p>\n\n\n\n<p class=\"wp-block-paragraph\">O <a href=\"https:\/\/www.consumidor.gov.br\/pages\/conteudo\/publico\/102\" target=\"_blank\" rel=\"noopener noreferrer\"><strong>CDC<\/strong><\/a> prev\u00ea responsabilidade por defeitos na presta\u00e7\u00e3o de servi\u00e7os e hip\u00f3teses de exclus\u00e3o quando o fornecedor prova inexist\u00eancia do defeito ou culpa exclusiva de terceiro ou consumidor. A causa do dano, portanto, precisa ser demonstrada, n\u00e3o apenas afirmada.<\/p>\n\n\n\n<p class=\"myth-list-bridge wp-block-paragraph\">A seguir listamos <strong>5 provas da mudan\u00e7a<\/strong> que ajudariam a comparar a tempestade com as condi\u00e7\u00f5es efetivas de prote\u00e7\u00e3o da carga:<\/p>\n\n\n\n<ul class=\"wp-block-list myth-bullet-list\">\n<li><strong>Invent\u00e1rio dos m\u00f3veis: <\/strong>registre quais objetos foram entregues \u00e0 transportadora.<\/li>\n\n\n\n<li><strong>Fotos antes da retirada: <\/strong>mostre o estado de conserva\u00e7\u00e3o antes do carregamento.<\/li>\n\n\n\n<li><strong>Imagens da embalagem: <\/strong>documente pl\u00e1stico, mantas, caixas e prote\u00e7\u00e3o contra umidade.<\/li>\n\n\n\n<li><strong>Registro da entrega: <\/strong>fotografe infiltra\u00e7\u00f5es e avarias antes de reorganizar os bens.<\/li>\n\n\n\n<li><strong>Contrato do servi\u00e7o: <\/strong>confirme se embalagem completa e ve\u00edculo fechado estavam inclu\u00eddos.<\/li>\n<\/ul>\n\n\n\n<p class=\"wp-block-paragraph\"><strong>Leia tamb\u00e9m: <a href=\"https:\/\/www.em.com.br\/emfoco\/2026\/09\/05\/familia-muda-de-cidade-e-recebe-sofa-armarios-e-eletrodomesticos-quebrados-mas-transportadora-afirma-que-o-seguro-cobria-apenas-roubo\/\" target=\"_blank\" rel=\"noreferrer noopener\">Fam\u00edlia muda de cidade e recebe sof\u00e1, arm\u00e1rios e eletrodom\u00e9sticos quebrados, mas transportadora afirma que o seguro cobria apenas roubo<\/a><\/strong><\/p>\n\n\n<div class=\"wp-block-image\">\n<figure class=\"aligncenter size-large\"><img decoding=\"async\" width=\"1024\" height=\"576\" src=\"https:\/\/www.em.com.br\/emfoco\/wp-content\/uploads\/2026\/09\/caminhao2134-1024x576.jpg\" alt=\"\" class=\"wp-image-262866\" srcset=\"https:\/\/www.em.com.br\/emfoco\/wp-content\/uploads\/2026\/09\/caminhao2134-1024x576.jpg 1024w, https:\/\/www.em.com.br\/emfoco\/wp-content\/uploads\/2026\/09\/caminhao2134-300x169.jpg 300w, https:\/\/www.em.com.br\/emfoco\/wp-content\/uploads\/2026\/09\/caminhao2134-768x432.jpg 768w, https:\/\/www.em.com.br\/emfoco\/wp-content\/uploads\/2026\/09\/caminhao2134-750x421.jpg 750w, https:\/\/www.em.com.br\/emfoco\/wp-content\/uploads\/2026\/09\/caminhao2134-1140x641.jpg 1140w, https:\/\/www.em.com.br\/emfoco\/wp-content\/uploads\/2026\/09\/caminhao2134.jpg 1280w\" sizes=\"(max-width: 1024px) 100vw, 1024px\" \/><figcaption class=\"wp-element-caption\">Fotografias feitas na entrega ajudam a registrar o estado das pe\u00e7as antes que elas sequem ou sejam reparadas<\/figcaption><\/figure>\n<\/div>\n\n\n<h2 class=\"wp-block-heading\">Como calcular o preju\u00edzo se os m\u00f3veis ficarem danificados?<\/h2>\n\n\n\n<p class=\"wp-block-paragraph\">Notas fiscais antigas podem ajudar, mas n\u00e3o s\u00e3o a \u00fanica refer\u00eancia. Or\u00e7amentos de reparo, avalia\u00e7\u00e3o de marcenaria e custo de substitui\u00e7\u00e3o servem para medir <strong>perda econ\u00f4mica efetiva<\/strong>. Um sof\u00e1 encharcado pode exigir descarte; um arm\u00e1rio pode ser restaur\u00e1vel. Cada item precisa ser tratado separadamente.<\/p>\n\n\n\n<p class=\"wp-block-paragraph\">Tamb\u00e9m \u00e9 importante registrar danos que s\u00f3 aparecem depois, como estufamento, mofo ou falha el\u00e9trica. O contrato de transporte prev\u00ea prazo espec\u00edfico para reclamar de <strong>avaria n\u00e3o percept\u00edvel de imediato<\/strong>, ent\u00e3o documentar rapidamente a evolu\u00e7\u00e3o do dano reduz controv\u00e9rsia sobre quando ele surgiu.<\/p>\n\n\n\n<p class=\"myth-html-bridge wp-block-paragraph\">A seguir listamos <strong>3 formas de calcular perdas<\/strong> que ajudam a separar reparo poss\u00edvel, substitui\u00e7\u00e3o necess\u00e1ria e dano ainda em avalia\u00e7\u00e3o:<\/p>\n\n\n\n<div class=\"emf-data-table google-auto-ads-ignore\">\n  <style>\n    .emf-data-table {\n      --emf-navy:#00245a;\n      --emf-navy-soft:#0b3b70;\n      --emf-ink:#1d2731;\n      --emf-muted:#66727e;\n      --emf-line:#d7dde5;\n      --emf-wash:#f4f6f8;\n      box-sizing:border-box!important;\n      inline-size:min(1100px,100%)!important;\n      max-inline-size:100%!important;\n      margin-inline:auto!important;\n      overflow:hidden!important;\n      color:var(--emf-ink);\n      background:#fff;\n      border:1px solid var(--emf-line);\n      border-radius:6px!important;\n      box-shadow:0 8px 24px rgba(0,36,90,.08);\n      font-family:Arial,Helvetica,sans-serif;\n    }\n\n    .emf-data-table *,\n    .emf-data-table *::before,\n    .emf-data-table *::after {\n      box-sizing:border-box!important;\n    }\n\n    .emf-data-table-brand {\n      display:flex;\n      align-items:center;\n      gap:13px;\n      min-block-size:72px;\n      padding:10px 17px;\n      color:#fff;\n      background:linear-gradient(105deg,var(--emf-navy) 0%,var(--emf-navy-soft) 100%);\n      border-block-end:4px solid #c5ced8;\n    }\n\n    .emf-data-table-logo {\n      display:grid;\n      place-items:center;\n      inline-size:52px;\n      block-size:52px;\n      flex:0 0 52px;\n      background:rgba(255,255,255,.08);\n      border:1px solid rgba(255,255,255,.35);\n      border-radius:3px!important;\n    }\n\n    .emf-data-table-logo img {\n      display:block;\n      inline-size:41px;\n      block-size:41px;\n      max-inline-size:41px;\n      max-block-size:41px;\n      object-fit:contain;\n    }\n\n    .emf-data-table-kicker {\n      margin:0 0 2px;\n      font-size:10px;\n      font-weight:700;\n      letter-spacing:.16em;\n      line-height:1.2;\n      text-transform:uppercase;\n      opacity:.78;\n    }\n\n    .emf-data-table-title {\n      margin:0;\n      font-family:Georgia,\"Times New Roman\",serif;\n      font-size:21px;\n      font-weight:700;\n      line-height:1.2;\n    }\n\n    .emf-data-table-scroll {\n      display:block!important;\n      inline-size:100%!important;\n      max-inline-size:100%!important;\n      overflow-x:auto!important;\n      overflow-y:hidden!important;\n      -webkit-overflow-scrolling:touch;\n      overscroll-behavior-inline:contain;\n      scrollbar-width:thin;\n      scrollbar-color:#8798aa #edf1f5;\n    }\n\n    .emf-data-table-scroll:focus-visible {\n      outline:3px solid rgba(0,36,90,.35);\n      outline-offset:-3px;\n    }\n\n    .emf-data-table table {\n      display:table!important;\n      inline-size:100%!important;\n      min-inline-size:680px!important;\n      max-inline-size:none!important;\n      margin:0!important;\n      border:0!important;\n      border-collapse:separate!important;\n      border-spacing:0!important;\n      table-layout:auto!important;\n      background:#fff!important;\n    }\n\n    .emf-data-table caption {\n      position:absolute!important;\n      inline-size:1px!important;\n      block-size:1px!important;\n      padding:0!important;\n      margin:-1px!important;\n      overflow:hidden!important;\n      clip:rect(0,0,0,0)!important;\n      white-space:nowrap!important;\n      border:0!important;\n    }\n\n    .emf-data-table thead {\n      display:table-header-group!important;\n    }\n\n    .emf-data-table tbody {\n      display:table-row-group!important;\n    }\n\n    .emf-data-table tr {\n      display:table-row!important;\n    }\n\n    .emf-data-table th,\n    .emf-data-table td {\n      display:table-cell!important;\n      float:none!important;\n      inline-size:auto!important;\n      max-inline-size:none!important;\n      margin:0!important;\n      border-radius:0!important;\n      text-align:left!important;\n      vertical-align:middle!important;\n    }\n\n    .emf-data-table th {\n      padding:14px 17px!important;\n      color:#fff!important;\n      background:var(--emf-navy)!important;\n      border-block-end:1px solid rgba(255,255,255,.22)!important;\n      border-inline-end:1px solid rgba(255,255,255,.12)!important;\n      font-family:Georgia,\"Times New Roman\",serif;\n      font-size:14px!important;\n      font-weight:700!important;\n      line-height:1.35!important;\n      white-space:nowrap!important;\n    }\n\n    .emf-data-table th:last-child {\n      border-inline-end:0!important;\n    }\n\n    .emf-data-table td {\n      padding:14px 17px!important;\n      color:#43515e!important;\n      background:#fff!important;\n      border-block-end:1px solid var(--emf-line)!important;\n      font-size:14px!important;\n      font-weight:400!important;\n      line-height:1.5!important;\n      overflow-wrap:anywhere;\n    }\n\n    .emf-data-table tbody tr:nth-child(even) td {\n      background:var(--emf-wash)!important;\n    }\n\n    .emf-data-table tbody tr:hover td {\n      background:#eaf0f5!important;\n    }\n\n    .emf-data-table tbody tr:last-child td {\n      border-block-end:0!important;\n    }\n\n    .emf-data-table td:first-child {\n      color:var(--emf-navy)!important;\n      font-weight:700!important;\n    }\n\n    @media(max-width:560px) {\n      .emf-data-table-brand {\n        min-block-size:68px;\n        padding:9px 13px;\n      }\n\n      .emf-data-table-title {\n        font-size:19px;\n      }\n\n      .emf-data-table-scroll {\n        overflow:visible!important;\n      }\n\n      .emf-data-table table,\n      .emf-data-table thead,\n      .emf-data-table tbody,\n      .emf-data-table tr,\n      .emf-data-table th,\n      .emf-data-table td {\n        display:block!important;\n        inline-size:100%!important;\n        min-inline-size:0!important;\n        max-inline-size:100%!important;\n      }\n\n      .emf-data-table table {\n        padding:13px!important;\n      }\n\n      .emf-data-table thead {\n        position:absolute!important;\n        inline-size:1px!important;\n        block-size:1px!important;\n        padding:0!important;\n        margin:-1px!important;\n        overflow:hidden!important;\n        clip:rect(0,0,0,0)!important;\n        white-space:nowrap!important;\n      }\n\n      .emf-data-table tbody {\n        display:grid!important;\n        gap:11px;\n      }\n\n      .emf-data-table tr {\n        overflow:hidden!important;\n        background:#fff!important;\n        border:1px solid var(--emf-line)!important;\n        border-block-start:4px solid var(--emf-navy)!important;\n        border-radius:4px!important;\n        box-shadow:0 4px 12px rgba(0,36,90,.06);\n      }\n\n      .emf-data-table td,\n      .emf-data-table tbody tr:nth-child(even) td,\n      .emf-data-table tbody tr:hover td {\n        display:grid!important;\n        grid-template-columns:minmax(105px,38%) minmax(0,1fr)!important;\n        align-items:start;\n        gap:11px;\n        padding:11px 12px!important;\n        background:#fff!important;\n        border-block-end:1px solid #e2e7ec!important;\n      }\n\n      .emf-data-table td::before {\n        content:attr(data-label);\n        color:var(--emf-muted);\n        font-size:10px;\n        font-weight:700;\n        letter-spacing:.06em;\n        line-height:1.35;\n        text-transform:uppercase;\n      }\n\n      .emf-data-table td:first-child {\n        color:var(--emf-navy)!important;\n        background:#edf1f5!important;\n      }\n\n      .emf-data-table td:last-child {\n        border-block-end:0!important;\n      }\n    }\n  <\/style>\n\n  <div class=\"emf-data-table-brand\">\n    <div class=\"emf-data-table-logo\">\n      <img\n        alt=\"Logo EM Foco\"\n        decoding=\"async\"\n        height=\"41\"\n        loading=\"lazy\"\n        referrerpolicy=\"no-referrer\"\n        src=\"https:\/\/www.em.com.br\/emfoco\/wp-content\/uploads\/2026\/08\/em_transparente_3000px-scaled.png\"\n        width=\"41\"\n      >\n    <\/div>\n\n    <div>\n      <div class=\"emf-data-table-kicker\">DADOS EM FOCO<\/div>\n      <div class=\"emf-data-table-title\">O que comparar ap\u00f3s a tempestade<\/div>\n    <\/div>\n  <\/div>\n\n  <div aria-label=\"Tabela com ponto, prova e pergunta na an\u00e1lise fict\u00edcia da mudan\u00e7a\" class=\"emf-data-table-scroll\" role=\"region\" tabindex=\"0\">\n    <table>\n      <caption>Resumo das provas para avaliar m\u00f3veis molhados durante transporte<\/caption>\n      <thead>\n        <tr>\n          <th scope=\"col\">Ponto<\/th>\n          <th scope=\"col\">Prova<\/th>\n          <th scope=\"col\">Pergunta<\/th>\n        <\/tr>\n      <\/thead>\n      <tbody>\n        <tr>\n          <td data-label=\"Ponto\">Prote\u00e7\u00e3o prometida<\/td>\n          <td data-label=\"Prova\">Contrato<\/td>\n          <td data-label=\"Pergunta\">A embalagem completa foi cumprida?<\/td>\n        <\/tr>\n        <tr>\n          <td data-label=\"Ponto\">Estado da carga<\/td>\n          <td data-label=\"Prova\">Fotos antes e depois<\/td>\n          <td data-label=\"Pergunta\">Quando a umidade apareceu?<\/td>\n        <\/tr>\n        <tr>\n          <td data-label=\"Ponto\">Valor do dano<\/td>\n          <td data-label=\"Prova\">Notas e or\u00e7amentos<\/td>\n          <td data-label=\"Pergunta\">O item pode ser reparado?<\/td>\n        <\/tr>\n      <\/tbody>\n    <\/table>\n  <\/div>\n<\/div>\n\n\n\n<h2 class=\"wp-block-heading\">O que a fam\u00edlia deveria fazer ao receber os m\u00f3veis molhados?<\/h2>\n\n\n\n<p class=\"wp-block-paragraph\">Deveria fotografar tudo antes de descartar embalagens e comunicar a transportadora por escrito. O ideal \u00e9 reunir <strong>invent\u00e1rio, contrato, notas e or\u00e7amentos<\/strong>, preservando provas do estado da carga. Se houver risco el\u00e9trico ou sanit\u00e1rio, a prioridade \u00e9 evitar uso do item at\u00e9 uma avalia\u00e7\u00e3o adequada.<\/p>\n\n\n\n<p class=\"wp-block-paragraph\">Neste relato, <strong>fam\u00edlia, transportadora e R$ 7.200 s\u00e3o fict\u00edcios<\/strong>. A tempestade pode ser relevante, mas n\u00e3o substitui a an\u00e1lise das cautelas contratadas. Quando m\u00f3veis chegam molhados, importa saber se o dano era inevit\u00e1vel mesmo com prote\u00e7\u00e3o adequada ou se a execu\u00e7\u00e3o deixou a carga exposta.<\/p>\n","protected":false},"excerpt":{"rendered":"<p>EM FOCO Resumo da mat\u00e9ria 01 Relato totalmente fict\u00edcio Fam\u00edlia, transportadora, pre\u00e7o, tempestade e m\u00f3veis molhados foram criados para ilustrar uma disputa sobre transporte e conserva\u00e7\u00e3o dos bens. fic\u00e7\u00e3o declarada 02 Chuva n\u00e3o encerra a an\u00e1lise A exist\u00eancia de tempestade precisa ser comparada com embalagem, ve\u00edculo, rota, cautelas adotadas e condi\u00e7\u00e3o dos m\u00f3veis antes da [&hellip;]<\/p>\n","protected":false},"author":30,"featured_media":262863,"comment_status":"open","ping_status":"open","sticky":false,"template":"","format":"standard","meta":{"jnews-multi-image_gallery":[],"jnews_single_post":{"format":"standard"},"jnews_primary_category":[],"jnews_social_meta":[],"jnews_override_counter":[],"footnotes":""},"categories":[29],"tags":[1333,14659,4300,326],"class_list":["post-262811","post","type-post","status-publish","format-standard","has-post-thumbnail","hentry","category-entretenimento","tag-consumidor","tag-moveis","tag-mudanca","tag-transporte"],"yoast_head":"<!-- This site is optimized with the Yoast SEO plugin v28.3 - https:\/\/yoast.com\/product\/yoast-seo-wordpress\/ -->\n<title>Fam\u00edlia paga R$ 7.200 por uma mudan\u00e7a com embalagem completa, mas os m\u00f3veis chegam molhados e empresa culpa uma tempestade no caminho - Estado de Minas - Em foco<\/title>\n<meta name=\"description\" content=\"Os m\u00f3veis chegam molhados e a transportadora culpa a tempestade. Fotos, invent\u00e1rio e embalagem contratada podem mudar toda a an\u00e1lise.\" \/>\n<meta name=\"robots\" content=\"index, follow, max-snippet:-1, max-image-preview:large, max-video-preview:-1\" \/>\n<link rel=\"canonical\" href=\"https:\/\/www.em.com.br\/emfoco\/2026\/09\/06\/familia-paga-r-7-200-por-uma-mudanca-com-embalagem-completa-mas-os-moveis-chegam-molhados-e-empresa-culpa-uma-tempestade-no-caminho\/\" \/>\n<meta property=\"og:locale\" content=\"pt_BR\" \/>\n<meta property=\"og:type\" content=\"article\" \/>\n<meta property=\"og:title\" content=\"Fam\u00edlia paga R$ 7.200 por uma mudan\u00e7a com embalagem completa, mas os m\u00f3veis chegam molhados e empresa culpa uma tempestade no caminho - Estado de Minas - Em foco\" \/>\n<meta property=\"og:description\" content=\"Os m\u00f3veis chegam molhados e a transportadora culpa a tempestade. Fotos, invent\u00e1rio e embalagem contratada podem mudar toda a an\u00e1lise.\" \/>\n<meta property=\"og:url\" content=\"https:\/\/www.em.com.br\/emfoco\/2026\/09\/06\/familia-paga-r-7-200-por-uma-mudanca-com-embalagem-completa-mas-os-moveis-chegam-molhados-e-empresa-culpa-uma-tempestade-no-caminho\/\" \/>\n<meta property=\"og:site_name\" content=\"Estado de Minas - Em foco\" \/>\n<meta property=\"article:published_time\" content=\"2026-09-06T20:37:00+00:00\" \/>\n<meta property=\"og:image\" content=\"https:\/\/www.em.com.br\/emfoco\/wp-content\/uploads\/2026\/09\/caminhao23.jpg\" \/>\n\t<meta property=\"og:image:width\" content=\"1280\" \/>\n\t<meta property=\"og:image:height\" content=\"720\" \/>\n\t<meta property=\"og:image:type\" content=\"image\/jpeg\" \/>\n<meta name=\"author\" content=\"Guilherme Ara\u00fajo\" \/>\n<meta name=\"twitter:card\" content=\"summary_large_image\" \/>\n<meta name=\"twitter:label1\" content=\"Escrito por\" \/>\n\t<meta name=\"twitter:data1\" content=\"Guilherme Ara\u00fajo\" \/>\n\t<meta name=\"twitter:label2\" content=\"Est. tempo de leitura\" \/>\n\t<meta name=\"twitter:data2\" content=\"6 minutos\" \/>\n<!-- \/ Yoast SEO plugin. -->","yoast_head_json":{"title":"Fam\u00edlia paga R$ 7.200 por uma mudan\u00e7a com embalagem completa, mas os m\u00f3veis chegam molhados e empresa culpa uma tempestade no caminho - Estado de Minas - Em foco","description":"Os m\u00f3veis chegam molhados e a transportadora culpa a tempestade. Fotos, invent\u00e1rio e embalagem contratada podem mudar toda a an\u00e1lise.","robots":{"index":"index","follow":"follow","max-snippet":"max-snippet:-1","max-image-preview":"max-image-preview:large","max-video-preview":"max-video-preview:-1"},"canonical":"https:\/\/www.em.com.br\/emfoco\/2026\/09\/06\/familia-paga-r-7-200-por-uma-mudanca-com-embalagem-completa-mas-os-moveis-chegam-molhados-e-empresa-culpa-uma-tempestade-no-caminho\/","og_locale":"pt_BR","og_type":"article","og_title":"Fam\u00edlia paga R$ 7.200 por uma mudan\u00e7a com embalagem completa, mas os m\u00f3veis chegam molhados e empresa culpa uma tempestade no caminho - Estado de Minas - Em foco","og_description":"Os m\u00f3veis chegam molhados e a transportadora culpa a tempestade. Fotos, invent\u00e1rio e embalagem contratada podem mudar toda a an\u00e1lise.","og_url":"https:\/\/www.em.com.br\/emfoco\/2026\/09\/06\/familia-paga-r-7-200-por-uma-mudanca-com-embalagem-completa-mas-os-moveis-chegam-molhados-e-empresa-culpa-uma-tempestade-no-caminho\/","og_site_name":"Estado de Minas - Em foco","article_published_time":"2026-09-06T20:37:00+00:00","og_image":[{"width":1280,"height":720,"url":"https:\/\/www.em.com.br\/emfoco\/wp-content\/uploads\/2026\/09\/caminhao23.jpg","type":"image\/jpeg"}],"author":"Guilherme Ara\u00fajo","twitter_card":"summary_large_image","twitter_misc":{"Escrito por":"Guilherme Ara\u00fajo","Est. tempo de leitura":"6 minutos"},"schema":{"@context":"https:\/\/schema.org","@graph":[{"@type":"Article","@id":"https:\/\/www.em.com.br\/emfoco\/2026\/09\/06\/familia-paga-r-7-200-por-uma-mudanca-com-embalagem-completa-mas-os-moveis-chegam-molhados-e-empresa-culpa-uma-tempestade-no-caminho\/#article","isPartOf":{"@id":"https:\/\/www.em.com.br\/emfoco\/2026\/09\/06\/familia-paga-r-7-200-por-uma-mudanca-com-embalagem-completa-mas-os-moveis-chegam-molhados-e-empresa-culpa-uma-tempestade-no-caminho\/"},"author":{"name":"Guilherme Ara\u00fajo","@id":"https:\/\/www.em.com.br\/emfoco\/#\/schema\/person\/5379e929a4b966c775d121e23f9bb421"},"headline":"Fam\u00edlia paga R$ 7.200 por uma mudan\u00e7a com embalagem completa, mas os m\u00f3veis chegam molhados e empresa culpa uma tempestade no caminho","datePublished":"2026-09-06T20:37:00+00:00","mainEntityOfPage":{"@id":"https:\/\/www.em.com.br\/emfoco\/2026\/09\/06\/familia-paga-r-7-200-por-uma-mudanca-com-embalagem-completa-mas-os-moveis-chegam-molhados-e-empresa-culpa-uma-tempestade-no-caminho\/"},"wordCount":930,"commentCount":0,"image":{"@id":"https:\/\/www.em.com.br\/emfoco\/2026\/09\/06\/familia-paga-r-7-200-por-uma-mudanca-com-embalagem-completa-mas-os-moveis-chegam-molhados-e-empresa-culpa-uma-tempestade-no-caminho\/#primaryimage"},"thumbnailUrl":"https:\/\/www.em.com.br\/emfoco\/wp-content\/uploads\/2026\/09\/caminhao23.jpg","keywords":["consumidor","m\u00f3veis","mudan\u00e7a","transporte"],"articleSection":["Entretenimento"],"inLanguage":"pt-BR","potentialAction":[{"@type":"CommentAction","name":"Comment","target":["https:\/\/www.em.com.br\/emfoco\/2026\/09\/06\/familia-paga-r-7-200-por-uma-mudanca-com-embalagem-completa-mas-os-moveis-chegam-molhados-e-empresa-culpa-uma-tempestade-no-caminho\/#respond"]}]},{"@type":"WebPage","@id":"https:\/\/www.em.com.br\/emfoco\/2026\/09\/06\/familia-paga-r-7-200-por-uma-mudanca-com-embalagem-completa-mas-os-moveis-chegam-molhados-e-empresa-culpa-uma-tempestade-no-caminho\/","url":"https:\/\/www.em.com.br\/emfoco\/2026\/09\/06\/familia-paga-r-7-200-por-uma-mudanca-com-embalagem-completa-mas-os-moveis-chegam-molhados-e-empresa-culpa-uma-tempestade-no-caminho\/","name":"Fam\u00edlia paga R$ 7.200 por uma mudan\u00e7a com embalagem completa, mas os m\u00f3veis chegam molhados e empresa culpa uma tempestade no caminho - Estado de Minas - Em foco","isPartOf":{"@id":"https:\/\/www.em.com.br\/emfoco\/#website"},"primaryImageOfPage":{"@id":"https:\/\/www.em.com.br\/emfoco\/2026\/09\/06\/familia-paga-r-7-200-por-uma-mudanca-com-embalagem-completa-mas-os-moveis-chegam-molhados-e-empresa-culpa-uma-tempestade-no-caminho\/#primaryimage"},"image":{"@id":"https:\/\/www.em.com.br\/emfoco\/2026\/09\/06\/familia-paga-r-7-200-por-uma-mudanca-com-embalagem-completa-mas-os-moveis-chegam-molhados-e-empresa-culpa-uma-tempestade-no-caminho\/#primaryimage"},"thumbnailUrl":"https:\/\/www.em.com.br\/emfoco\/wp-content\/uploads\/2026\/09\/caminhao23.jpg","datePublished":"2026-09-06T20:37:00+00:00","author":{"@id":"https:\/\/www.em.com.br\/emfoco\/#\/schema\/person\/5379e929a4b966c775d121e23f9bb421"},"description":"Os m\u00f3veis chegam molhados e a transportadora culpa a tempestade. Fotos, invent\u00e1rio e embalagem contratada podem mudar toda a an\u00e1lise.","breadcrumb":{"@id":"https:\/\/www.em.com.br\/emfoco\/2026\/09\/06\/familia-paga-r-7-200-por-uma-mudanca-com-embalagem-completa-mas-os-moveis-chegam-molhados-e-empresa-culpa-uma-tempestade-no-caminho\/#breadcrumb"},"inLanguage":"pt-BR","potentialAction":[{"@type":"ReadAction","target":["https:\/\/www.em.com.br\/emfoco\/2026\/09\/06\/familia-paga-r-7-200-por-uma-mudanca-com-embalagem-completa-mas-os-moveis-chegam-molhados-e-empresa-culpa-uma-tempestade-no-caminho\/"]}]},{"@type":"ImageObject","inLanguage":"pt-BR","@id":"https:\/\/www.em.com.br\/emfoco\/2026\/09\/06\/familia-paga-r-7-200-por-uma-mudanca-com-embalagem-completa-mas-os-moveis-chegam-molhados-e-empresa-culpa-uma-tempestade-no-caminho\/#primaryimage","url":"https:\/\/www.em.com.br\/emfoco\/wp-content\/uploads\/2026\/09\/caminhao23.jpg","contentUrl":"https:\/\/www.em.com.br\/emfoco\/wp-content\/uploads\/2026\/09\/caminhao23.jpg","width":1280,"height":720,"caption":"O tipo de embalagem contratado pode ser comparado \u00e0 prote\u00e7\u00e3o que realmente foi usada durante o transporte"},{"@type":"BreadcrumbList","@id":"https:\/\/www.em.com.br\/emfoco\/2026\/09\/06\/familia-paga-r-7-200-por-uma-mudanca-com-embalagem-completa-mas-os-moveis-chegam-molhados-e-empresa-culpa-uma-tempestade-no-caminho\/#breadcrumb","itemListElement":[{"@type":"ListItem","position":1,"name":"In\u00edcio","item":"https:\/\/www.em.com.br\/emfoco\/"},{"@type":"ListItem","position":2,"name":"Fam\u00edlia paga R$ 7.200 por uma mudan\u00e7a com embalagem completa, mas os m\u00f3veis chegam molhados e empresa culpa uma tempestade no caminho"}]},{"@type":"WebSite","@id":"https:\/\/www.em.com.br\/emfoco\/#website","url":"https:\/\/www.em.com.br\/emfoco\/","name":"Estado de Minas - Em foco","description":"Acompanhe as \u00faltimas not\u00edcias e fique bem informado sobre tudo o que acontece em Minas Gerais, Brasil e no mundo.","potentialAction":[{"@type":"SearchAction","target":{"@type":"EntryPoint","urlTemplate":"https:\/\/www.em.com.br\/emfoco\/?s={search_term_string}"},"query-input":{"@type":"PropertyValueSpecification","valueRequired":true,"valueName":"search_term_string"}}],"inLanguage":"pt-BR"},{"@type":"Person","@id":"https:\/\/www.em.com.br\/emfoco\/#\/schema\/person\/5379e929a4b966c775d121e23f9bb421","name":"Guilherme Ara\u00fajo","image":{"@type":"ImageObject","inLanguage":"pt-BR","@id":"https:\/\/secure.gravatar.com\/avatar\/063bc96e5a2afd1844386c45bd1360efc771eff011a9fab8cd399e2a104c3ecd?s=96&d=mm&r=g","url":"https:\/\/secure.gravatar.com\/avatar\/063bc96e5a2afd1844386c45bd1360efc771eff011a9fab8cd399e2a104c3ecd?s=96&d=mm&r=g","contentUrl":"https:\/\/secure.gravatar.com\/avatar\/063bc96e5a2afd1844386c45bd1360efc771eff011a9fab8cd399e2a104c3ecd?s=96&d=mm&r=g","caption":"Guilherme Ara\u00fajo"},"sameAs":["https:\/\/www.em.com.br\/emfoco"],"url":"https:\/\/www.em.com.br\/emfoco\/author\/guilhermeamyth\/"}]}},"_links":{"self":[{"href":"https:\/\/www.em.com.br\/emfoco\/wp-json\/wp\/v2\/posts\/262811","targetHints":{"allow":["GET"]}}],"collection":[{"href":"https:\/\/www.em.com.br\/emfoco\/wp-json\/wp\/v2\/posts"}],"about":[{"href":"https:\/\/www.em.com.br\/emfoco\/wp-json\/wp\/v2\/types\/post"}],"author":[{"embeddable":true,"href":"https:\/\/www.em.com.br\/emfoco\/wp-json\/wp\/v2\/users\/30"}],"replies":[{"embeddable":true,"href":"https:\/\/www.em.com.br\/emfoco\/wp-json\/wp\/v2\/comments?post=262811"}],"version-history":[{"count":4,"href":"https:\/\/www.em.com.br\/emfoco\/wp-json\/wp\/v2\/posts\/262811\/revisions"}],"predecessor-version":[{"id":262938,"href":"https:\/\/www.em.com.br\/emfoco\/wp-json\/wp\/v2\/posts\/262811\/revisions\/262938"}],"wp:featuredmedia":[{"embeddable":true,"href":"https:\/\/www.em.com.br\/emfoco\/wp-json\/wp\/v2\/media\/262863"}],"wp:attachment":[{"href":"https:\/\/www.em.com.br\/emfoco\/wp-json\/wp\/v2\/media?parent=262811"}],"wp:term":[{"taxonomy":"category","embeddable":true,"href":"https:\/\/www.em.com.br\/emfoco\/wp-json\/wp\/v2\/categories?post=262811"},{"taxonomy":"post_tag","embeddable":true,"href":"https:\/\/www.em.com.br\/emfoco\/wp-json\/wp\/v2\/tags?post=262811"}],"curies":[{"name":"wp","href":"https:\/\/api.w.org\/{rel}","templated":true}]}}