{"id":262772,"date":"2026-09-06T20:17:00","date_gmt":"2026-09-06T23:17:00","guid":{"rendered":"https:\/\/www.em.com.br\/emfoco\/?p=262772"},"modified":"2026-09-05T12:35:45","modified_gmt":"2026-09-05T15:35:45","slug":"projetos-importantes-exigem-tempo-e-esforco-como-ensina-um-proverbio-espanhol-com-quase-500-anos-zamora-nao-foi-conquistada-em-uma-hora","status":"publish","type":"post","link":"https:\/\/www.em.com.br\/emfoco\/2026\/09\/06\/projetos-importantes-exigem-tempo-e-esforco-como-ensina-um-proverbio-espanhol-com-quase-500-anos-zamora-nao-foi-conquistada-em-uma-hora\/","title":{"rendered":"Projetos importantes exigem tempo e esfor\u00e7o, como ensina um prov\u00e9rbio espanhol com quase 500 anos: \u201cZamora n\u00e3o foi conquistada em uma hora\u201d"},"content":{"rendered":"\n<div class=\"emf-summary google-auto-ads-ignore\">\n  <style>\n    .emf-summary {\n      --emf-navy:#00245a;\n      --emf-navy-soft:#0b3b70;\n      --emf-ink:#1d2731;\n      --emf-muted:#66727e;\n      --emf-line:#d7dde5;\n      --emf-paper:#ffffff;\n      --emf-wash:#f4f6f8;\n      box-sizing:border-box!important;\n      inline-size:min(1100px,100%)!important;\n      max-inline-size:100%!important;\n      margin-inline:auto!important;\n      overflow:hidden!important;\n      color:var(--emf-ink);\n      background:var(--emf-paper);\n      border:1px solid var(--emf-line);\n      border-block-start:5px solid var(--emf-navy);\n      border-radius:6px!important;\n      box-shadow:0 8px 24px rgba(0,36,90,.08);\n      font-family:Arial,Helvetica,sans-serif;\n    }\n\n    .emf-summary *,\n    .emf-summary *::before,\n    .emf-summary *::after {\n      box-sizing:border-box!important;\n    }\n\n    .emf-summary-brand {\n      display:flex;\n      align-items:center;\n      gap:14px;\n      padding:16px 20px;\n      color:#fff;\n      background:linear-gradient(105deg,var(--emf-navy) 0%,var(--emf-navy-soft) 100%);\n      border-block-end:1px solid rgba(255,255,255,.18);\n    }\n\n    .emf-summary-logo {\n      display:grid;\n      place-items:center;\n      inline-size:58px;\n      block-size:58px;\n      flex:0 0 58px;\n      background:rgba(255,255,255,.08);\n      border:1px solid rgba(255,255,255,.35);\n      border-radius:3px!important;\n    }\n\n    .emf-summary-logo img {\n      display:block;\n      inline-size:46px;\n      block-size:46px;\n      max-inline-size:46px;\n      max-block-size:46px;\n      object-fit:contain;\n    }\n\n    .emf-summary-eyebrow {\n      margin:0 0 3px;\n      font-size:11px;\n      font-weight:700;\n      letter-spacing:.18em;\n      line-height:1.2;\n      text-transform:uppercase;\n      opacity:.78;\n    }\n\n    .emf-summary-title {\n      margin:0;\n      font-family:Georgia,\"Times New Roman\",serif;\n      font-size:25px;\n      font-weight:700;\n      line-height:1.15;\n    }\n\n    .emf-summary-grid {\n      display:grid;\n      grid-template-columns:repeat(3,minmax(0,1fr));\n      gap:0;\n      background:var(--emf-wash);\n    }\n\n    .emf-summary-card {\n      position:relative;\n      min-block-size:190px;\n      padding:24px 20px 20px;\n      overflow:hidden!important;\n      background:#fff;\n      border-inline-end:1px solid var(--emf-line);\n    }\n\n    .emf-summary-card:last-child {\n      border-inline-end:0;\n    }\n\n    .emf-summary-number {\n      position:absolute;\n      inset-block-start:13px;\n      inset-inline-end:15px;\n      color:rgba(0,36,90,.10);\n      font-family:Georgia,\"Times New Roman\",serif;\n      font-size:46px;\n      font-weight:700;\n      line-height:1;\n      pointer-events:none;\n    }\n\n    .emf-summary-card-title {\n      position:relative;\n      z-index:1;\n      margin:0 0 11px;\n      padding-block-end:10px;\n      color:var(--emf-navy);\n      border-block-end:2px solid var(--emf-navy);\n      font-family:Georgia,\"Times New Roman\",serif;\n      font-size:18px;\n      font-weight:700;\n      line-height:1.3;\n      overflow-wrap:anywhere;\n    }\n\n    .emf-summary-card-text {\n      position:relative;\n      z-index:1;\n      color:#485560;\n      font-size:13px;\n      line-height:1.6;\n      overflow-wrap:anywhere;\n    }\n\n    .emf-summary-card-meta {\n      position:relative;\n      z-index:1;\n      display:inline-flex;\n      margin-block-start:16px;\n      padding:5px 8px;\n      color:var(--emf-navy);\n      background:#edf1f5;\n      border:1px solid #d9e0e7;\n      border-radius:2px!important;\n      font-size:10px;\n      font-weight:700;\n      letter-spacing:.08em;\n      line-height:1.2;\n      text-transform:uppercase;\n    }\n\n    @media(max-width:760px) {\n      .emf-summary-grid {\n        grid-template-columns:1fr;\n      }\n\n      .emf-summary-card {\n        min-block-size:0;\n        border-inline-end:0;\n        border-block-end:1px solid var(--emf-line);\n      }\n\n      .emf-summary-card:last-child {\n        border-block-end:0;\n      }\n    }\n\n    @media(max-width:480px) {\n      .emf-summary-brand {\n        padding:14px 15px;\n      }\n\n      .emf-summary-logo {\n        inline-size:52px;\n        block-size:52px;\n        flex-basis:52px;\n      }\n\n      .emf-summary-logo img {\n        inline-size:41px;\n        block-size:41px;\n        max-inline-size:41px;\n        max-block-size:41px;\n      }\n\n      .emf-summary-title {\n        font-size:22px;\n      }\n\n      .emf-summary-card {\n        padding:21px 16px 18px;\n      }\n    }\n  <\/style>\n\n  <div class=\"emf-summary-brand\">\n    <div class=\"emf-summary-logo\">\n      <img\n        alt=\"Logo EM Foco\"\n        decoding=\"async\"\n        fetchpriority=\"high\"\n        height=\"46\"\n        loading=\"eager\"\n        referrerpolicy=\"no-referrer\"\n        src=\"https:\/\/www.em.com.br\/emfoco\/wp-content\/uploads\/2026\/08\/em_transparente_3000px-scaled.png\"\n        width=\"46\"\n      >\n    <\/div>\n\n    <div>\n      <div class=\"emf-summary-eyebrow\">EM FOCO<\/div>\n      <div class=\"emf-summary-title\">Resumo da mat\u00e9ria<\/div>\n    <\/div>\n  <\/div>\n\n  <div class=\"emf-summary-grid\">\n    <div class=\"emf-summary-card\">\n      <span aria-hidden=\"true\" class=\"emf-summary-number\">01<\/span>\n      <div aria-level=\"3\" class=\"emf-summary-card-title\" role=\"heading\">\n        Tempo faz parte\n      <\/div>\n      <div class=\"emf-summary-card-text\">\n        O Instituto Cervantes define o refr\u00e3o como uma lembran\u00e7a de que alcan\u00e7ar algo importante e dif\u00edcil exige tempo e esfor\u00e7o.\n      <\/div>\n      <div class=\"emf-summary-card-meta\">\n        paci\u00eancia\n      <\/div>\n    <\/div>\n    <div class=\"emf-summary-card\">\n      <span aria-hidden=\"true\" class=\"emf-summary-number\">02<\/span>\n      <div aria-level=\"3\" class=\"emf-summary-card-title\" role=\"heading\">\n        Registro vem de 1549\n      <\/div>\n      <div class=\"emf-summary-card-text\">\n        A ficha cita o repert\u00f3rio de Pedro Vall\u00e9s, publicado em 1549, al\u00e9m de registrar uma forma semelhante em La Celestina.\n      <\/div>\n      <div class=\"emf-summary-card-meta\">\n        quase 500 anos\n      <\/div>\n    <\/div>\n    <div class=\"emf-summary-card\">\n      <span aria-hidden=\"true\" class=\"emf-summary-number\">03<\/span>\n      <div aria-level=\"3\" class=\"emf-summary-card-title\" role=\"heading\">\n        Pressa muda a expectativa\n      <\/div>\n      <div class=\"emf-summary-card-text\">\n        A express\u00e3o costuma aparecer quando algu\u00e9m quer terminar uma tarefa dif\u00edcil rapidamente e precisa ajustar a expectativa ao tamanho do trabalho.\n      <\/div>\n      <div class=\"emf-summary-card-meta\">\n        ritmo realista\n      <\/div>\n    <\/div>\n  <\/div>\n<\/div>\n\n\n\n<p class=\"wp-block-paragraph\">O prov\u00e9rbio <strong>\u201cZamora n\u00e3o foi conquistada em uma hora\u201d<\/strong> lembra que trabalhos importantes exigem tempo e esfor\u00e7o. O Instituto Cervantes associa a express\u00e3o \u00e0 paci\u00eancia e registra o refr\u00e3o em colet\u00e2nea de 1549. A frase tamb\u00e9m aparece em La Celestina, mostrando como essa imagem atravessou quase cinco s\u00e9culos.<\/p>\n\n\n\n<h2 class=\"wp-block-heading\">O que significa \u201cZamora n\u00e3o foi conquistada em uma hora\u201d?<\/h2>\n\n\n\n<p class=\"wp-block-paragraph\">O Instituto Cervantes resume o sentido dizendo que <strong>algo importante e dif\u00edcil exige tempo e esfor\u00e7o<\/strong>. A frase funciona como resposta para quem espera concluir rapidamente uma tarefa que, pela pr\u00f3pria dimens\u00e3o, depende de etapas, insist\u00eancia e trabalho acumulado ao longo de um per\u00edodo maior.<\/p>\n\n\n\n<p class=\"wp-block-paragraph\">O foco n\u00e3o est\u00e1 em defender lentid\u00e3o por si s\u00f3. H\u00e1 trabalhos r\u00e1pidos que podem ser bem feitos. O prov\u00e9rbio entra quando existe <strong>descompasso entre objetivo e prazo imaginado<\/strong>. A imagem de conquistar uma cidade refor\u00e7a a ideia de que certas metas n\u00e3o cedem a um \u00fanico impulso.<\/p>\n\n\n<div class=\"wp-block-image\">\n<figure class=\"aligncenter size-large\"><img decoding=\"async\" width=\"1024\" height=\"576\" src=\"https:\/\/www.em.com.br\/emfoco\/wp-content\/uploads\/2026\/09\/daw1-1024x576.jpg\" alt=\"\" class=\"wp-image-262838\" srcset=\"https:\/\/www.em.com.br\/emfoco\/wp-content\/uploads\/2026\/09\/daw1-1024x576.jpg 1024w, https:\/\/www.em.com.br\/emfoco\/wp-content\/uploads\/2026\/09\/daw1-300x169.jpg 300w, https:\/\/www.em.com.br\/emfoco\/wp-content\/uploads\/2026\/09\/daw1-768x432.jpg 768w, https:\/\/www.em.com.br\/emfoco\/wp-content\/uploads\/2026\/09\/daw1-750x421.jpg 750w, https:\/\/www.em.com.br\/emfoco\/wp-content\/uploads\/2026\/09\/daw1-1140x641.jpg 1140w, https:\/\/www.em.com.br\/emfoco\/wp-content\/uploads\/2026\/09\/daw1.jpg 1280w\" sizes=\"(max-width: 1024px) 100vw, 1024px\" \/><figcaption class=\"wp-element-caption\">A frase lembra que demora n\u00e3o \u00e9 necessariamente sinal de que um projeto est\u00e1 dando errado<\/figcaption><\/figure>\n<\/div>\n\n\n<h2 class=\"wp-block-heading\">Por que se diz que esse prov\u00e9rbio tem quase 500 anos?<\/h2>\n\n\n\n<p class=\"wp-block-paragraph\">A ficha do Cervantes cita como fonte um repert\u00f3rio de <strong>Pedro Vall\u00e9s publicado em 1549<\/strong>. Em 2026, essa refer\u00eancia impressa tem 477 anos. A express\u00e3o tamb\u00e9m aparece em La Celestina numa forma pr\u00f3xima, sinal de que j\u00e1 circulava antes de ser registrada naquela colet\u00e2nea de refr\u00f5es.<\/p>\n\n\n\n<p class=\"wp-block-paragraph\">O pr\u00f3prio <a href=\"https:\/\/pt.wikipedia.org\/wiki\/Zamora\" target=\"_blank\" rel=\"noopener noreferrer\"><strong>nome de Zamora<\/strong><\/a> transformou a cidade numa imagem de dificuldade prolongada. Ao longo dos s\u00e9culos, o refr\u00e3o ganhou variantes, incluindo vers\u00f5es que aproximam Zamora de Roma, Sevilla, Toledo e outras cidades associadas a conquistas ou constru\u00e7\u00f5es demoradas.<\/p>\n\n\n\n<h2 class=\"wp-block-heading\">Como aplicar o prov\u00e9rbio a um projeto que parece n\u00e3o avan\u00e7ar?<\/h2>\n\n\n\n<p class=\"wp-block-paragraph\">Primeiro, divida o objetivo em partes que possam ser conclu\u00eddas separadamente. Um trabalho longo parece parado quando s\u00f3 existe uma meta final. Quando h\u00e1 <strong>etapas intermedi\u00e1rias verific\u00e1veis<\/strong>, fica mais f\u00e1cil perceber avan\u00e7o e distinguir lentid\u00e3o normal de um processo que realmente travou.<\/p>\n\n\n\n<p class=\"wp-block-paragraph\">Depois, compare o prazo desejado com os recursos dispon\u00edveis. Poucas horas, equipe reduzida ou depend\u00eancia de terceiros imp\u00f5em limites reais. A mensagem do prov\u00e9rbio \u00e9 <strong>ajustar expectativa ao esfor\u00e7o necess\u00e1rio<\/strong>, n\u00e3o aceitar atraso sem avalia\u00e7\u00e3o. Paci\u00eancia funciona melhor quando existe m\u00e9todo e alguma evid\u00eancia de progresso.<\/p>\n\n\n\n<p class=\"myth-list-bridge wp-block-paragraph\">A seguir listamos <strong>4 sinais de progresso lento, mas real<\/strong> que ajudam a diferenciar um projeto demorado de um projeto simplesmente parado:<\/p>\n\n\n\n<ul class=\"wp-block-list myth-bullet-list\">\n<li><strong>Etapas conclu\u00eddas: <\/strong>partes menores chegam ao fim mesmo que o objetivo completo ainda esteja distante.<\/li>\n\n\n\n<li><strong>Problemas resolvidos: <\/strong>obst\u00e1culos deixam de se repetir porque solu\u00e7\u00f5es foram incorporadas ao processo.<\/li>\n\n\n\n<li><strong>Prazo revisado: <\/strong>a estimativa muda com base em trabalho real, e n\u00e3o apenas em esperan\u00e7a.<\/li>\n\n\n\n<li><strong>Pr\u00f3ximo passo definido: <\/strong>a equipe sabe o que fazer depois da etapa atual.<\/li>\n<\/ul>\n\n\n\n<p class=\"wp-block-paragraph\"><strong>Leia tamb\u00e9m: <a href=\"https:\/\/www.em.com.br\/emfoco\/2026\/09\/05\/mandar-mensagem-toda-hora-nao-faz-a-resposta-chegar-mais-rapido-o-que-ensina-o-proverbio-uma-panela-vigiada-nunca-ferve\/\" target=\"_blank\" rel=\"noreferrer noopener\">Mandar mensagem toda hora n\u00e3o faz a resposta chegar mais r\u00e1pido: o que ensina o prov\u00e9rbio \u201cUma panela vigiada nunca ferve\u201d<\/a><\/strong><\/p>\n\n\n<div class=\"wp-block-image\">\n<figure class=\"aligncenter size-large\"><img decoding=\"async\" width=\"1024\" height=\"576\" src=\"https:\/\/www.em.com.br\/emfoco\/wp-content\/uploads\/2026\/09\/muio1-1024x576.jpg\" alt=\"\" class=\"wp-image-262839\" srcset=\"https:\/\/www.em.com.br\/emfoco\/wp-content\/uploads\/2026\/09\/muio1-1024x576.jpg 1024w, https:\/\/www.em.com.br\/emfoco\/wp-content\/uploads\/2026\/09\/muio1-300x169.jpg 300w, https:\/\/www.em.com.br\/emfoco\/wp-content\/uploads\/2026\/09\/muio1-768x432.jpg 768w, https:\/\/www.em.com.br\/emfoco\/wp-content\/uploads\/2026\/09\/muio1-1140x641.jpg 1140w, https:\/\/www.em.com.br\/emfoco\/wp-content\/uploads\/2026\/09\/muio1-750x421.jpg 750w, https:\/\/www.em.com.br\/emfoco\/wp-content\/uploads\/2026\/09\/muio1.jpg 1280w\" sizes=\"(max-width: 1024px) 100vw, 1024px\" \/><figcaption class=\"wp-element-caption\">Algumas metas exigem persist\u00eancia justamente porque n\u00e3o oferecem recompensa imediata<\/figcaption><\/figure>\n<\/div>\n\n\n<h2 class=\"wp-block-heading\">Paci\u00eancia significa aceitar qualquer demora?<\/h2>\n\n\n\n<p class=\"wp-block-paragraph\">N\u00e3o. O prov\u00e9rbio valoriza <strong>tempo necess\u00e1rio<\/strong>, n\u00e3o desperd\u00edcio de tempo. Um projeto pode exigir meses e ainda assim estar mal organizado. Se prazos mudam sem motivo, tarefas se repetem ou ningu\u00e9m consegue explicar o pr\u00f3ximo passo, a demora deixa de ser consequ\u00eancia da complexidade e passa a pedir corre\u00e7\u00e3o.<\/p>\n\n\n\n<p class=\"wp-block-paragraph\">A ficha principal do <a href=\"https:\/\/cvc.cervantes.es\/lengua\/refranero\/ficha.aspx?Lng=0&amp;Par=59227\" target=\"_blank\" rel=\"noopener noreferrer\"><strong>Refranero Multiling\u00fce do Cervantes<\/strong><\/a> coloca esfor\u00e7o, tempo e paci\u00eancia como ideias-chave. As tr\u00eas precisam aparecer juntas: paci\u00eancia sem esfor\u00e7o vira espera; esfor\u00e7o sem tempo suficiente cria pressa; tempo sem dire\u00e7\u00e3o pode virar estagna\u00e7\u00e3o.<\/p>\n\n\n\n<p class=\"myth-html-bridge wp-block-paragraph\">A seguir listamos <strong>3 diferen\u00e7as entre paci\u00eancia e estagna\u00e7\u00e3o<\/strong> que ajudam a usar o prov\u00e9rbio sem transformar demora em justificativa autom\u00e1tica:<\/p>\n\n\n\n<div class=\"emf-data-table google-auto-ads-ignore\">\n  <style>\n    .emf-data-table {\n      --emf-navy:#00245a;\n      --emf-navy-soft:#0b3b70;\n      --emf-ink:#1d2731;\n      --emf-muted:#66727e;\n      --emf-line:#d7dde5;\n      --emf-wash:#f4f6f8;\n      box-sizing:border-box!important;\n      inline-size:min(1100px,100%)!important;\n      max-inline-size:100%!important;\n      margin-inline:auto!important;\n      overflow:hidden!important;\n      color:var(--emf-ink);\n      background:#fff;\n      border:1px solid var(--emf-line);\n      border-radius:6px!important;\n      box-shadow:0 8px 24px rgba(0,36,90,.08);\n      font-family:Arial,Helvetica,sans-serif;\n    }\n\n    .emf-data-table *,\n    .emf-data-table *::before,\n    .emf-data-table *::after {\n      box-sizing:border-box!important;\n    }\n\n    .emf-data-table-brand {\n      display:flex;\n      align-items:center;\n      gap:13px;\n      min-block-size:72px;\n      padding:10px 17px;\n      color:#fff;\n      background:linear-gradient(105deg,var(--emf-navy) 0%,var(--emf-navy-soft) 100%);\n      border-block-end:4px solid #c5ced8;\n    }\n\n    .emf-data-table-logo {\n      display:grid;\n      place-items:center;\n      inline-size:52px;\n      block-size:52px;\n      flex:0 0 52px;\n      background:rgba(255,255,255,.08);\n      border:1px solid rgba(255,255,255,.35);\n      border-radius:3px!important;\n    }\n\n    .emf-data-table-logo img {\n      display:block;\n      inline-size:41px;\n      block-size:41px;\n      max-inline-size:41px;\n      max-block-size:41px;\n      object-fit:contain;\n    }\n\n    .emf-data-table-kicker {\n      margin:0 0 2px;\n      font-size:10px;\n      font-weight:700;\n      letter-spacing:.16em;\n      line-height:1.2;\n      text-transform:uppercase;\n      opacity:.78;\n    }\n\n    .emf-data-table-title {\n      margin:0;\n      font-family:Georgia,\"Times New Roman\",serif;\n      font-size:21px;\n      font-weight:700;\n      line-height:1.2;\n    }\n\n    .emf-data-table-scroll {\n      display:block!important;\n      inline-size:100%!important;\n      max-inline-size:100%!important;\n      overflow-x:auto!important;\n      overflow-y:hidden!important;\n      -webkit-overflow-scrolling:touch;\n      overscroll-behavior-inline:contain;\n      scrollbar-width:thin;\n      scrollbar-color:#8798aa #edf1f5;\n    }\n\n    .emf-data-table-scroll:focus-visible {\n      outline:3px solid rgba(0,36,90,.35);\n      outline-offset:-3px;\n    }\n\n    .emf-data-table table {\n      display:table!important;\n      inline-size:100%!important;\n      min-inline-size:680px!important;\n      max-inline-size:none!important;\n      margin:0!important;\n      border:0!important;\n      border-collapse:separate!important;\n      border-spacing:0!important;\n      table-layout:auto!important;\n      background:#fff!important;\n    }\n\n    .emf-data-table caption {\n      position:absolute!important;\n      inline-size:1px!important;\n      block-size:1px!important;\n      padding:0!important;\n      margin:-1px!important;\n      overflow:hidden!important;\n      clip:rect(0,0,0,0)!important;\n      white-space:nowrap!important;\n      border:0!important;\n    }\n\n    .emf-data-table thead {\n      display:table-header-group!important;\n    }\n\n    .emf-data-table tbody {\n      display:table-row-group!important;\n    }\n\n    .emf-data-table tr {\n      display:table-row!important;\n    }\n\n    .emf-data-table th,\n    .emf-data-table td {\n      display:table-cell!important;\n      float:none!important;\n      inline-size:auto!important;\n      max-inline-size:none!important;\n      margin:0!important;\n      border-radius:0!important;\n      text-align:left!important;\n      vertical-align:middle!important;\n    }\n\n    .emf-data-table th {\n      padding:14px 17px!important;\n      color:#fff!important;\n      background:var(--emf-navy)!important;\n      border-block-end:1px solid rgba(255,255,255,.22)!important;\n      border-inline-end:1px solid rgba(255,255,255,.12)!important;\n      font-family:Georgia,\"Times New Roman\",serif;\n      font-size:14px!important;\n      font-weight:700!important;\n      line-height:1.35!important;\n      white-space:nowrap!important;\n    }\n\n    .emf-data-table th:last-child {\n      border-inline-end:0!important;\n    }\n\n    .emf-data-table td {\n      padding:14px 17px!important;\n      color:#43515e!important;\n      background:#fff!important;\n      border-block-end:1px solid var(--emf-line)!important;\n      font-size:14px!important;\n      font-weight:400!important;\n      line-height:1.5!important;\n      overflow-wrap:anywhere;\n    }\n\n    .emf-data-table tbody tr:nth-child(even) td {\n      background:var(--emf-wash)!important;\n    }\n\n    .emf-data-table tbody tr:hover td {\n      background:#eaf0f5!important;\n    }\n\n    .emf-data-table tbody tr:last-child td {\n      border-block-end:0!important;\n    }\n\n    .emf-data-table td:first-child {\n      color:var(--emf-navy)!important;\n      font-weight:700!important;\n    }\n\n    @media(max-width:560px) {\n      .emf-data-table-brand {\n        min-block-size:68px;\n        padding:9px 13px;\n      }\n\n      .emf-data-table-title {\n        font-size:19px;\n      }\n\n      .emf-data-table-scroll {\n        overflow:visible!important;\n      }\n\n      .emf-data-table table,\n      .emf-data-table thead,\n      .emf-data-table tbody,\n      .emf-data-table tr,\n      .emf-data-table th,\n      .emf-data-table td {\n        display:block!important;\n        inline-size:100%!important;\n        min-inline-size:0!important;\n        max-inline-size:100%!important;\n      }\n\n      .emf-data-table table {\n        padding:13px!important;\n      }\n\n      .emf-data-table thead {\n        position:absolute!important;\n        inline-size:1px!important;\n        block-size:1px!important;\n        padding:0!important;\n        margin:-1px!important;\n        overflow:hidden!important;\n        clip:rect(0,0,0,0)!important;\n        white-space:nowrap!important;\n      }\n\n      .emf-data-table tbody {\n        display:grid!important;\n        gap:11px;\n      }\n\n      .emf-data-table tr {\n        overflow:hidden!important;\n        background:#fff!important;\n        border:1px solid var(--emf-line)!important;\n        border-block-start:4px solid var(--emf-navy)!important;\n        border-radius:4px!important;\n        box-shadow:0 4px 12px rgba(0,36,90,.06);\n      }\n\n      .emf-data-table td,\n      .emf-data-table tbody tr:nth-child(even) td,\n      .emf-data-table tbody tr:hover td {\n        display:grid!important;\n        grid-template-columns:minmax(105px,38%) minmax(0,1fr)!important;\n        align-items:start;\n        gap:11px;\n        padding:11px 12px!important;\n        background:#fff!important;\n        border-block-end:1px solid #e2e7ec!important;\n      }\n\n      .emf-data-table td::before {\n        content:attr(data-label);\n        color:var(--emf-muted);\n        font-size:10px;\n        font-weight:700;\n        letter-spacing:.06em;\n        line-height:1.35;\n        text-transform:uppercase;\n      }\n\n      .emf-data-table td:first-child {\n        color:var(--emf-navy)!important;\n        background:#edf1f5!important;\n      }\n\n      .emf-data-table td:last-child {\n        border-block-end:0!important;\n      }\n    }\n  <\/style>\n\n  <div class=\"emf-data-table-brand\">\n    <div class=\"emf-data-table-logo\">\n      <img\n        alt=\"Logo EM Foco\"\n        decoding=\"async\"\n        height=\"41\"\n        loading=\"lazy\"\n        referrerpolicy=\"no-referrer\"\n        src=\"https:\/\/www.em.com.br\/emfoco\/wp-content\/uploads\/2026\/08\/em_transparente_3000px-scaled.png\"\n        width=\"41\"\n      >\n    <\/div>\n\n    <div>\n      <div class=\"emf-data-table-kicker\">DADOS EM FOCO<\/div>\n      <div class=\"emf-data-table-title\">Quando demora n\u00e3o significa fracasso<\/div>\n    <\/div>\n  <\/div>\n\n  <div aria-label=\"Tabela com situa\u00e7\u00e3o, interpreta\u00e7\u00e3o e resposta em projetos demorados\" class=\"emf-data-table-scroll\" role=\"region\" tabindex=\"0\">\n    <table>\n      <caption>Resumo de diferen\u00e7as entre progresso lento e estagna\u00e7\u00e3o<\/caption>\n      <thead>\n        <tr>\n          <th scope=\"col\">Situa\u00e7\u00e3o<\/th>\n          <th scope=\"col\">Interpreta\u00e7\u00e3o<\/th>\n          <th scope=\"col\">Resposta<\/th>\n        <\/tr>\n      <\/thead>\n      <tbody>\n        <tr>\n          <td data-label=\"Situa\u00e7\u00e3o\">Etapas avan\u00e7am<\/td>\n          <td data-label=\"Interpreta\u00e7\u00e3o\">Demora esperada<\/td>\n          <td data-label=\"Resposta\">Manter o ritmo<\/td>\n        <\/tr>\n        <tr>\n          <td data-label=\"Situa\u00e7\u00e3o\">Prazo era irreal<\/td>\n          <td data-label=\"Interpreta\u00e7\u00e3o\">Estimativa insuficiente<\/td>\n          <td data-label=\"Resposta\">Recalcular<\/td>\n        <\/tr>\n        <tr>\n          <td data-label=\"Situa\u00e7\u00e3o\">Nada muda por muito tempo<\/td>\n          <td data-label=\"Interpreta\u00e7\u00e3o\">Poss\u00edvel estagna\u00e7\u00e3o<\/td>\n          <td data-label=\"Resposta\">Revisar m\u00e9todo<\/td>\n        <\/tr>\n      <\/tbody>\n    <\/table>\n  <\/div>\n<\/div>\n\n\n\n<h2 class=\"wp-block-heading\">Qual \u00e9 a li\u00e7\u00e3o de Zamora para quem quer terminar tudo depressa?<\/h2>\n\n\n\n<p class=\"wp-block-paragraph\">Projetos grandes costumam exigir <strong>sequ\u00eancia, repeti\u00e7\u00e3o e corre\u00e7\u00e3o<\/strong>. Tentar comprimir todas as etapas pode apenas transferir trabalho para depois, em forma de erro, retrabalho ou decis\u00f5es mal avaliadas. Um prazo realista n\u00e3o diminui a ambi\u00e7\u00e3o; ele oferece espa\u00e7o para que o resultado tenha a qualidade que o objetivo exige.<\/p>\n\n\n\n<p class=\"wp-block-paragraph\">\u201c<strong>Zamora n\u00e3o foi conquistada em uma hora<\/strong>\u201d sobrevive porque transforma uma dificuldade antiga numa regra de expectativa. Quase cinco s\u00e9culos de registros mostram uma ideia que continua reconhec\u00edvel: algumas coisas importantes n\u00e3o demoram porque estamos fracassando, mas porque o tamanho do trabalho simplesmente n\u00e3o cabe numa hora.<\/p>\n","protected":false},"excerpt":{"rendered":"<p>EM FOCO Resumo da mat\u00e9ria 01 Tempo faz parte O Instituto Cervantes define o refr\u00e3o como uma lembran\u00e7a de que alcan\u00e7ar algo importante e dif\u00edcil exige tempo e esfor\u00e7o. paci\u00eancia 02 Registro vem de 1549 A ficha cita o repert\u00f3rio de Pedro Vall\u00e9s, publicado em 1549, al\u00e9m de registrar uma forma semelhante em La Celestina. [&hellip;]<\/p>\n","protected":false},"author":30,"featured_media":262837,"comment_status":"open","ping_status":"open","sticky":false,"template":"","format":"standard","meta":{"jnews-multi-image_gallery":[],"jnews_single_post":{"format":"standard"},"jnews_primary_category":[],"jnews_social_meta":[],"jnews_override_counter":[],"footnotes":""},"categories":[8819],"tags":[36027,1014,12160,155],"class_list":["post-262772","post","type-post","status-publish","format-standard","has-post-thumbnail","hentry","category-curiosidades","tag-esforco","tag-paciencia","tag-proverbios","tag-tempo"],"yoast_head":"<!-- This site is optimized with the Yoast SEO plugin v28.3 - https:\/\/yoast.com\/product\/yoast-seo-wordpress\/ -->\n<title>Projetos importantes exigem tempo e esfor\u00e7o, como ensina um prov\u00e9rbio espanhol com quase 500 anos: \u201cZamora n\u00e3o foi conquistada em uma hora\u201d - Estado de Minas - Em foco<\/title>\n<meta name=\"description\" content=\"A pressa pode fazer um projeto longo parecer parado antes da hora. Veja por que este prov\u00e9rbio espanhol continua sendo um lembrete \u00fatil.\" \/>\n<meta name=\"robots\" content=\"index, follow, max-snippet:-1, max-image-preview:large, max-video-preview:-1\" \/>\n<link rel=\"canonical\" href=\"https:\/\/www.em.com.br\/emfoco\/2026\/09\/06\/projetos-importantes-exigem-tempo-e-esforco-como-ensina-um-proverbio-espanhol-com-quase-500-anos-zamora-nao-foi-conquistada-em-uma-hora\/\" \/>\n<meta property=\"og:locale\" content=\"pt_BR\" \/>\n<meta property=\"og:type\" content=\"article\" \/>\n<meta property=\"og:title\" content=\"Projetos importantes exigem tempo e esfor\u00e7o, como ensina um prov\u00e9rbio espanhol com quase 500 anos: \u201cZamora n\u00e3o foi conquistada em uma hora\u201d - Estado de Minas - Em foco\" \/>\n<meta property=\"og:description\" content=\"A pressa pode fazer um projeto longo parecer parado antes da hora. Veja por que este prov\u00e9rbio espanhol continua sendo um lembrete \u00fatil.\" \/>\n<meta property=\"og:url\" content=\"https:\/\/www.em.com.br\/emfoco\/2026\/09\/06\/projetos-importantes-exigem-tempo-e-esforco-como-ensina-um-proverbio-espanhol-com-quase-500-anos-zamora-nao-foi-conquistada-em-uma-hora\/\" \/>\n<meta property=\"og:site_name\" content=\"Estado de Minas - Em foco\" \/>\n<meta property=\"article:published_time\" content=\"2026-09-06T23:17:00+00:00\" \/>\n<meta property=\"og:image\" content=\"https:\/\/www.em.com.br\/emfoco\/wp-content\/uploads\/2026\/09\/capa1-5.jpg\" \/>\n\t<meta property=\"og:image:width\" content=\"1280\" \/>\n\t<meta property=\"og:image:height\" content=\"720\" \/>\n\t<meta property=\"og:image:type\" content=\"image\/jpeg\" \/>\n<meta name=\"author\" content=\"Guilherme Ara\u00fajo\" \/>\n<meta name=\"twitter:card\" content=\"summary_large_image\" \/>\n<meta name=\"twitter:label1\" content=\"Escrito por\" \/>\n\t<meta name=\"twitter:data1\" content=\"Guilherme Ara\u00fajo\" \/>\n\t<meta name=\"twitter:label2\" content=\"Est. tempo de leitura\" \/>\n\t<meta name=\"twitter:data2\" content=\"6 minutos\" \/>\n<!-- \/ Yoast SEO plugin. -->","yoast_head_json":{"title":"Projetos importantes exigem tempo e esfor\u00e7o, como ensina um prov\u00e9rbio espanhol com quase 500 anos: \u201cZamora n\u00e3o foi conquistada em uma hora\u201d - Estado de Minas - Em foco","description":"A pressa pode fazer um projeto longo parecer parado antes da hora. Veja por que este prov\u00e9rbio espanhol continua sendo um lembrete \u00fatil.","robots":{"index":"index","follow":"follow","max-snippet":"max-snippet:-1","max-image-preview":"max-image-preview:large","max-video-preview":"max-video-preview:-1"},"canonical":"https:\/\/www.em.com.br\/emfoco\/2026\/09\/06\/projetos-importantes-exigem-tempo-e-esforco-como-ensina-um-proverbio-espanhol-com-quase-500-anos-zamora-nao-foi-conquistada-em-uma-hora\/","og_locale":"pt_BR","og_type":"article","og_title":"Projetos importantes exigem tempo e esfor\u00e7o, como ensina um prov\u00e9rbio espanhol com quase 500 anos: \u201cZamora n\u00e3o foi conquistada em uma hora\u201d - Estado de Minas - Em foco","og_description":"A pressa pode fazer um projeto longo parecer parado antes da hora. Veja por que este prov\u00e9rbio espanhol continua sendo um lembrete \u00fatil.","og_url":"https:\/\/www.em.com.br\/emfoco\/2026\/09\/06\/projetos-importantes-exigem-tempo-e-esforco-como-ensina-um-proverbio-espanhol-com-quase-500-anos-zamora-nao-foi-conquistada-em-uma-hora\/","og_site_name":"Estado de Minas - Em foco","article_published_time":"2026-09-06T23:17:00+00:00","og_image":[{"width":1280,"height":720,"url":"https:\/\/www.em.com.br\/emfoco\/wp-content\/uploads\/2026\/09\/capa1-5.jpg","type":"image\/jpeg"}],"author":"Guilherme Ara\u00fajo","twitter_card":"summary_large_image","twitter_misc":{"Escrito por":"Guilherme Ara\u00fajo","Est. tempo de leitura":"6 minutos"},"schema":{"@context":"https:\/\/schema.org","@graph":[{"@type":"Article","@id":"https:\/\/www.em.com.br\/emfoco\/2026\/09\/06\/projetos-importantes-exigem-tempo-e-esforco-como-ensina-um-proverbio-espanhol-com-quase-500-anos-zamora-nao-foi-conquistada-em-uma-hora\/#article","isPartOf":{"@id":"https:\/\/www.em.com.br\/emfoco\/2026\/09\/06\/projetos-importantes-exigem-tempo-e-esforco-como-ensina-um-proverbio-espanhol-com-quase-500-anos-zamora-nao-foi-conquistada-em-uma-hora\/"},"author":{"name":"Guilherme Ara\u00fajo","@id":"https:\/\/www.em.com.br\/emfoco\/#\/schema\/person\/5379e929a4b966c775d121e23f9bb421"},"headline":"Projetos importantes exigem tempo e esfor\u00e7o, como ensina um prov\u00e9rbio espanhol com quase 500 anos: \u201cZamora n\u00e3o foi conquistada em uma hora\u201d","datePublished":"2026-09-06T23:17:00+00:00","mainEntityOfPage":{"@id":"https:\/\/www.em.com.br\/emfoco\/2026\/09\/06\/projetos-importantes-exigem-tempo-e-esforco-como-ensina-um-proverbio-espanhol-com-quase-500-anos-zamora-nao-foi-conquistada-em-uma-hora\/"},"wordCount":955,"commentCount":0,"image":{"@id":"https:\/\/www.em.com.br\/emfoco\/2026\/09\/06\/projetos-importantes-exigem-tempo-e-esforco-como-ensina-um-proverbio-espanhol-com-quase-500-anos-zamora-nao-foi-conquistada-em-uma-hora\/#primaryimage"},"thumbnailUrl":"https:\/\/www.em.com.br\/emfoco\/wp-content\/uploads\/2026\/09\/capa1-5.jpg","keywords":["esfor\u00e7o","paci\u00eancia","prov\u00e9rbios","tempo"],"articleSection":["Curiosidades"],"inLanguage":"pt-BR","potentialAction":[{"@type":"CommentAction","name":"Comment","target":["https:\/\/www.em.com.br\/emfoco\/2026\/09\/06\/projetos-importantes-exigem-tempo-e-esforco-como-ensina-um-proverbio-espanhol-com-quase-500-anos-zamora-nao-foi-conquistada-em-uma-hora\/#respond"]}]},{"@type":"WebPage","@id":"https:\/\/www.em.com.br\/emfoco\/2026\/09\/06\/projetos-importantes-exigem-tempo-e-esforco-como-ensina-um-proverbio-espanhol-com-quase-500-anos-zamora-nao-foi-conquistada-em-uma-hora\/","url":"https:\/\/www.em.com.br\/emfoco\/2026\/09\/06\/projetos-importantes-exigem-tempo-e-esforco-como-ensina-um-proverbio-espanhol-com-quase-500-anos-zamora-nao-foi-conquistada-em-uma-hora\/","name":"Projetos importantes exigem tempo e esfor\u00e7o, como ensina um prov\u00e9rbio espanhol com quase 500 anos: \u201cZamora n\u00e3o foi conquistada em uma hora\u201d - Estado de Minas - Em foco","isPartOf":{"@id":"https:\/\/www.em.com.br\/emfoco\/#website"},"primaryImageOfPage":{"@id":"https:\/\/www.em.com.br\/emfoco\/2026\/09\/06\/projetos-importantes-exigem-tempo-e-esforco-como-ensina-um-proverbio-espanhol-com-quase-500-anos-zamora-nao-foi-conquistada-em-uma-hora\/#primaryimage"},"image":{"@id":"https:\/\/www.em.com.br\/emfoco\/2026\/09\/06\/projetos-importantes-exigem-tempo-e-esforco-como-ensina-um-proverbio-espanhol-com-quase-500-anos-zamora-nao-foi-conquistada-em-uma-hora\/#primaryimage"},"thumbnailUrl":"https:\/\/www.em.com.br\/emfoco\/wp-content\/uploads\/2026\/09\/capa1-5.jpg","datePublished":"2026-09-06T23:17:00+00:00","author":{"@id":"https:\/\/www.em.com.br\/emfoco\/#\/schema\/person\/5379e929a4b966c775d121e23f9bb421"},"description":"A pressa pode fazer um projeto longo parecer parado antes da hora. Veja por que este prov\u00e9rbio espanhol continua sendo um lembrete \u00fatil.","breadcrumb":{"@id":"https:\/\/www.em.com.br\/emfoco\/2026\/09\/06\/projetos-importantes-exigem-tempo-e-esforco-como-ensina-um-proverbio-espanhol-com-quase-500-anos-zamora-nao-foi-conquistada-em-uma-hora\/#breadcrumb"},"inLanguage":"pt-BR","potentialAction":[{"@type":"ReadAction","target":["https:\/\/www.em.com.br\/emfoco\/2026\/09\/06\/projetos-importantes-exigem-tempo-e-esforco-como-ensina-um-proverbio-espanhol-com-quase-500-anos-zamora-nao-foi-conquistada-em-uma-hora\/"]}]},{"@type":"ImageObject","inLanguage":"pt-BR","@id":"https:\/\/www.em.com.br\/emfoco\/2026\/09\/06\/projetos-importantes-exigem-tempo-e-esforco-como-ensina-um-proverbio-espanhol-com-quase-500-anos-zamora-nao-foi-conquistada-em-uma-hora\/#primaryimage","url":"https:\/\/www.em.com.br\/emfoco\/wp-content\/uploads\/2026\/09\/capa1-5.jpg","contentUrl":"https:\/\/www.em.com.br\/emfoco\/wp-content\/uploads\/2026\/09\/capa1-5.jpg","width":1280,"height":720,"caption":"Resultados grandes costumam ser constru\u00eddos por etapas que nem sempre parecem importantes isoladamente"},{"@type":"BreadcrumbList","@id":"https:\/\/www.em.com.br\/emfoco\/2026\/09\/06\/projetos-importantes-exigem-tempo-e-esforco-como-ensina-um-proverbio-espanhol-com-quase-500-anos-zamora-nao-foi-conquistada-em-uma-hora\/#breadcrumb","itemListElement":[{"@type":"ListItem","position":1,"name":"In\u00edcio","item":"https:\/\/www.em.com.br\/emfoco\/"},{"@type":"ListItem","position":2,"name":"Projetos importantes exigem tempo e esfor\u00e7o, como ensina um prov\u00e9rbio espanhol com quase 500 anos: \u201cZamora n\u00e3o foi conquistada em uma hora\u201d"}]},{"@type":"WebSite","@id":"https:\/\/www.em.com.br\/emfoco\/#website","url":"https:\/\/www.em.com.br\/emfoco\/","name":"Estado de Minas - Em foco","description":"Acompanhe as \u00faltimas not\u00edcias e fique bem informado sobre tudo o que acontece em Minas Gerais, Brasil e no mundo.","potentialAction":[{"@type":"SearchAction","target":{"@type":"EntryPoint","urlTemplate":"https:\/\/www.em.com.br\/emfoco\/?s={search_term_string}"},"query-input":{"@type":"PropertyValueSpecification","valueRequired":true,"valueName":"search_term_string"}}],"inLanguage":"pt-BR"},{"@type":"Person","@id":"https:\/\/www.em.com.br\/emfoco\/#\/schema\/person\/5379e929a4b966c775d121e23f9bb421","name":"Guilherme Ara\u00fajo","image":{"@type":"ImageObject","inLanguage":"pt-BR","@id":"https:\/\/secure.gravatar.com\/avatar\/063bc96e5a2afd1844386c45bd1360efc771eff011a9fab8cd399e2a104c3ecd?s=96&d=mm&r=g","url":"https:\/\/secure.gravatar.com\/avatar\/063bc96e5a2afd1844386c45bd1360efc771eff011a9fab8cd399e2a104c3ecd?s=96&d=mm&r=g","contentUrl":"https:\/\/secure.gravatar.com\/avatar\/063bc96e5a2afd1844386c45bd1360efc771eff011a9fab8cd399e2a104c3ecd?s=96&d=mm&r=g","caption":"Guilherme Ara\u00fajo"},"sameAs":["https:\/\/www.em.com.br\/emfoco"],"url":"https:\/\/www.em.com.br\/emfoco\/author\/guilhermeamyth\/"}]}},"_links":{"self":[{"href":"https:\/\/www.em.com.br\/emfoco\/wp-json\/wp\/v2\/posts\/262772","targetHints":{"allow":["GET"]}}],"collection":[{"href":"https:\/\/www.em.com.br\/emfoco\/wp-json\/wp\/v2\/posts"}],"about":[{"href":"https:\/\/www.em.com.br\/emfoco\/wp-json\/wp\/v2\/types\/post"}],"author":[{"embeddable":true,"href":"https:\/\/www.em.com.br\/emfoco\/wp-json\/wp\/v2\/users\/30"}],"replies":[{"embeddable":true,"href":"https:\/\/www.em.com.br\/emfoco\/wp-json\/wp\/v2\/comments?post=262772"}],"version-history":[{"count":5,"href":"https:\/\/www.em.com.br\/emfoco\/wp-json\/wp\/v2\/posts\/262772\/revisions"}],"predecessor-version":[{"id":262941,"href":"https:\/\/www.em.com.br\/emfoco\/wp-json\/wp\/v2\/posts\/262772\/revisions\/262941"}],"wp:featuredmedia":[{"embeddable":true,"href":"https:\/\/www.em.com.br\/emfoco\/wp-json\/wp\/v2\/media\/262837"}],"wp:attachment":[{"href":"https:\/\/www.em.com.br\/emfoco\/wp-json\/wp\/v2\/media?parent=262772"}],"wp:term":[{"taxonomy":"category","embeddable":true,"href":"https:\/\/www.em.com.br\/emfoco\/wp-json\/wp\/v2\/categories?post=262772"},{"taxonomy":"post_tag","embeddable":true,"href":"https:\/\/www.em.com.br\/emfoco\/wp-json\/wp\/v2\/tags?post=262772"}],"curies":[{"name":"wp","href":"https:\/\/api.w.org\/{rel}","templated":true}]}}