{"id":262771,"date":"2026-09-06T13:07:00","date_gmt":"2026-09-06T16:07:00","guid":{"rendered":"https:\/\/www.em.com.br\/emfoco\/?p=262771"},"modified":"2026-09-05T12:35:43","modified_gmt":"2026-09-05T15:35:43","slug":"tentar-fazer-muitas-coisas-ao-mesmo-tempo-pode-impedir-qualquer-avanco-como-alerta-o-proverbio-espanhol-quem-muito-abarca-pouco-aperta","status":"publish","type":"post","link":"https:\/\/www.em.com.br\/emfoco\/2026\/09\/06\/tentar-fazer-muitas-coisas-ao-mesmo-tempo-pode-impedir-qualquer-avanco-como-alerta-o-proverbio-espanhol-quem-muito-abarca-pouco-aperta\/","title":{"rendered":"Tentar fazer muitas coisas ao mesmo tempo pode impedir qualquer avan\u00e7o, como alerta o prov\u00e9rbio espanhol: \u201cQuem muito abarca, pouco aperta\u201d"},"content":{"rendered":"\n<div class=\"emf-summary google-auto-ads-ignore\">\n  <style>\n    .emf-summary {\n      --emf-navy:#00245a;\n      --emf-navy-soft:#0b3b70;\n      --emf-ink:#1d2731;\n      --emf-muted:#66727e;\n      --emf-line:#d7dde5;\n      --emf-paper:#ffffff;\n      --emf-wash:#f4f6f8;\n      box-sizing:border-box!important;\n      inline-size:min(1100px,100%)!important;\n      max-inline-size:100%!important;\n      margin-inline:auto!important;\n      overflow:hidden!important;\n      color:var(--emf-ink);\n      background:var(--emf-paper);\n      border:1px solid var(--emf-line);\n      border-block-start:5px solid var(--emf-navy);\n      border-radius:6px!important;\n      box-shadow:0 8px 24px rgba(0,36,90,.08);\n      font-family:Arial,Helvetica,sans-serif;\n    }\n\n    .emf-summary *,\n    .emf-summary *::before,\n    .emf-summary *::after {\n      box-sizing:border-box!important;\n    }\n\n    .emf-summary-brand {\n      display:flex;\n      align-items:center;\n      gap:14px;\n      padding:16px 20px;\n      color:#fff;\n      background:linear-gradient(105deg,var(--emf-navy) 0%,var(--emf-navy-soft) 100%);\n      border-block-end:1px solid rgba(255,255,255,.18);\n    }\n\n    .emf-summary-logo {\n      display:grid;\n      place-items:center;\n      inline-size:58px;\n      block-size:58px;\n      flex:0 0 58px;\n      background:rgba(255,255,255,.08);\n      border:1px solid rgba(255,255,255,.35);\n      border-radius:3px!important;\n    }\n\n    .emf-summary-logo img {\n      display:block;\n      inline-size:46px;\n      block-size:46px;\n      max-inline-size:46px;\n      max-block-size:46px;\n      object-fit:contain;\n    }\n\n    .emf-summary-eyebrow {\n      margin:0 0 3px;\n      font-size:11px;\n      font-weight:700;\n      letter-spacing:.18em;\n      line-height:1.2;\n      text-transform:uppercase;\n      opacity:.78;\n    }\n\n    .emf-summary-title {\n      margin:0;\n      font-family:Georgia,\"Times New Roman\",serif;\n      font-size:25px;\n      font-weight:700;\n      line-height:1.15;\n    }\n\n    .emf-summary-grid {\n      display:grid;\n      grid-template-columns:repeat(3,minmax(0,1fr));\n      gap:0;\n      background:var(--emf-wash);\n    }\n\n    .emf-summary-card {\n      position:relative;\n      min-block-size:190px;\n      padding:24px 20px 20px;\n      overflow:hidden!important;\n      background:#fff;\n      border-inline-end:1px solid var(--emf-line);\n    }\n\n    .emf-summary-card:last-child {\n      border-inline-end:0;\n    }\n\n    .emf-summary-number {\n      position:absolute;\n      inset-block-start:13px;\n      inset-inline-end:15px;\n      color:rgba(0,36,90,.10);\n      font-family:Georgia,\"Times New Roman\",serif;\n      font-size:46px;\n      font-weight:700;\n      line-height:1;\n      pointer-events:none;\n    }\n\n    .emf-summary-card-title {\n      position:relative;\n      z-index:1;\n      margin:0 0 11px;\n      padding-block-end:10px;\n      color:var(--emf-navy);\n      border-block-end:2px solid var(--emf-navy);\n      font-family:Georgia,\"Times New Roman\",serif;\n      font-size:18px;\n      font-weight:700;\n      line-height:1.3;\n      overflow-wrap:anywhere;\n    }\n\n    .emf-summary-card-text {\n      position:relative;\n      z-index:1;\n      color:#485560;\n      font-size:13px;\n      line-height:1.6;\n      overflow-wrap:anywhere;\n    }\n\n    .emf-summary-card-meta {\n      position:relative;\n      z-index:1;\n      display:inline-flex;\n      margin-block-start:16px;\n      padding:5px 8px;\n      color:var(--emf-navy);\n      background:#edf1f5;\n      border:1px solid #d9e0e7;\n      border-radius:2px!important;\n      font-size:10px;\n      font-weight:700;\n      letter-spacing:.08em;\n      line-height:1.2;\n      text-transform:uppercase;\n    }\n\n    @media(max-width:760px) {\n      .emf-summary-grid {\n        grid-template-columns:1fr;\n      }\n\n      .emf-summary-card {\n        min-block-size:0;\n        border-inline-end:0;\n        border-block-end:1px solid var(--emf-line);\n      }\n\n      .emf-summary-card:last-child {\n        border-block-end:0;\n      }\n    }\n\n    @media(max-width:480px) {\n      .emf-summary-brand {\n        padding:14px 15px;\n      }\n\n      .emf-summary-logo {\n        inline-size:52px;\n        block-size:52px;\n        flex-basis:52px;\n      }\n\n      .emf-summary-logo img {\n        inline-size:41px;\n        block-size:41px;\n        max-inline-size:41px;\n        max-block-size:41px;\n      }\n\n      .emf-summary-title {\n        font-size:22px;\n      }\n\n      .emf-summary-card {\n        padding:21px 16px 18px;\n      }\n    }\n  <\/style>\n\n  <div class=\"emf-summary-brand\">\n    <div class=\"emf-summary-logo\">\n      <img\n        alt=\"Logo EM Foco\"\n        decoding=\"async\"\n        fetchpriority=\"high\"\n        height=\"46\"\n        loading=\"eager\"\n        referrerpolicy=\"no-referrer\"\n        src=\"https:\/\/www.em.com.br\/emfoco\/wp-content\/uploads\/2026\/08\/em_transparente_3000px-scaled.png\"\n        width=\"46\"\n      >\n    <\/div>\n\n    <div>\n      <div class=\"emf-summary-eyebrow\">EM FOCO<\/div>\n      <div class=\"emf-summary-title\">Resumo da mat\u00e9ria<\/div>\n    <\/div>\n  <\/div>\n\n  <div class=\"emf-summary-grid\">\n    <div class=\"emf-summary-card\">\n      <span aria-hidden=\"true\" class=\"emf-summary-number\">01<\/span>\n      <div aria-level=\"3\" class=\"emf-summary-card-title\" role=\"heading\">\n        Muitas tarefas dispersam\n      <\/div>\n      <div class=\"emf-summary-card-text\">\n        O sentido registrado pelo Instituto Cervantes aponta para quem tenta empreender v\u00e1rias coisas ao mesmo tempo e n\u00e3o executa bem nenhuma.\n      <\/div>\n      <div class=\"emf-summary-card-meta\">\n        foco dividido\n      <\/div>\n    <\/div>\n    <div class=\"emf-summary-card\">\n      <span aria-hidden=\"true\" class=\"emf-summary-number\">02<\/span>\n      <div aria-level=\"3\" class=\"emf-summary-card-title\" role=\"heading\">\n        A frase ainda circula\n      <\/div>\n      <div class=\"emf-summary-card-text\">\n        O refr\u00e3o \u00e9 marcado como de uso atual e pode ser aplicado tanto a tarefas pr\u00e1ticas quanto \u00e0 aten\u00e7\u00e3o espalhada por v\u00e1rios assuntos.\n      <\/div>\n      <div class=\"emf-summary-card-meta\">\n        uso atual\n      <\/div>\n    <\/div>\n    <div class=\"emf-summary-card\">\n      <span aria-hidden=\"true\" class=\"emf-summary-number\">03<\/span>\n      <div aria-level=\"3\" class=\"emf-summary-card-title\" role=\"heading\">\n        N\u00e3o pro\u00edbe ambi\u00e7\u00e3o\n      <\/div>\n      <div class=\"emf-summary-card-text\">\n        A advert\u00eancia n\u00e3o \u00e9 contra projetos grandes, mas contra assumir mais frentes do que tempo, energia e concentra\u00e7\u00e3o conseguem sustentar.\n      <\/div>\n      <div class=\"emf-summary-card-meta\">\n        limite de carga\n      <\/div>\n    <\/div>\n  <\/div>\n<\/div>\n\n\n\n<p class=\"wp-block-paragraph\">O prov\u00e9rbio <strong>\u201cQuem muito abarca, pouco aperta\u201d<\/strong> alerta para o risco de assumir tarefas demais e acabar sem fazer nenhuma t\u00e3o bem quanto poderia. O Instituto Cervantes relaciona a express\u00e3o \u00e0 dispers\u00e3o de esfor\u00e7o. A ideia n\u00e3o condena ter muitos interesses; ela questiona quando tentar abra\u00e7ar tudo impede avan\u00e7o real.<\/p>\n\n\n\n<h2 class=\"wp-block-heading\">O que significa \u201cQuem muito abarca, pouco aperta\u201d?<\/h2>\n\n\n\n<p class=\"wp-block-paragraph\">O sentido registrado pelo <strong>Instituto Cervantes<\/strong> \u00e9 direto: quem tenta assumir v\u00e1rias coisas ao mesmo tempo pode acabar sem desempenhar bem nenhuma. A imagem de \u201cabarcar\u201d sugere querer segurar muito de uma vez, enquanto \u201capertar\u201d representa conseguir dominar ou executar aquilo que foi assumido.<\/p>\n\n\n\n<p class=\"wp-block-paragraph\">O prov\u00e9rbio n\u00e3o afirma que uma pessoa s\u00f3 possa ter <strong>um objetivo por vez<\/strong>. Ele chama aten\u00e7\u00e3o para limite de capacidade. Quando tarefas, prazos e decis\u00f5es competem pelo mesmo tempo, cada frente pode receber menos aten\u00e7\u00e3o do que exige, mesmo que todas pare\u00e7am importantes individualmente.<\/p>\n\n\n<div class=\"wp-block-image\">\n<figure class=\"aligncenter size-large\"><img decoding=\"async\" width=\"1024\" height=\"576\" src=\"https:\/\/www.em.com.br\/emfoco\/wp-content\/uploads\/2026\/09\/atividade-1024x576.jpg\" alt=\"\" class=\"wp-image-262834\" srcset=\"https:\/\/www.em.com.br\/emfoco\/wp-content\/uploads\/2026\/09\/atividade-1024x576.jpg 1024w, https:\/\/www.em.com.br\/emfoco\/wp-content\/uploads\/2026\/09\/atividade-300x169.jpg 300w, https:\/\/www.em.com.br\/emfoco\/wp-content\/uploads\/2026\/09\/atividade-768x432.jpg 768w, https:\/\/www.em.com.br\/emfoco\/wp-content\/uploads\/2026\/09\/atividade-750x421.jpg 750w, https:\/\/www.em.com.br\/emfoco\/wp-content\/uploads\/2026\/09\/atividade-1140x641.jpg 1140w, https:\/\/www.em.com.br\/emfoco\/wp-content\/uploads\/2026\/09\/atividade.jpg 1280w\" sizes=\"(max-width: 1024px) 100vw, 1024px\" \/><figcaption class=\"wp-element-caption\">O prov\u00e9rbio lembra que capacidade e tempo continuam tendo limites mesmo quando a vontade \u00e9 grande<\/figcaption><\/figure>\n<\/div>\n\n\n<h2 class=\"wp-block-heading\">Por que o prov\u00e9rbio tamb\u00e9m fala de aten\u00e7\u00e3o dispersa?<\/h2>\n\n\n\n<p class=\"wp-block-paragraph\">A ficha do Cervantes amplia o significado para a capacidade intelectual que fica <strong>espalhada entre v\u00e1rios assuntos<\/strong> e n\u00e3o rende como deveria. Isso aproxima o refr\u00e3o de situa\u00e7\u00f5es em que algu\u00e9m come\u00e7a diversos projetos, alterna constantemente de foco e termina o dia com muita atividade, mas pouco progresso conclu\u00eddo.<\/p>\n\n\n\n<p class=\"wp-block-paragraph\">A express\u00e3o j\u00e1 aparece em <a href=\"https:\/\/pt.wikipedia.org\/wiki\/La_Celestina\" target=\"_blank\" rel=\"noopener noreferrer\"><strong>La Celestina<\/strong><\/a>, na forma \u201cQuien mucho abarca, poco suele apretar\u201d. Isso mostra que a advert\u00eancia circula h\u00e1 s\u00e9culos, mesmo que hoje seja aplicada a contextos que n\u00e3o existiam quando a obra foi escrita.<\/p>\n\n\n\n<h2 class=\"wp-block-heading\">Como perceber quando voc\u00ea est\u00e1 tentando abarcar coisas demais?<\/h2>\n\n\n\n<p class=\"wp-block-paragraph\">Um sinal \u00e9 iniciar muitas frentes e concluir poucas. Outro aparece quando cada nova demanda obriga a abandonar temporariamente algo que j\u00e1 estava em andamento. Nesse ponto, <strong>quantidade de tarefas deixa de significar produtividade<\/strong> e passa a criar uma fila de pend\u00eancias que cresce mais r\u00e1pido do que avan\u00e7a.<\/p>\n\n\n\n<p class=\"wp-block-paragraph\">Tamb\u00e9m vale observar a qualidade. Se erros aumentam, prazos escorregam e nenhuma atividade recebe tempo suficiente para ficar pronta, talvez seja necess\u00e1rio reduzir o n\u00famero de compromissos simult\u00e2neos. O refr\u00e3o sugere <strong>escolher o que merece press\u00e3o agora<\/strong>, em vez de tentar apertar tudo com a mesma for\u00e7a.<\/p>\n\n\n\n<p class=\"myth-list-bridge wp-block-paragraph\">A seguir listamos <strong>4 sinais de excesso de frentes<\/strong> que mostram quando a quantidade de tarefas come\u00e7a a prejudicar o avan\u00e7o:<\/p>\n\n\n\n<ul class=\"wp-block-list myth-bullet-list\">\n<li><strong>Muitas tarefas abertas: <\/strong>novos projetos come\u00e7am antes de os anteriores chegarem a uma etapa conclu\u00edda.<\/li>\n\n\n\n<li><strong>Trocas constantes: <\/strong>a aten\u00e7\u00e3o muda de assunto tantas vezes que cada retomada consome parte do tempo.<\/li>\n\n\n\n<li><strong>Prazos acumulados: <\/strong>v\u00e1rias entregas come\u00e7am a disputar o mesmo per\u00edodo e nenhuma recebe folga.<\/li>\n\n\n\n<li><strong>Qualidade em queda: <\/strong>erros e retrabalho aumentam porque cada tarefa recebe aten\u00e7\u00e3o insuficiente.<\/li>\n<\/ul>\n\n\n\n<p class=\"wp-block-paragraph\"><strong>Leia tamb\u00e9m: <a href=\"https:\/\/www.em.com.br\/emfoco\/2026\/09\/05\/mandar-mensagem-toda-hora-nao-faz-a-resposta-chegar-mais-rapido-o-que-ensina-o-proverbio-uma-panela-vigiada-nunca-ferve\/\" target=\"_blank\" rel=\"noreferrer noopener\">Mandar mensagem toda hora n\u00e3o faz a resposta chegar mais r\u00e1pido: o que ensina o prov\u00e9rbio \u201cUma panela vigiada nunca ferve\u201d<\/a><\/strong><\/p>\n\n\n<div class=\"wp-block-image\">\n<figure class=\"aligncenter size-large\"><img decoding=\"async\" width=\"1024\" height=\"576\" src=\"https:\/\/www.em.com.br\/emfoco\/wp-content\/uploads\/2026\/09\/navio-1-1024x576.jpg\" alt=\"\" class=\"wp-image-262836\" srcset=\"https:\/\/www.em.com.br\/emfoco\/wp-content\/uploads\/2026\/09\/navio-1-1024x576.jpg 1024w, https:\/\/www.em.com.br\/emfoco\/wp-content\/uploads\/2026\/09\/navio-1-300x169.jpg 300w, https:\/\/www.em.com.br\/emfoco\/wp-content\/uploads\/2026\/09\/navio-1-768x432.jpg 768w, https:\/\/www.em.com.br\/emfoco\/wp-content\/uploads\/2026\/09\/navio-1-1140x641.jpg 1140w, https:\/\/www.em.com.br\/emfoco\/wp-content\/uploads\/2026\/09\/navio-1-750x421.jpg 750w, https:\/\/www.em.com.br\/emfoco\/wp-content\/uploads\/2026\/09\/navio-1.jpg 1280w\" sizes=\"(max-width: 1024px) 100vw, 1024px\" \/><figcaption class=\"wp-element-caption\">Acumular projetos pode dar sensa\u00e7\u00e3o de produtividade sem produzir progresso real em nenhum deles<\/figcaption><\/figure>\n<\/div>\n\n\n<h2 class=\"wp-block-heading\">O prov\u00e9rbio recomenda abandonar projetos importantes?<\/h2>\n\n\n\n<p class=\"wp-block-paragraph\">N\u00e3o. A ideia \u00e9 <strong>limitar simultaneidade<\/strong>, n\u00e3o diminuir ambi\u00e7\u00e3o. Um projeto grande pode continuar existindo enquanto algumas etapas ficam para depois. Separar prioridade, sequ\u00eancia e prazo permite manter objetivos diferentes sem exigir que todos avancem no mesmo ritmo durante o mesmo per\u00edodo.<\/p>\n\n\n\n<p class=\"wp-block-paragraph\">Essa leitura tamb\u00e9m evita usar o refr\u00e3o como desculpa para desistir cedo. O problema n\u00e3o \u00e9 ter v\u00e1rias responsabilidades, mas n\u00e3o reconhecer quando elas ultrapassam a capacidade dispon\u00edvel. <strong>Organizar antes de acumular<\/strong> transforma o prov\u00e9rbio em crit\u00e9rio para escolher ordem, n\u00e3o em regra para viver com poucos interesses.<\/p>\n\n\n\n<p class=\"myth-html-bridge wp-block-paragraph\">A seguir listamos <strong>3 formas de reduzir simultaneidade<\/strong> que preservam objetivos importantes sem tentar avan\u00e7ar em todos com a mesma intensidade:<\/p>\n\n\n\n<div class=\"emf-data-table google-auto-ads-ignore\">\n  <style>\n    .emf-data-table {\n      --emf-navy:#00245a;\n      --emf-navy-soft:#0b3b70;\n      --emf-ink:#1d2731;\n      --emf-muted:#66727e;\n      --emf-line:#d7dde5;\n      --emf-wash:#f4f6f8;\n      box-sizing:border-box!important;\n      inline-size:min(1100px,100%)!important;\n      max-inline-size:100%!important;\n      margin-inline:auto!important;\n      overflow:hidden!important;\n      color:var(--emf-ink);\n      background:#fff;\n      border:1px solid var(--emf-line);\n      border-radius:6px!important;\n      box-shadow:0 8px 24px rgba(0,36,90,.08);\n      font-family:Arial,Helvetica,sans-serif;\n    }\n\n    .emf-data-table *,\n    .emf-data-table *::before,\n    .emf-data-table *::after {\n      box-sizing:border-box!important;\n    }\n\n    .emf-data-table-brand {\n      display:flex;\n      align-items:center;\n      gap:13px;\n      min-block-size:72px;\n      padding:10px 17px;\n      color:#fff;\n      background:linear-gradient(105deg,var(--emf-navy) 0%,var(--emf-navy-soft) 100%);\n      border-block-end:4px solid #c5ced8;\n    }\n\n    .emf-data-table-logo {\n      display:grid;\n      place-items:center;\n      inline-size:52px;\n      block-size:52px;\n      flex:0 0 52px;\n      background:rgba(255,255,255,.08);\n      border:1px solid rgba(255,255,255,.35);\n      border-radius:3px!important;\n    }\n\n    .emf-data-table-logo img {\n      display:block;\n      inline-size:41px;\n      block-size:41px;\n      max-inline-size:41px;\n      max-block-size:41px;\n      object-fit:contain;\n    }\n\n    .emf-data-table-kicker {\n      margin:0 0 2px;\n      font-size:10px;\n      font-weight:700;\n      letter-spacing:.16em;\n      line-height:1.2;\n      text-transform:uppercase;\n      opacity:.78;\n    }\n\n    .emf-data-table-title {\n      margin:0;\n      font-family:Georgia,\"Times New Roman\",serif;\n      font-size:21px;\n      font-weight:700;\n      line-height:1.2;\n    }\n\n    .emf-data-table-scroll {\n      display:block!important;\n      inline-size:100%!important;\n      max-inline-size:100%!important;\n      overflow-x:auto!important;\n      overflow-y:hidden!important;\n      -webkit-overflow-scrolling:touch;\n      overscroll-behavior-inline:contain;\n      scrollbar-width:thin;\n      scrollbar-color:#8798aa #edf1f5;\n    }\n\n    .emf-data-table-scroll:focus-visible {\n      outline:3px solid rgba(0,36,90,.35);\n      outline-offset:-3px;\n    }\n\n    .emf-data-table table {\n      display:table!important;\n      inline-size:100%!important;\n      min-inline-size:680px!important;\n      max-inline-size:none!important;\n      margin:0!important;\n      border:0!important;\n      border-collapse:separate!important;\n      border-spacing:0!important;\n      table-layout:auto!important;\n      background:#fff!important;\n    }\n\n    .emf-data-table caption {\n      position:absolute!important;\n      inline-size:1px!important;\n      block-size:1px!important;\n      padding:0!important;\n      margin:-1px!important;\n      overflow:hidden!important;\n      clip:rect(0,0,0,0)!important;\n      white-space:nowrap!important;\n      border:0!important;\n    }\n\n    .emf-data-table thead {\n      display:table-header-group!important;\n    }\n\n    .emf-data-table tbody {\n      display:table-row-group!important;\n    }\n\n    .emf-data-table tr {\n      display:table-row!important;\n    }\n\n    .emf-data-table th,\n    .emf-data-table td {\n      display:table-cell!important;\n      float:none!important;\n      inline-size:auto!important;\n      max-inline-size:none!important;\n      margin:0!important;\n      border-radius:0!important;\n      text-align:left!important;\n      vertical-align:middle!important;\n    }\n\n    .emf-data-table th {\n      padding:14px 17px!important;\n      color:#fff!important;\n      background:var(--emf-navy)!important;\n      border-block-end:1px solid rgba(255,255,255,.22)!important;\n      border-inline-end:1px solid rgba(255,255,255,.12)!important;\n      font-family:Georgia,\"Times New Roman\",serif;\n      font-size:14px!important;\n      font-weight:700!important;\n      line-height:1.35!important;\n      white-space:nowrap!important;\n    }\n\n    .emf-data-table th:last-child {\n      border-inline-end:0!important;\n    }\n\n    .emf-data-table td {\n      padding:14px 17px!important;\n      color:#43515e!important;\n      background:#fff!important;\n      border-block-end:1px solid var(--emf-line)!important;\n      font-size:14px!important;\n      font-weight:400!important;\n      line-height:1.5!important;\n      overflow-wrap:anywhere;\n    }\n\n    .emf-data-table tbody tr:nth-child(even) td {\n      background:var(--emf-wash)!important;\n    }\n\n    .emf-data-table tbody tr:hover td {\n      background:#eaf0f5!important;\n    }\n\n    .emf-data-table tbody tr:last-child td {\n      border-block-end:0!important;\n    }\n\n    .emf-data-table td:first-child {\n      color:var(--emf-navy)!important;\n      font-weight:700!important;\n    }\n\n    @media(max-width:560px) {\n      .emf-data-table-brand {\n        min-block-size:68px;\n        padding:9px 13px;\n      }\n\n      .emf-data-table-title {\n        font-size:19px;\n      }\n\n      .emf-data-table-scroll {\n        overflow:visible!important;\n      }\n\n      .emf-data-table table,\n      .emf-data-table thead,\n      .emf-data-table tbody,\n      .emf-data-table tr,\n      .emf-data-table th,\n      .emf-data-table td {\n        display:block!important;\n        inline-size:100%!important;\n        min-inline-size:0!important;\n        max-inline-size:100%!important;\n      }\n\n      .emf-data-table table {\n        padding:13px!important;\n      }\n\n      .emf-data-table thead {\n        position:absolute!important;\n        inline-size:1px!important;\n        block-size:1px!important;\n        padding:0!important;\n        margin:-1px!important;\n        overflow:hidden!important;\n        clip:rect(0,0,0,0)!important;\n        white-space:nowrap!important;\n      }\n\n      .emf-data-table tbody {\n        display:grid!important;\n        gap:11px;\n      }\n\n      .emf-data-table tr {\n        overflow:hidden!important;\n        background:#fff!important;\n        border:1px solid var(--emf-line)!important;\n        border-block-start:4px solid var(--emf-navy)!important;\n        border-radius:4px!important;\n        box-shadow:0 4px 12px rgba(0,36,90,.06);\n      }\n\n      .emf-data-table td,\n      .emf-data-table tbody tr:nth-child(even) td,\n      .emf-data-table tbody tr:hover td {\n        display:grid!important;\n        grid-template-columns:minmax(105px,38%) minmax(0,1fr)!important;\n        align-items:start;\n        gap:11px;\n        padding:11px 12px!important;\n        background:#fff!important;\n        border-block-end:1px solid #e2e7ec!important;\n      }\n\n      .emf-data-table td::before {\n        content:attr(data-label);\n        color:var(--emf-muted);\n        font-size:10px;\n        font-weight:700;\n        letter-spacing:.06em;\n        line-height:1.35;\n        text-transform:uppercase;\n      }\n\n      .emf-data-table td:first-child {\n        color:var(--emf-navy)!important;\n        background:#edf1f5!important;\n      }\n\n      .emf-data-table td:last-child {\n        border-block-end:0!important;\n      }\n    }\n  <\/style>\n\n  <div class=\"emf-data-table-brand\">\n    <div class=\"emf-data-table-logo\">\n      <img\n        alt=\"Logo EM Foco\"\n        decoding=\"async\"\n        height=\"41\"\n        loading=\"lazy\"\n        referrerpolicy=\"no-referrer\"\n        src=\"https:\/\/www.em.com.br\/emfoco\/wp-content\/uploads\/2026\/08\/em_transparente_3000px-scaled.png\"\n        width=\"41\"\n      >\n    <\/div>\n\n    <div>\n      <div class=\"emf-data-table-kicker\">DADOS EM FOCO<\/div>\n      <div class=\"emf-data-table-title\">Quando muitas tarefas come\u00e7am a atrapalhar<\/div>\n    <\/div>\n  <\/div>\n\n  <div aria-label=\"Tabela com situa\u00e7\u00e3o, efeito e ajuste poss\u00edvel diante de excesso de tarefas\" class=\"emf-data-table-scroll\" role=\"region\" tabindex=\"0\">\n    <table>\n      <caption>Resumo de sinais de dispers\u00e3o e maneiras de recuperar foco<\/caption>\n      <thead>\n        <tr>\n          <th scope=\"col\">Situa\u00e7\u00e3o<\/th>\n          <th scope=\"col\">Efeito<\/th>\n          <th scope=\"col\">Ajuste poss\u00edvel<\/th>\n        <\/tr>\n      <\/thead>\n      <tbody>\n        <tr>\n          <td data-label=\"Situa\u00e7\u00e3o\">Muitas frentes abertas<\/td>\n          <td data-label=\"Efeito\">Pouca conclus\u00e3o<\/td>\n          <td data-label=\"Ajuste poss\u00edvel\">Reduzir simultaneidade<\/td>\n        <\/tr>\n        <tr>\n          <td data-label=\"Situa\u00e7\u00e3o\">Troca constante de foco<\/td>\n          <td data-label=\"Efeito\">Tempo perdido em retomadas<\/td>\n          <td data-label=\"Ajuste poss\u00edvel\">Agrupar tarefas<\/td>\n        <\/tr>\n        <tr>\n          <td data-label=\"Situa\u00e7\u00e3o\">Tudo parece prioridade<\/td>\n          <td data-label=\"Efeito\">Nenhuma escolha clara<\/td>\n          <td data-label=\"Ajuste poss\u00edvel\">Definir ordem<\/td>\n        <\/tr>\n      <\/tbody>\n    <\/table>\n  <\/div>\n<\/div>\n\n\n\n<h2 class=\"wp-block-heading\">Qual \u00e9 a li\u00e7\u00e3o pr\u00e1tica de \u201cQuem muito abarca, pouco aperta\u201d?<\/h2>\n\n\n\n<p class=\"wp-block-paragraph\">Antes de aceitar uma nova tarefa, pergunte o que perder\u00e1 tempo, qualidade ou aten\u00e7\u00e3o para abrir espa\u00e7o. Se a resposta for \u201cnada\u201d, talvez a carga ainda caiba. Se tudo j\u00e1 estiver no limite, <strong>adicionar mais uma frente pode diluir o esfor\u00e7o<\/strong> que sustentava as anteriores.<\/p>\n\n\n\n<p class=\"wp-block-paragraph\">\u201c<strong>Quem muito abarca, pouco aperta<\/strong>\u201d continua atual porque n\u00e3o fala apenas de quantidade, mas de capacidade. Fazer muitas coisas pode parecer avan\u00e7o, por\u00e9m o progresso real aparece quando algo recebe aten\u00e7\u00e3o suficiente para sair do estado de inten\u00e7\u00e3o e chegar a uma etapa concreta, bem executada e conclu\u00edda.<\/p>\n","protected":false},"excerpt":{"rendered":"<p>EM FOCO Resumo da mat\u00e9ria 01 Muitas tarefas dispersam O sentido registrado pelo Instituto Cervantes aponta para quem tenta empreender v\u00e1rias coisas ao mesmo tempo e n\u00e3o executa bem nenhuma. foco dividido 02 A frase ainda circula O refr\u00e3o \u00e9 marcado como de uso atual e pode ser aplicado tanto a tarefas pr\u00e1ticas quanto \u00e0 [&hellip;]<\/p>\n","protected":false},"author":30,"featured_media":262833,"comment_status":"open","ping_status":"open","sticky":false,"template":"","format":"standard","meta":{"jnews-multi-image_gallery":[],"jnews_single_post":{"format":"standard"},"jnews_primary_category":[],"jnews_social_meta":[],"jnews_override_counter":[],"footnotes":""},"categories":[8819],"tags":[32138,11222,12160,12936],"class_list":["post-262771","post","type-post","status-publish","format-standard","has-post-thumbnail","hentry","category-curiosidades","tag-escolhas","tag-foco","tag-proverbios","tag-tarefas"],"yoast_head":"<!-- This site is optimized with the Yoast SEO plugin v28.3 - https:\/\/yoast.com\/product\/yoast-seo-wordpress\/ -->\n<title>Tentar fazer muitas coisas ao mesmo tempo pode impedir qualquer avan\u00e7o, como alerta o prov\u00e9rbio espanhol: \u201cQuem muito abarca, pouco aperta\u201d - Estado de Minas - Em foco<\/title>\n<meta name=\"description\" content=\"Tentar avan\u00e7ar em tudo ao mesmo tempo pode acabar travando cada tarefa. Um prov\u00e9rbio antigo explica por que quantidade n\u00e3o garante progresso.\" \/>\n<meta name=\"robots\" content=\"index, follow, max-snippet:-1, max-image-preview:large, max-video-preview:-1\" \/>\n<link rel=\"canonical\" href=\"https:\/\/www.em.com.br\/emfoco\/2026\/09\/06\/tentar-fazer-muitas-coisas-ao-mesmo-tempo-pode-impedir-qualquer-avanco-como-alerta-o-proverbio-espanhol-quem-muito-abarca-pouco-aperta\/\" \/>\n<meta property=\"og:locale\" content=\"pt_BR\" \/>\n<meta property=\"og:type\" content=\"article\" \/>\n<meta property=\"og:title\" content=\"Tentar fazer muitas coisas ao mesmo tempo pode impedir qualquer avan\u00e7o, como alerta o prov\u00e9rbio espanhol: \u201cQuem muito abarca, pouco aperta\u201d - Estado de Minas - Em foco\" \/>\n<meta property=\"og:description\" content=\"Tentar avan\u00e7ar em tudo ao mesmo tempo pode acabar travando cada tarefa. Um prov\u00e9rbio antigo explica por que quantidade n\u00e3o garante progresso.\" \/>\n<meta property=\"og:url\" content=\"https:\/\/www.em.com.br\/emfoco\/2026\/09\/06\/tentar-fazer-muitas-coisas-ao-mesmo-tempo-pode-impedir-qualquer-avanco-como-alerta-o-proverbio-espanhol-quem-muito-abarca-pouco-aperta\/\" \/>\n<meta property=\"og:site_name\" content=\"Estado de Minas - Em foco\" \/>\n<meta property=\"article:published_time\" content=\"2026-09-06T16:07:00+00:00\" \/>\n<meta property=\"og:image\" content=\"https:\/\/www.em.com.br\/emfoco\/wp-content\/uploads\/2026\/09\/frase123.jpg\" \/>\n\t<meta property=\"og:image:width\" content=\"1280\" \/>\n\t<meta property=\"og:image:height\" content=\"720\" \/>\n\t<meta property=\"og:image:type\" content=\"image\/jpeg\" \/>\n<meta name=\"author\" content=\"Guilherme Ara\u00fajo\" \/>\n<meta name=\"twitter:card\" content=\"summary_large_image\" \/>\n<meta name=\"twitter:label1\" content=\"Escrito por\" \/>\n\t<meta name=\"twitter:data1\" content=\"Guilherme Ara\u00fajo\" \/>\n\t<meta name=\"twitter:label2\" content=\"Est. tempo de leitura\" \/>\n\t<meta name=\"twitter:data2\" content=\"6 minutos\" \/>\n<!-- \/ Yoast SEO plugin. -->","yoast_head_json":{"title":"Tentar fazer muitas coisas ao mesmo tempo pode impedir qualquer avan\u00e7o, como alerta o prov\u00e9rbio espanhol: \u201cQuem muito abarca, pouco aperta\u201d - Estado de Minas - Em foco","description":"Tentar avan\u00e7ar em tudo ao mesmo tempo pode acabar travando cada tarefa. Um prov\u00e9rbio antigo explica por que quantidade n\u00e3o garante progresso.","robots":{"index":"index","follow":"follow","max-snippet":"max-snippet:-1","max-image-preview":"max-image-preview:large","max-video-preview":"max-video-preview:-1"},"canonical":"https:\/\/www.em.com.br\/emfoco\/2026\/09\/06\/tentar-fazer-muitas-coisas-ao-mesmo-tempo-pode-impedir-qualquer-avanco-como-alerta-o-proverbio-espanhol-quem-muito-abarca-pouco-aperta\/","og_locale":"pt_BR","og_type":"article","og_title":"Tentar fazer muitas coisas ao mesmo tempo pode impedir qualquer avan\u00e7o, como alerta o prov\u00e9rbio espanhol: \u201cQuem muito abarca, pouco aperta\u201d - Estado de Minas - Em foco","og_description":"Tentar avan\u00e7ar em tudo ao mesmo tempo pode acabar travando cada tarefa. Um prov\u00e9rbio antigo explica por que quantidade n\u00e3o garante progresso.","og_url":"https:\/\/www.em.com.br\/emfoco\/2026\/09\/06\/tentar-fazer-muitas-coisas-ao-mesmo-tempo-pode-impedir-qualquer-avanco-como-alerta-o-proverbio-espanhol-quem-muito-abarca-pouco-aperta\/","og_site_name":"Estado de Minas - Em foco","article_published_time":"2026-09-06T16:07:00+00:00","og_image":[{"width":1280,"height":720,"url":"https:\/\/www.em.com.br\/emfoco\/wp-content\/uploads\/2026\/09\/frase123.jpg","type":"image\/jpeg"}],"author":"Guilherme Ara\u00fajo","twitter_card":"summary_large_image","twitter_misc":{"Escrito por":"Guilherme Ara\u00fajo","Est. tempo de leitura":"6 minutos"},"schema":{"@context":"https:\/\/schema.org","@graph":[{"@type":"Article","@id":"https:\/\/www.em.com.br\/emfoco\/2026\/09\/06\/tentar-fazer-muitas-coisas-ao-mesmo-tempo-pode-impedir-qualquer-avanco-como-alerta-o-proverbio-espanhol-quem-muito-abarca-pouco-aperta\/#article","isPartOf":{"@id":"https:\/\/www.em.com.br\/emfoco\/2026\/09\/06\/tentar-fazer-muitas-coisas-ao-mesmo-tempo-pode-impedir-qualquer-avanco-como-alerta-o-proverbio-espanhol-quem-muito-abarca-pouco-aperta\/"},"author":{"name":"Guilherme Ara\u00fajo","@id":"https:\/\/www.em.com.br\/emfoco\/#\/schema\/person\/5379e929a4b966c775d121e23f9bb421"},"headline":"Tentar fazer muitas coisas ao mesmo tempo pode impedir qualquer avan\u00e7o, como alerta o prov\u00e9rbio espanhol: \u201cQuem muito abarca, pouco aperta\u201d","datePublished":"2026-09-06T16:07:00+00:00","mainEntityOfPage":{"@id":"https:\/\/www.em.com.br\/emfoco\/2026\/09\/06\/tentar-fazer-muitas-coisas-ao-mesmo-tempo-pode-impedir-qualquer-avanco-como-alerta-o-proverbio-espanhol-quem-muito-abarca-pouco-aperta\/"},"wordCount":945,"commentCount":0,"image":{"@id":"https:\/\/www.em.com.br\/emfoco\/2026\/09\/06\/tentar-fazer-muitas-coisas-ao-mesmo-tempo-pode-impedir-qualquer-avanco-como-alerta-o-proverbio-espanhol-quem-muito-abarca-pouco-aperta\/#primaryimage"},"thumbnailUrl":"https:\/\/www.em.com.br\/emfoco\/wp-content\/uploads\/2026\/09\/frase123.jpg","keywords":["Escolhas","foco","prov\u00e9rbios","tarefas"],"articleSection":["Curiosidades"],"inLanguage":"pt-BR","potentialAction":[{"@type":"CommentAction","name":"Comment","target":["https:\/\/www.em.com.br\/emfoco\/2026\/09\/06\/tentar-fazer-muitas-coisas-ao-mesmo-tempo-pode-impedir-qualquer-avanco-como-alerta-o-proverbio-espanhol-quem-muito-abarca-pouco-aperta\/#respond"]}]},{"@type":"WebPage","@id":"https:\/\/www.em.com.br\/emfoco\/2026\/09\/06\/tentar-fazer-muitas-coisas-ao-mesmo-tempo-pode-impedir-qualquer-avanco-como-alerta-o-proverbio-espanhol-quem-muito-abarca-pouco-aperta\/","url":"https:\/\/www.em.com.br\/emfoco\/2026\/09\/06\/tentar-fazer-muitas-coisas-ao-mesmo-tempo-pode-impedir-qualquer-avanco-como-alerta-o-proverbio-espanhol-quem-muito-abarca-pouco-aperta\/","name":"Tentar fazer muitas coisas ao mesmo tempo pode impedir qualquer avan\u00e7o, como alerta o prov\u00e9rbio espanhol: \u201cQuem muito abarca, pouco aperta\u201d - Estado de Minas - Em foco","isPartOf":{"@id":"https:\/\/www.em.com.br\/emfoco\/#website"},"primaryImageOfPage":{"@id":"https:\/\/www.em.com.br\/emfoco\/2026\/09\/06\/tentar-fazer-muitas-coisas-ao-mesmo-tempo-pode-impedir-qualquer-avanco-como-alerta-o-proverbio-espanhol-quem-muito-abarca-pouco-aperta\/#primaryimage"},"image":{"@id":"https:\/\/www.em.com.br\/emfoco\/2026\/09\/06\/tentar-fazer-muitas-coisas-ao-mesmo-tempo-pode-impedir-qualquer-avanco-como-alerta-o-proverbio-espanhol-quem-muito-abarca-pouco-aperta\/#primaryimage"},"thumbnailUrl":"https:\/\/www.em.com.br\/emfoco\/wp-content\/uploads\/2026\/09\/frase123.jpg","datePublished":"2026-09-06T16:07:00+00:00","author":{"@id":"https:\/\/www.em.com.br\/emfoco\/#\/schema\/person\/5379e929a4b966c775d121e23f9bb421"},"description":"Tentar avan\u00e7ar em tudo ao mesmo tempo pode acabar travando cada tarefa. Um prov\u00e9rbio antigo explica por que quantidade n\u00e3o garante progresso.","breadcrumb":{"@id":"https:\/\/www.em.com.br\/emfoco\/2026\/09\/06\/tentar-fazer-muitas-coisas-ao-mesmo-tempo-pode-impedir-qualquer-avanco-como-alerta-o-proverbio-espanhol-quem-muito-abarca-pouco-aperta\/#breadcrumb"},"inLanguage":"pt-BR","potentialAction":[{"@type":"ReadAction","target":["https:\/\/www.em.com.br\/emfoco\/2026\/09\/06\/tentar-fazer-muitas-coisas-ao-mesmo-tempo-pode-impedir-qualquer-avanco-como-alerta-o-proverbio-espanhol-quem-muito-abarca-pouco-aperta\/"]}]},{"@type":"ImageObject","inLanguage":"pt-BR","@id":"https:\/\/www.em.com.br\/emfoco\/2026\/09\/06\/tentar-fazer-muitas-coisas-ao-mesmo-tempo-pode-impedir-qualquer-avanco-como-alerta-o-proverbio-espanhol-quem-muito-abarca-pouco-aperta\/#primaryimage","url":"https:\/\/www.em.com.br\/emfoco\/wp-content\/uploads\/2026\/09\/frase123.jpg","contentUrl":"https:\/\/www.em.com.br\/emfoco\/wp-content\/uploads\/2026\/09\/frase123.jpg","width":1280,"height":720,"caption":"Dividir a aten\u00e7\u00e3o entre coisas demais pode fazer todas avan\u00e7arem menos do que o esperado"},{"@type":"BreadcrumbList","@id":"https:\/\/www.em.com.br\/emfoco\/2026\/09\/06\/tentar-fazer-muitas-coisas-ao-mesmo-tempo-pode-impedir-qualquer-avanco-como-alerta-o-proverbio-espanhol-quem-muito-abarca-pouco-aperta\/#breadcrumb","itemListElement":[{"@type":"ListItem","position":1,"name":"In\u00edcio","item":"https:\/\/www.em.com.br\/emfoco\/"},{"@type":"ListItem","position":2,"name":"Tentar fazer muitas coisas ao mesmo tempo pode impedir qualquer avan\u00e7o, como alerta o prov\u00e9rbio espanhol: \u201cQuem muito abarca, pouco aperta\u201d"}]},{"@type":"WebSite","@id":"https:\/\/www.em.com.br\/emfoco\/#website","url":"https:\/\/www.em.com.br\/emfoco\/","name":"Estado de Minas - Em foco","description":"Acompanhe as \u00faltimas not\u00edcias e fique bem informado sobre tudo o que acontece em Minas Gerais, Brasil e no mundo.","potentialAction":[{"@type":"SearchAction","target":{"@type":"EntryPoint","urlTemplate":"https:\/\/www.em.com.br\/emfoco\/?s={search_term_string}"},"query-input":{"@type":"PropertyValueSpecification","valueRequired":true,"valueName":"search_term_string"}}],"inLanguage":"pt-BR"},{"@type":"Person","@id":"https:\/\/www.em.com.br\/emfoco\/#\/schema\/person\/5379e929a4b966c775d121e23f9bb421","name":"Guilherme Ara\u00fajo","image":{"@type":"ImageObject","inLanguage":"pt-BR","@id":"https:\/\/secure.gravatar.com\/avatar\/063bc96e5a2afd1844386c45bd1360efc771eff011a9fab8cd399e2a104c3ecd?s=96&d=mm&r=g","url":"https:\/\/secure.gravatar.com\/avatar\/063bc96e5a2afd1844386c45bd1360efc771eff011a9fab8cd399e2a104c3ecd?s=96&d=mm&r=g","contentUrl":"https:\/\/secure.gravatar.com\/avatar\/063bc96e5a2afd1844386c45bd1360efc771eff011a9fab8cd399e2a104c3ecd?s=96&d=mm&r=g","caption":"Guilherme Ara\u00fajo"},"sameAs":["https:\/\/www.em.com.br\/emfoco"],"url":"https:\/\/www.em.com.br\/emfoco\/author\/guilhermeamyth\/"}]}},"_links":{"self":[{"href":"https:\/\/www.em.com.br\/emfoco\/wp-json\/wp\/v2\/posts\/262771","targetHints":{"allow":["GET"]}}],"collection":[{"href":"https:\/\/www.em.com.br\/emfoco\/wp-json\/wp\/v2\/posts"}],"about":[{"href":"https:\/\/www.em.com.br\/emfoco\/wp-json\/wp\/v2\/types\/post"}],"author":[{"embeddable":true,"href":"https:\/\/www.em.com.br\/emfoco\/wp-json\/wp\/v2\/users\/30"}],"replies":[{"embeddable":true,"href":"https:\/\/www.em.com.br\/emfoco\/wp-json\/wp\/v2\/comments?post=262771"}],"version-history":[{"count":6,"href":"https:\/\/www.em.com.br\/emfoco\/wp-json\/wp\/v2\/posts\/262771\/revisions"}],"predecessor-version":[{"id":262928,"href":"https:\/\/www.em.com.br\/emfoco\/wp-json\/wp\/v2\/posts\/262771\/revisions\/262928"}],"wp:featuredmedia":[{"embeddable":true,"href":"https:\/\/www.em.com.br\/emfoco\/wp-json\/wp\/v2\/media\/262833"}],"wp:attachment":[{"href":"https:\/\/www.em.com.br\/emfoco\/wp-json\/wp\/v2\/media?parent=262771"}],"wp:term":[{"taxonomy":"category","embeddable":true,"href":"https:\/\/www.em.com.br\/emfoco\/wp-json\/wp\/v2\/categories?post=262771"},{"taxonomy":"post_tag","embeddable":true,"href":"https:\/\/www.em.com.br\/emfoco\/wp-json\/wp\/v2\/tags?post=262771"}],"curies":[{"name":"wp","href":"https:\/\/api.w.org\/{rel}","templated":true}]}}