{"id":262765,"date":"2026-09-06T11:27:00","date_gmt":"2026-09-06T14:27:00","guid":{"rendered":"https:\/\/www.em.com.br\/emfoco\/?p=262765"},"modified":"2026-09-05T12:35:43","modified_gmt":"2026-09-05T15:35:43","slug":"marco-aurelio-tinha-uma-frase-para-os-momentos-em-que-tudo-parece-mudar-depressa-demais-o-universo-e-transformacao-a-vida-e-opiniao","status":"publish","type":"post","link":"https:\/\/www.em.com.br\/emfoco\/2026\/09\/06\/marco-aurelio-tinha-uma-frase-para-os-momentos-em-que-tudo-parece-mudar-depressa-demais-o-universo-e-transformacao-a-vida-e-opiniao\/","title":{"rendered":"Marco Aur\u00e9lio tinha uma frase para os momentos em que tudo parece mudar depressa demais: \u201cO universo \u00e9 transforma\u00e7\u00e3o; a vida \u00e9 opini\u00e3o\u201d"},"content":{"rendered":"\n<div class=\"emf-summary google-auto-ads-ignore\">\n  <style>\n    .emf-summary {\n      --emf-navy:#00245a;\n      --emf-navy-soft:#0b3b70;\n      --emf-ink:#1d2731;\n      --emf-muted:#66727e;\n      --emf-line:#d7dde5;\n      --emf-paper:#ffffff;\n      --emf-wash:#f4f6f8;\n      box-sizing:border-box!important;\n      inline-size:min(1100px,100%)!important;\n      max-inline-size:100%!important;\n      margin-inline:auto!important;\n      overflow:hidden!important;\n      color:var(--emf-ink);\n      background:var(--emf-paper);\n      border:1px solid var(--emf-line);\n      border-block-start:5px solid var(--emf-navy);\n      border-radius:6px!important;\n      box-shadow:0 8px 24px rgba(0,36,90,.08);\n      font-family:Arial,Helvetica,sans-serif;\n    }\n\n    .emf-summary *,\n    .emf-summary *::before,\n    .emf-summary *::after {\n      box-sizing:border-box!important;\n    }\n\n    .emf-summary-brand {\n      display:flex;\n      align-items:center;\n      gap:14px;\n      padding:16px 20px;\n      color:#fff;\n      background:linear-gradient(105deg,var(--emf-navy) 0%,var(--emf-navy-soft) 100%);\n      border-block-end:1px solid rgba(255,255,255,.18);\n    }\n\n    .emf-summary-logo {\n      display:grid;\n      place-items:center;\n      inline-size:58px;\n      block-size:58px;\n      flex:0 0 58px;\n      background:rgba(255,255,255,.08);\n      border:1px solid rgba(255,255,255,.35);\n      border-radius:3px!important;\n    }\n\n    .emf-summary-logo img {\n      display:block;\n      inline-size:46px;\n      block-size:46px;\n      max-inline-size:46px;\n      max-block-size:46px;\n      object-fit:contain;\n    }\n\n    .emf-summary-eyebrow {\n      margin:0 0 3px;\n      font-size:11px;\n      font-weight:700;\n      letter-spacing:.18em;\n      line-height:1.2;\n      text-transform:uppercase;\n      opacity:.78;\n    }\n\n    .emf-summary-title {\n      margin:0;\n      font-family:Georgia,\"Times New Roman\",serif;\n      font-size:25px;\n      font-weight:700;\n      line-height:1.15;\n    }\n\n    .emf-summary-grid {\n      display:grid;\n      grid-template-columns:repeat(3,minmax(0,1fr));\n      gap:0;\n      background:var(--emf-wash);\n    }\n\n    .emf-summary-card {\n      position:relative;\n      min-block-size:190px;\n      padding:24px 20px 20px;\n      overflow:hidden!important;\n      background:#fff;\n      border-inline-end:1px solid var(--emf-line);\n    }\n\n    .emf-summary-card:last-child {\n      border-inline-end:0;\n    }\n\n    .emf-summary-number {\n      position:absolute;\n      inset-block-start:13px;\n      inset-inline-end:15px;\n      color:rgba(0,36,90,.10);\n      font-family:Georgia,\"Times New Roman\",serif;\n      font-size:46px;\n      font-weight:700;\n      line-height:1;\n      pointer-events:none;\n    }\n\n    .emf-summary-card-title {\n      position:relative;\n      z-index:1;\n      margin:0 0 11px;\n      padding-block-end:10px;\n      color:var(--emf-navy);\n      border-block-end:2px solid var(--emf-navy);\n      font-family:Georgia,\"Times New Roman\",serif;\n      font-size:18px;\n      font-weight:700;\n      line-height:1.3;\n      overflow-wrap:anywhere;\n    }\n\n    .emf-summary-card-text {\n      position:relative;\n      z-index:1;\n      color:#485560;\n      font-size:13px;\n      line-height:1.6;\n      overflow-wrap:anywhere;\n    }\n\n    .emf-summary-card-meta {\n      position:relative;\n      z-index:1;\n      display:inline-flex;\n      margin-block-start:16px;\n      padding:5px 8px;\n      color:var(--emf-navy);\n      background:#edf1f5;\n      border:1px solid #d9e0e7;\n      border-radius:2px!important;\n      font-size:10px;\n      font-weight:700;\n      letter-spacing:.08em;\n      line-height:1.2;\n      text-transform:uppercase;\n    }\n\n    @media(max-width:760px) {\n      .emf-summary-grid {\n        grid-template-columns:1fr;\n      }\n\n      .emf-summary-card {\n        min-block-size:0;\n        border-inline-end:0;\n        border-block-end:1px solid var(--emf-line);\n      }\n\n      .emf-summary-card:last-child {\n        border-block-end:0;\n      }\n    }\n\n    @media(max-width:480px) {\n      .emf-summary-brand {\n        padding:14px 15px;\n      }\n\n      .emf-summary-logo {\n        inline-size:52px;\n        block-size:52px;\n        flex-basis:52px;\n      }\n\n      .emf-summary-logo img {\n        inline-size:41px;\n        block-size:41px;\n        max-inline-size:41px;\n        max-block-size:41px;\n      }\n\n      .emf-summary-title {\n        font-size:22px;\n      }\n\n      .emf-summary-card {\n        padding:21px 16px 18px;\n      }\n    }\n  <\/style>\n\n  <div class=\"emf-summary-brand\">\n    <div class=\"emf-summary-logo\">\n      <img\n        alt=\"Logo EM Foco\"\n        decoding=\"async\"\n        fetchpriority=\"high\"\n        height=\"46\"\n        loading=\"eager\"\n        referrerpolicy=\"no-referrer\"\n        src=\"https:\/\/www.em.com.br\/emfoco\/wp-content\/uploads\/2026\/08\/em_transparente_3000px-scaled.png\"\n        width=\"46\"\n      >\n    <\/div>\n\n    <div>\n      <div class=\"emf-summary-eyebrow\">EM FOCO<\/div>\n      <div class=\"emf-summary-title\">Resumo da mat\u00e9ria<\/div>\n    <\/div>\n  <\/div>\n\n  <div class=\"emf-summary-grid\">\n    <div class=\"emf-summary-card\">\n      <span aria-hidden=\"true\" class=\"emf-summary-number\">01<\/span>\n      <div aria-level=\"3\" class=\"emf-summary-card-title\" role=\"heading\">\n        Tudo est\u00e1 em mudan\u00e7a\n      <\/div>\n      <div class=\"emf-summary-card-text\">\n        Marco Aur\u00e9lio lembra a si mesmo que as coisas vistas agora mudam rapidamente e deixam de ser exatamente como eram.\n      <\/div>\n      <div class=\"emf-summary-card-meta\">\n        transforma\u00e7\u00e3o\n      <\/div>\n    <\/div>\n    <div class=\"emf-summary-card\">\n      <span aria-hidden=\"true\" class=\"emf-summary-number\">02<\/span>\n      <div aria-level=\"3\" class=\"emf-summary-card-title\" role=\"heading\">\n        Opini\u00e3o molda experi\u00eancia\n      <\/div>\n      <div class=\"emf-summary-card-text\">\n        A palavra opini\u00e3o aponta para julgamentos e impress\u00f5es que atribuem sentido aos acontecimentos, n\u00e3o para a ideia de que fatos objetivos n\u00e3o existam.\n      <\/div>\n      <div class=\"emf-summary-card-meta\">\n        julgamento\n      <\/div>\n    <\/div>\n    <div class=\"emf-summary-card\">\n      <span aria-hidden=\"true\" class=\"emf-summary-number\">03<\/span>\n      <div aria-level=\"3\" class=\"emf-summary-card-title\" role=\"heading\">\n        A frase era para si\n      <\/div>\n      <div class=\"emf-summary-card-text\">\n        As Medita\u00e7\u00f5es foram escritas como exerc\u00edcio pessoal, com lembretes usados pelo pr\u00f3prio imperador para praticar princ\u00edpios estoicos.\n      <\/div>\n      <div class=\"emf-summary-card-meta\">\n        anota\u00e7\u00f5es pessoais\n      <\/div>\n    <\/div>\n  <\/div>\n<\/div>\n\n\n\n<p class=\"wp-block-paragraph\">A frase de <strong>Marco Aur\u00e9lio<\/strong> re\u00fane duas ideias estoicas: tudo ao redor muda, enquanto nossa experi\u00eancia passa pelos julgamentos que fazemos. No Livro IV das Medita\u00e7\u00f5es, transforma\u00e7\u00e3o e opini\u00e3o aparecem lado a lado. O ponto n\u00e3o \u00e9 dizer que nada importa, mas separar mudan\u00e7a externa de interpreta\u00e7\u00e3o interna.<\/p>\n\n\n\n<h2 class=\"wp-block-heading\">Onde aparece \u201cO universo \u00e9 transforma\u00e7\u00e3o; a vida \u00e9 opini\u00e3o\u201d?<\/h2>\n\n\n\n<p class=\"wp-block-paragraph\">A frase aparece no Livro IV das <a href=\"https:\/\/pt.wikipedia.org\/wiki\/Medita%C3%A7%C3%B5es\" target=\"_blank\" rel=\"noopener noreferrer\"><strong>Medita\u00e7\u00f5es<\/strong><\/a>, obra composta por anota\u00e7\u00f5es que Marco Aur\u00e9lio escreveu para si mesmo. A tradu\u00e7\u00e3o de George Long preservada pelo MIT traz a f\u00f3rmula curta \u201cThe universe is transformation: life is opinion\u201d.<\/p>\n\n\n\n<p class=\"wp-block-paragraph\">Ela surge depois de dois lembretes: coisas externas n\u00e3o tocam diretamente a alma e aquilo que vemos <strong>muda imediatamente e deixa de ser<\/strong>. A frase concentra essas duas ideias numa s\u00edntese: o mundo est\u00e1 em transforma\u00e7\u00e3o, enquanto a experi\u00eancia humana tamb\u00e9m depende dos julgamentos formados sobre o que acontece.<\/p>\n\n\n<div class=\"wp-block-image\">\n<figure class=\"aligncenter size-large\"><img decoding=\"async\" width=\"1024\" height=\"576\" src=\"https:\/\/www.em.com.br\/emfoco\/wp-content\/uploads\/2026\/09\/frase1-1024x576.jpg\" alt=\"\" class=\"wp-image-262830\" srcset=\"https:\/\/www.em.com.br\/emfoco\/wp-content\/uploads\/2026\/09\/frase1-1024x576.jpg 1024w, https:\/\/www.em.com.br\/emfoco\/wp-content\/uploads\/2026\/09\/frase1-300x169.jpg 300w, https:\/\/www.em.com.br\/emfoco\/wp-content\/uploads\/2026\/09\/frase1-768x432.jpg 768w, https:\/\/www.em.com.br\/emfoco\/wp-content\/uploads\/2026\/09\/frase1-750x421.jpg 750w, https:\/\/www.em.com.br\/emfoco\/wp-content\/uploads\/2026\/09\/frase1-1140x641.jpg 1140w, https:\/\/www.em.com.br\/emfoco\/wp-content\/uploads\/2026\/09\/frase1.jpg 1280w\" sizes=\"(max-width: 1024px) 100vw, 1024px\" \/><figcaption class=\"wp-element-caption\">A maneira como enxergamos uma transforma\u00e7\u00e3o pode pesar tanto quanto a pr\u00f3pria mudan\u00e7a<\/figcaption><\/figure>\n<\/div>\n\n\n<h2 class=\"wp-block-heading\">O que Marco Aur\u00e9lio queria dizer com \u201co universo \u00e9 transforma\u00e7\u00e3o\u201d?<\/h2>\n\n\n\n<p class=\"wp-block-paragraph\">A primeira metade chama aten\u00e7\u00e3o para a <strong>imperman\u00eancia<\/strong>. Pessoas, situa\u00e7\u00f5es, corpos, cidades e posi\u00e7\u00f5es mudam, mesmo quando parecem est\u00e1veis. Marco Aur\u00e9lio usa essa observa\u00e7\u00e3o v\u00e1rias vezes para reduzir a surpresa diante do tempo e lembrar que aquilo que existe agora faz parte de um processo cont\u00ednuo.<\/p>\n\n\n\n<p class=\"wp-block-paragraph\">A <a href=\"https:\/\/plato.stanford.edu\/archives\/spr2026\/entries\/marcus-aurelius\/\" target=\"_blank\" rel=\"noopener noreferrer\"><strong>Stanford Encyclopedia of Philosophy<\/strong><\/a> explica que as Medita\u00e7\u00f5es mostram um praticante do estoicismo trabalhando sobre si mesmo. O livro re\u00fane lembretes repetidos sobre mudan\u00e7a, morte, julgamentos e dever, usados como exerc\u00edcios para aproximar a conduta cotidiana dos princ\u00edpios que ele queria seguir.<\/p>\n\n\n\n<h2 class=\"wp-block-heading\">O que significa dizer que \u201ca vida \u00e9 opini\u00e3o\u201d?<\/h2>\n\n\n\n<p class=\"wp-block-paragraph\">Nesse contexto, \u201copini\u00e3o\u201d n\u00e3o significa que <strong>tudo seja subjetivo ou inventado<\/strong>. A palavra se aproxima de julgamento: aquilo que a mente acrescenta ao acontecimento quando o classifica, interpreta e avalia. O fato externo continua existindo, mas a experi\u00eancia inclui a forma como ele \u00e9 recebido.<\/p>\n\n\n\n<p class=\"wp-block-paragraph\">Por isso, duas pessoas podem atravessar mudan\u00e7as semelhantes e formar avalia\u00e7\u00f5es diferentes sem que a realidade desapare\u00e7a. Marco Aur\u00e9lio lembra a si mesmo que <strong>impress\u00f5es podem ser examinadas<\/strong>. A frase reduz o impulso de tratar a primeira rea\u00e7\u00e3o como verdade definitiva sobre aquilo que est\u00e1 mudando.<\/p>\n\n\n\n<p class=\"myth-list-bridge wp-block-paragraph\">A seguir listamos <strong>4 formas de ler a frase<\/strong> sem transformar \u201copini\u00e3o\u201d em licen\u00e7a para negar fatos ou responsabilidades:<\/p>\n\n\n\n<ul class=\"wp-block-list myth-bullet-list\">\n<li><strong>Mudan\u00e7a: <\/strong>aceitar que situa\u00e7\u00f5es est\u00e1veis tamb\u00e9m podem se transformar com o tempo.<\/li>\n\n\n\n<li><strong>Julgamento: <\/strong>distinguir o acontecimento da avalia\u00e7\u00e3o feita sobre ele.<\/li>\n\n\n\n<li><strong>Perspectiva: <\/strong>lembrar que a primeira impress\u00e3o pode ser revista.<\/li>\n\n\n\n<li><strong>A\u00e7\u00e3o: <\/strong>concentrar energia na resposta poss\u00edvel em vez de exigir que tudo permane\u00e7a igual.<\/li>\n<\/ul>\n\n\n\n<p class=\"wp-block-paragraph\"><strong>Leia tamb\u00e9m: <a href=\"https:\/\/www.em.com.br\/emfoco\/2026\/09\/05\/toda-escolha-muda-tambem-quem-escolhe-a-frase-de-octavia-e-butler-para-quem-espera-atravessar-uma-mudanca-sem-sair-diferente\/\" target=\"_blank\" rel=\"noreferrer noopener\">Toda escolha muda tamb\u00e9m quem escolhe: a frase de Octavia E. Butler para quem espera atravessar uma mudan\u00e7a sem sair diferente<\/a><\/strong><\/p>\n\n\n<div class=\"wp-block-image\">\n<figure class=\"aligncenter size-large\"><img decoding=\"async\" width=\"1024\" height=\"576\" src=\"https:\/\/www.em.com.br\/emfoco\/wp-content\/uploads\/2026\/09\/estrada-2-1024x576.jpg\" alt=\"\" class=\"wp-image-262832\" srcset=\"https:\/\/www.em.com.br\/emfoco\/wp-content\/uploads\/2026\/09\/estrada-2-1024x576.jpg 1024w, https:\/\/www.em.com.br\/emfoco\/wp-content\/uploads\/2026\/09\/estrada-2-300x169.jpg 300w, https:\/\/www.em.com.br\/emfoco\/wp-content\/uploads\/2026\/09\/estrada-2-768x432.jpg 768w, https:\/\/www.em.com.br\/emfoco\/wp-content\/uploads\/2026\/09\/estrada-2-750x421.jpg 750w, https:\/\/www.em.com.br\/emfoco\/wp-content\/uploads\/2026\/09\/estrada-2-1140x641.jpg 1140w, https:\/\/www.em.com.br\/emfoco\/wp-content\/uploads\/2026\/09\/estrada-2.jpg 1280w\" sizes=\"(max-width: 1024px) 100vw, 1024px\" \/><figcaption class=\"wp-element-caption\">Tentar manter tudo exatamente igual pode aumentar o desconforto diante de algo que j\u00e1 est\u00e1 acontecendo<\/figcaption><\/figure>\n<\/div>\n\n\n<h2 class=\"wp-block-heading\">A frase significa que devemos aceitar qualquer mudan\u00e7a sem reagir?<\/h2>\n\n\n\n<p class=\"wp-block-paragraph\">N\u00e3o. Marco Aur\u00e9lio n\u00e3o usa a transforma\u00e7\u00e3o como desculpa para passividade. O estoicismo coloca grande peso em <strong>agir de acordo com justi\u00e7a e raz\u00e3o<\/strong>. Reconhecer que algo muda n\u00e3o impede tentar corrigir uma situa\u00e7\u00e3o; apenas evita confundir a\u00e7\u00e3o respons\u00e1vel com a exig\u00eancia de controlar todas as condi\u00e7\u00f5es externas.<\/p>\n\n\n\n<p class=\"wp-block-paragraph\">A mesma cautela vale para \u201cvida \u00e9 opini\u00e3o\u201d. Julgamentos podem ser revistos, mas fatos, deveres e consequ\u00eancias continuam relevantes. A ideia funciona como <strong>disciplina da percep\u00e7\u00e3o<\/strong>: antes de concluir que uma mudan\u00e7a destruiu tudo, perguntar o que realmente mudou, o que permanece e qual resposta ainda \u00e9 poss\u00edvel.<\/p>\n\n\n\n<p class=\"myth-html-bridge wp-block-paragraph\">A seguir listamos <strong>3 partes da experi\u00eancia<\/strong> que ajudam a separar transforma\u00e7\u00e3o externa, julgamento interno e a\u00e7\u00e3o concreta diante de uma mudan\u00e7a:<\/p>\n\n\n\n<div class=\"emf-data-table google-auto-ads-ignore\">\n  <style>\n    .emf-data-table {\n      --emf-navy:#00245a;\n      --emf-navy-soft:#0b3b70;\n      --emf-ink:#1d2731;\n      --emf-muted:#66727e;\n      --emf-line:#d7dde5;\n      --emf-wash:#f4f6f8;\n      box-sizing:border-box!important;\n      inline-size:min(1100px,100%)!important;\n      max-inline-size:100%!important;\n      margin-inline:auto!important;\n      overflow:hidden!important;\n      color:var(--emf-ink);\n      background:#fff;\n      border:1px solid var(--emf-line);\n      border-radius:6px!important;\n      box-shadow:0 8px 24px rgba(0,36,90,.08);\n      font-family:Arial,Helvetica,sans-serif;\n    }\n\n    .emf-data-table *,\n    .emf-data-table *::before,\n    .emf-data-table *::after {\n      box-sizing:border-box!important;\n    }\n\n    .emf-data-table-brand {\n      display:flex;\n      align-items:center;\n      gap:13px;\n      min-block-size:72px;\n      padding:10px 17px;\n      color:#fff;\n      background:linear-gradient(105deg,var(--emf-navy) 0%,var(--emf-navy-soft) 100%);\n      border-block-end:4px solid #c5ced8;\n    }\n\n    .emf-data-table-logo {\n      display:grid;\n      place-items:center;\n      inline-size:52px;\n      block-size:52px;\n      flex:0 0 52px;\n      background:rgba(255,255,255,.08);\n      border:1px solid rgba(255,255,255,.35);\n      border-radius:3px!important;\n    }\n\n    .emf-data-table-logo img {\n      display:block;\n      inline-size:41px;\n      block-size:41px;\n      max-inline-size:41px;\n      max-block-size:41px;\n      object-fit:contain;\n    }\n\n    .emf-data-table-kicker {\n      margin:0 0 2px;\n      font-size:10px;\n      font-weight:700;\n      letter-spacing:.16em;\n      line-height:1.2;\n      text-transform:uppercase;\n      opacity:.78;\n    }\n\n    .emf-data-table-title {\n      margin:0;\n      font-family:Georgia,\"Times New Roman\",serif;\n      font-size:21px;\n      font-weight:700;\n      line-height:1.2;\n    }\n\n    .emf-data-table-scroll {\n      display:block!important;\n      inline-size:100%!important;\n      max-inline-size:100%!important;\n      overflow-x:auto!important;\n      overflow-y:hidden!important;\n      -webkit-overflow-scrolling:touch;\n      overscroll-behavior-inline:contain;\n      scrollbar-width:thin;\n      scrollbar-color:#8798aa #edf1f5;\n    }\n\n    .emf-data-table-scroll:focus-visible {\n      outline:3px solid rgba(0,36,90,.35);\n      outline-offset:-3px;\n    }\n\n    .emf-data-table table {\n      display:table!important;\n      inline-size:100%!important;\n      min-inline-size:680px!important;\n      max-inline-size:none!important;\n      margin:0!important;\n      border:0!important;\n      border-collapse:separate!important;\n      border-spacing:0!important;\n      table-layout:auto!important;\n      background:#fff!important;\n    }\n\n    .emf-data-table caption {\n      position:absolute!important;\n      inline-size:1px!important;\n      block-size:1px!important;\n      padding:0!important;\n      margin:-1px!important;\n      overflow:hidden!important;\n      clip:rect(0,0,0,0)!important;\n      white-space:nowrap!important;\n      border:0!important;\n    }\n\n    .emf-data-table thead {\n      display:table-header-group!important;\n    }\n\n    .emf-data-table tbody {\n      display:table-row-group!important;\n    }\n\n    .emf-data-table tr {\n      display:table-row!important;\n    }\n\n    .emf-data-table th,\n    .emf-data-table td {\n      display:table-cell!important;\n      float:none!important;\n      inline-size:auto!important;\n      max-inline-size:none!important;\n      margin:0!important;\n      border-radius:0!important;\n      text-align:left!important;\n      vertical-align:middle!important;\n    }\n\n    .emf-data-table th {\n      padding:14px 17px!important;\n      color:#fff!important;\n      background:var(--emf-navy)!important;\n      border-block-end:1px solid rgba(255,255,255,.22)!important;\n      border-inline-end:1px solid rgba(255,255,255,.12)!important;\n      font-family:Georgia,\"Times New Roman\",serif;\n      font-size:14px!important;\n      font-weight:700!important;\n      line-height:1.35!important;\n      white-space:nowrap!important;\n    }\n\n    .emf-data-table th:last-child {\n      border-inline-end:0!important;\n    }\n\n    .emf-data-table td {\n      padding:14px 17px!important;\n      color:#43515e!important;\n      background:#fff!important;\n      border-block-end:1px solid var(--emf-line)!important;\n      font-size:14px!important;\n      font-weight:400!important;\n      line-height:1.5!important;\n      overflow-wrap:anywhere;\n    }\n\n    .emf-data-table tbody tr:nth-child(even) td {\n      background:var(--emf-wash)!important;\n    }\n\n    .emf-data-table tbody tr:hover td {\n      background:#eaf0f5!important;\n    }\n\n    .emf-data-table tbody tr:last-child td {\n      border-block-end:0!important;\n    }\n\n    .emf-data-table td:first-child {\n      color:var(--emf-navy)!important;\n      font-weight:700!important;\n    }\n\n    @media(max-width:560px) {\n      .emf-data-table-brand {\n        min-block-size:68px;\n        padding:9px 13px;\n      }\n\n      .emf-data-table-title {\n        font-size:19px;\n      }\n\n      .emf-data-table-scroll {\n        overflow:visible!important;\n      }\n\n      .emf-data-table table,\n      .emf-data-table thead,\n      .emf-data-table tbody,\n      .emf-data-table tr,\n      .emf-data-table th,\n      .emf-data-table td {\n        display:block!important;\n        inline-size:100%!important;\n        min-inline-size:0!important;\n        max-inline-size:100%!important;\n      }\n\n      .emf-data-table table {\n        padding:13px!important;\n      }\n\n      .emf-data-table thead {\n        position:absolute!important;\n        inline-size:1px!important;\n        block-size:1px!important;\n        padding:0!important;\n        margin:-1px!important;\n        overflow:hidden!important;\n        clip:rect(0,0,0,0)!important;\n        white-space:nowrap!important;\n      }\n\n      .emf-data-table tbody {\n        display:grid!important;\n        gap:11px;\n      }\n\n      .emf-data-table tr {\n        overflow:hidden!important;\n        background:#fff!important;\n        border:1px solid var(--emf-line)!important;\n        border-block-start:4px solid var(--emf-navy)!important;\n        border-radius:4px!important;\n        box-shadow:0 4px 12px rgba(0,36,90,.06);\n      }\n\n      .emf-data-table td,\n      .emf-data-table tbody tr:nth-child(even) td,\n      .emf-data-table tbody tr:hover td {\n        display:grid!important;\n        grid-template-columns:minmax(105px,38%) minmax(0,1fr)!important;\n        align-items:start;\n        gap:11px;\n        padding:11px 12px!important;\n        background:#fff!important;\n        border-block-end:1px solid #e2e7ec!important;\n      }\n\n      .emf-data-table td::before {\n        content:attr(data-label);\n        color:var(--emf-muted);\n        font-size:10px;\n        font-weight:700;\n        letter-spacing:.06em;\n        line-height:1.35;\n        text-transform:uppercase;\n      }\n\n      .emf-data-table td:first-child {\n        color:var(--emf-navy)!important;\n        background:#edf1f5!important;\n      }\n\n      .emf-data-table td:last-child {\n        border-block-end:0!important;\n      }\n    }\n  <\/style>\n\n  <div class=\"emf-data-table-brand\">\n    <div class=\"emf-data-table-logo\">\n      <img\n        alt=\"Logo EM Foco\"\n        decoding=\"async\"\n        height=\"41\"\n        loading=\"lazy\"\n        referrerpolicy=\"no-referrer\"\n        src=\"https:\/\/www.em.com.br\/emfoco\/wp-content\/uploads\/2026\/08\/em_transparente_3000px-scaled.png\"\n        width=\"41\"\n      >\n    <\/div>\n\n    <div>\n      <div class=\"emf-data-table-kicker\">DADOS EM FOCO<\/div>\n      <div class=\"emf-data-table-title\">Transforma\u00e7\u00e3o, opini\u00e3o e a\u00e7\u00e3o<\/div>\n    <\/div>\n  <\/div>\n\n  <div aria-label=\"Tabela com elemento, significado e pergunta pr\u00e1tica na frase de Marco Aur\u00e9lio\" class=\"emf-data-table-scroll\" role=\"region\" tabindex=\"0\">\n    <table>\n      <caption>Resumo das tr\u00eas camadas centrais da frase sobre mudan\u00e7a e julgamento<\/caption>\n      <thead>\n        <tr>\n          <th scope=\"col\">Elemento<\/th>\n          <th scope=\"col\">Significado<\/th>\n          <th scope=\"col\">Pergunta pr\u00e1tica<\/th>\n        <\/tr>\n      <\/thead>\n      <tbody>\n        <tr>\n          <td data-label=\"Elemento\">Transforma\u00e7\u00e3o<\/td>\n          <td data-label=\"Significado\">O mundo muda continuamente<\/td>\n          <td data-label=\"Pergunta pr\u00e1tica\">O que realmente mudou?<\/td>\n        <\/tr>\n        <tr>\n          <td data-label=\"Elemento\">Opini\u00e3o<\/td>\n          <td data-label=\"Significado\">A mente interpreta o acontecimento<\/td>\n          <td data-label=\"Pergunta pr\u00e1tica\">Que julgamento estou acrescentando?<\/td>\n        <\/tr>\n        <tr>\n          <td data-label=\"Elemento\">A\u00e7\u00e3o<\/td>\n          <td data-label=\"Significado\">A resposta ainda depende de escolhas<\/td>\n          <td data-label=\"Pergunta pr\u00e1tica\">O que posso fazer agora?<\/td>\n        <\/tr>\n      <\/tbody>\n    <\/table>\n  <\/div>\n<\/div>\n\n\n\n<h2 class=\"wp-block-heading\">Por que essa frase continua \u00fatil quando tudo parece mudar depressa?<\/h2>\n\n\n\n<p class=\"wp-block-paragraph\">Porque ela reduz uma confus\u00e3o comum: tratar mudan\u00e7a como exce\u00e7\u00e3o quando ela \u00e9 parte constante da vida. Ao lembrar que <strong>o universo \u00e9 transforma\u00e7\u00e3o<\/strong>, a frase desloca a pergunta de \u201ccomo impedir tudo de mudar?\u201d para \u201ccomo responder a esta mudan\u00e7a espec\u00edfica com clareza?\u201d.<\/p>\n\n\n\n<p class=\"wp-block-paragraph\">A segunda metade completa o exerc\u00edcio. Para <strong>Marco Aur\u00e9lio<\/strong>, n\u00e3o basta observar que o mundo muda; tamb\u00e9m \u00e9 preciso vigiar os julgamentos que acompanham cada mudan\u00e7a. O acontecimento pode ser inevit\u00e1vel, mas a interpreta\u00e7\u00e3o n\u00e3o precisa ficar congelada na primeira impress\u00e3o. \u00c9 nessa combina\u00e7\u00e3o que a frase ganha sua for\u00e7a.<\/p>\n","protected":false},"excerpt":{"rendered":"<p>EM FOCO Resumo da mat\u00e9ria 01 Tudo est\u00e1 em mudan\u00e7a Marco Aur\u00e9lio lembra a si mesmo que as coisas vistas agora mudam rapidamente e deixam de ser exatamente como eram. transforma\u00e7\u00e3o 02 Opini\u00e3o molda experi\u00eancia A palavra opini\u00e3o aponta para julgamentos e impress\u00f5es que atribuem sentido aos acontecimentos, n\u00e3o para a ideia de que fatos [&hellip;]<\/p>\n","protected":false},"author":30,"featured_media":262829,"comment_status":"open","ping_status":"open","sticky":false,"template":"","format":"standard","meta":{"jnews-multi-image_gallery":[],"jnews_single_post":{"format":"standard"},"jnews_primary_category":[],"jnews_social_meta":[],"jnews_override_counter":[],"footnotes":""},"categories":[29],"tags":[20925,11460,20924,4300],"class_list":["post-262765","post","type-post","status-publish","format-standard","has-post-thumbnail","hentry","category-entretenimento","tag-estoicismo","tag-frases","tag-marco-aurelio","tag-mudanca"],"yoast_head":"<!-- This site is optimized with the Yoast SEO plugin v28.3 - https:\/\/yoast.com\/product\/yoast-seo-wordpress\/ -->\n<title>Marco Aur\u00e9lio tinha uma frase para os momentos em que tudo parece mudar depressa demais: \u201cO universo \u00e9 transforma\u00e7\u00e3o; a vida \u00e9 opini\u00e3o\u201d - Estado de Minas - Em foco<\/title>\n<meta name=\"description\" content=\"Quando tudo parece mudar r\u00e1pido demais, Marco Aur\u00e9lio prop\u00f5e outro olhar para a vida. Veja por que sua frase ainda faz tanto sentido hoje.\" \/>\n<meta name=\"robots\" content=\"index, follow, max-snippet:-1, max-image-preview:large, max-video-preview:-1\" \/>\n<link rel=\"canonical\" href=\"https:\/\/www.em.com.br\/emfoco\/2026\/09\/06\/marco-aurelio-tinha-uma-frase-para-os-momentos-em-que-tudo-parece-mudar-depressa-demais-o-universo-e-transformacao-a-vida-e-opiniao\/\" \/>\n<meta property=\"og:locale\" content=\"pt_BR\" \/>\n<meta property=\"og:type\" content=\"article\" \/>\n<meta property=\"og:title\" content=\"Marco Aur\u00e9lio tinha uma frase para os momentos em que tudo parece mudar depressa demais: \u201cO universo \u00e9 transforma\u00e7\u00e3o; a vida \u00e9 opini\u00e3o\u201d - Estado de Minas - Em foco\" \/>\n<meta property=\"og:description\" content=\"Quando tudo parece mudar r\u00e1pido demais, Marco Aur\u00e9lio prop\u00f5e outro olhar para a vida. Veja por que sua frase ainda faz tanto sentido hoje.\" \/>\n<meta property=\"og:url\" content=\"https:\/\/www.em.com.br\/emfoco\/2026\/09\/06\/marco-aurelio-tinha-uma-frase-para-os-momentos-em-que-tudo-parece-mudar-depressa-demais-o-universo-e-transformacao-a-vida-e-opiniao\/\" \/>\n<meta property=\"og:site_name\" content=\"Estado de Minas - Em foco\" \/>\n<meta property=\"article:published_time\" content=\"2026-09-06T14:27:00+00:00\" \/>\n<meta property=\"og:image\" content=\"https:\/\/www.em.com.br\/emfoco\/wp-content\/uploads\/2026\/09\/nh2-1.jpg\" \/>\n\t<meta property=\"og:image:width\" content=\"1280\" \/>\n\t<meta property=\"og:image:height\" content=\"720\" \/>\n\t<meta property=\"og:image:type\" content=\"image\/jpeg\" \/>\n<meta name=\"author\" content=\"Guilherme Ara\u00fajo\" \/>\n<meta name=\"twitter:card\" content=\"summary_large_image\" \/>\n<meta name=\"twitter:label1\" content=\"Escrito por\" \/>\n\t<meta name=\"twitter:data1\" content=\"Guilherme Ara\u00fajo\" \/>\n\t<meta name=\"twitter:label2\" content=\"Est. tempo de leitura\" \/>\n\t<meta name=\"twitter:data2\" content=\"6 minutos\" \/>\n<!-- \/ Yoast SEO plugin. -->","yoast_head_json":{"title":"Marco Aur\u00e9lio tinha uma frase para os momentos em que tudo parece mudar depressa demais: \u201cO universo \u00e9 transforma\u00e7\u00e3o; a vida \u00e9 opini\u00e3o\u201d - Estado de Minas - Em foco","description":"Quando tudo parece mudar r\u00e1pido demais, Marco Aur\u00e9lio prop\u00f5e outro olhar para a vida. Veja por que sua frase ainda faz tanto sentido hoje.","robots":{"index":"index","follow":"follow","max-snippet":"max-snippet:-1","max-image-preview":"max-image-preview:large","max-video-preview":"max-video-preview:-1"},"canonical":"https:\/\/www.em.com.br\/emfoco\/2026\/09\/06\/marco-aurelio-tinha-uma-frase-para-os-momentos-em-que-tudo-parece-mudar-depressa-demais-o-universo-e-transformacao-a-vida-e-opiniao\/","og_locale":"pt_BR","og_type":"article","og_title":"Marco Aur\u00e9lio tinha uma frase para os momentos em que tudo parece mudar depressa demais: \u201cO universo \u00e9 transforma\u00e7\u00e3o; a vida \u00e9 opini\u00e3o\u201d - Estado de Minas - Em foco","og_description":"Quando tudo parece mudar r\u00e1pido demais, Marco Aur\u00e9lio prop\u00f5e outro olhar para a vida. Veja por que sua frase ainda faz tanto sentido hoje.","og_url":"https:\/\/www.em.com.br\/emfoco\/2026\/09\/06\/marco-aurelio-tinha-uma-frase-para-os-momentos-em-que-tudo-parece-mudar-depressa-demais-o-universo-e-transformacao-a-vida-e-opiniao\/","og_site_name":"Estado de Minas - Em foco","article_published_time":"2026-09-06T14:27:00+00:00","og_image":[{"width":1280,"height":720,"url":"https:\/\/www.em.com.br\/emfoco\/wp-content\/uploads\/2026\/09\/nh2-1.jpg","type":"image\/jpeg"}],"author":"Guilherme Ara\u00fajo","twitter_card":"summary_large_image","twitter_misc":{"Escrito por":"Guilherme Ara\u00fajo","Est. tempo de leitura":"6 minutos"},"schema":{"@context":"https:\/\/schema.org","@graph":[{"@type":"Article","@id":"https:\/\/www.em.com.br\/emfoco\/2026\/09\/06\/marco-aurelio-tinha-uma-frase-para-os-momentos-em-que-tudo-parece-mudar-depressa-demais-o-universo-e-transformacao-a-vida-e-opiniao\/#article","isPartOf":{"@id":"https:\/\/www.em.com.br\/emfoco\/2026\/09\/06\/marco-aurelio-tinha-uma-frase-para-os-momentos-em-que-tudo-parece-mudar-depressa-demais-o-universo-e-transformacao-a-vida-e-opiniao\/"},"author":{"name":"Guilherme Ara\u00fajo","@id":"https:\/\/www.em.com.br\/emfoco\/#\/schema\/person\/5379e929a4b966c775d121e23f9bb421"},"headline":"Marco Aur\u00e9lio tinha uma frase para os momentos em que tudo parece mudar depressa demais: \u201cO universo \u00e9 transforma\u00e7\u00e3o; a vida \u00e9 opini\u00e3o\u201d","datePublished":"2026-09-06T14:27:00+00:00","mainEntityOfPage":{"@id":"https:\/\/www.em.com.br\/emfoco\/2026\/09\/06\/marco-aurelio-tinha-uma-frase-para-os-momentos-em-que-tudo-parece-mudar-depressa-demais-o-universo-e-transformacao-a-vida-e-opiniao\/"},"wordCount":964,"commentCount":0,"image":{"@id":"https:\/\/www.em.com.br\/emfoco\/2026\/09\/06\/marco-aurelio-tinha-uma-frase-para-os-momentos-em-que-tudo-parece-mudar-depressa-demais-o-universo-e-transformacao-a-vida-e-opiniao\/#primaryimage"},"thumbnailUrl":"https:\/\/www.em.com.br\/emfoco\/wp-content\/uploads\/2026\/09\/nh2-1.jpg","keywords":["estoicismo","frases","Marco Aur\u00e9lio","mudan\u00e7a"],"articleSection":["Entretenimento"],"inLanguage":"pt-BR","potentialAction":[{"@type":"CommentAction","name":"Comment","target":["https:\/\/www.em.com.br\/emfoco\/2026\/09\/06\/marco-aurelio-tinha-uma-frase-para-os-momentos-em-que-tudo-parece-mudar-depressa-demais-o-universo-e-transformacao-a-vida-e-opiniao\/#respond"]}]},{"@type":"WebPage","@id":"https:\/\/www.em.com.br\/emfoco\/2026\/09\/06\/marco-aurelio-tinha-uma-frase-para-os-momentos-em-que-tudo-parece-mudar-depressa-demais-o-universo-e-transformacao-a-vida-e-opiniao\/","url":"https:\/\/www.em.com.br\/emfoco\/2026\/09\/06\/marco-aurelio-tinha-uma-frase-para-os-momentos-em-que-tudo-parece-mudar-depressa-demais-o-universo-e-transformacao-a-vida-e-opiniao\/","name":"Marco Aur\u00e9lio tinha uma frase para os momentos em que tudo parece mudar depressa demais: \u201cO universo \u00e9 transforma\u00e7\u00e3o; a vida \u00e9 opini\u00e3o\u201d - Estado de Minas - Em foco","isPartOf":{"@id":"https:\/\/www.em.com.br\/emfoco\/#website"},"primaryImageOfPage":{"@id":"https:\/\/www.em.com.br\/emfoco\/2026\/09\/06\/marco-aurelio-tinha-uma-frase-para-os-momentos-em-que-tudo-parece-mudar-depressa-demais-o-universo-e-transformacao-a-vida-e-opiniao\/#primaryimage"},"image":{"@id":"https:\/\/www.em.com.br\/emfoco\/2026\/09\/06\/marco-aurelio-tinha-uma-frase-para-os-momentos-em-que-tudo-parece-mudar-depressa-demais-o-universo-e-transformacao-a-vida-e-opiniao\/#primaryimage"},"thumbnailUrl":"https:\/\/www.em.com.br\/emfoco\/wp-content\/uploads\/2026\/09\/nh2-1.jpg","datePublished":"2026-09-06T14:27:00+00:00","author":{"@id":"https:\/\/www.em.com.br\/emfoco\/#\/schema\/person\/5379e929a4b966c775d121e23f9bb421"},"description":"Quando tudo parece mudar r\u00e1pido demais, Marco Aur\u00e9lio prop\u00f5e outro olhar para a vida. Veja por que sua frase ainda faz tanto sentido hoje.","breadcrumb":{"@id":"https:\/\/www.em.com.br\/emfoco\/2026\/09\/06\/marco-aurelio-tinha-uma-frase-para-os-momentos-em-que-tudo-parece-mudar-depressa-demais-o-universo-e-transformacao-a-vida-e-opiniao\/#breadcrumb"},"inLanguage":"pt-BR","potentialAction":[{"@type":"ReadAction","target":["https:\/\/www.em.com.br\/emfoco\/2026\/09\/06\/marco-aurelio-tinha-uma-frase-para-os-momentos-em-que-tudo-parece-mudar-depressa-demais-o-universo-e-transformacao-a-vida-e-opiniao\/"]}]},{"@type":"ImageObject","inLanguage":"pt-BR","@id":"https:\/\/www.em.com.br\/emfoco\/2026\/09\/06\/marco-aurelio-tinha-uma-frase-para-os-momentos-em-que-tudo-parece-mudar-depressa-demais-o-universo-e-transformacao-a-vida-e-opiniao\/#primaryimage","url":"https:\/\/www.em.com.br\/emfoco\/wp-content\/uploads\/2026\/09\/nh2-1.jpg","contentUrl":"https:\/\/www.em.com.br\/emfoco\/wp-content\/uploads\/2026\/09\/nh2-1.jpg","width":1280,"height":720,"caption":"A mudan\u00e7a aparece na frase como parte inevit\u00e1vel de tudo o que existe"},{"@type":"BreadcrumbList","@id":"https:\/\/www.em.com.br\/emfoco\/2026\/09\/06\/marco-aurelio-tinha-uma-frase-para-os-momentos-em-que-tudo-parece-mudar-depressa-demais-o-universo-e-transformacao-a-vida-e-opiniao\/#breadcrumb","itemListElement":[{"@type":"ListItem","position":1,"name":"In\u00edcio","item":"https:\/\/www.em.com.br\/emfoco\/"},{"@type":"ListItem","position":2,"name":"Marco Aur\u00e9lio tinha uma frase para os momentos em que tudo parece mudar depressa demais: \u201cO universo \u00e9 transforma\u00e7\u00e3o; a vida \u00e9 opini\u00e3o\u201d"}]},{"@type":"WebSite","@id":"https:\/\/www.em.com.br\/emfoco\/#website","url":"https:\/\/www.em.com.br\/emfoco\/","name":"Estado de Minas - Em foco","description":"Acompanhe as \u00faltimas not\u00edcias e fique bem informado sobre tudo o que acontece em Minas Gerais, Brasil e no mundo.","potentialAction":[{"@type":"SearchAction","target":{"@type":"EntryPoint","urlTemplate":"https:\/\/www.em.com.br\/emfoco\/?s={search_term_string}"},"query-input":{"@type":"PropertyValueSpecification","valueRequired":true,"valueName":"search_term_string"}}],"inLanguage":"pt-BR"},{"@type":"Person","@id":"https:\/\/www.em.com.br\/emfoco\/#\/schema\/person\/5379e929a4b966c775d121e23f9bb421","name":"Guilherme Ara\u00fajo","image":{"@type":"ImageObject","inLanguage":"pt-BR","@id":"https:\/\/secure.gravatar.com\/avatar\/063bc96e5a2afd1844386c45bd1360efc771eff011a9fab8cd399e2a104c3ecd?s=96&d=mm&r=g","url":"https:\/\/secure.gravatar.com\/avatar\/063bc96e5a2afd1844386c45bd1360efc771eff011a9fab8cd399e2a104c3ecd?s=96&d=mm&r=g","contentUrl":"https:\/\/secure.gravatar.com\/avatar\/063bc96e5a2afd1844386c45bd1360efc771eff011a9fab8cd399e2a104c3ecd?s=96&d=mm&r=g","caption":"Guilherme Ara\u00fajo"},"sameAs":["https:\/\/www.em.com.br\/emfoco"],"url":"https:\/\/www.em.com.br\/emfoco\/author\/guilhermeamyth\/"}]}},"_links":{"self":[{"href":"https:\/\/www.em.com.br\/emfoco\/wp-json\/wp\/v2\/posts\/262765","targetHints":{"allow":["GET"]}}],"collection":[{"href":"https:\/\/www.em.com.br\/emfoco\/wp-json\/wp\/v2\/posts"}],"about":[{"href":"https:\/\/www.em.com.br\/emfoco\/wp-json\/wp\/v2\/types\/post"}],"author":[{"embeddable":true,"href":"https:\/\/www.em.com.br\/emfoco\/wp-json\/wp\/v2\/users\/30"}],"replies":[{"embeddable":true,"href":"https:\/\/www.em.com.br\/emfoco\/wp-json\/wp\/v2\/comments?post=262765"}],"version-history":[{"count":4,"href":"https:\/\/www.em.com.br\/emfoco\/wp-json\/wp\/v2\/posts\/262765\/revisions"}],"predecessor-version":[{"id":262926,"href":"https:\/\/www.em.com.br\/emfoco\/wp-json\/wp\/v2\/posts\/262765\/revisions\/262926"}],"wp:featuredmedia":[{"embeddable":true,"href":"https:\/\/www.em.com.br\/emfoco\/wp-json\/wp\/v2\/media\/262829"}],"wp:attachment":[{"href":"https:\/\/www.em.com.br\/emfoco\/wp-json\/wp\/v2\/media?parent=262765"}],"wp:term":[{"taxonomy":"category","embeddable":true,"href":"https:\/\/www.em.com.br\/emfoco\/wp-json\/wp\/v2\/categories?post=262765"},{"taxonomy":"post_tag","embeddable":true,"href":"https:\/\/www.em.com.br\/emfoco\/wp-json\/wp\/v2\/tags?post=262765"}],"curies":[{"name":"wp","href":"https:\/\/api.w.org\/{rel}","templated":true}]}}